{"id":6400,"date":"2019-12-11T10:14:24","date_gmt":"2019-12-11T09:14:24","guid":{"rendered":"https:\/\/www.noidiqua.it\/Agliana\/?p=6400"},"modified":"2022-01-12T10:15:50","modified_gmt":"2022-01-12T09:15:50","slug":"piero-pacini-pittore-copista","status":"publish","type":"post","link":"https:\/\/www.noidiqua.it\/Agliana\/piero-pacini-pittore-copista\/","title":{"rendered":"Piero Pacini &#8211; pittore copista"},"content":{"rendered":"<p><em>di Marco Bagnoli<\/em><\/p>\n<p><em>dicembre 2019<\/em><\/p>\n<p><a href=\"https:\/\/www.noidiqua.it\/Agliana\/wp-content\/uploads\/2022\/01\/PIERO-PACINI-1.png\" rel=\"wp-prettyPhoto[6400]\"><img loading=\"lazy\" decoding=\"async\" class=\"aligncenter wp-image-6401\" src=\"https:\/\/www.noidiqua.it\/Agliana\/wp-content\/uploads\/2022\/01\/PIERO-PACINI-1.png\" alt=\"\" width=\"396\" height=\"321\" \/><\/a><\/p>\n<p class=\"p1\"><span class=\"s1\">A vederseli tutti quanti riuniti nel salotto del tuo vicino di casa ti viene un po&#8217; da chiederti cosa ci facciano tutti questi <strong>Fiamminghi<\/strong> che ti fissano dalle cornici. Poi fai quattro chiacchiere col padrone di casa e tutto sembra farsi pi\u00f9 chiaro. <\/span><\/p>\n<p class=\"p1\"><span class=\"s1\"><strong>Piero Pacini<\/strong>, classe 1953, sono circa trent\u2019anni che dipinge per diletto. Eppure nella vita si \u00e8 sempre occupato di tutt\u2019altro, con un diploma di ragioniere e un paio d\u2019anni di filosofia all\u2019universit\u00e0, senz\u2019alcuna esperienza precedente nel campo dell\u2019arte, n\u00e9 sua n\u00e9 di nessun\u2019altro in famiglia. Poi un giorno, trovandosi con degli amici a passeggiare per le sale della Biennale dell\u2019antiquariato di Firenze, avvenne l\u2019incontro con la <strong>pittura<\/strong>. Tutto per merito di un suo amico, del tutto refrattario alla bellezza di un dipinto, che a un bel momento si mise a richiamare l\u2019attenzione di tutti dicendo di avere finalmente trovato un quadro che lo colpiva. Era un <strong>Bruegel<\/strong> figlio, prezzo dell\u2019epoca un miliardo e 750 milioni. Piero, non disponendo al momento delle finanze necessarie all\u2019eventuale acquisto si propose allora di ridipingerselo lui il Bruegel figlio, tra le risate del gruppo. Quando poi anche gli altri tentarono a loro volta di dipingerlo, senza successo, allora smisero di ridere, e iniziarono a guardare con interesse quello che stava tirando fuori Piero, lui per primo sorpreso dalle innegabili capacit\u00e0 che sembrava rivelare.<\/span><\/p>\n<p><a href=\"https:\/\/www.noidiqua.it\/Agliana\/wp-content\/uploads\/2022\/01\/PIERO-PACINI-.png\" rel=\"wp-prettyPhoto[6400]\"><img loading=\"lazy\" decoding=\"async\" class=\"aligncenter wp-image-6402\" src=\"https:\/\/www.noidiqua.it\/Agliana\/wp-content\/uploads\/2022\/01\/PIERO-PACINI-.png\" alt=\"\" width=\"303\" height=\"351\" srcset=\"https:\/\/www.noidiqua.it\/Agliana\/wp-content\/uploads\/2022\/01\/PIERO-PACINI-.png 450w, https:\/\/www.noidiqua.it\/Agliana\/wp-content\/uploads\/2022\/01\/PIERO-PACINI--259x300.png 259w\" sizes=\"auto, (max-width: 303px) 100vw, 303px\" \/><\/a><\/p>\n<p class=\"p1\"><span class=\"s1\">Da allora, salvo una non indifferente pausa di quindici anni, Piero ha dipinto copie dei grandi dell\u2019<strong>arte<\/strong>, dal 1400 ad oggi. Ha iniziato dal nulla, semplicemente per imitazione dei quadri originali, trovandosi a che fare con i colori a olio senza averne mai sentito prima nemmeno l\u2019odore. Il suo primo lavoro era un Bruegel, \u201c<strong>Pattinatori sul ghiaccio con trappola per uccelli<\/strong>\u201d. Fin da subito si \u00e8 reso conto che ridipingere un quadro significa entrare il pi\u00f9 possibile nella testa e nello spirito del suo autore, ritrovandosi cos\u00ec a compiere dei lunghissimi viaggi stando seduto davanti alla <strong>tela<\/strong> in casa sua, riuscendo a comprendere appieno quello che l\u2019artista voleva dire. Per fare questo Piero si \u00e8 documentato a fondo, cercando di copiare il quadro ma soprattutto il pittore, rifacendosi anche ad autori illustri del passato come <strong>Cennino Cennini<\/strong>, che spiega i colori del Quattrocento.<\/span><\/p>\n<p><a href=\"https:\/\/www.noidiqua.it\/Agliana\/wp-content\/uploads\/2022\/01\/PIERO-PACINI-4.png\" rel=\"wp-prettyPhoto[6400]\"><img loading=\"lazy\" decoding=\"async\" class=\"aligncenter wp-image-6403\" src=\"https:\/\/www.noidiqua.it\/Agliana\/wp-content\/uploads\/2022\/01\/PIERO-PACINI-4.png\" alt=\"\" width=\"385\" height=\"283\" srcset=\"https:\/\/www.noidiqua.it\/Agliana\/wp-content\/uploads\/2022\/01\/PIERO-PACINI-4.png 450w, https:\/\/www.noidiqua.it\/Agliana\/wp-content\/uploads\/2022\/01\/PIERO-PACINI-4-300x221.png 300w\" sizes=\"auto, (max-width: 385px) 100vw, 385px\" \/><\/a><\/p>\n<p class=\"p1\"><span class=\"s1\">Alcuni quadri rispettano le dimensioni originali, altri no, sono delle riduzioni e in questo forse ancora pi\u00f9 difficili da riprodurre. Perfino le cornici sono sottoposte alla medesima cura quasi maniacale, essendo assemblate e dipinte con le tecniche e i materiali pi\u00f9 adeguati, dalla gomma lacca alla foglia oro. Nel corso degli anni Piero ha fatto la conoscenza di <strong>Durer<\/strong>, Olbain il giovane, Louis de Morales, Carel Fabritius, ma anche <strong>Vermeer<\/strong>, Michelangelo e ovviamente Leonardo: \u00e8 stata completata solo a giugno la Dama con l\u2019ermellino, giusto in tempo per la ricorrenza del cinquecentenario dalla morte del genio. Non poteva mancare l\u2019Ottocento, con un Degas ancora in lavorazione, o con Baldi e Signorini per l\u2019Italia.<\/span><\/p>\n<p><a href=\"https:\/\/www.noidiqua.it\/Agliana\/wp-content\/uploads\/2022\/01\/PIERO-PACINI-3.png\" rel=\"wp-prettyPhoto[6400]\"><img loading=\"lazy\" decoding=\"async\" class=\"aligncenter size-full wp-image-6404\" src=\"https:\/\/www.noidiqua.it\/Agliana\/wp-content\/uploads\/2022\/01\/PIERO-PACINI-3.png\" alt=\"\" width=\"246\" height=\"380\" srcset=\"https:\/\/www.noidiqua.it\/Agliana\/wp-content\/uploads\/2022\/01\/PIERO-PACINI-3.png 246w, https:\/\/www.noidiqua.it\/Agliana\/wp-content\/uploads\/2022\/01\/PIERO-PACINI-3-194x300.png 194w\" sizes=\"auto, (max-width: 246px) 100vw, 246px\" \/><\/a><\/p>\n<p class=\"p1\"><span class=\"s1\">Non ne ha dipinti poi molti, forse quaranta-cinquanta, alcuni regalati, un paio venduti, quasi tutti in casa a farsi guardare. Ha organizzato qualche mostra, qua ad Agliana, a Prato e a Castiglion dei Pepoli alcuni anni fa, questa particolarmente bella perch\u00e9 allestita in una vecchia galera, tipo <strong>Uffizi<\/strong>. Piero si \u00e8 anche cimentato nella riproduzione di ritratti presi da foto, come quello della figlia Alice, o come altre scene provenienti da mezzo mondo, magari proprio dal mezzo mondo da lui visitato nel corso degli anni, dall\u2019India al Messico, dalla Tunisia a Cuba.<\/span><\/p>","protected":false},"excerpt":{"rendered":"<p>di Marco Bagnoli dicembre 2019 A vederseli tutti quanti riuniti nel salotto del tuo vicino di casa ti viene un po&#8217; da chiederti cosa ci facciano tutti questi Fiamminghi che ti fissano dalle cornici. Poi fai quattro chiacchiere col padrone di casa e tutto sembra farsi pi\u00f9 [&hellip;]<\/p>","protected":false},"author":3,"featured_media":0,"comment_status":"open","ping_status":"open","sticky":false,"template":"","format":"standard","meta":{"footnotes":""},"categories":[2,3],"tags":[608,2866,2869,2870,2864,2867,2865,1039,2868,2872,2871],"class_list":["post-6400","post","type-post","status-publish","format-standard","hentry","category-ag","category-arte-artigianato-qt","tag-arte","tag-bruegel","tag-cennino-cennini","tag-durer","tag-fiamminghi","tag-pattinatori-sul-ghiaccio-con-trappola-per-uccelli","tag-piero-pacini","tag-pittura","tag-tela","tag-uffizi","tag-vermeer"],"yoast_head":"<!-- This site is optimized with the Yoast SEO plugin v25.5 - https:\/\/yoast.com\/wordpress\/plugins\/seo\/ -->\n<title>Piero Pacini - pittore copista - Noi di Qua Testata giornalistica e di attualit\u00e0 di Agliana, Montale e Quarrata.<\/title>\n<meta name=\"robots\" content=\"index, follow, max-snippet:-1, max-image-preview:large, max-video-preview:-1\" \/>\n<link rel=\"canonical\" href=\"https:\/\/www.noidiqua.it\/Agliana\/piero-pacini-pittore-copista\/\" \/>\n<meta property=\"og:locale\" content=\"it_IT\" \/>\n<meta property=\"og:type\" content=\"article\" \/>\n<meta property=\"og:title\" content=\"Piero Pacini - pittore copista - Noi di Qua Testata giornalistica e di attualit\u00e0 di Agliana, Montale e Quarrata.\" \/>\n<meta property=\"og:description\" content=\"di Marco Bagnoli dicembre 2019 A vederseli tutti quanti riuniti nel salotto del tuo vicino di casa ti viene un po&#8217; da chiederti cosa ci facciano tutti questi Fiamminghi che ti fissano dalle cornici. Poi fai quattro chiacchiere col padrone di casa e tutto sembra farsi pi\u00f9 [&hellip;]\" \/>\n<meta property=\"og:url\" content=\"https:\/\/www.noidiqua.it\/Agliana\/piero-pacini-pittore-copista\/\" \/>\n<meta property=\"og:site_name\" content=\"Noi di Qua Testata giornalistica e di attualit\u00e0 di Agliana, Montale e Quarrata.\" \/>\n<meta property=\"article:publisher\" content=\"https:\/\/www.facebook.com\/noidiqua.trimestrale\/\" \/>\n<meta property=\"article:published_time\" content=\"2019-12-11T09:14:24+00:00\" \/>\n<meta property=\"article:modified_time\" content=\"2022-01-12T09:15:50+00:00\" \/>\n<meta property=\"og:image\" content=\"https:\/\/www.noidiqua.it\/Agliana\/wp-content\/uploads\/2022\/01\/PIERO-PACINI-1.png\" \/>\n<meta name=\"author\" content=\"Marco Bagnoli\" \/>\n<meta name=\"twitter:label1\" content=\"Scritto da\" \/>\n\t<meta name=\"twitter:data1\" content=\"Marco Bagnoli\" \/>\n\t<meta name=\"twitter:label2\" content=\"Tempo di lettura stimato\" \/>\n\t<meta name=\"twitter:data2\" content=\"3 minuti\" \/>\n<script type=\"application\/ld+json\" class=\"yoast-schema-graph\">{\"@context\":\"https:\/\/schema.org\",\"@graph\":[{\"@type\":\"WebPage\",\"@id\":\"https:\/\/www.noidiqua.it\/Agliana\/piero-pacini-pittore-copista\/\",\"url\":\"https:\/\/www.noidiqua.it\/Agliana\/piero-pacini-pittore-copista\/\",\"name\":\"Piero Pacini - pittore copista - Noi di Qua Testata giornalistica e di attualit\u00e0 di Agliana, Montale e Quarrata.\",\"isPartOf\":{\"@id\":\"https:\/\/www.noidiqua.it\/Agliana\/#website\"},\"primaryImageOfPage\":{\"@id\":\"https:\/\/www.noidiqua.it\/Agliana\/piero-pacini-pittore-copista\/#primaryimage\"},\"image\":{\"@id\":\"https:\/\/www.noidiqua.it\/Agliana\/piero-pacini-pittore-copista\/#primaryimage\"},\"thumbnailUrl\":\"https:\/\/www.noidiqua.it\/Agliana\/wp-content\/uploads\/2022\/01\/PIERO-PACINI-1.png\",\"datePublished\":\"2019-12-11T09:14:24+00:00\",\"dateModified\":\"2022-01-12T09:15:50+00:00\",\"author\":{\"@id\":\"https:\/\/www.noidiqua.it\/Agliana\/#\/schema\/person\/4e183cb0c6d7951e716a876aa702e1a2\"},\"breadcrumb\":{\"@id\":\"https:\/\/www.noidiqua.it\/Agliana\/piero-pacini-pittore-copista\/#breadcrumb\"},\"inLanguage\":\"it-IT\",\"potentialAction\":[{\"@type\":\"ReadAction\",\"target\":[\"https:\/\/www.noidiqua.it\/Agliana\/piero-pacini-pittore-copista\/\"]}]},{\"@type\":\"ImageObject\",\"inLanguage\":\"it-IT\",\"@id\":\"https:\/\/www.noidiqua.it\/Agliana\/piero-pacini-pittore-copista\/#primaryimage\",\"url\":\"https:\/\/www.noidiqua.it\/Agliana\/wp-content\/uploads\/2022\/01\/PIERO-PACINI-1.png\",\"contentUrl\":\"https:\/\/www.noidiqua.it\/Agliana\/wp-content\/uploads\/2022\/01\/PIERO-PACINI-1.png\",\"width\":940,\"height\":778},{\"@type\":\"BreadcrumbList\",\"@id\":\"https:\/\/www.noidiqua.it\/Agliana\/piero-pacini-pittore-copista\/#breadcrumb\",\"itemListElement\":[{\"@type\":\"ListItem\",\"position\":1,\"name\":\"Home\",\"item\":\"https:\/\/www.noidiqua.it\/Agliana\/\"},{\"@type\":\"ListItem\",\"position\":2,\"name\":\"Piero Pacini &#8211; pittore copista\"}]},{\"@type\":\"WebSite\",\"@id\":\"https:\/\/www.noidiqua.it\/Agliana\/#website\",\"url\":\"https:\/\/www.noidiqua.it\/Agliana\/\",\"name\":\"Noi di Qua Testata giornalistica e di attualit\u00e0 di Agliana, Montale e Quarrata.\",\"description\":\"Testata Giornalistica Quarrata Montale Agliana\",\"potentialAction\":[{\"@type\":\"SearchAction\",\"target\":{\"@type\":\"EntryPoint\",\"urlTemplate\":\"https:\/\/www.noidiqua.it\/Agliana\/?s={search_term_string}\"},\"query-input\":{\"@type\":\"PropertyValueSpecification\",\"valueRequired\":true,\"valueName\":\"search_term_string\"}}],\"inLanguage\":\"it-IT\"},{\"@type\":\"Person\",\"@id\":\"https:\/\/www.noidiqua.it\/Agliana\/#\/schema\/person\/4e183cb0c6d7951e716a876aa702e1a2\",\"name\":\"Marco Bagnoli\",\"image\":{\"@type\":\"ImageObject\",\"inLanguage\":\"it-IT\",\"@id\":\"https:\/\/www.noidiqua.it\/Agliana\/#\/schema\/person\/image\/\",\"url\":\"https:\/\/secure.gravatar.com\/avatar\/73ace53724c50db9c48af54756f17b7cdb015a9d8d2c08c7e04e480539a94eee?s=96&d=mm&r=g\",\"contentUrl\":\"https:\/\/secure.gravatar.com\/avatar\/73ace53724c50db9c48af54756f17b7cdb015a9d8d2c08c7e04e480539a94eee?s=96&d=mm&r=g\",\"caption\":\"Marco Bagnoli\"},\"url\":\"https:\/\/www.noidiqua.it\/Agliana\/author\/marco-bagnoli\/\"}]}<\/script>\n<!-- \/ Yoast SEO plugin. -->","yoast_head_json":{"title":"Piero Pacini - pittore copista - Noi di Qua Testata giornalistica e di attualit\u00e0 di Agliana, Montale e Quarrata.","robots":{"index":"index","follow":"follow","max-snippet":"max-snippet:-1","max-image-preview":"max-image-preview:large","max-video-preview":"max-video-preview:-1"},"canonical":"https:\/\/www.noidiqua.it\/Agliana\/piero-pacini-pittore-copista\/","og_locale":"it_IT","og_type":"article","og_title":"Piero Pacini - pittore copista - Noi di Qua Testata giornalistica e di attualit\u00e0 di Agliana, Montale e Quarrata.","og_description":"di Marco Bagnoli dicembre 2019 A vederseli tutti quanti riuniti nel salotto del tuo vicino di casa ti viene un po&#8217; da chiederti cosa ci facciano tutti questi Fiamminghi che ti fissano dalle cornici. Poi fai quattro chiacchiere col padrone di casa e tutto sembra farsi pi\u00f9 [&hellip;]","og_url":"https:\/\/www.noidiqua.it\/Agliana\/piero-pacini-pittore-copista\/","og_site_name":"Noi di Qua Testata giornalistica e di attualit\u00e0 di Agliana, Montale e Quarrata.","article_publisher":"https:\/\/www.facebook.com\/noidiqua.trimestrale\/","article_published_time":"2019-12-11T09:14:24+00:00","article_modified_time":"2022-01-12T09:15:50+00:00","og_image":[{"url":"https:\/\/www.noidiqua.it\/Agliana\/wp-content\/uploads\/2022\/01\/PIERO-PACINI-1.png","type":"","width":"","height":""}],"author":"Marco Bagnoli","twitter_misc":{"Scritto da":"Marco Bagnoli","Tempo di lettura stimato":"3 minuti"},"schema":{"@context":"https:\/\/schema.org","@graph":[{"@type":"WebPage","@id":"https:\/\/www.noidiqua.it\/Agliana\/piero-pacini-pittore-copista\/","url":"https:\/\/www.noidiqua.it\/Agliana\/piero-pacini-pittore-copista\/","name":"Piero Pacini - pittore copista - Noi di Qua Testata giornalistica e di attualit\u00e0 di Agliana, Montale e Quarrata.","isPartOf":{"@id":"https:\/\/www.noidiqua.it\/Agliana\/#website"},"primaryImageOfPage":{"@id":"https:\/\/www.noidiqua.it\/Agliana\/piero-pacini-pittore-copista\/#primaryimage"},"image":{"@id":"https:\/\/www.noidiqua.it\/Agliana\/piero-pacini-pittore-copista\/#primaryimage"},"thumbnailUrl":"https:\/\/www.noidiqua.it\/Agliana\/wp-content\/uploads\/2022\/01\/PIERO-PACINI-1.png","datePublished":"2019-12-11T09:14:24+00:00","dateModified":"2022-01-12T09:15:50+00:00","author":{"@id":"https:\/\/www.noidiqua.it\/Agliana\/#\/schema\/person\/4e183cb0c6d7951e716a876aa702e1a2"},"breadcrumb":{"@id":"https:\/\/www.noidiqua.it\/Agliana\/piero-pacini-pittore-copista\/#breadcrumb"},"inLanguage":"it-IT","potentialAction":[{"@type":"ReadAction","target":["https:\/\/www.noidiqua.it\/Agliana\/piero-pacini-pittore-copista\/"]}]},{"@type":"ImageObject","inLanguage":"it-IT","@id":"https:\/\/www.noidiqua.it\/Agliana\/piero-pacini-pittore-copista\/#primaryimage","url":"https:\/\/www.noidiqua.it\/Agliana\/wp-content\/uploads\/2022\/01\/PIERO-PACINI-1.png","contentUrl":"https:\/\/www.noidiqua.it\/Agliana\/wp-content\/uploads\/2022\/01\/PIERO-PACINI-1.png","width":940,"height":778},{"@type":"BreadcrumbList","@id":"https:\/\/www.noidiqua.it\/Agliana\/piero-pacini-pittore-copista\/#breadcrumb","itemListElement":[{"@type":"ListItem","position":1,"name":"Home","item":"https:\/\/www.noidiqua.it\/Agliana\/"},{"@type":"ListItem","position":2,"name":"Piero Pacini &#8211; pittore copista"}]},{"@type":"WebSite","@id":"https:\/\/www.noidiqua.it\/Agliana\/#website","url":"https:\/\/www.noidiqua.it\/Agliana\/","name":"Noi di Qua Testata giornalistica e di attualit\u00e0 di Agliana, Montale e Quarrata.","description":"Testata Giornalistica Quarrata Montale Agliana","potentialAction":[{"@type":"SearchAction","target":{"@type":"EntryPoint","urlTemplate":"https:\/\/www.noidiqua.it\/Agliana\/?s={search_term_string}"},"query-input":{"@type":"PropertyValueSpecification","valueRequired":true,"valueName":"search_term_string"}}],"inLanguage":"it-IT"},{"@type":"Person","@id":"https:\/\/www.noidiqua.it\/Agliana\/#\/schema\/person\/4e183cb0c6d7951e716a876aa702e1a2","name":"Marco Bagnoli","image":{"@type":"ImageObject","inLanguage":"it-IT","@id":"https:\/\/www.noidiqua.it\/Agliana\/#\/schema\/person\/image\/","url":"https:\/\/secure.gravatar.com\/avatar\/73ace53724c50db9c48af54756f17b7cdb015a9d8d2c08c7e04e480539a94eee?s=96&d=mm&r=g","contentUrl":"https:\/\/secure.gravatar.com\/avatar\/73ace53724c50db9c48af54756f17b7cdb015a9d8d2c08c7e04e480539a94eee?s=96&d=mm&r=g","caption":"Marco Bagnoli"},"url":"https:\/\/www.noidiqua.it\/Agliana\/author\/marco-bagnoli\/"}]}},"_links":{"self":[{"href":"https:\/\/www.noidiqua.it\/Agliana\/wp-json\/wp\/v2\/posts\/6400","targetHints":{"allow":["GET"]}}],"collection":[{"href":"https:\/\/www.noidiqua.it\/Agliana\/wp-json\/wp\/v2\/posts"}],"about":[{"href":"https:\/\/www.noidiqua.it\/Agliana\/wp-json\/wp\/v2\/types\/post"}],"author":[{"embeddable":true,"href":"https:\/\/www.noidiqua.it\/Agliana\/wp-json\/wp\/v2\/users\/3"}],"replies":[{"embeddable":true,"href":"https:\/\/www.noidiqua.it\/Agliana\/wp-json\/wp\/v2\/comments?post=6400"}],"version-history":[{"count":2,"href":"https:\/\/www.noidiqua.it\/Agliana\/wp-json\/wp\/v2\/posts\/6400\/revisions"}],"predecessor-version":[{"id":6406,"href":"https:\/\/www.noidiqua.it\/Agliana\/wp-json\/wp\/v2\/posts\/6400\/revisions\/6406"}],"wp:attachment":[{"href":"https:\/\/www.noidiqua.it\/Agliana\/wp-json\/wp\/v2\/media?parent=6400"}],"wp:term":[{"taxonomy":"category","embeddable":true,"href":"https:\/\/www.noidiqua.it\/Agliana\/wp-json\/wp\/v2\/categories?post=6400"},{"taxonomy":"post_tag","embeddable":true,"href":"https:\/\/www.noidiqua.it\/Agliana\/wp-json\/wp\/v2\/tags?post=6400"}],"curies":[{"name":"wp","href":"https:\/\/api.w.org\/{rel}","templated":true}]}}