{"id":6413,"date":"2019-12-11T10:38:42","date_gmt":"2019-12-11T09:38:42","guid":{"rendered":"https:\/\/www.noidiqua.it\/Agliana\/?p=6413"},"modified":"2022-01-12T10:39:27","modified_gmt":"2022-01-12T09:39:27","slug":"fabrizio-fiorello-antonelli-fotografo-di-viaggi","status":"publish","type":"post","link":"https:\/\/www.noidiqua.it\/Agliana\/fabrizio-fiorello-antonelli-fotografo-di-viaggi\/","title":{"rendered":"Fabrizio \u201cFiorello\u201d Antonelli &#8211; fotografo di viaggi"},"content":{"rendered":"<p><em>di Piera Salvi. Foto: <a href=\"http:\/\/www.bellinigabriele.it\">Gabriele Bellini.<\/a><\/em><\/p>\n<p><em>dicembre 2019<\/em><\/p>\n<p><a href=\"https:\/\/www.noidiqua.it\/Agliana\/wp-content\/uploads\/2022\/01\/FIORELLO-ANTONELLI-.png\" rel=\"wp-prettyPhoto[6413]\"><img loading=\"lazy\" decoding=\"async\" class=\"aligncenter  wp-image-6414\" src=\"https:\/\/www.noidiqua.it\/Agliana\/wp-content\/uploads\/2022\/01\/FIORELLO-ANTONELLI-.png\" alt=\"\" width=\"424\" height=\"305\" srcset=\"https:\/\/www.noidiqua.it\/Agliana\/wp-content\/uploads\/2022\/01\/FIORELLO-ANTONELLI-.png 940w, https:\/\/www.noidiqua.it\/Agliana\/wp-content\/uploads\/2022\/01\/FIORELLO-ANTONELLI--300x215.png 300w, https:\/\/www.noidiqua.it\/Agliana\/wp-content\/uploads\/2022\/01\/FIORELLO-ANTONELLI--768x551.png 768w, https:\/\/www.noidiqua.it\/Agliana\/wp-content\/uploads\/2022\/01\/FIORELLO-ANTONELLI--640x460.png 640w\" sizes=\"auto, (max-width: 424px) 100vw, 424px\" \/><\/a><\/p>\n<p class=\"p1\"><span class=\"s1\">Si definisce un pittore, ma il suo pennello \u00e8 la macchina fotografica e ogni foto \u00e8 una storia. Questo artista della fotografia \u00e8 Fabrizio Antonelli, pistoiese ma a pieno titolo aglianese, perch\u00e9 a Pistoia ci abita ma ad Agliana ci lavora dal 1993 come dipendente comunale: pulminista per ventitr\u00e9 anni e poi passato all\u2019ufficio messi. <\/span><\/p>\n<p class=\"p1\"><span class=\"s1\">Per tutti gli aglianesi lui \u00e8 ancora \u201cFiorello\u201d, come veniva soprannominato dai bambini quando li accompagnava con lo scuolabus. Erano gli anni in cui il noto showman Rosario Fiorello aveva ancora il codino e si imponeva come fenomeno televisivo con il Karaoke. Anche Fabrizio Antonelli aveva il codino e accompagnava gli alunni a scuola, poi li riportava a casa a suon di musica. <i>\u00abMettevo musica di vario genere, adatta ai bambini\u00bb<\/i> racconta. E se \u00e8 diventato un mito il poliedrico Fiorello nazionale, Fabrizio \u00e8 diventato un mito locale, forse perch\u00e9 anche il Fiorello di casa nostra ha una forte carica di simpatia. Sono migliaia gli alunni che ha trasportato con lo scuolabus comunale che lo ricordano con grande piacere. Nel luglio 2011 organizz\u00f2 anche il \u201cFiorello school bus day\u201d, un evento a doppio scopo: fare beneficenza e riunire gli ex scolari che per anni lui aveva trasportato con il pulmino. Fu addirittura allestito un palco in una parte dello stadio comunale di Agliana per la musica, e parteciparono all&#8217;evento scuole di ballo aglianesi, oltre a una moltitudine di ex scolari: un vero successo. <i>\u00abAvevo creato anche il gruppo Facebook \u201cFiorello school bus driver\u201d, che \u00e8 ancora attivo\u00bb<\/i> racconta. Il Fiorello locale ha anche una bella voce da baritono. <i>\u00abS\u00ec ho frequentato i corsi di canto ad Agliana\u00bb<\/i> riferisce, <i>\u00abnel laboratorio da cui \u00e8 nata la corale Terra Betinga. Mi avevano stimolato, ho fatto delle esibizioni in pubblico, ma poi ho lasciato perdere, non era la mia vera passione, lo facevo solo per divertimento\u00bb<\/i>.<\/span><\/p>\n<p><a href=\"https:\/\/www.noidiqua.it\/Agliana\/wp-content\/uploads\/2022\/01\/FIORELLO-ANTONELLI-2.png\" rel=\"wp-prettyPhoto[6413]\"><img loading=\"lazy\" decoding=\"async\" class=\"aligncenter  wp-image-6415\" src=\"https:\/\/www.noidiqua.it\/Agliana\/wp-content\/uploads\/2022\/01\/FIORELLO-ANTONELLI-2.png\" alt=\"\" width=\"310\" height=\"280\" srcset=\"https:\/\/www.noidiqua.it\/Agliana\/wp-content\/uploads\/2022\/01\/FIORELLO-ANTONELLI-2.png 450w, https:\/\/www.noidiqua.it\/Agliana\/wp-content\/uploads\/2022\/01\/FIORELLO-ANTONELLI-2-300x271.png 300w\" sizes=\"auto, (max-width: 310px) 100vw, 310px\" \/><\/a><\/p>\n<p class=\"p3\"><span class=\"s2\"><b>La tua vera passione \u00e8 catturare immagini: quando l\u2019hai scoperta?<\/b><\/span><\/p>\n<p class=\"p1\"><span class=\"s1\"><i>\u00abNegli anni Novanta, viaggiando con il fotoreporter pistoiese Luca Bracali, ormai affermato a livello internazionale. All\u2019epoca eravamo due amici appassionati di viaggi e di fotografia. Il vero stimolo che mi ha fatto scoprire questa grande passione \u00e8 stato il tour con Bracali, dallo Sri Lanka alle Maldive. Da allora ho visitato settanta Paesi, in pratica ho toccato tutti i continenti\u00bb<\/i>.<\/span><\/p>\n<p class=\"p1\"><span class=\"s1\">Antonelli, come un vero esploratore, ha immortalato i pi\u00f9 diversi paesaggi; per esempio nel 2019 \u00e8 passato dall\u2019Irlanda all\u2019Etiopia. Nei suoi numerosi viaggi ha affrontato le temperature polari dell\u2019Alaska e del Canada, fino a meno 50 gradi sotto zero e quelle tropicali dell\u2019Africa con una caldo di oltre 50 gradi. Ha catturato con l\u2019obiettivo una stupenda aurora boreale e gli occhi (eccezionalmente azzurri) di un bambino africano. Passione, certo, ma anche resistenza fisica, oltre allo spirito d\u2019avventura, per cogliere gli attimi irripetibili che offre la natura o le espressioni sui volti umani. <i>\u00abQuando devo fotografare un soggetto, che sia un paesaggio o una persona\u00bb <\/i>ci rivela <i>\u00abentro in un mondo che mi porta alla massima concentrazione tra me e l\u2019oggetto da fotografare. Il clic mi d\u00e0 il massimo dell\u2019adrenalina. E&#8217; bello poter trasmettere con immagini le sensazioni, lasciare un\u2019impronta di me\u00bb<\/i>.<\/span><\/p>\n<p class=\"p3\"><span class=\"s2\"><b>Pu\u00f2 capitare per\u00f2 che non ci siano le condizioni favorevoli per il clic magico che possa trasmettere a pieno le sensazioni. Cosa fai in quei casi?<\/b><\/span><\/p>\n<p class=\"p1\"><span class=\"s1\"><i>\u00abSpesso devo studiare le ore giuste per catturare ci\u00f2 che mi sono prefisso. Per esempio per fotografare l\u2019orso polare lo devi aspettare, con le temperature proibitive e il rischio di scaricare le batterie della macchina fotografica\u00bb<\/i>.<\/span><\/p>\n<p><a href=\"https:\/\/www.noidiqua.it\/Agliana\/wp-content\/uploads\/2022\/01\/FIORELLO-ANTONELLI-3.png\" rel=\"wp-prettyPhoto[6413]\"><img loading=\"lazy\" decoding=\"async\" class=\"aligncenter size-full wp-image-6416\" src=\"https:\/\/www.noidiqua.it\/Agliana\/wp-content\/uploads\/2022\/01\/FIORELLO-ANTONELLI-3.png\" alt=\"\" width=\"253\" height=\"380\" srcset=\"https:\/\/www.noidiqua.it\/Agliana\/wp-content\/uploads\/2022\/01\/FIORELLO-ANTONELLI-3.png 253w, https:\/\/www.noidiqua.it\/Agliana\/wp-content\/uploads\/2022\/01\/FIORELLO-ANTONELLI-3-200x300.png 200w\" sizes=\"auto, (max-width: 253px) 100vw, 253px\" \/><\/a><\/p>\n<p class=\"p3\"><span class=\"s2\"><b>Nei tuoi viaggi prevale l\u2019avventura o l\u2019organizzazione?<\/b><\/span><\/p>\n<p class=\"p1\"><span class=\"s1\"><i>\u00abC\u2019\u00e8 molta avventura ma, a seconda dei luoghi, bisogna anche avere la consapevolezza dei rischi che si possono correre. In alcuni casi \u00e8 opportuna anche l\u2019organizzazione, contattando i tour operator del posto che conoscono le zone e le persone con cui mi trover\u00f2 in contatto\u00bb<\/i>.<\/span><\/p>\n<p class=\"p1\"><span class=\"s1\">Tante sono per\u00f2 le soddisfazioni raccolte da Antonelli. Ha collaborato alla realizzazione di libri, ha ottenuto premi a concorsi internazionali, alcune sue foto sono state pubblicate sulla rivista Focus, viene chiamato in giuria ai concorsi fotografici, oppure a tenere incontri nelle scuole.<\/span><\/p>\n<p class=\"p3\"><span class=\"s2\">Fabrizio si sente ormai un \u201cfiglio del mondo\u201d e viene da chiedergli: <b>quali sogni hai ancora nel cassetto dopo avere visitato ben settanta Paesi nel globo terrestre?<\/b><\/span><\/p>\n<p class=\"p1\"><span class=\"s1\"><i>\u00abUn sogno \u00e8 fotografare i pinguini imperatori nell\u2019Antartide e penso di poterlo realizzare\u00bb<\/i>.<\/span><\/p>","protected":false},"excerpt":{"rendered":"<p>di Piera Salvi. Foto: Gabriele Bellini. dicembre 2019 Si definisce un pittore, ma il suo pennello \u00e8 la macchina fotografica e ogni foto \u00e8 una storia. Questo artista della fotografia \u00e8 Fabrizio Antonelli, pistoiese ma a pieno titolo aglianese, perch\u00e9 a Pistoia ci abita ma ad Agliana [&hellip;]<\/p>","protected":false},"author":13,"featured_media":0,"comment_status":"open","ping_status":"open","sticky":false,"template":"","format":"standard","meta":{"footnotes":""},"categories":[2,24,143],"tags":[2881,1787,2883,1632,177,2882,2886,2884,2885],"class_list":["post-6413","post","type-post","status-publish","format-standard","hentry","category-ag","category-personaggi-qt","category-persone-e-personaggi","tag-fabrizio-antonelli","tag-fiorello","tag-fiorello-school-bus-day","tag-macchina-fotografica","tag-pittore","tag-pulminista","tag-spirito-davventura","tag-terra-betinga","tag-viaggi"],"yoast_head":"<!-- This site is optimized with the Yoast SEO plugin v25.5 - https:\/\/yoast.com\/wordpress\/plugins\/seo\/ -->\n<title>Fabrizio \u201cFiorello\u201d Antonelli - fotografo di viaggi - Noi di Qua Testata giornalistica e di attualit\u00e0 di Agliana, Montale e Quarrata.<\/title>\n<meta name=\"robots\" content=\"index, follow, max-snippet:-1, max-image-preview:large, max-video-preview:-1\" \/>\n<link rel=\"canonical\" href=\"https:\/\/www.noidiqua.it\/Agliana\/fabrizio-fiorello-antonelli-fotografo-di-viaggi\/\" \/>\n<meta property=\"og:locale\" content=\"it_IT\" \/>\n<meta property=\"og:type\" content=\"article\" \/>\n<meta property=\"og:title\" content=\"Fabrizio \u201cFiorello\u201d Antonelli - fotografo di viaggi - Noi di Qua Testata giornalistica e di attualit\u00e0 di Agliana, Montale e Quarrata.\" \/>\n<meta property=\"og:description\" content=\"di Piera Salvi. Foto: Gabriele Bellini. dicembre 2019 Si definisce un pittore, ma il suo pennello \u00e8 la macchina fotografica e ogni foto \u00e8 una storia. Questo artista della fotografia \u00e8 Fabrizio Antonelli, pistoiese ma a pieno titolo aglianese, perch\u00e9 a Pistoia ci abita ma ad Agliana [&hellip;]\" \/>\n<meta property=\"og:url\" content=\"https:\/\/www.noidiqua.it\/Agliana\/fabrizio-fiorello-antonelli-fotografo-di-viaggi\/\" \/>\n<meta property=\"og:site_name\" content=\"Noi di Qua Testata giornalistica e di attualit\u00e0 di Agliana, Montale e Quarrata.\" \/>\n<meta property=\"article:publisher\" content=\"https:\/\/www.facebook.com\/noidiqua.trimestrale\/\" \/>\n<meta property=\"article:published_time\" content=\"2019-12-11T09:38:42+00:00\" \/>\n<meta property=\"article:modified_time\" content=\"2022-01-12T09:39:27+00:00\" \/>\n<meta property=\"og:image\" content=\"https:\/\/www.noidiqua.it\/Agliana\/wp-content\/uploads\/2022\/01\/FIORELLO-ANTONELLI-.png\" \/>\n<meta name=\"author\" content=\"Piera Salvi\" \/>\n<meta name=\"twitter:label1\" content=\"Scritto da\" \/>\n\t<meta name=\"twitter:data1\" content=\"Piera Salvi\" \/>\n\t<meta name=\"twitter:label2\" content=\"Tempo di lettura stimato\" \/>\n\t<meta name=\"twitter:data2\" content=\"4 minuti\" \/>\n<script type=\"application\/ld+json\" class=\"yoast-schema-graph\">{\"@context\":\"https:\/\/schema.org\",\"@graph\":[{\"@type\":\"WebPage\",\"@id\":\"https:\/\/www.noidiqua.it\/Agliana\/fabrizio-fiorello-antonelli-fotografo-di-viaggi\/\",\"url\":\"https:\/\/www.noidiqua.it\/Agliana\/fabrizio-fiorello-antonelli-fotografo-di-viaggi\/\",\"name\":\"Fabrizio \u201cFiorello\u201d Antonelli - fotografo di viaggi - Noi di Qua Testata giornalistica e di attualit\u00e0 di Agliana, Montale e Quarrata.\",\"isPartOf\":{\"@id\":\"https:\/\/www.noidiqua.it\/Agliana\/#website\"},\"primaryImageOfPage\":{\"@id\":\"https:\/\/www.noidiqua.it\/Agliana\/fabrizio-fiorello-antonelli-fotografo-di-viaggi\/#primaryimage\"},\"image\":{\"@id\":\"https:\/\/www.noidiqua.it\/Agliana\/fabrizio-fiorello-antonelli-fotografo-di-viaggi\/#primaryimage\"},\"thumbnailUrl\":\"https:\/\/www.noidiqua.it\/Agliana\/wp-content\/uploads\/2022\/01\/FIORELLO-ANTONELLI-.png\",\"datePublished\":\"2019-12-11T09:38:42+00:00\",\"dateModified\":\"2022-01-12T09:39:27+00:00\",\"author\":{\"@id\":\"https:\/\/www.noidiqua.it\/Agliana\/#\/schema\/person\/bb7515c2330bb1137f247276096fa7dc\"},\"breadcrumb\":{\"@id\":\"https:\/\/www.noidiqua.it\/Agliana\/fabrizio-fiorello-antonelli-fotografo-di-viaggi\/#breadcrumb\"},\"inLanguage\":\"it-IT\",\"potentialAction\":[{\"@type\":\"ReadAction\",\"target\":[\"https:\/\/www.noidiqua.it\/Agliana\/fabrizio-fiorello-antonelli-fotografo-di-viaggi\/\"]}]},{\"@type\":\"ImageObject\",\"inLanguage\":\"it-IT\",\"@id\":\"https:\/\/www.noidiqua.it\/Agliana\/fabrizio-fiorello-antonelli-fotografo-di-viaggi\/#primaryimage\",\"url\":\"https:\/\/www.noidiqua.it\/Agliana\/wp-content\/uploads\/2022\/01\/FIORELLO-ANTONELLI-.png\",\"contentUrl\":\"https:\/\/www.noidiqua.it\/Agliana\/wp-content\/uploads\/2022\/01\/FIORELLO-ANTONELLI-.png\",\"width\":940,\"height\":675},{\"@type\":\"BreadcrumbList\",\"@id\":\"https:\/\/www.noidiqua.it\/Agliana\/fabrizio-fiorello-antonelli-fotografo-di-viaggi\/#breadcrumb\",\"itemListElement\":[{\"@type\":\"ListItem\",\"position\":1,\"name\":\"Home\",\"item\":\"https:\/\/www.noidiqua.it\/Agliana\/\"},{\"@type\":\"ListItem\",\"position\":2,\"name\":\"Fabrizio \u201cFiorello\u201d Antonelli &#8211; fotografo di viaggi\"}]},{\"@type\":\"WebSite\",\"@id\":\"https:\/\/www.noidiqua.it\/Agliana\/#website\",\"url\":\"https:\/\/www.noidiqua.it\/Agliana\/\",\"name\":\"Noi di Qua Testata giornalistica e di attualit\u00e0 di Agliana, Montale e Quarrata.\",\"description\":\"Testata Giornalistica Quarrata Montale Agliana\",\"potentialAction\":[{\"@type\":\"SearchAction\",\"target\":{\"@type\":\"EntryPoint\",\"urlTemplate\":\"https:\/\/www.noidiqua.it\/Agliana\/?s={search_term_string}\"},\"query-input\":{\"@type\":\"PropertyValueSpecification\",\"valueRequired\":true,\"valueName\":\"search_term_string\"}}],\"inLanguage\":\"it-IT\"},{\"@type\":\"Person\",\"@id\":\"https:\/\/www.noidiqua.it\/Agliana\/#\/schema\/person\/bb7515c2330bb1137f247276096fa7dc\",\"name\":\"Piera Salvi\",\"image\":{\"@type\":\"ImageObject\",\"inLanguage\":\"it-IT\",\"@id\":\"https:\/\/www.noidiqua.it\/Agliana\/#\/schema\/person\/image\/\",\"url\":\"https:\/\/secure.gravatar.com\/avatar\/2f9b1fb6e13f3b3e63bde435d999a73be036e320f7a0f5f32f9ac21859d999cd?s=96&d=mm&r=g\",\"contentUrl\":\"https:\/\/secure.gravatar.com\/avatar\/2f9b1fb6e13f3b3e63bde435d999a73be036e320f7a0f5f32f9ac21859d999cd?s=96&d=mm&r=g\",\"caption\":\"Piera Salvi\"},\"url\":\"https:\/\/www.noidiqua.it\/Agliana\/author\/piera-salvi\/\"}]}<\/script>\n<!-- \/ Yoast SEO plugin. -->","yoast_head_json":{"title":"Fabrizio \u201cFiorello\u201d Antonelli - fotografo di viaggi - Noi di Qua Testata giornalistica e di attualit\u00e0 di Agliana, Montale e Quarrata.","robots":{"index":"index","follow":"follow","max-snippet":"max-snippet:-1","max-image-preview":"max-image-preview:large","max-video-preview":"max-video-preview:-1"},"canonical":"https:\/\/www.noidiqua.it\/Agliana\/fabrizio-fiorello-antonelli-fotografo-di-viaggi\/","og_locale":"it_IT","og_type":"article","og_title":"Fabrizio \u201cFiorello\u201d Antonelli - fotografo di viaggi - Noi di Qua Testata giornalistica e di attualit\u00e0 di Agliana, Montale e Quarrata.","og_description":"di Piera Salvi. Foto: Gabriele Bellini. dicembre 2019 Si definisce un pittore, ma il suo pennello \u00e8 la macchina fotografica e ogni foto \u00e8 una storia. Questo artista della fotografia \u00e8 Fabrizio Antonelli, pistoiese ma a pieno titolo aglianese, perch\u00e9 a Pistoia ci abita ma ad Agliana [&hellip;]","og_url":"https:\/\/www.noidiqua.it\/Agliana\/fabrizio-fiorello-antonelli-fotografo-di-viaggi\/","og_site_name":"Noi di Qua Testata giornalistica e di attualit\u00e0 di Agliana, Montale e Quarrata.","article_publisher":"https:\/\/www.facebook.com\/noidiqua.trimestrale\/","article_published_time":"2019-12-11T09:38:42+00:00","article_modified_time":"2022-01-12T09:39:27+00:00","og_image":[{"url":"https:\/\/www.noidiqua.it\/Agliana\/wp-content\/uploads\/2022\/01\/FIORELLO-ANTONELLI-.png","type":"","width":"","height":""}],"author":"Piera Salvi","twitter_misc":{"Scritto da":"Piera Salvi","Tempo di lettura stimato":"4 minuti"},"schema":{"@context":"https:\/\/schema.org","@graph":[{"@type":"WebPage","@id":"https:\/\/www.noidiqua.it\/Agliana\/fabrizio-fiorello-antonelli-fotografo-di-viaggi\/","url":"https:\/\/www.noidiqua.it\/Agliana\/fabrizio-fiorello-antonelli-fotografo-di-viaggi\/","name":"Fabrizio \u201cFiorello\u201d Antonelli - fotografo di viaggi - Noi di Qua Testata giornalistica e di attualit\u00e0 di Agliana, Montale e Quarrata.","isPartOf":{"@id":"https:\/\/www.noidiqua.it\/Agliana\/#website"},"primaryImageOfPage":{"@id":"https:\/\/www.noidiqua.it\/Agliana\/fabrizio-fiorello-antonelli-fotografo-di-viaggi\/#primaryimage"},"image":{"@id":"https:\/\/www.noidiqua.it\/Agliana\/fabrizio-fiorello-antonelli-fotografo-di-viaggi\/#primaryimage"},"thumbnailUrl":"https:\/\/www.noidiqua.it\/Agliana\/wp-content\/uploads\/2022\/01\/FIORELLO-ANTONELLI-.png","datePublished":"2019-12-11T09:38:42+00:00","dateModified":"2022-01-12T09:39:27+00:00","author":{"@id":"https:\/\/www.noidiqua.it\/Agliana\/#\/schema\/person\/bb7515c2330bb1137f247276096fa7dc"},"breadcrumb":{"@id":"https:\/\/www.noidiqua.it\/Agliana\/fabrizio-fiorello-antonelli-fotografo-di-viaggi\/#breadcrumb"},"inLanguage":"it-IT","potentialAction":[{"@type":"ReadAction","target":["https:\/\/www.noidiqua.it\/Agliana\/fabrizio-fiorello-antonelli-fotografo-di-viaggi\/"]}]},{"@type":"ImageObject","inLanguage":"it-IT","@id":"https:\/\/www.noidiqua.it\/Agliana\/fabrizio-fiorello-antonelli-fotografo-di-viaggi\/#primaryimage","url":"https:\/\/www.noidiqua.it\/Agliana\/wp-content\/uploads\/2022\/01\/FIORELLO-ANTONELLI-.png","contentUrl":"https:\/\/www.noidiqua.it\/Agliana\/wp-content\/uploads\/2022\/01\/FIORELLO-ANTONELLI-.png","width":940,"height":675},{"@type":"BreadcrumbList","@id":"https:\/\/www.noidiqua.it\/Agliana\/fabrizio-fiorello-antonelli-fotografo-di-viaggi\/#breadcrumb","itemListElement":[{"@type":"ListItem","position":1,"name":"Home","item":"https:\/\/www.noidiqua.it\/Agliana\/"},{"@type":"ListItem","position":2,"name":"Fabrizio \u201cFiorello\u201d Antonelli &#8211; fotografo di viaggi"}]},{"@type":"WebSite","@id":"https:\/\/www.noidiqua.it\/Agliana\/#website","url":"https:\/\/www.noidiqua.it\/Agliana\/","name":"Noi di Qua Testata giornalistica e di attualit\u00e0 di Agliana, Montale e Quarrata.","description":"Testata Giornalistica Quarrata Montale Agliana","potentialAction":[{"@type":"SearchAction","target":{"@type":"EntryPoint","urlTemplate":"https:\/\/www.noidiqua.it\/Agliana\/?s={search_term_string}"},"query-input":{"@type":"PropertyValueSpecification","valueRequired":true,"valueName":"search_term_string"}}],"inLanguage":"it-IT"},{"@type":"Person","@id":"https:\/\/www.noidiqua.it\/Agliana\/#\/schema\/person\/bb7515c2330bb1137f247276096fa7dc","name":"Piera Salvi","image":{"@type":"ImageObject","inLanguage":"it-IT","@id":"https:\/\/www.noidiqua.it\/Agliana\/#\/schema\/person\/image\/","url":"https:\/\/secure.gravatar.com\/avatar\/2f9b1fb6e13f3b3e63bde435d999a73be036e320f7a0f5f32f9ac21859d999cd?s=96&d=mm&r=g","contentUrl":"https:\/\/secure.gravatar.com\/avatar\/2f9b1fb6e13f3b3e63bde435d999a73be036e320f7a0f5f32f9ac21859d999cd?s=96&d=mm&r=g","caption":"Piera Salvi"},"url":"https:\/\/www.noidiqua.it\/Agliana\/author\/piera-salvi\/"}]}},"_links":{"self":[{"href":"https:\/\/www.noidiqua.it\/Agliana\/wp-json\/wp\/v2\/posts\/6413","targetHints":{"allow":["GET"]}}],"collection":[{"href":"https:\/\/www.noidiqua.it\/Agliana\/wp-json\/wp\/v2\/posts"}],"about":[{"href":"https:\/\/www.noidiqua.it\/Agliana\/wp-json\/wp\/v2\/types\/post"}],"author":[{"embeddable":true,"href":"https:\/\/www.noidiqua.it\/Agliana\/wp-json\/wp\/v2\/users\/13"}],"replies":[{"embeddable":true,"href":"https:\/\/www.noidiqua.it\/Agliana\/wp-json\/wp\/v2\/comments?post=6413"}],"version-history":[{"count":2,"href":"https:\/\/www.noidiqua.it\/Agliana\/wp-json\/wp\/v2\/posts\/6413\/revisions"}],"predecessor-version":[{"id":6418,"href":"https:\/\/www.noidiqua.it\/Agliana\/wp-json\/wp\/v2\/posts\/6413\/revisions\/6418"}],"wp:attachment":[{"href":"https:\/\/www.noidiqua.it\/Agliana\/wp-json\/wp\/v2\/media?parent=6413"}],"wp:term":[{"taxonomy":"category","embeddable":true,"href":"https:\/\/www.noidiqua.it\/Agliana\/wp-json\/wp\/v2\/categories?post=6413"},{"taxonomy":"post_tag","embeddable":true,"href":"https:\/\/www.noidiqua.it\/Agliana\/wp-json\/wp\/v2\/tags?post=6413"}],"curies":[{"name":"wp","href":"https:\/\/api.w.org\/{rel}","templated":true}]}}