{"id":6439,"date":"2019-12-11T12:06:16","date_gmt":"2019-12-11T11:06:16","guid":{"rendered":"https:\/\/www.noidiqua.it\/Agliana\/?p=6439"},"modified":"2022-01-12T12:06:48","modified_gmt":"2022-01-12T11:06:48","slug":"vaccini-il-decalogo-dellistituto-superiore-di-sanita-su-fake-news-e-verita","status":"publish","type":"post","link":"https:\/\/www.noidiqua.it\/Agliana\/vaccini-il-decalogo-dellistituto-superiore-di-sanita-su-fake-news-e-verita\/","title":{"rendered":"Vaccini &#8211; il decalogo dell\u2019Istituto Superiore  di Sanit\u00e0 su \u201cfake news\u201d e verit\u00e0"},"content":{"rendered":"<p><em>di Paola Maria Mandelli<\/em><\/p>\n<p><em>dicembre 2019<\/em><\/p>\n<p><a href=\"https:\/\/www.noidiqua.it\/Agliana\/wp-content\/uploads\/2021\/05\/una-mela-al-giorno.png\" rel=\"wp-prettyPhoto[6439]\"><img loading=\"lazy\" decoding=\"async\" class=\"aligncenter size-full wp-image-5834\" src=\"https:\/\/www.noidiqua.it\/Agliana\/wp-content\/uploads\/2021\/05\/una-mela-al-giorno.png\" alt=\"\" width=\"485\" height=\"315\" srcset=\"https:\/\/www.noidiqua.it\/Agliana\/wp-content\/uploads\/2021\/05\/una-mela-al-giorno.png 485w, https:\/\/www.noidiqua.it\/Agliana\/wp-content\/uploads\/2021\/05\/una-mela-al-giorno-300x195.png 300w\" sizes=\"auto, (max-width: 485px) 100vw, 485px\" \/><\/a><\/p>\n<p class=\"p1\"><span class=\"s1\"><b>\u00c8 falso che:<\/b><\/span><\/p>\n<p class=\"p2\"><span class=\"s2\"><b>\u2022<\/b><\/span><span class=\"s1\"> I vaccini possono indebolire il sistema immunitario e portare alla comparsa di malattie autoimmuni. La nostra capacit\u00e0 di rispondere agli antigeni si sviluppa prima ancora della nascita e il sistema immunitario di un neonato \u00e8 perfettamente capace di rispondere ogni giorno a migliaia di antigeni, molti di pi\u00f9 di quelli contenuti nei vaccini.<\/span><\/p>\n<p class=\"p2\"><span class=\"s2\"><b>\u2022<\/b><\/span><span class=\"s1\"><b> <\/b>I vaccini contengono sostanze tossiche e pericolose come mercurio, formaldeide, alluminio. Le quantit\u00e0 di formaldeide, alluminio e altre sostanze sono minime e tali da non causare alcun danno alla salute. <\/span><\/p>\n<p class=\"p2\"><span class=\"s2\"><b>\u2022<\/b><\/span><span class=\"s1\"><b> <\/b>I vaccini, in particolare quello contro Morbillo, Parotite e Rosolia (MPR), causano l&#8217;autismo. Dai numerosi studi effettuati non emerge alcuna correlazione tra il vaccino MPR e l&#8217;autismo. Lo studio che riportava il legame \u00e8 stato dimostrato fraudolento e l&#8217;autore \u00e8 stato radiato dall&#8217;albo dei medici del Regno Unito. <\/span><\/p>\n<p class=\"p2\"><span class=\"s2\"><b>\u2022<\/b><\/span><span class=\"s1\"><b> <\/b>A causa del decreto sull&#8217;obbligo aumentano i vaccini somministrati ai bimbi nel primo anno di vita. Il decreto non modifica il calendario vaccinale.<\/span><\/p>\n<p class=\"p2\"><span class=\"s2\"><b>\u2022<\/b><\/span><span class=\"s1\"><b> <\/b>Esistono degli esami che possono predire eventuali effetti collaterali dei vaccini. Non esiste nessun test in grado di predire gli effetti collaterali dei vaccini. <\/span><\/p>\n<p class=\"p1\"><span class=\"s1\"><b>\u00c8 vero che:<\/b><\/span><\/p>\n<p class=\"p2\"><span class=\"s2\"><b>\u2022 <\/b><\/span><span class=\"s1\">L&#8217;attuale riduzione delle coperture vaccinali ha provocato la recrudescenza di alcune malattie come il morbillo, e potrebbe portare al ritorno di patologie ormai assenti dal nostro paese, come la polio o la difterite, ma non ancora debellate dal resto del mondo. <\/span><\/p>\n<p class=\"p2\"><span class=\"s2\"><b>\u2022<\/b><\/span><span class=\"s1\"><b> <\/b>Il morbillo pu\u00f2 essere causa di gravi complicanze e danneggiare temporaneamente le difese immunitarie. Tutto ci\u00f2 pu\u00f2 essere prevenuto dal vaccino. <\/span><\/p>\n<p class=\"p2\"><span class=\"s2\"><b>\u2022<\/b><\/span><span class=\"s1\"><b> <\/b>La sicurezza dei vaccini \u00e8 documentata da milioni di dosi somministrate, dalla costante attivit\u00e0 di sorveglianza dei possibili eventi avversi e dagli studi di sicurezza che vengono effettuati sia prima dell&#8217;autorizzazione che dopo l&#8217;immissione in commercio di ogni vaccino. Gli effetti collaterali gravi da vaccino hanno una frequenza estremamente pi\u00f9 bassa di quelli delle malattie da cui proteggono. <\/span><\/p>\n<p class=\"p2\"><span class=\"s2\"><b>\u2022<\/b><\/span><span class=\"s1\"><b> <\/b>L&#8217;Italia \u00e8 uno dei 14 Paesi dove il morbillo \u00e8 ancora endemico ed \u00e8 nella \u201ctop ten\u201d dei paesi che hanno segnalato pi\u00f9 casi a livello mondiale da Novembre 2016 ad Aprile 2017. Dall&#8217;inizio del 2017 sono stati notificati oltre 3.500 casi, molte complicanze gravi inclusi casi di polmonite, 2 casi di encefalite e 2 decessi. Il 40% circa dei casi \u00e8 stato ricoverato in ospedale, a conferma della gravit\u00e0 della malattia. Il 35% circa dei casi ha riportato almeno una complicanza. <\/span><\/p>\n<p class=\"p2\"><span class=\"s2\"><b>\u2022<\/b><\/span><span class=\"s1\"><b> <\/b>La malattia impegna il sistema immunitario molto di pi\u00f9 della corrispondente vaccinazione. Inoltre nella composizione dei vaccini attuali gli antigeni presenti sono molti meno rispetto a quelli che venivano somministrati trenta anni fa.<\/span><\/p>","protected":false},"excerpt":{"rendered":"<p>di Paola Maria Mandelli dicembre 2019 \u00c8 falso che: \u2022 I vaccini possono indebolire il sistema immunitario e portare alla comparsa di malattie autoimmuni. La nostra capacit\u00e0 di rispondere agli antigeni si sviluppa prima ancora della nascita e il sistema immunitario di un neonato \u00e8 perfettamente capace [&hellip;]<\/p>","protected":false},"author":101014,"featured_media":0,"comment_status":"open","ping_status":"open","sticky":false,"template":"","format":"standard","meta":{"footnotes":""},"categories":[2,31],"tags":[2924,637,2851,2922,2923,2920,2921,2919],"class_list":["post-6439","post","type-post","status-publish","format-standard","hentry","category-ag","category-una-mela-al-giorno-qt","tag-antigeni","tag-autismo","tag-malattie","tag-obbligo","tag-sicurezza","tag-sistema-immunitario","tag-sostanze-tossiche","tag-vaccini"],"yoast_head":"<!-- This site is optimized with the Yoast SEO plugin v25.5 - https:\/\/yoast.com\/wordpress\/plugins\/seo\/ -->\n<title>Vaccini - il decalogo dell\u2019Istituto Superiore di Sanit\u00e0 su \u201cfake news\u201d e verit\u00e0 - Noi di Qua Testata giornalistica e di attualit\u00e0 di Agliana, Montale e Quarrata.<\/title>\n<meta name=\"robots\" content=\"index, follow, max-snippet:-1, max-image-preview:large, max-video-preview:-1\" \/>\n<link rel=\"canonical\" href=\"https:\/\/www.noidiqua.it\/Agliana\/vaccini-il-decalogo-dellistituto-superiore-di-sanita-su-fake-news-e-verita\/\" \/>\n<meta property=\"og:locale\" content=\"it_IT\" \/>\n<meta property=\"og:type\" content=\"article\" \/>\n<meta property=\"og:title\" content=\"Vaccini - il decalogo dell\u2019Istituto Superiore di Sanit\u00e0 su \u201cfake news\u201d e verit\u00e0 - Noi di Qua Testata giornalistica e di attualit\u00e0 di Agliana, Montale e Quarrata.\" \/>\n<meta property=\"og:description\" content=\"di Paola Maria Mandelli dicembre 2019 \u00c8 falso che: \u2022 I vaccini possono indebolire il sistema immunitario e portare alla comparsa di malattie autoimmuni. La nostra capacit\u00e0 di rispondere agli antigeni si sviluppa prima ancora della nascita e il sistema immunitario di un neonato \u00e8 perfettamente capace [&hellip;]\" \/>\n<meta property=\"og:url\" content=\"https:\/\/www.noidiqua.it\/Agliana\/vaccini-il-decalogo-dellistituto-superiore-di-sanita-su-fake-news-e-verita\/\" \/>\n<meta property=\"og:site_name\" content=\"Noi di Qua Testata giornalistica e di attualit\u00e0 di Agliana, Montale e Quarrata.\" \/>\n<meta property=\"article:publisher\" content=\"https:\/\/www.facebook.com\/noidiqua.trimestrale\/\" \/>\n<meta property=\"article:published_time\" content=\"2019-12-11T11:06:16+00:00\" \/>\n<meta property=\"article:modified_time\" content=\"2022-01-12T11:06:48+00:00\" \/>\n<meta property=\"og:image\" content=\"https:\/\/www.noidiqua.it\/Agliana\/wp-content\/uploads\/2021\/05\/una-mela-al-giorno.png\" \/>\n<meta name=\"author\" content=\"Paola Maria Mandelli\" \/>\n<meta name=\"twitter:label1\" content=\"Scritto da\" \/>\n\t<meta name=\"twitter:data1\" content=\"Paola Maria Mandelli\" \/>\n\t<meta name=\"twitter:label2\" content=\"Tempo di lettura stimato\" \/>\n\t<meta name=\"twitter:data2\" content=\"2 minuti\" \/>\n<script type=\"application\/ld+json\" class=\"yoast-schema-graph\">{\"@context\":\"https:\/\/schema.org\",\"@graph\":[{\"@type\":\"WebPage\",\"@id\":\"https:\/\/www.noidiqua.it\/Agliana\/vaccini-il-decalogo-dellistituto-superiore-di-sanita-su-fake-news-e-verita\/\",\"url\":\"https:\/\/www.noidiqua.it\/Agliana\/vaccini-il-decalogo-dellistituto-superiore-di-sanita-su-fake-news-e-verita\/\",\"name\":\"Vaccini - il decalogo dell\u2019Istituto Superiore di Sanit\u00e0 su \u201cfake news\u201d e verit\u00e0 - Noi di Qua Testata giornalistica e di attualit\u00e0 di Agliana, Montale e Quarrata.\",\"isPartOf\":{\"@id\":\"https:\/\/www.noidiqua.it\/Agliana\/#website\"},\"primaryImageOfPage\":{\"@id\":\"https:\/\/www.noidiqua.it\/Agliana\/vaccini-il-decalogo-dellistituto-superiore-di-sanita-su-fake-news-e-verita\/#primaryimage\"},\"image\":{\"@id\":\"https:\/\/www.noidiqua.it\/Agliana\/vaccini-il-decalogo-dellistituto-superiore-di-sanita-su-fake-news-e-verita\/#primaryimage\"},\"thumbnailUrl\":\"https:\/\/www.noidiqua.it\/Agliana\/wp-content\/uploads\/2021\/05\/una-mela-al-giorno.png\",\"datePublished\":\"2019-12-11T11:06:16+00:00\",\"dateModified\":\"2022-01-12T11:06:48+00:00\",\"author\":{\"@id\":\"https:\/\/www.noidiqua.it\/Agliana\/#\/schema\/person\/648f75ce7c013c638265e4752ded135c\"},\"breadcrumb\":{\"@id\":\"https:\/\/www.noidiqua.it\/Agliana\/vaccini-il-decalogo-dellistituto-superiore-di-sanita-su-fake-news-e-verita\/#breadcrumb\"},\"inLanguage\":\"it-IT\",\"potentialAction\":[{\"@type\":\"ReadAction\",\"target\":[\"https:\/\/www.noidiqua.it\/Agliana\/vaccini-il-decalogo-dellistituto-superiore-di-sanita-su-fake-news-e-verita\/\"]}]},{\"@type\":\"ImageObject\",\"inLanguage\":\"it-IT\",\"@id\":\"https:\/\/www.noidiqua.it\/Agliana\/vaccini-il-decalogo-dellistituto-superiore-di-sanita-su-fake-news-e-verita\/#primaryimage\",\"url\":\"https:\/\/www.noidiqua.it\/Agliana\/wp-content\/uploads\/2021\/05\/una-mela-al-giorno.png\",\"contentUrl\":\"https:\/\/www.noidiqua.it\/Agliana\/wp-content\/uploads\/2021\/05\/una-mela-al-giorno.png\",\"width\":485,\"height\":315},{\"@type\":\"BreadcrumbList\",\"@id\":\"https:\/\/www.noidiqua.it\/Agliana\/vaccini-il-decalogo-dellistituto-superiore-di-sanita-su-fake-news-e-verita\/#breadcrumb\",\"itemListElement\":[{\"@type\":\"ListItem\",\"position\":1,\"name\":\"Home\",\"item\":\"https:\/\/www.noidiqua.it\/Agliana\/\"},{\"@type\":\"ListItem\",\"position\":2,\"name\":\"Vaccini &#8211; il decalogo dell\u2019Istituto Superiore di Sanit\u00e0 su \u201cfake news\u201d e verit\u00e0\"}]},{\"@type\":\"WebSite\",\"@id\":\"https:\/\/www.noidiqua.it\/Agliana\/#website\",\"url\":\"https:\/\/www.noidiqua.it\/Agliana\/\",\"name\":\"Noi di Qua Testata giornalistica e di attualit\u00e0 di Agliana, Montale e Quarrata.\",\"description\":\"Testata Giornalistica Quarrata Montale Agliana\",\"potentialAction\":[{\"@type\":\"SearchAction\",\"target\":{\"@type\":\"EntryPoint\",\"urlTemplate\":\"https:\/\/www.noidiqua.it\/Agliana\/?s={search_term_string}\"},\"query-input\":{\"@type\":\"PropertyValueSpecification\",\"valueRequired\":true,\"valueName\":\"search_term_string\"}}],\"inLanguage\":\"it-IT\"},{\"@type\":\"Person\",\"@id\":\"https:\/\/www.noidiqua.it\/Agliana\/#\/schema\/person\/648f75ce7c013c638265e4752ded135c\",\"name\":\"Paola Maria Mandelli\",\"image\":{\"@type\":\"ImageObject\",\"inLanguage\":\"it-IT\",\"@id\":\"https:\/\/www.noidiqua.it\/Agliana\/#\/schema\/person\/image\/\",\"url\":\"https:\/\/secure.gravatar.com\/avatar\/36a1604078ac68a02457b1c1830174c74a01009237fc4b38945230bcad46ebfa?s=96&d=mm&r=g\",\"contentUrl\":\"https:\/\/secure.gravatar.com\/avatar\/36a1604078ac68a02457b1c1830174c74a01009237fc4b38945230bcad46ebfa?s=96&d=mm&r=g\",\"caption\":\"Paola Maria Mandelli\"},\"url\":\"https:\/\/www.noidiqua.it\/Agliana\/author\/paola-maria-mandelli\/\"}]}<\/script>\n<!-- \/ Yoast SEO plugin. -->","yoast_head_json":{"title":"Vaccini - il decalogo dell\u2019Istituto Superiore di Sanit\u00e0 su \u201cfake news\u201d e verit\u00e0 - Noi di Qua Testata giornalistica e di attualit\u00e0 di Agliana, Montale e Quarrata.","robots":{"index":"index","follow":"follow","max-snippet":"max-snippet:-1","max-image-preview":"max-image-preview:large","max-video-preview":"max-video-preview:-1"},"canonical":"https:\/\/www.noidiqua.it\/Agliana\/vaccini-il-decalogo-dellistituto-superiore-di-sanita-su-fake-news-e-verita\/","og_locale":"it_IT","og_type":"article","og_title":"Vaccini - il decalogo dell\u2019Istituto Superiore di Sanit\u00e0 su \u201cfake news\u201d e verit\u00e0 - Noi di Qua Testata giornalistica e di attualit\u00e0 di Agliana, Montale e Quarrata.","og_description":"di Paola Maria Mandelli dicembre 2019 \u00c8 falso che: \u2022 I vaccini possono indebolire il sistema immunitario e portare alla comparsa di malattie autoimmuni. La nostra capacit\u00e0 di rispondere agli antigeni si sviluppa prima ancora della nascita e il sistema immunitario di un neonato \u00e8 perfettamente capace [&hellip;]","og_url":"https:\/\/www.noidiqua.it\/Agliana\/vaccini-il-decalogo-dellistituto-superiore-di-sanita-su-fake-news-e-verita\/","og_site_name":"Noi di Qua Testata giornalistica e di attualit\u00e0 di Agliana, Montale e Quarrata.","article_publisher":"https:\/\/www.facebook.com\/noidiqua.trimestrale\/","article_published_time":"2019-12-11T11:06:16+00:00","article_modified_time":"2022-01-12T11:06:48+00:00","og_image":[{"url":"https:\/\/www.noidiqua.it\/Agliana\/wp-content\/uploads\/2021\/05\/una-mela-al-giorno.png","type":"","width":"","height":""}],"author":"Paola Maria Mandelli","twitter_misc":{"Scritto da":"Paola Maria Mandelli","Tempo di lettura stimato":"2 minuti"},"schema":{"@context":"https:\/\/schema.org","@graph":[{"@type":"WebPage","@id":"https:\/\/www.noidiqua.it\/Agliana\/vaccini-il-decalogo-dellistituto-superiore-di-sanita-su-fake-news-e-verita\/","url":"https:\/\/www.noidiqua.it\/Agliana\/vaccini-il-decalogo-dellistituto-superiore-di-sanita-su-fake-news-e-verita\/","name":"Vaccini - il decalogo dell\u2019Istituto Superiore di Sanit\u00e0 su \u201cfake news\u201d e verit\u00e0 - Noi di Qua Testata giornalistica e di attualit\u00e0 di Agliana, Montale e Quarrata.","isPartOf":{"@id":"https:\/\/www.noidiqua.it\/Agliana\/#website"},"primaryImageOfPage":{"@id":"https:\/\/www.noidiqua.it\/Agliana\/vaccini-il-decalogo-dellistituto-superiore-di-sanita-su-fake-news-e-verita\/#primaryimage"},"image":{"@id":"https:\/\/www.noidiqua.it\/Agliana\/vaccini-il-decalogo-dellistituto-superiore-di-sanita-su-fake-news-e-verita\/#primaryimage"},"thumbnailUrl":"https:\/\/www.noidiqua.it\/Agliana\/wp-content\/uploads\/2021\/05\/una-mela-al-giorno.png","datePublished":"2019-12-11T11:06:16+00:00","dateModified":"2022-01-12T11:06:48+00:00","author":{"@id":"https:\/\/www.noidiqua.it\/Agliana\/#\/schema\/person\/648f75ce7c013c638265e4752ded135c"},"breadcrumb":{"@id":"https:\/\/www.noidiqua.it\/Agliana\/vaccini-il-decalogo-dellistituto-superiore-di-sanita-su-fake-news-e-verita\/#breadcrumb"},"inLanguage":"it-IT","potentialAction":[{"@type":"ReadAction","target":["https:\/\/www.noidiqua.it\/Agliana\/vaccini-il-decalogo-dellistituto-superiore-di-sanita-su-fake-news-e-verita\/"]}]},{"@type":"ImageObject","inLanguage":"it-IT","@id":"https:\/\/www.noidiqua.it\/Agliana\/vaccini-il-decalogo-dellistituto-superiore-di-sanita-su-fake-news-e-verita\/#primaryimage","url":"https:\/\/www.noidiqua.it\/Agliana\/wp-content\/uploads\/2021\/05\/una-mela-al-giorno.png","contentUrl":"https:\/\/www.noidiqua.it\/Agliana\/wp-content\/uploads\/2021\/05\/una-mela-al-giorno.png","width":485,"height":315},{"@type":"BreadcrumbList","@id":"https:\/\/www.noidiqua.it\/Agliana\/vaccini-il-decalogo-dellistituto-superiore-di-sanita-su-fake-news-e-verita\/#breadcrumb","itemListElement":[{"@type":"ListItem","position":1,"name":"Home","item":"https:\/\/www.noidiqua.it\/Agliana\/"},{"@type":"ListItem","position":2,"name":"Vaccini &#8211; il decalogo dell\u2019Istituto Superiore di Sanit\u00e0 su \u201cfake news\u201d e verit\u00e0"}]},{"@type":"WebSite","@id":"https:\/\/www.noidiqua.it\/Agliana\/#website","url":"https:\/\/www.noidiqua.it\/Agliana\/","name":"Noi di Qua Testata giornalistica e di attualit\u00e0 di Agliana, Montale e Quarrata.","description":"Testata Giornalistica Quarrata Montale Agliana","potentialAction":[{"@type":"SearchAction","target":{"@type":"EntryPoint","urlTemplate":"https:\/\/www.noidiqua.it\/Agliana\/?s={search_term_string}"},"query-input":{"@type":"PropertyValueSpecification","valueRequired":true,"valueName":"search_term_string"}}],"inLanguage":"it-IT"},{"@type":"Person","@id":"https:\/\/www.noidiqua.it\/Agliana\/#\/schema\/person\/648f75ce7c013c638265e4752ded135c","name":"Paola Maria Mandelli","image":{"@type":"ImageObject","inLanguage":"it-IT","@id":"https:\/\/www.noidiqua.it\/Agliana\/#\/schema\/person\/image\/","url":"https:\/\/secure.gravatar.com\/avatar\/36a1604078ac68a02457b1c1830174c74a01009237fc4b38945230bcad46ebfa?s=96&d=mm&r=g","contentUrl":"https:\/\/secure.gravatar.com\/avatar\/36a1604078ac68a02457b1c1830174c74a01009237fc4b38945230bcad46ebfa?s=96&d=mm&r=g","caption":"Paola Maria Mandelli"},"url":"https:\/\/www.noidiqua.it\/Agliana\/author\/paola-maria-mandelli\/"}]}},"_links":{"self":[{"href":"https:\/\/www.noidiqua.it\/Agliana\/wp-json\/wp\/v2\/posts\/6439","targetHints":{"allow":["GET"]}}],"collection":[{"href":"https:\/\/www.noidiqua.it\/Agliana\/wp-json\/wp\/v2\/posts"}],"about":[{"href":"https:\/\/www.noidiqua.it\/Agliana\/wp-json\/wp\/v2\/types\/post"}],"author":[{"embeddable":true,"href":"https:\/\/www.noidiqua.it\/Agliana\/wp-json\/wp\/v2\/users\/101014"}],"replies":[{"embeddable":true,"href":"https:\/\/www.noidiqua.it\/Agliana\/wp-json\/wp\/v2\/comments?post=6439"}],"version-history":[{"count":1,"href":"https:\/\/www.noidiqua.it\/Agliana\/wp-json\/wp\/v2\/posts\/6439\/revisions"}],"predecessor-version":[{"id":6440,"href":"https:\/\/www.noidiqua.it\/Agliana\/wp-json\/wp\/v2\/posts\/6439\/revisions\/6440"}],"wp:attachment":[{"href":"https:\/\/www.noidiqua.it\/Agliana\/wp-json\/wp\/v2\/media?parent=6439"}],"wp:term":[{"taxonomy":"category","embeddable":true,"href":"https:\/\/www.noidiqua.it\/Agliana\/wp-json\/wp\/v2\/categories?post=6439"},{"taxonomy":"post_tag","embeddable":true,"href":"https:\/\/www.noidiqua.it\/Agliana\/wp-json\/wp\/v2\/tags?post=6439"}],"curies":[{"name":"wp","href":"https:\/\/api.w.org\/{rel}","templated":true}]}}