{"id":6441,"date":"2019-12-11T12:22:00","date_gmt":"2019-12-11T11:22:00","guid":{"rendered":"https:\/\/www.noidiqua.it\/Agliana\/?p=6441"},"modified":"2022-01-12T12:22:35","modified_gmt":"2022-01-12T11:22:35","slug":"lappello-50-anni-dopo","status":"publish","type":"post","link":"https:\/\/www.noidiqua.it\/Agliana\/lappello-50-anni-dopo\/","title":{"rendered":"L&#8217;appello 50 anni dopo"},"content":{"rendered":"<p><em>di Massimo Cappelli. Ph: Foto Olympia.<\/em><\/p>\n<p><em>dicembre 2019<\/em><\/p>\n<p><a href=\"https:\/\/www.noidiqua.it\/Agliana\/wp-content\/uploads\/2022\/01\/CONCLUDENDO-1.png\" rel=\"wp-prettyPhoto[6441]\"><img loading=\"lazy\" decoding=\"async\" class=\"aligncenter size-full wp-image-6442\" src=\"https:\/\/www.noidiqua.it\/Agliana\/wp-content\/uploads\/2022\/01\/CONCLUDENDO-1.png\" alt=\"\" width=\"450\" height=\"300\" srcset=\"https:\/\/www.noidiqua.it\/Agliana\/wp-content\/uploads\/2022\/01\/CONCLUDENDO-1.png 450w, https:\/\/www.noidiqua.it\/Agliana\/wp-content\/uploads\/2022\/01\/CONCLUDENDO-1-300x200.png 300w\" sizes=\"auto, (max-width: 450px) 100vw, 450px\" \/><\/a><\/p>\n<p class=\"p1\"><i>A Maurizio.<\/i><\/p>\n<p class=\"p1\"><span class=\"s1\">Carpe Diem! Dopo <strong>cinquant\u2019anni<\/strong> esatti, abbiamo colto l\u2019attimo che ci era sfuggito all\u2019epoca e dentro ci abbiamo trovato tanto di buono: amicizia, affetto, e spontaneit\u00e0 e in pi\u00f9 la spensieratezza, l\u2019entusiasmo e l\u2019energia che appartengono a dei ragazzi di undici anni. Connettersi ai comuni ricordi ha dato a tutti nuova linfa, una rinnovata positivit\u00e0 adolescenziale ha coinvolto tutti sul gruppo WhatsApp per quasi due mesi, dove abbiamo condiviso musica, aneddoti, battute goliardiche, sfott\u00f2 e quant\u2019altro, il tutto propedeutico a realizzare il grande evento. Il 15 novembre scorso, infatti, abbiamo organizzato una cena dove \u00e8 stato fatto nuovamente l\u2019appello della \u201c<strong>Classe 1\u00b0 D del 1969<\/strong>\u201d. C\u2019eravamo tutti, ad eccezione, purtroppo, di Maurizio Mazzoni scomparso qualche anno fa ma rappresentato da sua moglie Lucilla Rossetti. Venticinque \u201cragazzi\u201d e quattro professori, oggi quasi\u2026 coetanei. <\/span><\/p>\n<p class=\"p1\"><span class=\"s1\">\u00c8 stato molto emozionante sentire la professoressa <strong>Donatella Mirto<\/strong> fare l\u2019appello, pronunciando gli stessi nomi dei ragazzi di cinquant\u2019anni fa, con la sua stessa voce pulita e sicura. La prof. ha chiamato tutti per cognome e nome, e noi abbiamo risposto \u201cpresente\u201d. \u00c8 stato molto toccante quando ha chiamato \u201cMazzoni Maurizio\u201d perch\u00e9 le abbiamo risposto tutti insieme, in coro e in piedi, ed \u00e8 segu\u00ecto poi un lungo, spontaneo applauso. Non sono mancati nemmeno momenti goliardici, infatti ho inviato un video improvvisato al mio amico <strong>Andrea Agresti<\/strong>, e la \u201cjena&#8221; di Italia Uno non ha tardato rispondere inviandoci a sua volta un video con un simpatico saluto. La tavolata era disposta a ferro di cavallo e nella parte aperta avevamo messo un altro tavolo con \u201cin cattedra\u201d i quattro professori, formando cos\u00ec una struttura quadrangolare che consentiva di guardarci tutti in faccia. Questo ha dato origine a dialoghi, a canti spontanei e a barzellette da parte di docenti e \u201calunni\u201d. I professori erano: Anna Rosa Natalini di lettere che veniva da Firenze, Nicla Mati di francese da Ponsacco, Donatella Mirto di matematica e Luciano Bargiacchi di applicazioni tecniche, entrambi da Pistoia. Sul finale ogni professore ha pronunciato un discorso di ringraziamento ricordando situazioni ed episodi dell\u2019epoca, facendo anche intuire quanto, quel periodo quarratino di mezzo secolo fa, sia stato importante e preparatorio alla vita personale e professionale per loro, poco pi\u00f9 che ventenni. I \u201cragazzi\u201d, alcuni dei quali non si vedevano da decenni, molti di loro pensionati come i professori e qualcuno anche nonno, per la maggior parte abitano ancora nel nostro territorio con eccezione di qualcuno che da tempo si \u00e8 stabilito altrove: San Casciano, Torre del Lago, Pistoia, San Miniato e Pieve a Nievole.<\/span><\/p>\n<p class=\"p1\"><span class=\"s1\">Visto che la disposizione della tavolata consentiva di vedersi tutti in volto, e dietro al tavolo dei professori avevamo messo un poster della vecchia classe, durante la cena, osservando i presenti e il grande manifesto, in un momento di riflessione ho realizzato che un amico d\u2019infanzia non invecchia mai, perch\u00e9 anche se i vecchi tratti somatici sono un po\u2019 offuscati dagli anni, il cervello attinge sempre dalle informazioni archiviate vedendo l\u2019amico con l\u2019aspetto di un tempo. Un\u2019amicizia risalente all\u2019infanzia annienta il tempo: due vecchi amici, anche se non si frequentano pi\u00f9 da decenni, quando si incontrano \u00e8 come se si fossero lasciati la settimana prima. Ci siamo promessi di rifare l\u2019appello almeno una volta all\u2019anno e sicuramente sar\u00e0 cos\u00ec. Io credo per\u00f2 che sia importante nel frattempo non perdere il contatto, sperando che il gruppo di <strong>WhatsApp<\/strong> continui ad essere costantemente attivo, perch\u00e9 interagire fra noi \u00e8 salutare e terapeutico. Non c\u2019\u00e8 cosa pi\u00f9 seria di una risata spensierata, del ricordo di uno scherzo puerile o di un vecchio soprannome rammentato. Anche se siamo tutti \u201cdiversamente\u201d giovani per guardare ancora al futuro, vorrei affermare l&#8217;importanza dei ricordi, perch\u00e9 una persona senza ricordi \u00e8 una persona senza emozioni.<\/span><\/p>\n<p class=\"p1\"><span class=\"s1\">In questo numero ho voluto scrivere un \u201c<strong>Concludendo<\/strong>\u201d un po\u2019 diverso, ma ci tenevo a presentarvi i miei vecchi amici. Poi, se ho fatto qualche errore (come secondo il solito) ho quattro professori che potranno correggere quello che ho scritto.<\/span><\/p>\n<p class=\"p1\"><a href=\"https:\/\/www.noidiqua.it\/Agliana\/wp-content\/uploads\/2022\/01\/CONCLUDENDO.png\" rel=\"wp-prettyPhoto[6441]\"><img loading=\"lazy\" decoding=\"async\" class=\"aligncenter  wp-image-6443\" src=\"https:\/\/www.noidiqua.it\/Agliana\/wp-content\/uploads\/2022\/01\/CONCLUDENDO.png\" alt=\"\" width=\"467\" height=\"326\" srcset=\"https:\/\/www.noidiqua.it\/Agliana\/wp-content\/uploads\/2022\/01\/CONCLUDENDO.png 940w, https:\/\/www.noidiqua.it\/Agliana\/wp-content\/uploads\/2022\/01\/CONCLUDENDO-300x210.png 300w, https:\/\/www.noidiqua.it\/Agliana\/wp-content\/uploads\/2022\/01\/CONCLUDENDO-768x537.png 768w, https:\/\/www.noidiqua.it\/Agliana\/wp-content\/uploads\/2022\/01\/CONCLUDENDO-640x447.png 640w\" sizes=\"auto, (max-width: 467px) 100vw, 467px\" \/><\/a><\/p>\n<p class=\"p1\"><i>Bagni Mauro, Benelli Monica, Cannoni Barbara, Cappelli Massimo, Carradori Stefano, Chiti Sandra, De Rosso Daniela, Favi Giacomo, Fedi Giuliana, Fedi Marcello, Filippi Alba, Guidi Roberta, Magni Fabrizio, Malentacchi Erina, Mazza Giovanni, Mazzoni Maurizio, Nencini Franca, Niccolai Patrizio, Spagnoli Jole, Spinelli Eleonora, Tanteri Roberto, Vannelli Lia, Vannucci Marco, Ventura Francesco, Venturi Andrea.<\/i><\/p>","protected":false},"excerpt":{"rendered":"<p>di Massimo Cappelli. Ph: Foto Olympia. dicembre 2019 A Maurizio. Carpe Diem! Dopo cinquant\u2019anni esatti, abbiamo colto l\u2019attimo che ci era sfuggito all\u2019epoca e dentro ci abbiamo trovato tanto di buono: amicizia, affetto, e spontaneit\u00e0 e in pi\u00f9 la spensieratezza, l\u2019entusiasmo e l\u2019energia che appartengono a dei [&hellip;]<\/p>","protected":false},"author":7,"featured_media":0,"comment_status":"open","ping_status":"open","sticky":false,"template":"","format":"standard","meta":{"footnotes":""},"categories":[2,5],"tags":[2927,1187,2925,55,2926,90,2928],"class_list":["post-6441","post","type-post","status-publish","format-standard","hentry","category-ag","category-concludendo-qt","tag-andrea-agresti","tag-cinquantanni","tag-classe-1-d-del-1969","tag-concludendo","tag-donatella-mirto","tag-massimo-cappelli","tag-whatsapp"],"yoast_head":"<!-- This site is optimized with the Yoast SEO plugin v25.5 - https:\/\/yoast.com\/wordpress\/plugins\/seo\/ -->\n<title>L&#039;appello 50 anni dopo - Noi di Qua Testata giornalistica e di attualit\u00e0 di Agliana, Montale e Quarrata.<\/title>\n<meta name=\"robots\" content=\"index, follow, max-snippet:-1, max-image-preview:large, max-video-preview:-1\" \/>\n<link rel=\"canonical\" href=\"https:\/\/www.noidiqua.it\/Agliana\/lappello-50-anni-dopo\/\" \/>\n<meta property=\"og:locale\" content=\"it_IT\" \/>\n<meta property=\"og:type\" content=\"article\" \/>\n<meta property=\"og:title\" content=\"L&#039;appello 50 anni dopo - Noi di Qua Testata giornalistica e di attualit\u00e0 di Agliana, Montale e Quarrata.\" \/>\n<meta property=\"og:description\" content=\"di Massimo Cappelli. Ph: Foto Olympia. dicembre 2019 A Maurizio. Carpe Diem! Dopo cinquant\u2019anni esatti, abbiamo colto l\u2019attimo che ci era sfuggito all\u2019epoca e dentro ci abbiamo trovato tanto di buono: amicizia, affetto, e spontaneit\u00e0 e in pi\u00f9 la spensieratezza, l\u2019entusiasmo e l\u2019energia che appartengono a dei [&hellip;]\" \/>\n<meta property=\"og:url\" content=\"https:\/\/www.noidiqua.it\/Agliana\/lappello-50-anni-dopo\/\" \/>\n<meta property=\"og:site_name\" content=\"Noi di Qua Testata giornalistica e di attualit\u00e0 di Agliana, Montale e Quarrata.\" \/>\n<meta property=\"article:publisher\" content=\"https:\/\/www.facebook.com\/noidiqua.trimestrale\/\" \/>\n<meta property=\"article:published_time\" content=\"2019-12-11T11:22:00+00:00\" \/>\n<meta property=\"article:modified_time\" content=\"2022-01-12T11:22:35+00:00\" \/>\n<meta property=\"og:image\" content=\"https:\/\/www.noidiqua.it\/Agliana\/wp-content\/uploads\/2022\/01\/CONCLUDENDO-1.png\" \/>\n<meta name=\"author\" content=\"Massimo Cappelli\" \/>\n<meta name=\"twitter:label1\" content=\"Scritto da\" \/>\n\t<meta name=\"twitter:data1\" content=\"Massimo Cappelli\" \/>\n\t<meta name=\"twitter:label2\" content=\"Tempo di lettura stimato\" \/>\n\t<meta name=\"twitter:data2\" content=\"4 minuti\" \/>\n<script type=\"application\/ld+json\" class=\"yoast-schema-graph\">{\"@context\":\"https:\/\/schema.org\",\"@graph\":[{\"@type\":\"WebPage\",\"@id\":\"https:\/\/www.noidiqua.it\/Agliana\/lappello-50-anni-dopo\/\",\"url\":\"https:\/\/www.noidiqua.it\/Agliana\/lappello-50-anni-dopo\/\",\"name\":\"L'appello 50 anni dopo - Noi di Qua Testata giornalistica e di attualit\u00e0 di Agliana, Montale e Quarrata.\",\"isPartOf\":{\"@id\":\"https:\/\/www.noidiqua.it\/Agliana\/#website\"},\"primaryImageOfPage\":{\"@id\":\"https:\/\/www.noidiqua.it\/Agliana\/lappello-50-anni-dopo\/#primaryimage\"},\"image\":{\"@id\":\"https:\/\/www.noidiqua.it\/Agliana\/lappello-50-anni-dopo\/#primaryimage\"},\"thumbnailUrl\":\"https:\/\/www.noidiqua.it\/Agliana\/wp-content\/uploads\/2022\/01\/CONCLUDENDO-1.png\",\"datePublished\":\"2019-12-11T11:22:00+00:00\",\"dateModified\":\"2022-01-12T11:22:35+00:00\",\"author\":{\"@id\":\"https:\/\/www.noidiqua.it\/Agliana\/#\/schema\/person\/858b1b9db61101126e5ded39f94daedb\"},\"breadcrumb\":{\"@id\":\"https:\/\/www.noidiqua.it\/Agliana\/lappello-50-anni-dopo\/#breadcrumb\"},\"inLanguage\":\"it-IT\",\"potentialAction\":[{\"@type\":\"ReadAction\",\"target\":[\"https:\/\/www.noidiqua.it\/Agliana\/lappello-50-anni-dopo\/\"]}]},{\"@type\":\"ImageObject\",\"inLanguage\":\"it-IT\",\"@id\":\"https:\/\/www.noidiqua.it\/Agliana\/lappello-50-anni-dopo\/#primaryimage\",\"url\":\"https:\/\/www.noidiqua.it\/Agliana\/wp-content\/uploads\/2022\/01\/CONCLUDENDO-1.png\",\"contentUrl\":\"https:\/\/www.noidiqua.it\/Agliana\/wp-content\/uploads\/2022\/01\/CONCLUDENDO-1.png\",\"width\":450,\"height\":300},{\"@type\":\"BreadcrumbList\",\"@id\":\"https:\/\/www.noidiqua.it\/Agliana\/lappello-50-anni-dopo\/#breadcrumb\",\"itemListElement\":[{\"@type\":\"ListItem\",\"position\":1,\"name\":\"Home\",\"item\":\"https:\/\/www.noidiqua.it\/Agliana\/\"},{\"@type\":\"ListItem\",\"position\":2,\"name\":\"L&#8217;appello 50 anni dopo\"}]},{\"@type\":\"WebSite\",\"@id\":\"https:\/\/www.noidiqua.it\/Agliana\/#website\",\"url\":\"https:\/\/www.noidiqua.it\/Agliana\/\",\"name\":\"Noi di Qua Testata giornalistica e di attualit\u00e0 di Agliana, Montale e Quarrata.\",\"description\":\"Testata Giornalistica Quarrata Montale Agliana\",\"potentialAction\":[{\"@type\":\"SearchAction\",\"target\":{\"@type\":\"EntryPoint\",\"urlTemplate\":\"https:\/\/www.noidiqua.it\/Agliana\/?s={search_term_string}\"},\"query-input\":{\"@type\":\"PropertyValueSpecification\",\"valueRequired\":true,\"valueName\":\"search_term_string\"}}],\"inLanguage\":\"it-IT\"},{\"@type\":\"Person\",\"@id\":\"https:\/\/www.noidiqua.it\/Agliana\/#\/schema\/person\/858b1b9db61101126e5ded39f94daedb\",\"name\":\"Massimo Cappelli\",\"image\":{\"@type\":\"ImageObject\",\"inLanguage\":\"it-IT\",\"@id\":\"https:\/\/www.noidiqua.it\/Agliana\/#\/schema\/person\/image\/\",\"url\":\"https:\/\/secure.gravatar.com\/avatar\/0e7261535228aa9bb0417ab8f42f3fadaf8ce23bdfde46c689c43410a676cfa9?s=96&d=mm&r=g\",\"contentUrl\":\"https:\/\/secure.gravatar.com\/avatar\/0e7261535228aa9bb0417ab8f42f3fadaf8ce23bdfde46c689c43410a676cfa9?s=96&d=mm&r=g\",\"caption\":\"Massimo Cappelli\"},\"url\":\"https:\/\/www.noidiqua.it\/Agliana\/author\/massimo-cappelli\/\"}]}<\/script>\n<!-- \/ Yoast SEO plugin. -->","yoast_head_json":{"title":"L'appello 50 anni dopo - Noi di Qua Testata giornalistica e di attualit\u00e0 di Agliana, Montale e Quarrata.","robots":{"index":"index","follow":"follow","max-snippet":"max-snippet:-1","max-image-preview":"max-image-preview:large","max-video-preview":"max-video-preview:-1"},"canonical":"https:\/\/www.noidiqua.it\/Agliana\/lappello-50-anni-dopo\/","og_locale":"it_IT","og_type":"article","og_title":"L'appello 50 anni dopo - Noi di Qua Testata giornalistica e di attualit\u00e0 di Agliana, Montale e Quarrata.","og_description":"di Massimo Cappelli. Ph: Foto Olympia. dicembre 2019 A Maurizio. Carpe Diem! Dopo cinquant\u2019anni esatti, abbiamo colto l\u2019attimo che ci era sfuggito all\u2019epoca e dentro ci abbiamo trovato tanto di buono: amicizia, affetto, e spontaneit\u00e0 e in pi\u00f9 la spensieratezza, l\u2019entusiasmo e l\u2019energia che appartengono a dei [&hellip;]","og_url":"https:\/\/www.noidiqua.it\/Agliana\/lappello-50-anni-dopo\/","og_site_name":"Noi di Qua Testata giornalistica e di attualit\u00e0 di Agliana, Montale e Quarrata.","article_publisher":"https:\/\/www.facebook.com\/noidiqua.trimestrale\/","article_published_time":"2019-12-11T11:22:00+00:00","article_modified_time":"2022-01-12T11:22:35+00:00","og_image":[{"url":"https:\/\/www.noidiqua.it\/Agliana\/wp-content\/uploads\/2022\/01\/CONCLUDENDO-1.png","type":"","width":"","height":""}],"author":"Massimo Cappelli","twitter_misc":{"Scritto da":"Massimo Cappelli","Tempo di lettura stimato":"4 minuti"},"schema":{"@context":"https:\/\/schema.org","@graph":[{"@type":"WebPage","@id":"https:\/\/www.noidiqua.it\/Agliana\/lappello-50-anni-dopo\/","url":"https:\/\/www.noidiqua.it\/Agliana\/lappello-50-anni-dopo\/","name":"L'appello 50 anni dopo - Noi di Qua Testata giornalistica e di attualit\u00e0 di Agliana, Montale e Quarrata.","isPartOf":{"@id":"https:\/\/www.noidiqua.it\/Agliana\/#website"},"primaryImageOfPage":{"@id":"https:\/\/www.noidiqua.it\/Agliana\/lappello-50-anni-dopo\/#primaryimage"},"image":{"@id":"https:\/\/www.noidiqua.it\/Agliana\/lappello-50-anni-dopo\/#primaryimage"},"thumbnailUrl":"https:\/\/www.noidiqua.it\/Agliana\/wp-content\/uploads\/2022\/01\/CONCLUDENDO-1.png","datePublished":"2019-12-11T11:22:00+00:00","dateModified":"2022-01-12T11:22:35+00:00","author":{"@id":"https:\/\/www.noidiqua.it\/Agliana\/#\/schema\/person\/858b1b9db61101126e5ded39f94daedb"},"breadcrumb":{"@id":"https:\/\/www.noidiqua.it\/Agliana\/lappello-50-anni-dopo\/#breadcrumb"},"inLanguage":"it-IT","potentialAction":[{"@type":"ReadAction","target":["https:\/\/www.noidiqua.it\/Agliana\/lappello-50-anni-dopo\/"]}]},{"@type":"ImageObject","inLanguage":"it-IT","@id":"https:\/\/www.noidiqua.it\/Agliana\/lappello-50-anni-dopo\/#primaryimage","url":"https:\/\/www.noidiqua.it\/Agliana\/wp-content\/uploads\/2022\/01\/CONCLUDENDO-1.png","contentUrl":"https:\/\/www.noidiqua.it\/Agliana\/wp-content\/uploads\/2022\/01\/CONCLUDENDO-1.png","width":450,"height":300},{"@type":"BreadcrumbList","@id":"https:\/\/www.noidiqua.it\/Agliana\/lappello-50-anni-dopo\/#breadcrumb","itemListElement":[{"@type":"ListItem","position":1,"name":"Home","item":"https:\/\/www.noidiqua.it\/Agliana\/"},{"@type":"ListItem","position":2,"name":"L&#8217;appello 50 anni dopo"}]},{"@type":"WebSite","@id":"https:\/\/www.noidiqua.it\/Agliana\/#website","url":"https:\/\/www.noidiqua.it\/Agliana\/","name":"Noi di Qua Testata giornalistica e di attualit\u00e0 di Agliana, Montale e Quarrata.","description":"Testata Giornalistica Quarrata Montale Agliana","potentialAction":[{"@type":"SearchAction","target":{"@type":"EntryPoint","urlTemplate":"https:\/\/www.noidiqua.it\/Agliana\/?s={search_term_string}"},"query-input":{"@type":"PropertyValueSpecification","valueRequired":true,"valueName":"search_term_string"}}],"inLanguage":"it-IT"},{"@type":"Person","@id":"https:\/\/www.noidiqua.it\/Agliana\/#\/schema\/person\/858b1b9db61101126e5ded39f94daedb","name":"Massimo Cappelli","image":{"@type":"ImageObject","inLanguage":"it-IT","@id":"https:\/\/www.noidiqua.it\/Agliana\/#\/schema\/person\/image\/","url":"https:\/\/secure.gravatar.com\/avatar\/0e7261535228aa9bb0417ab8f42f3fadaf8ce23bdfde46c689c43410a676cfa9?s=96&d=mm&r=g","contentUrl":"https:\/\/secure.gravatar.com\/avatar\/0e7261535228aa9bb0417ab8f42f3fadaf8ce23bdfde46c689c43410a676cfa9?s=96&d=mm&r=g","caption":"Massimo Cappelli"},"url":"https:\/\/www.noidiqua.it\/Agliana\/author\/massimo-cappelli\/"}]}},"_links":{"self":[{"href":"https:\/\/www.noidiqua.it\/Agliana\/wp-json\/wp\/v2\/posts\/6441","targetHints":{"allow":["GET"]}}],"collection":[{"href":"https:\/\/www.noidiqua.it\/Agliana\/wp-json\/wp\/v2\/posts"}],"about":[{"href":"https:\/\/www.noidiqua.it\/Agliana\/wp-json\/wp\/v2\/types\/post"}],"author":[{"embeddable":true,"href":"https:\/\/www.noidiqua.it\/Agliana\/wp-json\/wp\/v2\/users\/7"}],"replies":[{"embeddable":true,"href":"https:\/\/www.noidiqua.it\/Agliana\/wp-json\/wp\/v2\/comments?post=6441"}],"version-history":[{"count":1,"href":"https:\/\/www.noidiqua.it\/Agliana\/wp-json\/wp\/v2\/posts\/6441\/revisions"}],"predecessor-version":[{"id":6444,"href":"https:\/\/www.noidiqua.it\/Agliana\/wp-json\/wp\/v2\/posts\/6441\/revisions\/6444"}],"wp:attachment":[{"href":"https:\/\/www.noidiqua.it\/Agliana\/wp-json\/wp\/v2\/media?parent=6441"}],"wp:term":[{"taxonomy":"category","embeddable":true,"href":"https:\/\/www.noidiqua.it\/Agliana\/wp-json\/wp\/v2\/categories?post=6441"},{"taxonomy":"post_tag","embeddable":true,"href":"https:\/\/www.noidiqua.it\/Agliana\/wp-json\/wp\/v2\/tags?post=6441"}],"curies":[{"name":"wp","href":"https:\/\/api.w.org\/{rel}","templated":true}]}}