{"id":6453,"date":"2019-09-05T15:34:30","date_gmt":"2019-09-05T13:34:30","guid":{"rendered":"https:\/\/www.noidiqua.it\/Agliana\/?p=6453"},"modified":"2024-12-19T10:34:04","modified_gmt":"2024-12-19T09:34:04","slug":"maria-elena-ulivi-presentatrice","status":"publish","type":"post","link":"https:\/\/www.noidiqua.it\/Agliana\/maria-elena-ulivi-presentatrice\/","title":{"rendered":"Maria Elena Ulivi &#8211; presentatrice"},"content":{"rendered":"<p><em>di Marco Bagnoli. Foto: <a href=\"http:\/\/www.bellinigabriele.it\">Gabriele Bellini<\/a>.<\/em><\/p>\n<p>settembre\u00a0<em>2019<\/em><\/p>\n<p><a href=\"https:\/\/www.noidiqua.it\/Agliana\/wp-content\/uploads\/2022\/01\/MARIA-ELENA-ULIVI--e1641997809116.png\" rel=\"wp-prettyPhoto[6453]\"><img loading=\"lazy\" decoding=\"async\" class=\"aligncenter wp-image-6454\" src=\"https:\/\/www.noidiqua.it\/Agliana\/wp-content\/uploads\/2022\/01\/MARIA-ELENA-ULIVI--e1641997809116.png\" alt=\"\" width=\"408\" height=\"300\" srcset=\"https:\/\/www.noidiqua.it\/Agliana\/wp-content\/uploads\/2022\/01\/MARIA-ELENA-ULIVI--e1641997809116.png 770w, https:\/\/www.noidiqua.it\/Agliana\/wp-content\/uploads\/2022\/01\/MARIA-ELENA-ULIVI--e1641997809116-300x221.png 300w, https:\/\/www.noidiqua.it\/Agliana\/wp-content\/uploads\/2022\/01\/MARIA-ELENA-ULIVI--e1641997809116-768x565.png 768w, https:\/\/www.noidiqua.it\/Agliana\/wp-content\/uploads\/2022\/01\/MARIA-ELENA-ULIVI--e1641997809116-640x470.png 640w\" sizes=\"auto, (max-width: 408px) 100vw, 408px\" \/><\/a><\/p>\n<p class=\"p1\">Quando si dice alle volte i casi della vita: oggi ci ritroviamo qua a presentare una presentatrice. Ma andiamo con ordine.<\/p>\n<p class=\"p1\"><strong>Maria Elena<\/strong> \u00e8 sempre vissuta ad <strong>Agliana<\/strong>, salvo una parentesi di sette anni tra il 2000 e il 2007 nelle Marche, per motivi di lavoro. Maria Elena lavora nel ramo delle telecomunicazioni, e oggi si occupa proprio della formazione dei dipendenti per tutto quello che riguarda il parlare e lo stare in pubblico, liberamente e senza inflessioni. <strong>Presentatrice<\/strong> lo \u00e8 ormai dal 2013-2014, da quando inizia a frequentare i corsi di conduzione tenuti proprio qua al teatro Moderno da Serena Magnanensi e Omar B., gi\u00e0 inviato Rai con \u201c<strong>La vita in diretta<\/strong>\u201d; ma quando Maria Elena frequenta questi corsi organizzati dalla mitica agenzia Vega Star, \u00e8 gi\u00e0 esperta per conto suo. Quello di presentare \u00e8 infatti un mestiere che ha imparato sul campo, partendo dalle iniziative ideate in parrocchia su su fino a presentare a sua volta forse il presentatore dei presentatori, Carlo Conti.<\/p>\n<p class=\"p1\">Non \u00e8 certo un lavoro che si improvvisa, e bisogna essere abili nel proporsi e nel creare contatti, nel sapersi fare avanti. Una volta che il lavoro viene trovato \u00e8 quindi tempo di prepararsi il pi\u00f9 a fondo possibile sull\u2019argomento della serata, su coloro che interverranno a parlare, sugli ospiti, sulle canzoni stesse che verranno suonate &#8211; e tutto questo da soli, senza aiuto o quasi. Perfino l\u2019<strong>outfit<\/strong> e il modo di presentarsi sul palco sono tutti \u201ca carico\u201d di Maria Elena, dal momento che solo in certi eventi ben strutturati \u00e8 possibile fare affidamento su un vero servizio di <strong>make up<\/strong>. Non basta quindi avere la parlantina, nonostante sia poi necessaria, e infatti, nel 2016, Maria Elena ha anche lavorato a Radio Pistoia per una stagione, in attesa chiss\u00e0 di poter riprendere l\u2019attivit\u00e0; questo sarebbe molto importante, dal momento che il rapporto col pubblico e la capacit\u00e0 di relazionarsi ad esso \u00e8 un esercizio continuo, come in uno sport, o nella musica.<\/p>\n<p><a href=\"https:\/\/www.noidiqua.it\/Agliana\/wp-content\/uploads\/2022\/01\/MARIA-ELENA-ULIVI-3.png\" rel=\"wp-prettyPhoto[6453]\"><img loading=\"lazy\" decoding=\"async\" class=\"aligncenter wp-image-6455\" src=\"https:\/\/www.noidiqua.it\/Agliana\/wp-content\/uploads\/2022\/01\/MARIA-ELENA-ULIVI-3.png\" alt=\"\" width=\"282\" height=\"302\" srcset=\"https:\/\/www.noidiqua.it\/Agliana\/wp-content\/uploads\/2022\/01\/MARIA-ELENA-ULIVI-3.png 450w, https:\/\/www.noidiqua.it\/Agliana\/wp-content\/uploads\/2022\/01\/MARIA-ELENA-ULIVI-3-280x300.png 280w\" sizes=\"auto, (max-width: 282px) 100vw, 282px\" \/><\/a><\/p>\n<p class=\"p1\">A iniziare un po\u2019 il filone ci aveva pensato gi\u00e0 il babbo, Pierluigi Ulivi, gi\u00e0 a suo tempo coinvolto con la passione per il teatro a San Michele, e con le sacre rappresentazioni della Passione, per la quale interpretava niente meno che il ruolo di Ges\u00f9. Grande soddisfazione la porter\u00e0 poi la vecchia edizione del torneo dei rioni, per la quale Pierluigi leggeva l\u2019elenco delle formazioni; quando nel 2012 il torneo verr\u00e0 ripreso sar\u00e0 proprio Maria Elena ad essere chiamata per ricalcare le orme del babbo, leggendo le formazioni dei partecipanti. Nel corso degli anni Maria Elena ha presentato <strong>spettacoli<\/strong>, eventi sportivi, contest musicali, concerti e serate del tutto particolari, come quella dedicata al grande campione di ciclismo Francesco Moser, evidenziando il tratto oramai essenziale della poliedricit\u00e0 delle sue prestazioni. Inutile dire che Maria Elena \u00e8 super impegnata, dividendosi tra il lavoro, il coro e l\u2019attivit\u00e0 come catechista nella sua parrocchia &#8211; e proprio i ragazzi che quest\u2019anno ha accompagnato alla Cresima sono stati tutti invitati al suo matrimonio, con il fidanzato Stefano Agostini, anch\u2019egli catechista. Ci dice Maria Elena che a volte le cose devono solo capitare, e sta a noi lasciare che accadono, in qualunque momento della nostra vita. Tra i molti personaggi coi quali le \u00e8 capitato di lavorare nel corso degli anni, da Paola Turci a Giucas Casella, dalla cantante Tracy Spencer a Federico Zampaglione dei Tiromancino, uno su tutti c\u2019\u00e8 Niki Giustini, il grande personaggio dello spettacolo toscano che ci ha lasciato a gennaio del 2017. Con lui Maria Elena ha lavorato in quattro spettacoli, raccogliendo quella grande lezione di umanit\u00e0 e duttilit\u00e0 <strong>professionale<\/strong> che sono state poi celebrate l\u2019anno dopo da Conti, Panariello e Pieraccioni. Maria Elena era l\u00ec a presentare, e voi dov\u2019eravate?<\/p>\n<p><a href=\"https:\/\/www.noidiqua.it\/Agliana\/wp-content\/uploads\/2022\/01\/MARIA-ELENA-ULIVI-2.png\" rel=\"wp-prettyPhoto[6453]\"><img loading=\"lazy\" decoding=\"async\" class=\"aligncenter size-full wp-image-6456\" src=\"https:\/\/www.noidiqua.it\/Agliana\/wp-content\/uploads\/2022\/01\/MARIA-ELENA-ULIVI-2.png\" alt=\"\" width=\"309\" height=\"380\" srcset=\"https:\/\/www.noidiqua.it\/Agliana\/wp-content\/uploads\/2022\/01\/MARIA-ELENA-ULIVI-2.png 309w, https:\/\/www.noidiqua.it\/Agliana\/wp-content\/uploads\/2022\/01\/MARIA-ELENA-ULIVI-2-244x300.png 244w\" sizes=\"auto, (max-width: 309px) 100vw, 309px\" \/><\/a><\/p>","protected":false},"excerpt":{"rendered":"<p>di Marco Bagnoli. Foto: Gabriele Bellini. settembre\u00a02019 Quando si dice alle volte i casi della vita: oggi ci ritroviamo qua a presentare una presentatrice. Ma andiamo con ordine. Maria Elena \u00e8 sempre vissuta ad Agliana, salvo una parentesi di sette anni tra il 2000 e il 2007 [&hellip;]<\/p>","protected":false},"author":3,"featured_media":0,"comment_status":"open","ping_status":"open","sticky":false,"template":"","format":"standard","meta":{"footnotes":""},"categories":[2,145],"tags":[37,2946,2948,2944,2947,2945,2950,2949],"class_list":["post-6453","post","type-post","status-publish","format-standard","hentry","category-ag","category-che-spettacolo-ag","tag-ag-ag","tag-la-vita-in-diretta","tag-make-up","tag-maria-elena","tag-outfit","tag-presentatrice","tag-professionale","tag-spettacoli"],"yoast_head":"<!-- This site is optimized with the Yoast SEO plugin v25.5 - https:\/\/yoast.com\/wordpress\/plugins\/seo\/ -->\n<title>Maria Elena Ulivi - presentatrice - Noi di Qua Testata giornalistica e di attualit\u00e0 di Agliana, Montale e Quarrata.<\/title>\n<meta name=\"robots\" content=\"index, follow, max-snippet:-1, max-image-preview:large, max-video-preview:-1\" \/>\n<link rel=\"canonical\" href=\"https:\/\/www.noidiqua.it\/Agliana\/maria-elena-ulivi-presentatrice\/\" \/>\n<meta property=\"og:locale\" content=\"it_IT\" \/>\n<meta property=\"og:type\" content=\"article\" \/>\n<meta property=\"og:title\" content=\"Maria Elena Ulivi - presentatrice - Noi di Qua Testata giornalistica e di attualit\u00e0 di Agliana, Montale e Quarrata.\" \/>\n<meta property=\"og:description\" content=\"di Marco Bagnoli. Foto: Gabriele Bellini. settembre\u00a02019 Quando si dice alle volte i casi della vita: oggi ci ritroviamo qua a presentare una presentatrice. Ma andiamo con ordine. Maria Elena \u00e8 sempre vissuta ad Agliana, salvo una parentesi di sette anni tra il 2000 e il 2007 [&hellip;]\" \/>\n<meta property=\"og:url\" content=\"https:\/\/www.noidiqua.it\/Agliana\/maria-elena-ulivi-presentatrice\/\" \/>\n<meta property=\"og:site_name\" content=\"Noi di Qua Testata giornalistica e di attualit\u00e0 di Agliana, Montale e Quarrata.\" \/>\n<meta property=\"article:publisher\" content=\"https:\/\/www.facebook.com\/noidiqua.trimestrale\/\" \/>\n<meta property=\"article:published_time\" content=\"2019-09-05T13:34:30+00:00\" \/>\n<meta property=\"article:modified_time\" content=\"2024-12-19T09:34:04+00:00\" \/>\n<meta property=\"og:image\" content=\"https:\/\/www.noidiqua.it\/Agliana\/wp-content\/uploads\/2022\/01\/MARIA-ELENA-ULIVI--e1641997809116.png\" \/>\n<meta name=\"author\" content=\"Marco Bagnoli\" \/>\n<meta name=\"twitter:label1\" content=\"Scritto da\" \/>\n\t<meta name=\"twitter:data1\" content=\"Marco Bagnoli\" \/>\n\t<meta name=\"twitter:label2\" content=\"Tempo di lettura stimato\" \/>\n\t<meta name=\"twitter:data2\" content=\"4 minuti\" \/>\n<script type=\"application\/ld+json\" class=\"yoast-schema-graph\">{\"@context\":\"https:\/\/schema.org\",\"@graph\":[{\"@type\":\"WebPage\",\"@id\":\"https:\/\/www.noidiqua.it\/Agliana\/maria-elena-ulivi-presentatrice\/\",\"url\":\"https:\/\/www.noidiqua.it\/Agliana\/maria-elena-ulivi-presentatrice\/\",\"name\":\"Maria Elena Ulivi - presentatrice - Noi di Qua Testata giornalistica e di attualit\u00e0 di Agliana, Montale e Quarrata.\",\"isPartOf\":{\"@id\":\"https:\/\/www.noidiqua.it\/Agliana\/#website\"},\"primaryImageOfPage\":{\"@id\":\"https:\/\/www.noidiqua.it\/Agliana\/maria-elena-ulivi-presentatrice\/#primaryimage\"},\"image\":{\"@id\":\"https:\/\/www.noidiqua.it\/Agliana\/maria-elena-ulivi-presentatrice\/#primaryimage\"},\"thumbnailUrl\":\"https:\/\/www.noidiqua.it\/Agliana\/wp-content\/uploads\/2022\/01\/MARIA-ELENA-ULIVI--e1641997809116.png\",\"datePublished\":\"2019-09-05T13:34:30+00:00\",\"dateModified\":\"2024-12-19T09:34:04+00:00\",\"author\":{\"@id\":\"https:\/\/www.noidiqua.it\/Agliana\/#\/schema\/person\/4e183cb0c6d7951e716a876aa702e1a2\"},\"breadcrumb\":{\"@id\":\"https:\/\/www.noidiqua.it\/Agliana\/maria-elena-ulivi-presentatrice\/#breadcrumb\"},\"inLanguage\":\"it-IT\",\"potentialAction\":[{\"@type\":\"ReadAction\",\"target\":[\"https:\/\/www.noidiqua.it\/Agliana\/maria-elena-ulivi-presentatrice\/\"]}]},{\"@type\":\"ImageObject\",\"inLanguage\":\"it-IT\",\"@id\":\"https:\/\/www.noidiqua.it\/Agliana\/maria-elena-ulivi-presentatrice\/#primaryimage\",\"url\":\"https:\/\/www.noidiqua.it\/Agliana\/wp-content\/uploads\/2022\/01\/MARIA-ELENA-ULIVI--e1641997809116.png\",\"contentUrl\":\"https:\/\/www.noidiqua.it\/Agliana\/wp-content\/uploads\/2022\/01\/MARIA-ELENA-ULIVI--e1641997809116.png\",\"width\":770,\"height\":566},{\"@type\":\"BreadcrumbList\",\"@id\":\"https:\/\/www.noidiqua.it\/Agliana\/maria-elena-ulivi-presentatrice\/#breadcrumb\",\"itemListElement\":[{\"@type\":\"ListItem\",\"position\":1,\"name\":\"Home\",\"item\":\"https:\/\/www.noidiqua.it\/Agliana\/\"},{\"@type\":\"ListItem\",\"position\":2,\"name\":\"Maria Elena Ulivi &#8211; presentatrice\"}]},{\"@type\":\"WebSite\",\"@id\":\"https:\/\/www.noidiqua.it\/Agliana\/#website\",\"url\":\"https:\/\/www.noidiqua.it\/Agliana\/\",\"name\":\"Noi di Qua Testata giornalistica e di attualit\u00e0 di Agliana, Montale e Quarrata.\",\"description\":\"Testata Giornalistica Quarrata Montale Agliana\",\"potentialAction\":[{\"@type\":\"SearchAction\",\"target\":{\"@type\":\"EntryPoint\",\"urlTemplate\":\"https:\/\/www.noidiqua.it\/Agliana\/?s={search_term_string}\"},\"query-input\":{\"@type\":\"PropertyValueSpecification\",\"valueRequired\":true,\"valueName\":\"search_term_string\"}}],\"inLanguage\":\"it-IT\"},{\"@type\":\"Person\",\"@id\":\"https:\/\/www.noidiqua.it\/Agliana\/#\/schema\/person\/4e183cb0c6d7951e716a876aa702e1a2\",\"name\":\"Marco Bagnoli\",\"image\":{\"@type\":\"ImageObject\",\"inLanguage\":\"it-IT\",\"@id\":\"https:\/\/www.noidiqua.it\/Agliana\/#\/schema\/person\/image\/\",\"url\":\"https:\/\/secure.gravatar.com\/avatar\/73ace53724c50db9c48af54756f17b7cdb015a9d8d2c08c7e04e480539a94eee?s=96&d=mm&r=g\",\"contentUrl\":\"https:\/\/secure.gravatar.com\/avatar\/73ace53724c50db9c48af54756f17b7cdb015a9d8d2c08c7e04e480539a94eee?s=96&d=mm&r=g\",\"caption\":\"Marco Bagnoli\"},\"url\":\"https:\/\/www.noidiqua.it\/Agliana\/author\/marco-bagnoli\/\"}]}<\/script>\n<!-- \/ Yoast SEO plugin. -->","yoast_head_json":{"title":"Maria Elena Ulivi - presentatrice - Noi di Qua Testata giornalistica e di attualit\u00e0 di Agliana, Montale e Quarrata.","robots":{"index":"index","follow":"follow","max-snippet":"max-snippet:-1","max-image-preview":"max-image-preview:large","max-video-preview":"max-video-preview:-1"},"canonical":"https:\/\/www.noidiqua.it\/Agliana\/maria-elena-ulivi-presentatrice\/","og_locale":"it_IT","og_type":"article","og_title":"Maria Elena Ulivi - presentatrice - Noi di Qua Testata giornalistica e di attualit\u00e0 di Agliana, Montale e Quarrata.","og_description":"di Marco Bagnoli. Foto: Gabriele Bellini. settembre\u00a02019 Quando si dice alle volte i casi della vita: oggi ci ritroviamo qua a presentare una presentatrice. Ma andiamo con ordine. Maria Elena \u00e8 sempre vissuta ad Agliana, salvo una parentesi di sette anni tra il 2000 e il 2007 [&hellip;]","og_url":"https:\/\/www.noidiqua.it\/Agliana\/maria-elena-ulivi-presentatrice\/","og_site_name":"Noi di Qua Testata giornalistica e di attualit\u00e0 di Agliana, Montale e Quarrata.","article_publisher":"https:\/\/www.facebook.com\/noidiqua.trimestrale\/","article_published_time":"2019-09-05T13:34:30+00:00","article_modified_time":"2024-12-19T09:34:04+00:00","og_image":[{"url":"https:\/\/www.noidiqua.it\/Agliana\/wp-content\/uploads\/2022\/01\/MARIA-ELENA-ULIVI--e1641997809116.png","type":"","width":"","height":""}],"author":"Marco Bagnoli","twitter_misc":{"Scritto da":"Marco Bagnoli","Tempo di lettura stimato":"4 minuti"},"schema":{"@context":"https:\/\/schema.org","@graph":[{"@type":"WebPage","@id":"https:\/\/www.noidiqua.it\/Agliana\/maria-elena-ulivi-presentatrice\/","url":"https:\/\/www.noidiqua.it\/Agliana\/maria-elena-ulivi-presentatrice\/","name":"Maria Elena Ulivi - presentatrice - Noi di Qua Testata giornalistica e di attualit\u00e0 di Agliana, Montale e Quarrata.","isPartOf":{"@id":"https:\/\/www.noidiqua.it\/Agliana\/#website"},"primaryImageOfPage":{"@id":"https:\/\/www.noidiqua.it\/Agliana\/maria-elena-ulivi-presentatrice\/#primaryimage"},"image":{"@id":"https:\/\/www.noidiqua.it\/Agliana\/maria-elena-ulivi-presentatrice\/#primaryimage"},"thumbnailUrl":"https:\/\/www.noidiqua.it\/Agliana\/wp-content\/uploads\/2022\/01\/MARIA-ELENA-ULIVI--e1641997809116.png","datePublished":"2019-09-05T13:34:30+00:00","dateModified":"2024-12-19T09:34:04+00:00","author":{"@id":"https:\/\/www.noidiqua.it\/Agliana\/#\/schema\/person\/4e183cb0c6d7951e716a876aa702e1a2"},"breadcrumb":{"@id":"https:\/\/www.noidiqua.it\/Agliana\/maria-elena-ulivi-presentatrice\/#breadcrumb"},"inLanguage":"it-IT","potentialAction":[{"@type":"ReadAction","target":["https:\/\/www.noidiqua.it\/Agliana\/maria-elena-ulivi-presentatrice\/"]}]},{"@type":"ImageObject","inLanguage":"it-IT","@id":"https:\/\/www.noidiqua.it\/Agliana\/maria-elena-ulivi-presentatrice\/#primaryimage","url":"https:\/\/www.noidiqua.it\/Agliana\/wp-content\/uploads\/2022\/01\/MARIA-ELENA-ULIVI--e1641997809116.png","contentUrl":"https:\/\/www.noidiqua.it\/Agliana\/wp-content\/uploads\/2022\/01\/MARIA-ELENA-ULIVI--e1641997809116.png","width":770,"height":566},{"@type":"BreadcrumbList","@id":"https:\/\/www.noidiqua.it\/Agliana\/maria-elena-ulivi-presentatrice\/#breadcrumb","itemListElement":[{"@type":"ListItem","position":1,"name":"Home","item":"https:\/\/www.noidiqua.it\/Agliana\/"},{"@type":"ListItem","position":2,"name":"Maria Elena Ulivi &#8211; presentatrice"}]},{"@type":"WebSite","@id":"https:\/\/www.noidiqua.it\/Agliana\/#website","url":"https:\/\/www.noidiqua.it\/Agliana\/","name":"Noi di Qua Testata giornalistica e di attualit\u00e0 di Agliana, Montale e Quarrata.","description":"Testata Giornalistica Quarrata Montale Agliana","potentialAction":[{"@type":"SearchAction","target":{"@type":"EntryPoint","urlTemplate":"https:\/\/www.noidiqua.it\/Agliana\/?s={search_term_string}"},"query-input":{"@type":"PropertyValueSpecification","valueRequired":true,"valueName":"search_term_string"}}],"inLanguage":"it-IT"},{"@type":"Person","@id":"https:\/\/www.noidiqua.it\/Agliana\/#\/schema\/person\/4e183cb0c6d7951e716a876aa702e1a2","name":"Marco Bagnoli","image":{"@type":"ImageObject","inLanguage":"it-IT","@id":"https:\/\/www.noidiqua.it\/Agliana\/#\/schema\/person\/image\/","url":"https:\/\/secure.gravatar.com\/avatar\/73ace53724c50db9c48af54756f17b7cdb015a9d8d2c08c7e04e480539a94eee?s=96&d=mm&r=g","contentUrl":"https:\/\/secure.gravatar.com\/avatar\/73ace53724c50db9c48af54756f17b7cdb015a9d8d2c08c7e04e480539a94eee?s=96&d=mm&r=g","caption":"Marco Bagnoli"},"url":"https:\/\/www.noidiqua.it\/Agliana\/author\/marco-bagnoli\/"}]}},"_links":{"self":[{"href":"https:\/\/www.noidiqua.it\/Agliana\/wp-json\/wp\/v2\/posts\/6453","targetHints":{"allow":["GET"]}}],"collection":[{"href":"https:\/\/www.noidiqua.it\/Agliana\/wp-json\/wp\/v2\/posts"}],"about":[{"href":"https:\/\/www.noidiqua.it\/Agliana\/wp-json\/wp\/v2\/types\/post"}],"author":[{"embeddable":true,"href":"https:\/\/www.noidiqua.it\/Agliana\/wp-json\/wp\/v2\/users\/3"}],"replies":[{"embeddable":true,"href":"https:\/\/www.noidiqua.it\/Agliana\/wp-json\/wp\/v2\/comments?post=6453"}],"version-history":[{"count":3,"href":"https:\/\/www.noidiqua.it\/Agliana\/wp-json\/wp\/v2\/posts\/6453\/revisions"}],"predecessor-version":[{"id":9432,"href":"https:\/\/www.noidiqua.it\/Agliana\/wp-json\/wp\/v2\/posts\/6453\/revisions\/9432"}],"wp:attachment":[{"href":"https:\/\/www.noidiqua.it\/Agliana\/wp-json\/wp\/v2\/media?parent=6453"}],"wp:term":[{"taxonomy":"category","embeddable":true,"href":"https:\/\/www.noidiqua.it\/Agliana\/wp-json\/wp\/v2\/categories?post=6453"},{"taxonomy":"post_tag","embeddable":true,"href":"https:\/\/www.noidiqua.it\/Agliana\/wp-json\/wp\/v2\/tags?post=6453"}],"curies":[{"name":"wp","href":"https:\/\/api.w.org\/{rel}","templated":true}]}}