{"id":6470,"date":"2019-09-05T16:19:09","date_gmt":"2019-09-05T14:19:09","guid":{"rendered":"https:\/\/www.noidiqua.it\/Agliana\/?p=6470"},"modified":"2022-01-12T16:19:53","modified_gmt":"2022-01-12T15:19:53","slug":"il-tabernacolo-di-stazione-un-monumento-perduto-e-quasi-dimenticato","status":"publish","type":"post","link":"https:\/\/www.noidiqua.it\/Agliana\/il-tabernacolo-di-stazione-un-monumento-perduto-e-quasi-dimenticato\/","title":{"rendered":"il tabernacolo di Stazione &#8211; un monumento perduto e quasi dimenticato"},"content":{"rendered":"<p><em>di David Colzi<\/em><\/p>\n<p>settembre\u00a0<em>2019<\/em><\/p>\n<p><a href=\"https:\/\/www.noidiqua.it\/Agliana\/wp-content\/uploads\/2022\/01\/TABERNACOLO-.png\" rel=\"wp-prettyPhoto[6470]\"><img loading=\"lazy\" decoding=\"async\" class=\"aligncenter wp-image-6472\" src=\"https:\/\/www.noidiqua.it\/Agliana\/wp-content\/uploads\/2022\/01\/TABERNACOLO-.png\" alt=\"\" width=\"459\" height=\"326\" srcset=\"https:\/\/www.noidiqua.it\/Agliana\/wp-content\/uploads\/2022\/01\/TABERNACOLO-.png 940w, https:\/\/www.noidiqua.it\/Agliana\/wp-content\/uploads\/2022\/01\/TABERNACOLO--300x213.png 300w, https:\/\/www.noidiqua.it\/Agliana\/wp-content\/uploads\/2022\/01\/TABERNACOLO--768x546.png 768w, https:\/\/www.noidiqua.it\/Agliana\/wp-content\/uploads\/2022\/01\/TABERNACOLO--640x455.png 640w\" sizes=\"auto, (max-width: 459px) 100vw, 459px\" \/><\/a><\/p>\n<p class=\"p1\"><span class=\"s1\">Se \u00e8 vero che un\u2019immagine vale pi\u00f9 di mille parole, ne dovremo scrivere tante per colmare questo articolo, perch\u00e9 la storia che stiamo per presentare non ha foto, e per giunta non si trovano notizie sulle pubblicazioni riguardanti il nostro comune. <\/span><\/p>\n<p class=\"p1\"><span class=\"s1\">Vi raccontiamo del grande <strong>tabernacolo<\/strong> di <strong>Stazione<\/strong>, quello che era situato all\u2019angolo di via XXV aprile e via Alfieri (in precedenza chiamata via stradelli). Eretto sopra il muro di cinta della colonica della<strong> famiglia Niccolai<\/strong>, venne abbattuto fra il 1963 e 1964, per allargare la strada e portarla da una a due corsie. <\/span><\/p>\n<p class=\"p1\"><span class=\"s1\">Noi, nei mesi passati, abbiamo interpellato enti pubblici locali, esperti di storia, collezionisti di <strong>immagini antiche<\/strong>, persone vicine alle comunit\u00e0 religiose del territorio e semplici cittadini di Stazione (fra l\u2019altro tutti molto disponibili), ma niente, nessuno ha avuto un\u2019immagine da darci. Pare che a suo tempo, il proposto di San Piero, <strong>Franco Leporatti<\/strong>, avesse scattato una foto del tabernacolo, forse l\u2019unica, ma se ne sono perse le tracce. Insomma ci siamo imbattuti in un buco nero, dove tutto sembra essere scomparso fra le pieghe del tempo. A raccogliere con noi le ultime briciole di memoria c\u2019\u00e8 <strong>Bruno Tempestini<\/strong>, \u201c<a href=\"https:\/\/www.noidiqua.it\/Montale\/bruno-tempestini-ispettore-onorario-per-i-beni-archeologici\/\">Ispettore onorario della sovrintendenza archeologica per le zone di Montale, Agliana e Montemurlo<\/a>\u201d, assieme alla famiglia Gheri, residente del luogo, e a <strong>Paolo Bini<\/strong>, archivista della parrocchia di San Piero, che ha realizzato il disegno che vedete.<\/span><\/p>\n<p><a href=\"https:\/\/www.noidiqua.it\/Agliana\/wp-content\/uploads\/2022\/01\/TABERNACOLO-2.png\" rel=\"wp-prettyPhoto[6470]\"><img loading=\"lazy\" decoding=\"async\" class=\"aligncenter wp-image-6473\" src=\"https:\/\/www.noidiqua.it\/Agliana\/wp-content\/uploads\/2022\/01\/TABERNACOLO-2.png\" alt=\"\" width=\"353\" height=\"265\" srcset=\"https:\/\/www.noidiqua.it\/Agliana\/wp-content\/uploads\/2022\/01\/TABERNACOLO-2.png 450w, https:\/\/www.noidiqua.it\/Agliana\/wp-content\/uploads\/2022\/01\/TABERNACOLO-2-300x225.png 300w\" sizes=\"auto, (max-width: 353px) 100vw, 353px\" \/><\/a><\/p>\n<p class=\"p1\"><span class=\"s1\">La struttura, alta da terra circa 5 metri, era a forma di edicola con due colonne laterali e all\u2019interno della nicchia vi era una pittura raffigurante la Madonna. Per quanto riguarda la datazione, siamo costretti a \u201cnavigare a vista\u201d: sappiamo che il grande portone di questa casa colonica, \u00e8 stato fatto risalire dalla Sovrintendenza al 1700, quindi \u00e8 ragionevole pensare che il tabernacolo gli sia contemporaneo, vista anche la sua struttura neoclassica, presente in altri monumenti popolari del territorio. Partendo da qui, si potrebbe ipotizzare che la pittura sia stata realizzata da uno dei <strong>Valiani<\/strong>, pittori pistoiesi molto attivi in zona. Comunque sia, pare che questo monumento fosse molto bello, tanto che venivano addirittura studenti a ritrarlo. Bellezza a parte, il monumento era onorato tutti i giorni dalle persone del luogo, che si arrampicavano sulle sedie per deporre, davanti alla nicchia, fiori e quant\u2019altro e durante la ricorrenza di <strong>San Giovanni<\/strong>, venivano messe ciotole d\u2019acqua con cui poi ci si bagnava il viso, in onore del santo che aveva battezzato Ges\u00f9. Altro momento importante era il periodo delle <strong>rogazioni<\/strong>, quando all\u2019interno di un percorso di processione, si andavano a trovare tutti e 3 i tabernacoli di Stazione, di cui oggi non vi \u00e8 pi\u00f9 traccia, perch\u00e9 sono stati abbattuti uno dopo l\u2019altro, durante i vari interventi di ammodernamento della frazione. <\/span><\/p>\n<p class=\"p1\"><span class=\"s1\">E, come dicevamo all\u2019inizio, in un giorno qualunque dei primi anni \u201860, tocc\u00f2 a quello di via XXV aprile, spazzato via dalla vita quotidiana della comunit\u00e0 di Stazione, senza che ne venisse fatta una documentazione scritta, oppure scattata una foto per ricordarne l\u2019aspetto (almeno noi non abbiamo travato nulla). Chi era presente quel giorno, ricorda ancora il disagio manifestato pubblicamente da uno degli operai, dopo aver agganciato il tabernacolo con dei cavi d\u2019acciaio alla propria ruspa, un attimo prima di farlo schiantare a terra. Negli anni successivi, sempre in angolo, ne venne costruito un altro, molto pi\u00f9 piccolo, in memoria del precedente, ma poi, dopo un ulteriore allargamento della carreggiata, venne tolto anche quello. Nel 1995 ne \u00e8 stata realizzata un\u2019ultima versione a futura memoria, ma non pi\u00f9 in angolo. Di questo possiamo mostrare la foto.<\/span><\/p>\n<p><a href=\"https:\/\/www.noidiqua.it\/Agliana\/wp-content\/uploads\/2022\/01\/TABERNACOLO-3.png\" rel=\"wp-prettyPhoto[6470]\"><img loading=\"lazy\" decoding=\"async\" class=\"aligncenter size-full wp-image-6471\" src=\"https:\/\/www.noidiqua.it\/Agliana\/wp-content\/uploads\/2022\/01\/TABERNACOLO-3.png\" alt=\"\" width=\"285\" height=\"380\" srcset=\"https:\/\/www.noidiqua.it\/Agliana\/wp-content\/uploads\/2022\/01\/TABERNACOLO-3.png 285w, https:\/\/www.noidiqua.it\/Agliana\/wp-content\/uploads\/2022\/01\/TABERNACOLO-3-225x300.png 225w\" sizes=\"auto, (max-width: 285px) 100vw, 285px\" \/><\/a><\/p>\n<p class=\"p1\"><span class=\"s1\">Ma il primo si poteva salvare? Secondo Tempestini s\u00ec, sarebbe bastato a suo tempo fare un piano regolatore strutturato, prevedendo l\u2019allargamento della strada dal senso opposto rispetto al muro, quando ancora nei dintorni vi erano campi e non abitazioni, quindi fino a pochi anni prima dell\u2019abbattimento. Cos\u00ec la nuova carreggiata non avrebbe messo in pericolo il tabernacolo. E comunque, in extremis, si poteva rimuovere la struttura e spostarla. <i>\u00abD\u2019altronde noi non abbiamo opere di Bernini o di Caravaggio,\u00bb <\/i>ci dice Tempestini;<i> \u00abi nostri beni artistici sono quelli e li dovremmo conservare con cura. E poi si tratta della nostra storia, delle nostre radici contadine, indipendentemente dal fatto di essere o meno religiosi\u00bb.<\/i><\/span><\/p>","protected":false},"excerpt":{"rendered":"<p>di David Colzi settembre\u00a02019 Se \u00e8 vero che un\u2019immagine vale pi\u00f9 di mille parole, ne dovremo scrivere tante per colmare questo articolo, perch\u00e9 la storia che stiamo per presentare non ha foto, e per giunta non si trovano notizie sulle pubblicazioni riguardanti il nostro comune. Vi raccontiamo [&hellip;]<\/p>","protected":false},"author":5,"featured_media":0,"comment_status":"open","ping_status":"open","sticky":false,"template":"","format":"standard","meta":{"footnotes":""},"categories":[2,7],"tags":[1166,2973,2975,2974,1478,2978,2977,1792,2972,2976],"class_list":["post-6470","post","type-post","status-publish","format-standard","hentry","category-ag","category-notizie-dal-passato","tag-bruno-tempestini","tag-famiglia-niccolai","tag-franco-leporatti","tag-immagini-antiche","tag-paolo-bini","tag-rogazioni","tag-san-giovanni","tag-stazione","tag-tabernacolo","tag-valiani"],"yoast_head":"<!-- This site is optimized with the Yoast SEO plugin v25.5 - https:\/\/yoast.com\/wordpress\/plugins\/seo\/ -->\n<title>il tabernacolo di Stazione - un monumento perduto e quasi dimenticato - Noi di Qua Testata giornalistica e di attualit\u00e0 di Agliana, Montale e Quarrata.<\/title>\n<meta name=\"robots\" content=\"index, follow, max-snippet:-1, max-image-preview:large, max-video-preview:-1\" \/>\n<link rel=\"canonical\" href=\"https:\/\/www.noidiqua.it\/Agliana\/il-tabernacolo-di-stazione-un-monumento-perduto-e-quasi-dimenticato\/\" \/>\n<meta property=\"og:locale\" content=\"it_IT\" \/>\n<meta property=\"og:type\" content=\"article\" \/>\n<meta property=\"og:title\" content=\"il tabernacolo di Stazione - un monumento perduto e quasi dimenticato - Noi di Qua Testata giornalistica e di attualit\u00e0 di Agliana, Montale e Quarrata.\" \/>\n<meta property=\"og:description\" content=\"di David Colzi settembre\u00a02019 Se \u00e8 vero che un\u2019immagine vale pi\u00f9 di mille parole, ne dovremo scrivere tante per colmare questo articolo, perch\u00e9 la storia che stiamo per presentare non ha foto, e per giunta non si trovano notizie sulle pubblicazioni riguardanti il nostro comune. Vi raccontiamo [&hellip;]\" \/>\n<meta property=\"og:url\" content=\"https:\/\/www.noidiqua.it\/Agliana\/il-tabernacolo-di-stazione-un-monumento-perduto-e-quasi-dimenticato\/\" \/>\n<meta property=\"og:site_name\" content=\"Noi di Qua Testata giornalistica e di attualit\u00e0 di Agliana, Montale e Quarrata.\" \/>\n<meta property=\"article:publisher\" content=\"https:\/\/www.facebook.com\/noidiqua.trimestrale\/\" \/>\n<meta property=\"article:published_time\" content=\"2019-09-05T14:19:09+00:00\" \/>\n<meta property=\"article:modified_time\" content=\"2022-01-12T15:19:53+00:00\" \/>\n<meta property=\"og:image\" content=\"https:\/\/www.noidiqua.it\/Agliana\/wp-content\/uploads\/2022\/01\/TABERNACOLO-.png\" \/>\n<meta name=\"author\" content=\"David Colzi\" \/>\n<meta name=\"twitter:label1\" content=\"Scritto da\" \/>\n\t<meta name=\"twitter:data1\" content=\"David Colzi\" \/>\n\t<meta name=\"twitter:label2\" content=\"Tempo di lettura stimato\" \/>\n\t<meta name=\"twitter:data2\" content=\"4 minuti\" \/>\n<script type=\"application\/ld+json\" class=\"yoast-schema-graph\">{\"@context\":\"https:\/\/schema.org\",\"@graph\":[{\"@type\":\"WebPage\",\"@id\":\"https:\/\/www.noidiqua.it\/Agliana\/il-tabernacolo-di-stazione-un-monumento-perduto-e-quasi-dimenticato\/\",\"url\":\"https:\/\/www.noidiqua.it\/Agliana\/il-tabernacolo-di-stazione-un-monumento-perduto-e-quasi-dimenticato\/\",\"name\":\"il tabernacolo di Stazione - un monumento perduto e quasi dimenticato - Noi di Qua Testata giornalistica e di attualit\u00e0 di Agliana, Montale e Quarrata.\",\"isPartOf\":{\"@id\":\"https:\/\/www.noidiqua.it\/Agliana\/#website\"},\"primaryImageOfPage\":{\"@id\":\"https:\/\/www.noidiqua.it\/Agliana\/il-tabernacolo-di-stazione-un-monumento-perduto-e-quasi-dimenticato\/#primaryimage\"},\"image\":{\"@id\":\"https:\/\/www.noidiqua.it\/Agliana\/il-tabernacolo-di-stazione-un-monumento-perduto-e-quasi-dimenticato\/#primaryimage\"},\"thumbnailUrl\":\"https:\/\/www.noidiqua.it\/Agliana\/wp-content\/uploads\/2022\/01\/TABERNACOLO-.png\",\"datePublished\":\"2019-09-05T14:19:09+00:00\",\"dateModified\":\"2022-01-12T15:19:53+00:00\",\"author\":{\"@id\":\"https:\/\/www.noidiqua.it\/Agliana\/#\/schema\/person\/3b45dd21eb2367c177b6a6d35c868ccc\"},\"breadcrumb\":{\"@id\":\"https:\/\/www.noidiqua.it\/Agliana\/il-tabernacolo-di-stazione-un-monumento-perduto-e-quasi-dimenticato\/#breadcrumb\"},\"inLanguage\":\"it-IT\",\"potentialAction\":[{\"@type\":\"ReadAction\",\"target\":[\"https:\/\/www.noidiqua.it\/Agliana\/il-tabernacolo-di-stazione-un-monumento-perduto-e-quasi-dimenticato\/\"]}]},{\"@type\":\"ImageObject\",\"inLanguage\":\"it-IT\",\"@id\":\"https:\/\/www.noidiqua.it\/Agliana\/il-tabernacolo-di-stazione-un-monumento-perduto-e-quasi-dimenticato\/#primaryimage\",\"url\":\"https:\/\/www.noidiqua.it\/Agliana\/wp-content\/uploads\/2022\/01\/TABERNACOLO-.png\",\"contentUrl\":\"https:\/\/www.noidiqua.it\/Agliana\/wp-content\/uploads\/2022\/01\/TABERNACOLO-.png\",\"width\":940,\"height\":668},{\"@type\":\"BreadcrumbList\",\"@id\":\"https:\/\/www.noidiqua.it\/Agliana\/il-tabernacolo-di-stazione-un-monumento-perduto-e-quasi-dimenticato\/#breadcrumb\",\"itemListElement\":[{\"@type\":\"ListItem\",\"position\":1,\"name\":\"Home\",\"item\":\"https:\/\/www.noidiqua.it\/Agliana\/\"},{\"@type\":\"ListItem\",\"position\":2,\"name\":\"il tabernacolo di Stazione &#8211; un monumento perduto e quasi dimenticato\"}]},{\"@type\":\"WebSite\",\"@id\":\"https:\/\/www.noidiqua.it\/Agliana\/#website\",\"url\":\"https:\/\/www.noidiqua.it\/Agliana\/\",\"name\":\"Noi di Qua Testata giornalistica e di attualit\u00e0 di Agliana, Montale e Quarrata.\",\"description\":\"Testata Giornalistica Quarrata Montale Agliana\",\"potentialAction\":[{\"@type\":\"SearchAction\",\"target\":{\"@type\":\"EntryPoint\",\"urlTemplate\":\"https:\/\/www.noidiqua.it\/Agliana\/?s={search_term_string}\"},\"query-input\":{\"@type\":\"PropertyValueSpecification\",\"valueRequired\":true,\"valueName\":\"search_term_string\"}}],\"inLanguage\":\"it-IT\"},{\"@type\":\"Person\",\"@id\":\"https:\/\/www.noidiqua.it\/Agliana\/#\/schema\/person\/3b45dd21eb2367c177b6a6d35c868ccc\",\"name\":\"David Colzi\",\"image\":{\"@type\":\"ImageObject\",\"inLanguage\":\"it-IT\",\"@id\":\"https:\/\/www.noidiqua.it\/Agliana\/#\/schema\/person\/image\/\",\"url\":\"https:\/\/secure.gravatar.com\/avatar\/515ac68c0075b78a8243a0f28e5a361c9b5c466a1d6912ac3919ddd928c4db8c?s=96&d=mm&r=g\",\"contentUrl\":\"https:\/\/secure.gravatar.com\/avatar\/515ac68c0075b78a8243a0f28e5a361c9b5c466a1d6912ac3919ddd928c4db8c?s=96&d=mm&r=g\",\"caption\":\"David Colzi\"},\"url\":\"https:\/\/www.noidiqua.it\/Agliana\/author\/david-colzi\/\"}]}<\/script>\n<!-- \/ Yoast SEO plugin. -->","yoast_head_json":{"title":"il tabernacolo di Stazione - un monumento perduto e quasi dimenticato - Noi di Qua Testata giornalistica e di attualit\u00e0 di Agliana, Montale e Quarrata.","robots":{"index":"index","follow":"follow","max-snippet":"max-snippet:-1","max-image-preview":"max-image-preview:large","max-video-preview":"max-video-preview:-1"},"canonical":"https:\/\/www.noidiqua.it\/Agliana\/il-tabernacolo-di-stazione-un-monumento-perduto-e-quasi-dimenticato\/","og_locale":"it_IT","og_type":"article","og_title":"il tabernacolo di Stazione - un monumento perduto e quasi dimenticato - Noi di Qua Testata giornalistica e di attualit\u00e0 di Agliana, Montale e Quarrata.","og_description":"di David Colzi settembre\u00a02019 Se \u00e8 vero che un\u2019immagine vale pi\u00f9 di mille parole, ne dovremo scrivere tante per colmare questo articolo, perch\u00e9 la storia che stiamo per presentare non ha foto, e per giunta non si trovano notizie sulle pubblicazioni riguardanti il nostro comune. Vi raccontiamo [&hellip;]","og_url":"https:\/\/www.noidiqua.it\/Agliana\/il-tabernacolo-di-stazione-un-monumento-perduto-e-quasi-dimenticato\/","og_site_name":"Noi di Qua Testata giornalistica e di attualit\u00e0 di Agliana, Montale e Quarrata.","article_publisher":"https:\/\/www.facebook.com\/noidiqua.trimestrale\/","article_published_time":"2019-09-05T14:19:09+00:00","article_modified_time":"2022-01-12T15:19:53+00:00","og_image":[{"url":"https:\/\/www.noidiqua.it\/Agliana\/wp-content\/uploads\/2022\/01\/TABERNACOLO-.png","type":"","width":"","height":""}],"author":"David Colzi","twitter_misc":{"Scritto da":"David Colzi","Tempo di lettura stimato":"4 minuti"},"schema":{"@context":"https:\/\/schema.org","@graph":[{"@type":"WebPage","@id":"https:\/\/www.noidiqua.it\/Agliana\/il-tabernacolo-di-stazione-un-monumento-perduto-e-quasi-dimenticato\/","url":"https:\/\/www.noidiqua.it\/Agliana\/il-tabernacolo-di-stazione-un-monumento-perduto-e-quasi-dimenticato\/","name":"il tabernacolo di Stazione - un monumento perduto e quasi dimenticato - Noi di Qua Testata giornalistica e di attualit\u00e0 di Agliana, Montale e Quarrata.","isPartOf":{"@id":"https:\/\/www.noidiqua.it\/Agliana\/#website"},"primaryImageOfPage":{"@id":"https:\/\/www.noidiqua.it\/Agliana\/il-tabernacolo-di-stazione-un-monumento-perduto-e-quasi-dimenticato\/#primaryimage"},"image":{"@id":"https:\/\/www.noidiqua.it\/Agliana\/il-tabernacolo-di-stazione-un-monumento-perduto-e-quasi-dimenticato\/#primaryimage"},"thumbnailUrl":"https:\/\/www.noidiqua.it\/Agliana\/wp-content\/uploads\/2022\/01\/TABERNACOLO-.png","datePublished":"2019-09-05T14:19:09+00:00","dateModified":"2022-01-12T15:19:53+00:00","author":{"@id":"https:\/\/www.noidiqua.it\/Agliana\/#\/schema\/person\/3b45dd21eb2367c177b6a6d35c868ccc"},"breadcrumb":{"@id":"https:\/\/www.noidiqua.it\/Agliana\/il-tabernacolo-di-stazione-un-monumento-perduto-e-quasi-dimenticato\/#breadcrumb"},"inLanguage":"it-IT","potentialAction":[{"@type":"ReadAction","target":["https:\/\/www.noidiqua.it\/Agliana\/il-tabernacolo-di-stazione-un-monumento-perduto-e-quasi-dimenticato\/"]}]},{"@type":"ImageObject","inLanguage":"it-IT","@id":"https:\/\/www.noidiqua.it\/Agliana\/il-tabernacolo-di-stazione-un-monumento-perduto-e-quasi-dimenticato\/#primaryimage","url":"https:\/\/www.noidiqua.it\/Agliana\/wp-content\/uploads\/2022\/01\/TABERNACOLO-.png","contentUrl":"https:\/\/www.noidiqua.it\/Agliana\/wp-content\/uploads\/2022\/01\/TABERNACOLO-.png","width":940,"height":668},{"@type":"BreadcrumbList","@id":"https:\/\/www.noidiqua.it\/Agliana\/il-tabernacolo-di-stazione-un-monumento-perduto-e-quasi-dimenticato\/#breadcrumb","itemListElement":[{"@type":"ListItem","position":1,"name":"Home","item":"https:\/\/www.noidiqua.it\/Agliana\/"},{"@type":"ListItem","position":2,"name":"il tabernacolo di Stazione &#8211; un monumento perduto e quasi dimenticato"}]},{"@type":"WebSite","@id":"https:\/\/www.noidiqua.it\/Agliana\/#website","url":"https:\/\/www.noidiqua.it\/Agliana\/","name":"Noi di Qua Testata giornalistica e di attualit\u00e0 di Agliana, Montale e Quarrata.","description":"Testata Giornalistica Quarrata Montale Agliana","potentialAction":[{"@type":"SearchAction","target":{"@type":"EntryPoint","urlTemplate":"https:\/\/www.noidiqua.it\/Agliana\/?s={search_term_string}"},"query-input":{"@type":"PropertyValueSpecification","valueRequired":true,"valueName":"search_term_string"}}],"inLanguage":"it-IT"},{"@type":"Person","@id":"https:\/\/www.noidiqua.it\/Agliana\/#\/schema\/person\/3b45dd21eb2367c177b6a6d35c868ccc","name":"David Colzi","image":{"@type":"ImageObject","inLanguage":"it-IT","@id":"https:\/\/www.noidiqua.it\/Agliana\/#\/schema\/person\/image\/","url":"https:\/\/secure.gravatar.com\/avatar\/515ac68c0075b78a8243a0f28e5a361c9b5c466a1d6912ac3919ddd928c4db8c?s=96&d=mm&r=g","contentUrl":"https:\/\/secure.gravatar.com\/avatar\/515ac68c0075b78a8243a0f28e5a361c9b5c466a1d6912ac3919ddd928c4db8c?s=96&d=mm&r=g","caption":"David Colzi"},"url":"https:\/\/www.noidiqua.it\/Agliana\/author\/david-colzi\/"}]}},"_links":{"self":[{"href":"https:\/\/www.noidiqua.it\/Agliana\/wp-json\/wp\/v2\/posts\/6470","targetHints":{"allow":["GET"]}}],"collection":[{"href":"https:\/\/www.noidiqua.it\/Agliana\/wp-json\/wp\/v2\/posts"}],"about":[{"href":"https:\/\/www.noidiqua.it\/Agliana\/wp-json\/wp\/v2\/types\/post"}],"author":[{"embeddable":true,"href":"https:\/\/www.noidiqua.it\/Agliana\/wp-json\/wp\/v2\/users\/5"}],"replies":[{"embeddable":true,"href":"https:\/\/www.noidiqua.it\/Agliana\/wp-json\/wp\/v2\/comments?post=6470"}],"version-history":[{"count":3,"href":"https:\/\/www.noidiqua.it\/Agliana\/wp-json\/wp\/v2\/posts\/6470\/revisions"}],"predecessor-version":[{"id":6476,"href":"https:\/\/www.noidiqua.it\/Agliana\/wp-json\/wp\/v2\/posts\/6470\/revisions\/6476"}],"wp:attachment":[{"href":"https:\/\/www.noidiqua.it\/Agliana\/wp-json\/wp\/v2\/media?parent=6470"}],"wp:term":[{"taxonomy":"category","embeddable":true,"href":"https:\/\/www.noidiqua.it\/Agliana\/wp-json\/wp\/v2\/categories?post=6470"},{"taxonomy":"post_tag","embeddable":true,"href":"https:\/\/www.noidiqua.it\/Agliana\/wp-json\/wp\/v2\/tags?post=6470"}],"curies":[{"name":"wp","href":"https:\/\/api.w.org\/{rel}","templated":true}]}}