{"id":6489,"date":"2019-09-05T09:35:48","date_gmt":"2019-09-05T07:35:48","guid":{"rendered":"https:\/\/www.noidiqua.it\/Agliana\/?p=6489"},"modified":"2022-01-13T09:36:22","modified_gmt":"2022-01-13T08:36:22","slug":"i-brevi-di-noidiqua-27","status":"publish","type":"post","link":"https:\/\/www.noidiqua.it\/Agliana\/i-brevi-di-noidiqua-27\/","title":{"rendered":"I brevi di Noidiqua"},"content":{"rendered":"<p><em>di Piera Salvi<\/em><\/p>\n<p>settembre\u00a0<em>2019<\/em><\/p>\n<p><a href=\"https:\/\/www.noidiqua.it\/Agliana\/wp-content\/uploads\/2021\/04\/brevi.png\" rel=\"wp-prettyPhoto[6489]\"><img loading=\"lazy\" decoding=\"async\" class=\"aligncenter size-full wp-image-5751\" src=\"https:\/\/www.noidiqua.it\/Agliana\/wp-content\/uploads\/2021\/04\/brevi.png\" alt=\"\" width=\"473\" height=\"291\" srcset=\"https:\/\/www.noidiqua.it\/Agliana\/wp-content\/uploads\/2021\/04\/brevi.png 473w, https:\/\/www.noidiqua.it\/Agliana\/wp-content\/uploads\/2021\/04\/brevi-300x185.png 300w\" sizes=\"auto, (max-width: 473px) 100vw, 473px\" \/><\/a><\/p>\n<p class=\"p1\"><span class=\"s1\"><b><i>\u00abVengo ad Agliana almeno una volta al mese, per trovare mio nonno, al quale sono molto affezionata\u00bb<\/i>. <\/b><\/span><\/p>\n<p class=\"p1\"><span class=\"s1\">La Miss Toscana, Chiara Gorgeri, finalista al concorso di Miss Italia il 6 settembre a Jesolo, abita a Santa Croce sull\u2019Arno, in provincia di Pisa, ma \u00e8 molto legata ad Agliana perch\u00e9 suo padre Roberto e suo nonno Fiorenzo sono aglianesi. Per la finalissima di Miss Italia, Agliana ha fatto il tifo per lei, concorrente numero 10, che fra le ottanta bellissime finaliste \u00e8 riuscita ad arrivare tra le prime venti. <\/span><span class=\"s1\">Molto soddisfatto il padre, che lavora in un\u2019azienda tessile di Arezzo, con filiale a Prato ed \u00e8 sempre all\u2019estero per lavoro:<i> \u00abMa sono andato alla finale a Jesolo<\/i>\u00bb racconta Roberto Gorgeri. <i>\u00abL\u2019ho seguita con grande emozione. Per Chiara questa \u00e8 un\u2019esperienza che le serve come crescita e arricchimento personale\u00bb<\/i>. Nonno Fiorenzo non era a Jesolo, ma il 22 agosto era a Casciana Terme, dove con grande gioia ha visto incoronare Miss Toscana l\u2019amatissima nipote. Chiara studia scienze dei beni culturali all\u2019Universit\u00e0 di Pisa ed \u00e8 istruttrice di ginnastica a Fucecchio. <i>\u00abHo partecipato a Miss Italia per gioco<\/i>\u00bb racconta. <i>\u00abE&#8217; stato un percorso impegnativo e carico di emozioni. Se mi capitano opportunit\u00e0 legate a questa esperienza le accetto, ma priorit\u00e0 \u00e8 la laurea\u00bb<\/i>.<\/span><\/p>\n<p>&nbsp;<\/p>\n<p>&nbsp;<\/p>\n<p class=\"p1\"><span class=\"s1\"><b>I nidi comunali resteranno anche per l\u2019anno 2019-2020 nella sede provvisoria in piazza Giovanni XXIII, nei locali della Provincia, ex distretto Asl. <\/b><\/span><\/p>\n<p class=\"p1\"><span class=\"s1\">E&#8217; il sesto anno nella sede provvisoria, in attesa del completamento dei lavori nell\u2019edificio storico di via Curiel che, ricordiamo, venne chiuso nella primavera 2014 dall\u2019amministrazione guidata dal sindaco Eleanna Ciampolini, per adeguamento alla normativa antisismica. Il cantiere fu aperto nel 2015, sotto la giunta con a capo il sindaco Giacomo Mangoni, che ha dovuto pi\u00f9 volte rinviare la riapertura per ulteriori danni causati dalla bufera di vento del marzo 2015 e per problemi con la ditta esecutrice. La nuova giunta si \u00e8 data come obiettivo il termine dei lavori a fine 2019, ma l\u2019attivit\u00e0 nell\u2019edificio di via Curiel potr\u00e0 riprendere nel settembre dell\u2019anno prossimo. L\u2019assessore ai lavori pubblici Maurizio Ciottoli e l\u2019assessore alla scuola Giulia Fondi assicurano il massimo impegno dell\u2019amministrazione comunale per terminare l\u2019opera entro la fine dell\u2019anno, ma i nidi potranno tornare ad accogliere i piccoli utenti solo per l\u2019anno 2020-2021.<\/span><\/p>\n<p>&nbsp;<\/p>\n<p>&nbsp;<\/p>\n<p class=\"p1\"><span class=\"s1\"><b>Due squadre aglianesi si sono contese la finale della Coppa campioni di bocce a striscio, che si \u00e8 svolta a Viareggio nel mese di luglio, con l\u2019adesione di societ\u00e0 da tutta la Toscana.<\/b> <\/span><\/p>\n<p class=\"p1\"><span class=\"s1\">La Coppa, che da diciannove anni continua a dare lustro e spettacolo agonistico nella nostra Regione, ha visto in finale due squadre concittadine antagoniste (nel gioco s\u2019intende): Agliana e Ferruccia. La prima ha battuto in semifinale il Montemurlo e la seconda ha sconfitto la Galilei di Prato. La finale, durata due ore e mezzo, fra scrosci d\u2019applausi da entrambi i tifosi, si \u00e8 chiusa con la bocciofila Ferruccia che, nonostante il buon gioco e la guida del capitano Antonio Todesca, non ce l\u2019ha fatta sotto l\u2019agguerrito Gino Nenciarini, capitano dell\u2019Aglianese, il quale con maestria di gioco ha portato alla vittoria la sua squadra per 18 a 11, conquistando l\u2019ambito trofeo della Coppa campioni.\u00a0<\/span><span class=\"s1\">I giocatori della bocciofila Aglianese che hanno conquistato la vittoria sono: Gino Nenciarini (capitano), Vivaldo Banci (organizzatore della squadra), Rodolfo Ruffo, Paolo Pomposi, Giampiero Baldi, Rolando Nerozzi (tecnico) ed il grande, agguerrito massaggiatore, Antonio.<\/span><\/p>\n<p>&nbsp;<\/p>\n<p>&nbsp;<\/p>\n<p class=\"p1\"><span class=\"s1\"><b>Daniela Farzetti, fondatrice del salone \u201cDaniela hair group \u2013 parrucchieri barbieri\u201d, di Agliana, domenica 29 settembre ha partecipato al concorso mondiale Global Zoom, che si \u00e8 svolto a Vienna. <\/b><\/span><\/p>\n<p class=\"p1\"><span class=\"s1\">Daniela \u00e8 stata l\u2019unica italiana selezionata nella sua categoria, la Creative: hair stylist professionisti. Le altre categorie sono New talent e Partner. Per ogni nazione \u00e8 stato selezionato un concorrente per ogni categoria. <i>\u00abE&#8217; stata un\u2019emozione rappresentare l\u2019Italia, ne sono orgogliosa\u00bb<\/i> racconta Daniela, <i>\u00abho affrontato questa sfida con impegno e energia. Ho partecipato a tanti concorsi a livello regionale, nazionale e internazionale e ho avuto diversi riconoscimenti, ma \u00e8 stata la prima volta che mi sono trovata a rappresentare l\u2019Italia a un concorso mondiale\u00bb<\/i>. <\/span><span class=\"s1\">Daniela a maggio aveva partecipato a un provino a Roma che \u00e8 stato esaminato da tecnici dell\u2019azienda tedesca Goldwell, tra le pi\u00f9 rinomate del settore per la cosmesi del capello. Successivamente l\u2019hair stilist aglianese ha superato la selezione definitiva svolta da una giuria internazionale in Germania, conquistando la Coppa d\u2019oro per taglio e colore e l\u2019ammissione alla finalissima mondiale di Vienna.<\/span><\/p>\n<p>&nbsp;<\/p>\n<p>&nbsp;<\/p>\n<p class=\"p1\"><b>Un corso tenuto da Laura Santanni su \u201cLetteratura e tradizioni popolari sul territorio pistoiese\u201d apre per la prima volta le porte della villa Smilea all\u2019Universit\u00e0 Vasco Gaiffi (l\u2019ex Universit\u00e0 del Tempo Libero) di Pistoia. <\/b><\/p>\n<p class=\"p1\">E&#8217; una nuova occasione culturale offerta ai cittadini della piana pistoiese e a quelli della citt\u00e0 che si vogliano spingere fuori porta, in un luogo suggestivo e ricco di storia come la Smilea. Il corso della professoressa Santanni, che inizia il 30 settembre, prende le mosse dalla gita di Niccol\u00f2 Tommaseo nel pistoiese e proseguir\u00e0, sempre di luned\u00ec alle ore 17, sul tema dell\u2019intellettuale e le fiabe e sulle arti e mestieri nella pianura con l\u2019esempio della villa Smilea. Gli ultimi due incontri, dei cinque previsti, vedranno l\u2019intervento di Roberto Fedi dell\u2019Universit\u00e0 di Perugia sull\u2019ambiente toscano nelle avventure di Pinocchio di Collodi (21 Ottobre) e di Stefano Giovannuzzi dell\u2019Universit\u00e0 di Perugia su Carducci a Pistoia (28 Ottobre). Il corso, per il quale sono gi\u00e0 aperte le iscrizioni, prevede per i partecipanti anche l\u2019offerta di un t\u00e8 per favorire la conversazione sui temi trattati. Un secondo corso dell\u2019Universit\u00e0 Vasco Gaiffi, si terr\u00e0 alla Smilea di Montale nel mese di Febbraio con quattro lezioni tenute da Giacomo Bini sul tema dell\u2019etica ambientale, una riflessione sul ruolo dell\u2019uomo nel pianeta e sui suoi doveri verso le realt\u00e0 non umane. L\u2019organizzazione dei due corsi a Montale, voluta dal presidente dell\u2019Universit\u00e0 Vasco Gaiffi Andrea Fusari con la collaborazione dell\u2019Amministrazione Comunale di Montale, nasce dall\u2019intenzione di estendere l\u2019attivit\u00e0 dell\u2019universit\u00e0 pistoiese anche al territorio della provincia.<\/p>\n<p>&nbsp;<\/p>\n<p>&nbsp;<\/p>\n<p class=\"p1\"><span class=\"s1\"><b>Sabato 1 ottobre, alla Misericordia di Agliana, inizia il corso di primo soccorso, livello base, con abilitazione all\u2019uso del defibrillatore automatico esterno (Dae). Il corso \u00e8 gratuito e aperto a tutti i residenti ad Agliana e degli altri comuni della Piana. Possono partecipare i giovani che hanno compiuto 16 anni e gli adulti di ogni et\u00e0<\/b>. <\/span><\/p>\n<p class=\"p1\"><span class=\"s1\">Sono previste sei lezioni, tenute da formatori abilitati tramite corso regionale. La frequenza \u00e8 due volte a settimana, il marted\u00ec e gioved\u00ec, dalle 21 alle 23. Al termine, superato l\u2019esame previsto, verr\u00e0 rilasciato l\u2019attestato di soccorritore di primo livello e abilitazione all\u2019uso del Dae. Le nozioni apprese potranno essere utili per affrontare le emergenze quotidiane, nonch\u00e9 per svolgere attivit\u00e0 come volontari dell\u2019associazione nelle attivit\u00e0 ordinarie, come ricoveri e dimissioni o accompagnamento a terapie. Come spiega la responsabile della formazione, Greta Avvanzo, chi ha superato il corso di base pu\u00f2 accedere al livello avanzato, per prestare servizio volontario nelle emergenze. <i>\u00abI servizi sociali\u00bb<\/i> spiegano la presidente della Misericordia, Ilaria Signori e il segretario Franco Benesperi <i>\u00absi possono svolgere anche senza avere frequentato il corso di primo livello\u00bb<\/i>. <\/span><span class=\"s2\"><b>Per informazioni e iscrizioni, rivolgersi alla sede della Misericordia di Agliana: telefono 0574.710225, email info@miseagliana.it. Dalla Misericordia ricordano che sono molte le opportunit\u00e0 di svolgere volontariato nella Confraternita<\/b>. <\/span><\/p>","protected":false},"excerpt":{"rendered":"<p>di Piera Salvi settembre\u00a02019 \u00abVengo ad Agliana almeno una volta al mese, per trovare mio nonno, al quale sono molto affezionata\u00bb. La Miss Toscana, Chiara Gorgeri, finalista al concorso di Miss Italia il 6 settembre a Jesolo, abita a Santa Croce sull\u2019Arno, in provincia di Pisa, ma [&hellip;]<\/p>","protected":false},"author":13,"featured_media":0,"comment_status":"open","ping_status":"open","sticky":false,"template":"","format":"standard","meta":{"footnotes":""},"categories":[2,14],"tags":[2992,2997,781,2994,2995,2993,2996,2721],"class_list":["post-6489","post","type-post","status-publish","format-standard","hentry","category-ag","category-brevi-ndq-qt","tag-chiara-gorgeri","tag-creative","tag-daniela-farzetti","tag-eleanna-ciampolini","tag-gino-nenciarini","tag-miss-italia","tag-new-talent","tag-nidi-comunali"],"yoast_head":"<!-- This site is optimized with the Yoast SEO plugin v25.5 - https:\/\/yoast.com\/wordpress\/plugins\/seo\/ -->\n<title>I brevi di Noidiqua - Noi di Qua Testata giornalistica e di attualit\u00e0 di Agliana, Montale e Quarrata.<\/title>\n<meta name=\"robots\" content=\"index, follow, max-snippet:-1, max-image-preview:large, max-video-preview:-1\" \/>\n<link rel=\"canonical\" href=\"https:\/\/www.noidiqua.it\/Agliana\/i-brevi-di-noidiqua-27\/\" \/>\n<meta property=\"og:locale\" content=\"it_IT\" \/>\n<meta property=\"og:type\" content=\"article\" \/>\n<meta property=\"og:title\" content=\"I brevi di Noidiqua - Noi di Qua Testata giornalistica e di attualit\u00e0 di Agliana, Montale e Quarrata.\" \/>\n<meta property=\"og:description\" content=\"di Piera Salvi settembre\u00a02019 \u00abVengo ad Agliana almeno una volta al mese, per trovare mio nonno, al quale sono molto affezionata\u00bb. La Miss Toscana, Chiara Gorgeri, finalista al concorso di Miss Italia il 6 settembre a Jesolo, abita a Santa Croce sull\u2019Arno, in provincia di Pisa, ma [&hellip;]\" \/>\n<meta property=\"og:url\" content=\"https:\/\/www.noidiqua.it\/Agliana\/i-brevi-di-noidiqua-27\/\" \/>\n<meta property=\"og:site_name\" content=\"Noi di Qua Testata giornalistica e di attualit\u00e0 di Agliana, Montale e Quarrata.\" \/>\n<meta property=\"article:publisher\" content=\"https:\/\/www.facebook.com\/noidiqua.trimestrale\/\" \/>\n<meta property=\"article:published_time\" content=\"2019-09-05T07:35:48+00:00\" \/>\n<meta property=\"article:modified_time\" content=\"2022-01-13T08:36:22+00:00\" \/>\n<meta property=\"og:image\" content=\"https:\/\/www.noidiqua.it\/Agliana\/wp-content\/uploads\/2021\/04\/brevi.png\" \/>\n<meta name=\"author\" content=\"Piera Salvi\" \/>\n<meta name=\"twitter:label1\" content=\"Scritto da\" \/>\n\t<meta name=\"twitter:data1\" content=\"Piera Salvi\" \/>\n\t<meta name=\"twitter:label2\" content=\"Tempo di lettura stimato\" \/>\n\t<meta name=\"twitter:data2\" content=\"6 minuti\" \/>\n<script type=\"application\/ld+json\" class=\"yoast-schema-graph\">{\"@context\":\"https:\/\/schema.org\",\"@graph\":[{\"@type\":\"WebPage\",\"@id\":\"https:\/\/www.noidiqua.it\/Agliana\/i-brevi-di-noidiqua-27\/\",\"url\":\"https:\/\/www.noidiqua.it\/Agliana\/i-brevi-di-noidiqua-27\/\",\"name\":\"I brevi di Noidiqua - Noi di Qua Testata giornalistica e di attualit\u00e0 di Agliana, Montale e Quarrata.\",\"isPartOf\":{\"@id\":\"https:\/\/www.noidiqua.it\/Agliana\/#website\"},\"primaryImageOfPage\":{\"@id\":\"https:\/\/www.noidiqua.it\/Agliana\/i-brevi-di-noidiqua-27\/#primaryimage\"},\"image\":{\"@id\":\"https:\/\/www.noidiqua.it\/Agliana\/i-brevi-di-noidiqua-27\/#primaryimage\"},\"thumbnailUrl\":\"https:\/\/www.noidiqua.it\/Agliana\/wp-content\/uploads\/2021\/04\/brevi.png\",\"datePublished\":\"2019-09-05T07:35:48+00:00\",\"dateModified\":\"2022-01-13T08:36:22+00:00\",\"author\":{\"@id\":\"https:\/\/www.noidiqua.it\/Agliana\/#\/schema\/person\/bb7515c2330bb1137f247276096fa7dc\"},\"breadcrumb\":{\"@id\":\"https:\/\/www.noidiqua.it\/Agliana\/i-brevi-di-noidiqua-27\/#breadcrumb\"},\"inLanguage\":\"it-IT\",\"potentialAction\":[{\"@type\":\"ReadAction\",\"target\":[\"https:\/\/www.noidiqua.it\/Agliana\/i-brevi-di-noidiqua-27\/\"]}]},{\"@type\":\"ImageObject\",\"inLanguage\":\"it-IT\",\"@id\":\"https:\/\/www.noidiqua.it\/Agliana\/i-brevi-di-noidiqua-27\/#primaryimage\",\"url\":\"https:\/\/www.noidiqua.it\/Agliana\/wp-content\/uploads\/2021\/04\/brevi.png\",\"contentUrl\":\"https:\/\/www.noidiqua.it\/Agliana\/wp-content\/uploads\/2021\/04\/brevi.png\",\"width\":473,\"height\":291},{\"@type\":\"BreadcrumbList\",\"@id\":\"https:\/\/www.noidiqua.it\/Agliana\/i-brevi-di-noidiqua-27\/#breadcrumb\",\"itemListElement\":[{\"@type\":\"ListItem\",\"position\":1,\"name\":\"Home\",\"item\":\"https:\/\/www.noidiqua.it\/Agliana\/\"},{\"@type\":\"ListItem\",\"position\":2,\"name\":\"I brevi di Noidiqua\"}]},{\"@type\":\"WebSite\",\"@id\":\"https:\/\/www.noidiqua.it\/Agliana\/#website\",\"url\":\"https:\/\/www.noidiqua.it\/Agliana\/\",\"name\":\"Noi di Qua Testata giornalistica e di attualit\u00e0 di Agliana, Montale e Quarrata.\",\"description\":\"Testata Giornalistica Quarrata Montale Agliana\",\"potentialAction\":[{\"@type\":\"SearchAction\",\"target\":{\"@type\":\"EntryPoint\",\"urlTemplate\":\"https:\/\/www.noidiqua.it\/Agliana\/?s={search_term_string}\"},\"query-input\":{\"@type\":\"PropertyValueSpecification\",\"valueRequired\":true,\"valueName\":\"search_term_string\"}}],\"inLanguage\":\"it-IT\"},{\"@type\":\"Person\",\"@id\":\"https:\/\/www.noidiqua.it\/Agliana\/#\/schema\/person\/bb7515c2330bb1137f247276096fa7dc\",\"name\":\"Piera Salvi\",\"image\":{\"@type\":\"ImageObject\",\"inLanguage\":\"it-IT\",\"@id\":\"https:\/\/www.noidiqua.it\/Agliana\/#\/schema\/person\/image\/\",\"url\":\"https:\/\/secure.gravatar.com\/avatar\/2f9b1fb6e13f3b3e63bde435d999a73be036e320f7a0f5f32f9ac21859d999cd?s=96&d=mm&r=g\",\"contentUrl\":\"https:\/\/secure.gravatar.com\/avatar\/2f9b1fb6e13f3b3e63bde435d999a73be036e320f7a0f5f32f9ac21859d999cd?s=96&d=mm&r=g\",\"caption\":\"Piera Salvi\"},\"url\":\"https:\/\/www.noidiqua.it\/Agliana\/author\/piera-salvi\/\"}]}<\/script>\n<!-- \/ Yoast SEO plugin. -->","yoast_head_json":{"title":"I brevi di Noidiqua - Noi di Qua Testata giornalistica e di attualit\u00e0 di Agliana, Montale e Quarrata.","robots":{"index":"index","follow":"follow","max-snippet":"max-snippet:-1","max-image-preview":"max-image-preview:large","max-video-preview":"max-video-preview:-1"},"canonical":"https:\/\/www.noidiqua.it\/Agliana\/i-brevi-di-noidiqua-27\/","og_locale":"it_IT","og_type":"article","og_title":"I brevi di Noidiqua - Noi di Qua Testata giornalistica e di attualit\u00e0 di Agliana, Montale e Quarrata.","og_description":"di Piera Salvi settembre\u00a02019 \u00abVengo ad Agliana almeno una volta al mese, per trovare mio nonno, al quale sono molto affezionata\u00bb. La Miss Toscana, Chiara Gorgeri, finalista al concorso di Miss Italia il 6 settembre a Jesolo, abita a Santa Croce sull\u2019Arno, in provincia di Pisa, ma [&hellip;]","og_url":"https:\/\/www.noidiqua.it\/Agliana\/i-brevi-di-noidiqua-27\/","og_site_name":"Noi di Qua Testata giornalistica e di attualit\u00e0 di Agliana, Montale e Quarrata.","article_publisher":"https:\/\/www.facebook.com\/noidiqua.trimestrale\/","article_published_time":"2019-09-05T07:35:48+00:00","article_modified_time":"2022-01-13T08:36:22+00:00","og_image":[{"url":"https:\/\/www.noidiqua.it\/Agliana\/wp-content\/uploads\/2021\/04\/brevi.png","type":"","width":"","height":""}],"author":"Piera Salvi","twitter_misc":{"Scritto da":"Piera Salvi","Tempo di lettura stimato":"6 minuti"},"schema":{"@context":"https:\/\/schema.org","@graph":[{"@type":"WebPage","@id":"https:\/\/www.noidiqua.it\/Agliana\/i-brevi-di-noidiqua-27\/","url":"https:\/\/www.noidiqua.it\/Agliana\/i-brevi-di-noidiqua-27\/","name":"I brevi di Noidiqua - Noi di Qua Testata giornalistica e di attualit\u00e0 di Agliana, Montale e Quarrata.","isPartOf":{"@id":"https:\/\/www.noidiqua.it\/Agliana\/#website"},"primaryImageOfPage":{"@id":"https:\/\/www.noidiqua.it\/Agliana\/i-brevi-di-noidiqua-27\/#primaryimage"},"image":{"@id":"https:\/\/www.noidiqua.it\/Agliana\/i-brevi-di-noidiqua-27\/#primaryimage"},"thumbnailUrl":"https:\/\/www.noidiqua.it\/Agliana\/wp-content\/uploads\/2021\/04\/brevi.png","datePublished":"2019-09-05T07:35:48+00:00","dateModified":"2022-01-13T08:36:22+00:00","author":{"@id":"https:\/\/www.noidiqua.it\/Agliana\/#\/schema\/person\/bb7515c2330bb1137f247276096fa7dc"},"breadcrumb":{"@id":"https:\/\/www.noidiqua.it\/Agliana\/i-brevi-di-noidiqua-27\/#breadcrumb"},"inLanguage":"it-IT","potentialAction":[{"@type":"ReadAction","target":["https:\/\/www.noidiqua.it\/Agliana\/i-brevi-di-noidiqua-27\/"]}]},{"@type":"ImageObject","inLanguage":"it-IT","@id":"https:\/\/www.noidiqua.it\/Agliana\/i-brevi-di-noidiqua-27\/#primaryimage","url":"https:\/\/www.noidiqua.it\/Agliana\/wp-content\/uploads\/2021\/04\/brevi.png","contentUrl":"https:\/\/www.noidiqua.it\/Agliana\/wp-content\/uploads\/2021\/04\/brevi.png","width":473,"height":291},{"@type":"BreadcrumbList","@id":"https:\/\/www.noidiqua.it\/Agliana\/i-brevi-di-noidiqua-27\/#breadcrumb","itemListElement":[{"@type":"ListItem","position":1,"name":"Home","item":"https:\/\/www.noidiqua.it\/Agliana\/"},{"@type":"ListItem","position":2,"name":"I brevi di Noidiqua"}]},{"@type":"WebSite","@id":"https:\/\/www.noidiqua.it\/Agliana\/#website","url":"https:\/\/www.noidiqua.it\/Agliana\/","name":"Noi di Qua Testata giornalistica e di attualit\u00e0 di Agliana, Montale e Quarrata.","description":"Testata Giornalistica Quarrata Montale Agliana","potentialAction":[{"@type":"SearchAction","target":{"@type":"EntryPoint","urlTemplate":"https:\/\/www.noidiqua.it\/Agliana\/?s={search_term_string}"},"query-input":{"@type":"PropertyValueSpecification","valueRequired":true,"valueName":"search_term_string"}}],"inLanguage":"it-IT"},{"@type":"Person","@id":"https:\/\/www.noidiqua.it\/Agliana\/#\/schema\/person\/bb7515c2330bb1137f247276096fa7dc","name":"Piera Salvi","image":{"@type":"ImageObject","inLanguage":"it-IT","@id":"https:\/\/www.noidiqua.it\/Agliana\/#\/schema\/person\/image\/","url":"https:\/\/secure.gravatar.com\/avatar\/2f9b1fb6e13f3b3e63bde435d999a73be036e320f7a0f5f32f9ac21859d999cd?s=96&d=mm&r=g","contentUrl":"https:\/\/secure.gravatar.com\/avatar\/2f9b1fb6e13f3b3e63bde435d999a73be036e320f7a0f5f32f9ac21859d999cd?s=96&d=mm&r=g","caption":"Piera Salvi"},"url":"https:\/\/www.noidiqua.it\/Agliana\/author\/piera-salvi\/"}]}},"_links":{"self":[{"href":"https:\/\/www.noidiqua.it\/Agliana\/wp-json\/wp\/v2\/posts\/6489","targetHints":{"allow":["GET"]}}],"collection":[{"href":"https:\/\/www.noidiqua.it\/Agliana\/wp-json\/wp\/v2\/posts"}],"about":[{"href":"https:\/\/www.noidiqua.it\/Agliana\/wp-json\/wp\/v2\/types\/post"}],"author":[{"embeddable":true,"href":"https:\/\/www.noidiqua.it\/Agliana\/wp-json\/wp\/v2\/users\/13"}],"replies":[{"embeddable":true,"href":"https:\/\/www.noidiqua.it\/Agliana\/wp-json\/wp\/v2\/comments?post=6489"}],"version-history":[{"count":1,"href":"https:\/\/www.noidiqua.it\/Agliana\/wp-json\/wp\/v2\/posts\/6489\/revisions"}],"predecessor-version":[{"id":6490,"href":"https:\/\/www.noidiqua.it\/Agliana\/wp-json\/wp\/v2\/posts\/6489\/revisions\/6490"}],"wp:attachment":[{"href":"https:\/\/www.noidiqua.it\/Agliana\/wp-json\/wp\/v2\/media?parent=6489"}],"wp:term":[{"taxonomy":"category","embeddable":true,"href":"https:\/\/www.noidiqua.it\/Agliana\/wp-json\/wp\/v2\/categories?post=6489"},{"taxonomy":"post_tag","embeddable":true,"href":"https:\/\/www.noidiqua.it\/Agliana\/wp-json\/wp\/v2\/tags?post=6489"}],"curies":[{"name":"wp","href":"https:\/\/api.w.org\/{rel}","templated":true}]}}