{"id":7100,"date":"2022-03-12T16:23:56","date_gmt":"2022-03-12T15:23:56","guid":{"rendered":"https:\/\/www.noidiqua.it\/Agliana\/?p=7100"},"modified":"2022-04-21T10:07:35","modified_gmt":"2022-04-21T08:07:35","slug":"marco-sardella-da-oltre-20-anni-assistenza-tecnica-e","status":"publish","type":"post","link":"https:\/\/www.noidiqua.it\/Agliana\/marco-sardella-da-oltre-20-anni-assistenza-tecnica-e\/","title":{"rendered":"Marco Sardella &#8211; da oltre 20 anni assistenza tecnica e&#8230;"},"content":{"rendered":"<p><em>di Piera Salvi<\/em><\/p>\n<p><em>marzo 2022<\/em><\/p>\n<p><a href=\"https:\/\/www.noidiqua.it\/Agliana\/wp-content\/uploads\/2022\/04\/sardella-2.png\" rel=\"wp-prettyPhoto[7100]\"><img loading=\"lazy\" decoding=\"async\" class=\"aligncenter wp-image-7101\" src=\"https:\/\/www.noidiqua.it\/Agliana\/wp-content\/uploads\/2022\/04\/sardella-2.png\" alt=\"\" width=\"395\" height=\"340\" srcset=\"https:\/\/www.noidiqua.it\/Agliana\/wp-content\/uploads\/2022\/04\/sardella-2.png 499w, https:\/\/www.noidiqua.it\/Agliana\/wp-content\/uploads\/2022\/04\/sardella-2-300x258.png 300w\" sizes=\"auto, (max-width: 395px) 100vw, 395px\" \/><\/a><\/p>\n<p class=\"p1\"><span class=\"s1\">Marco Sardella da dicembre 2021 ha trasferito la sede della sua azienda in via Magni 77, da via Travetta dove era presente dal gennaio 2012. Dieci anni di attivit\u00e0 ad Agliana prestando assistenza a caldaie e condizionatori come tecnico autorizzato per il marchio Riello. Dal 2018 \u00e8 autorizzato anche per addolcitori a marchio Raema. Marco per\u00f2 ha un\u2019esperienza ventennale nel settore dell\u2019assistenza tecnica e collaudi per riscaldamento, condizionamento e trattamento acqua. <i>\u00abPrima di lavorare in proprio\u00bb<\/i> spiega <i>\u00abho lavorato per dieci anni nel settore come dipendente\u00bb<\/i>.<\/span><\/p>\n<p class=\"p3\"><span class=\"s2\"><b>Sardella, lei \u00e8 pratese, perch\u00e9 decise di aprire la sua ditta ad Agliana?<\/b><\/span><\/p>\n<p class=\"p1\"><span class=\"s1\"><i>Perch\u00e9 Riello era un marchio scoperto nella zona che comprende Agliana, Quarrata e Montale.<\/i><\/span><\/p>\n<p class=\"p3\"><span class=\"s2\"><b>Le ragioni del recente trasferimento di sede?<\/b><\/span><\/p>\n<p class=\"p1\"><span class=\"s1\"><i>Nella precedente sede eravamo in affitto. Volevo acquistare un fondo, fare un investimento in quello che \u00e8 sempre stato il mio lavoro e che svolgo con grande passione. Ecco la motivazione del trasloco.<\/i><\/span><\/p>\n<p class=\"p3\"><span class=\"s2\"><b>In questi dieci anni com\u2019\u00e8 andato il lavoro?<\/b><\/span><\/p>\n<p class=\"p1\"><span class=\"s1\"><i>Il settore si mantiene costante, anche grazie agli obblighi di legge su controlli di manutenzioni e prove dei fumi e certificazioni per l\u2019ente di controllo. Per Riello e Raema copriamo l\u2019area di Pistoia e provincia. Quando ho aperto la ditta individuale, dieci anni fa, ero da solo. Oggi ho tre dipendenti, di cui due tecnici e un\u2019impiegata. Inoltre anche mia moglie lavora in ufficio come collaboratrice familiare. Quindi l\u2019azienda \u00e8 cresciuta.<\/i><\/span><\/p>\n<p class=\"p3\"><span class=\"s2\"><b>Quanto \u00e8 importante una corretta manutenzione per garantire sicurezza e contenere i consumi?<\/b><\/span><\/p>\n<p class=\"p1\"><span class=\"s1\"><i>La manutenzione annuale previene i guasti e una caldaia regolarmente manutenuta, quindi pulita, consuma meno e rende di pi\u00f9. Una caldaia \u00e8 in funzione 365 giorni all\u2019anno e per funzionare ha bisogno di gas, energia elettrica e acqua, quindi tutto deve assicurare un rendimento al meglio.<\/i><\/span><\/p>\n<p><a href=\"https:\/\/www.noidiqua.it\/Agliana\/wp-content\/uploads\/2022\/04\/sardella-1.png\" rel=\"wp-prettyPhoto[7100]\"><img loading=\"lazy\" decoding=\"async\" class=\"aligncenter size-full wp-image-7102\" src=\"https:\/\/www.noidiqua.it\/Agliana\/wp-content\/uploads\/2022\/04\/sardella-1.png\" alt=\"\" width=\"294\" height=\"392\" srcset=\"https:\/\/www.noidiqua.it\/Agliana\/wp-content\/uploads\/2022\/04\/sardella-1.png 294w, https:\/\/www.noidiqua.it\/Agliana\/wp-content\/uploads\/2022\/04\/sardella-1-225x300.png 225w\" sizes=\"auto, (max-width: 294px) 100vw, 294px\" \/><\/a><\/p>\n<p class=\"p3\"><span class=\"s2\"><b>Lei controlla anche gli addolcitori: qual \u00e8 la funzione di questi apparecchi?<\/b><\/span><\/p>\n<p class=\"p1\"><span class=\"s1\"><i>L\u2019addolcitore viene installato dove la durezza dell\u2019acqua \u00e8 alta per la presenza di calcare. Nella nostra zona l\u2019acqua per usi domestici raggiunge anche 35 gradi francesi, normalmente invece dovrebbe essere sui 13\/15 gradi francesi. Con l\u2019addolcitore si evitano le formazioni di calcare, il quale a durezza troppo elevata pu\u00f2 causare guasti a caldaie, tubazioni ed elettrodomestici in generale.<\/i><\/span><\/p>\n<p class=\"p3\"><span class=\"s2\"><b>Perch\u00e9 nella nostra zona l\u2019acqua \u00e8 molto calcarea?<\/b><\/span><\/p>\n<p class=\"p1\"><span class=\"s1\"><i>Perch\u00e9 l\u2019acqua erogata dall\u2019acquedotto \u00e8 potabilizzata ma non decalcificata. Il calcare nell\u2019acqua ci deve essere ma fra i 13 e 15 gradi francesi.<\/i><\/span><\/p>\n<p class=\"p3\"><span class=\"s2\"><b>In questo periodo c\u2019\u00e8 stata un\u2019impennata dei costi di energia elettrica e gas. Come si pu\u00f2 risparmiare sui consumi, oltre a fare una costante manutenzione?<\/b><\/span><\/p>\n<p class=\"p1\"><span class=\"s1\"><i>Negli ultimi anni sono stati fatti passi avanti nel risparmio energetico. Per esempio installando un inverter-pompa di calore si possono ridurre i consumi dei condizionatori. Per il riscaldamento le caldaie a condensazione, ancora meglio se abbinate a sistemi ibridi, consentono di avere rendimenti alti con bassi consumi.<\/i><\/span><\/p>\n<p class=\"p1\"><span class=\"s1\">Dunque, una consulenza su sistemi e tecnologie per il riscaldamento e climatizzazione in tutti gli ambienti o per evitare formazioni calcaree che possono danneggiare impianti ed elettrodomestici, pu\u00f2 essere preziosa per evitare problemi. Marco Sardella con la sua professionalit\u00e0 e passione pu\u00f2 essere di aiuto.<\/span><\/p>","protected":false},"excerpt":{"rendered":"<p>di Piera Salvi marzo 2022 Marco Sardella da dicembre 2021 ha trasferito la sede della sua azienda in via Magni 77, da via Travetta dove era presente dal gennaio 2012. Dieci anni di attivit\u00e0 ad Agliana prestando assistenza a caldaie e condizionatori come tecnico autorizzato per il [&hellip;]<\/p>","protected":false},"author":13,"featured_media":0,"comment_status":"open","ping_status":"open","sticky":false,"template":"","format":"standard","meta":{"footnotes":""},"categories":[2,1029],"tags":[3071,3076,3070,108,3072,3073,3074,3077,3075,2219],"class_list":["post-7100","post","type-post","status-publish","format-standard","hentry","category-ag","category-una-bella-impresa","tag-assistenza","tag-condizionamento","tag-marco-sardella","tag-piera-salvi","tag-raema","tag-riello","tag-riscaldamento","tag-tecnico-autorizzato","tag-trattamento-acqua","tag-una-bella-impresa"],"yoast_head":"<!-- This site is optimized with the Yoast SEO plugin v25.5 - https:\/\/yoast.com\/wordpress\/plugins\/seo\/ -->\n<title>Marco Sardella - da oltre 20 anni assistenza tecnica e... - Noi di Qua Testata giornalistica e di attualit\u00e0 di Agliana, Montale e Quarrata.<\/title>\n<meta name=\"robots\" content=\"index, follow, max-snippet:-1, max-image-preview:large, max-video-preview:-1\" \/>\n<link rel=\"canonical\" href=\"https:\/\/www.noidiqua.it\/Agliana\/marco-sardella-da-oltre-20-anni-assistenza-tecnica-e\/\" \/>\n<meta property=\"og:locale\" content=\"it_IT\" \/>\n<meta property=\"og:type\" content=\"article\" \/>\n<meta property=\"og:title\" content=\"Marco Sardella - da oltre 20 anni assistenza tecnica e... - Noi di Qua Testata giornalistica e di attualit\u00e0 di Agliana, Montale e Quarrata.\" \/>\n<meta property=\"og:description\" content=\"di Piera Salvi marzo 2022 Marco Sardella da dicembre 2021 ha trasferito la sede della sua azienda in via Magni 77, da via Travetta dove era presente dal gennaio 2012. Dieci anni di attivit\u00e0 ad Agliana prestando assistenza a caldaie e condizionatori come tecnico autorizzato per il [&hellip;]\" \/>\n<meta property=\"og:url\" content=\"https:\/\/www.noidiqua.it\/Agliana\/marco-sardella-da-oltre-20-anni-assistenza-tecnica-e\/\" \/>\n<meta property=\"og:site_name\" content=\"Noi di Qua Testata giornalistica e di attualit\u00e0 di Agliana, Montale e Quarrata.\" \/>\n<meta property=\"article:publisher\" content=\"https:\/\/www.facebook.com\/noidiqua.trimestrale\/\" \/>\n<meta property=\"article:published_time\" content=\"2022-03-12T15:23:56+00:00\" \/>\n<meta property=\"article:modified_time\" content=\"2022-04-21T08:07:35+00:00\" \/>\n<meta property=\"og:image\" content=\"https:\/\/www.noidiqua.it\/Agliana\/wp-content\/uploads\/2022\/04\/sardella-2.png\" \/>\n<meta name=\"author\" content=\"Piera Salvi\" \/>\n<meta name=\"twitter:label1\" content=\"Scritto da\" \/>\n\t<meta name=\"twitter:data1\" content=\"Piera Salvi\" \/>\n\t<meta name=\"twitter:label2\" content=\"Tempo di lettura stimato\" \/>\n\t<meta name=\"twitter:data2\" content=\"3 minuti\" \/>\n<script type=\"application\/ld+json\" class=\"yoast-schema-graph\">{\"@context\":\"https:\/\/schema.org\",\"@graph\":[{\"@type\":\"WebPage\",\"@id\":\"https:\/\/www.noidiqua.it\/Agliana\/marco-sardella-da-oltre-20-anni-assistenza-tecnica-e\/\",\"url\":\"https:\/\/www.noidiqua.it\/Agliana\/marco-sardella-da-oltre-20-anni-assistenza-tecnica-e\/\",\"name\":\"Marco Sardella - da oltre 20 anni assistenza tecnica e... - Noi di Qua Testata giornalistica e di attualit\u00e0 di Agliana, Montale e Quarrata.\",\"isPartOf\":{\"@id\":\"https:\/\/www.noidiqua.it\/Agliana\/#website\"},\"primaryImageOfPage\":{\"@id\":\"https:\/\/www.noidiqua.it\/Agliana\/marco-sardella-da-oltre-20-anni-assistenza-tecnica-e\/#primaryimage\"},\"image\":{\"@id\":\"https:\/\/www.noidiqua.it\/Agliana\/marco-sardella-da-oltre-20-anni-assistenza-tecnica-e\/#primaryimage\"},\"thumbnailUrl\":\"https:\/\/www.noidiqua.it\/Agliana\/wp-content\/uploads\/2022\/04\/sardella-2.png\",\"datePublished\":\"2022-03-12T15:23:56+00:00\",\"dateModified\":\"2022-04-21T08:07:35+00:00\",\"author\":{\"@id\":\"https:\/\/www.noidiqua.it\/Agliana\/#\/schema\/person\/bb7515c2330bb1137f247276096fa7dc\"},\"breadcrumb\":{\"@id\":\"https:\/\/www.noidiqua.it\/Agliana\/marco-sardella-da-oltre-20-anni-assistenza-tecnica-e\/#breadcrumb\"},\"inLanguage\":\"it-IT\",\"potentialAction\":[{\"@type\":\"ReadAction\",\"target\":[\"https:\/\/www.noidiqua.it\/Agliana\/marco-sardella-da-oltre-20-anni-assistenza-tecnica-e\/\"]}]},{\"@type\":\"ImageObject\",\"inLanguage\":\"it-IT\",\"@id\":\"https:\/\/www.noidiqua.it\/Agliana\/marco-sardella-da-oltre-20-anni-assistenza-tecnica-e\/#primaryimage\",\"url\":\"https:\/\/www.noidiqua.it\/Agliana\/wp-content\/uploads\/2022\/04\/sardella-2.png\",\"contentUrl\":\"https:\/\/www.noidiqua.it\/Agliana\/wp-content\/uploads\/2022\/04\/sardella-2.png\",\"width\":499,\"height\":429},{\"@type\":\"BreadcrumbList\",\"@id\":\"https:\/\/www.noidiqua.it\/Agliana\/marco-sardella-da-oltre-20-anni-assistenza-tecnica-e\/#breadcrumb\",\"itemListElement\":[{\"@type\":\"ListItem\",\"position\":1,\"name\":\"Home\",\"item\":\"https:\/\/www.noidiqua.it\/Agliana\/\"},{\"@type\":\"ListItem\",\"position\":2,\"name\":\"Marco Sardella &#8211; da oltre 20 anni assistenza tecnica e&#8230;\"}]},{\"@type\":\"WebSite\",\"@id\":\"https:\/\/www.noidiqua.it\/Agliana\/#website\",\"url\":\"https:\/\/www.noidiqua.it\/Agliana\/\",\"name\":\"Noi di Qua Testata giornalistica e di attualit\u00e0 di Agliana, Montale e Quarrata.\",\"description\":\"Testata Giornalistica Quarrata Montale Agliana\",\"potentialAction\":[{\"@type\":\"SearchAction\",\"target\":{\"@type\":\"EntryPoint\",\"urlTemplate\":\"https:\/\/www.noidiqua.it\/Agliana\/?s={search_term_string}\"},\"query-input\":{\"@type\":\"PropertyValueSpecification\",\"valueRequired\":true,\"valueName\":\"search_term_string\"}}],\"inLanguage\":\"it-IT\"},{\"@type\":\"Person\",\"@id\":\"https:\/\/www.noidiqua.it\/Agliana\/#\/schema\/person\/bb7515c2330bb1137f247276096fa7dc\",\"name\":\"Piera Salvi\",\"image\":{\"@type\":\"ImageObject\",\"inLanguage\":\"it-IT\",\"@id\":\"https:\/\/www.noidiqua.it\/Agliana\/#\/schema\/person\/image\/\",\"url\":\"https:\/\/secure.gravatar.com\/avatar\/2f9b1fb6e13f3b3e63bde435d999a73be036e320f7a0f5f32f9ac21859d999cd?s=96&d=mm&r=g\",\"contentUrl\":\"https:\/\/secure.gravatar.com\/avatar\/2f9b1fb6e13f3b3e63bde435d999a73be036e320f7a0f5f32f9ac21859d999cd?s=96&d=mm&r=g\",\"caption\":\"Piera Salvi\"},\"url\":\"https:\/\/www.noidiqua.it\/Agliana\/author\/piera-salvi\/\"}]}<\/script>\n<!-- \/ Yoast SEO plugin. -->","yoast_head_json":{"title":"Marco Sardella - da oltre 20 anni assistenza tecnica e... - Noi di Qua Testata giornalistica e di attualit\u00e0 di Agliana, Montale e Quarrata.","robots":{"index":"index","follow":"follow","max-snippet":"max-snippet:-1","max-image-preview":"max-image-preview:large","max-video-preview":"max-video-preview:-1"},"canonical":"https:\/\/www.noidiqua.it\/Agliana\/marco-sardella-da-oltre-20-anni-assistenza-tecnica-e\/","og_locale":"it_IT","og_type":"article","og_title":"Marco Sardella - da oltre 20 anni assistenza tecnica e... - Noi di Qua Testata giornalistica e di attualit\u00e0 di Agliana, Montale e Quarrata.","og_description":"di Piera Salvi marzo 2022 Marco Sardella da dicembre 2021 ha trasferito la sede della sua azienda in via Magni 77, da via Travetta dove era presente dal gennaio 2012. Dieci anni di attivit\u00e0 ad Agliana prestando assistenza a caldaie e condizionatori come tecnico autorizzato per il [&hellip;]","og_url":"https:\/\/www.noidiqua.it\/Agliana\/marco-sardella-da-oltre-20-anni-assistenza-tecnica-e\/","og_site_name":"Noi di Qua Testata giornalistica e di attualit\u00e0 di Agliana, Montale e Quarrata.","article_publisher":"https:\/\/www.facebook.com\/noidiqua.trimestrale\/","article_published_time":"2022-03-12T15:23:56+00:00","article_modified_time":"2022-04-21T08:07:35+00:00","og_image":[{"url":"https:\/\/www.noidiqua.it\/Agliana\/wp-content\/uploads\/2022\/04\/sardella-2.png","type":"","width":"","height":""}],"author":"Piera Salvi","twitter_misc":{"Scritto da":"Piera Salvi","Tempo di lettura stimato":"3 minuti"},"schema":{"@context":"https:\/\/schema.org","@graph":[{"@type":"WebPage","@id":"https:\/\/www.noidiqua.it\/Agliana\/marco-sardella-da-oltre-20-anni-assistenza-tecnica-e\/","url":"https:\/\/www.noidiqua.it\/Agliana\/marco-sardella-da-oltre-20-anni-assistenza-tecnica-e\/","name":"Marco Sardella - da oltre 20 anni assistenza tecnica e... - Noi di Qua Testata giornalistica e di attualit\u00e0 di Agliana, Montale e Quarrata.","isPartOf":{"@id":"https:\/\/www.noidiqua.it\/Agliana\/#website"},"primaryImageOfPage":{"@id":"https:\/\/www.noidiqua.it\/Agliana\/marco-sardella-da-oltre-20-anni-assistenza-tecnica-e\/#primaryimage"},"image":{"@id":"https:\/\/www.noidiqua.it\/Agliana\/marco-sardella-da-oltre-20-anni-assistenza-tecnica-e\/#primaryimage"},"thumbnailUrl":"https:\/\/www.noidiqua.it\/Agliana\/wp-content\/uploads\/2022\/04\/sardella-2.png","datePublished":"2022-03-12T15:23:56+00:00","dateModified":"2022-04-21T08:07:35+00:00","author":{"@id":"https:\/\/www.noidiqua.it\/Agliana\/#\/schema\/person\/bb7515c2330bb1137f247276096fa7dc"},"breadcrumb":{"@id":"https:\/\/www.noidiqua.it\/Agliana\/marco-sardella-da-oltre-20-anni-assistenza-tecnica-e\/#breadcrumb"},"inLanguage":"it-IT","potentialAction":[{"@type":"ReadAction","target":["https:\/\/www.noidiqua.it\/Agliana\/marco-sardella-da-oltre-20-anni-assistenza-tecnica-e\/"]}]},{"@type":"ImageObject","inLanguage":"it-IT","@id":"https:\/\/www.noidiqua.it\/Agliana\/marco-sardella-da-oltre-20-anni-assistenza-tecnica-e\/#primaryimage","url":"https:\/\/www.noidiqua.it\/Agliana\/wp-content\/uploads\/2022\/04\/sardella-2.png","contentUrl":"https:\/\/www.noidiqua.it\/Agliana\/wp-content\/uploads\/2022\/04\/sardella-2.png","width":499,"height":429},{"@type":"BreadcrumbList","@id":"https:\/\/www.noidiqua.it\/Agliana\/marco-sardella-da-oltre-20-anni-assistenza-tecnica-e\/#breadcrumb","itemListElement":[{"@type":"ListItem","position":1,"name":"Home","item":"https:\/\/www.noidiqua.it\/Agliana\/"},{"@type":"ListItem","position":2,"name":"Marco Sardella &#8211; da oltre 20 anni assistenza tecnica e&#8230;"}]},{"@type":"WebSite","@id":"https:\/\/www.noidiqua.it\/Agliana\/#website","url":"https:\/\/www.noidiqua.it\/Agliana\/","name":"Noi di Qua Testata giornalistica e di attualit\u00e0 di Agliana, Montale e Quarrata.","description":"Testata Giornalistica Quarrata Montale Agliana","potentialAction":[{"@type":"SearchAction","target":{"@type":"EntryPoint","urlTemplate":"https:\/\/www.noidiqua.it\/Agliana\/?s={search_term_string}"},"query-input":{"@type":"PropertyValueSpecification","valueRequired":true,"valueName":"search_term_string"}}],"inLanguage":"it-IT"},{"@type":"Person","@id":"https:\/\/www.noidiqua.it\/Agliana\/#\/schema\/person\/bb7515c2330bb1137f247276096fa7dc","name":"Piera Salvi","image":{"@type":"ImageObject","inLanguage":"it-IT","@id":"https:\/\/www.noidiqua.it\/Agliana\/#\/schema\/person\/image\/","url":"https:\/\/secure.gravatar.com\/avatar\/2f9b1fb6e13f3b3e63bde435d999a73be036e320f7a0f5f32f9ac21859d999cd?s=96&d=mm&r=g","contentUrl":"https:\/\/secure.gravatar.com\/avatar\/2f9b1fb6e13f3b3e63bde435d999a73be036e320f7a0f5f32f9ac21859d999cd?s=96&d=mm&r=g","caption":"Piera Salvi"},"url":"https:\/\/www.noidiqua.it\/Agliana\/author\/piera-salvi\/"}]}},"_links":{"self":[{"href":"https:\/\/www.noidiqua.it\/Agliana\/wp-json\/wp\/v2\/posts\/7100","targetHints":{"allow":["GET"]}}],"collection":[{"href":"https:\/\/www.noidiqua.it\/Agliana\/wp-json\/wp\/v2\/posts"}],"about":[{"href":"https:\/\/www.noidiqua.it\/Agliana\/wp-json\/wp\/v2\/types\/post"}],"author":[{"embeddable":true,"href":"https:\/\/www.noidiqua.it\/Agliana\/wp-json\/wp\/v2\/users\/13"}],"replies":[{"embeddable":true,"href":"https:\/\/www.noidiqua.it\/Agliana\/wp-json\/wp\/v2\/comments?post=7100"}],"version-history":[{"count":1,"href":"https:\/\/www.noidiqua.it\/Agliana\/wp-json\/wp\/v2\/posts\/7100\/revisions"}],"predecessor-version":[{"id":7103,"href":"https:\/\/www.noidiqua.it\/Agliana\/wp-json\/wp\/v2\/posts\/7100\/revisions\/7103"}],"wp:attachment":[{"href":"https:\/\/www.noidiqua.it\/Agliana\/wp-json\/wp\/v2\/media?parent=7100"}],"wp:term":[{"taxonomy":"category","embeddable":true,"href":"https:\/\/www.noidiqua.it\/Agliana\/wp-json\/wp\/v2\/categories?post=7100"},{"taxonomy":"post_tag","embeddable":true,"href":"https:\/\/www.noidiqua.it\/Agliana\/wp-json\/wp\/v2\/tags?post=7100"}],"curies":[{"name":"wp","href":"https:\/\/api.w.org\/{rel}","templated":true}]}}