{"id":7152,"date":"2022-03-13T15:33:54","date_gmt":"2022-03-13T14:33:54","guid":{"rendered":"https:\/\/www.noidiqua.it\/Agliana\/?p=7152"},"modified":"2022-04-21T09:41:58","modified_gmt":"2022-04-21T07:41:58","slug":"fenenna-caramelli-il-nostro-ricordo-della-poetessa-aglianese","status":"publish","type":"post","link":"https:\/\/www.noidiqua.it\/Agliana\/fenenna-caramelli-il-nostro-ricordo-della-poetessa-aglianese\/","title":{"rendered":"Fenenna Caramelli &#8211; il nostro ricordo della poetessa aglianese"},"content":{"rendered":"<p><em>di Piera Salvi<\/em><\/p>\n<p><em>marzo 2022<\/em><\/p>\n<p><a href=\"https:\/\/www.noidiqua.it\/Agliana\/wp-content\/uploads\/2014\/03\/fenenna-1.png\" rel=\"wp-prettyPhoto[7152]\"><img loading=\"lazy\" decoding=\"async\" class=\"aligncenter size-full wp-image-7054\" src=\"https:\/\/www.noidiqua.it\/Agliana\/wp-content\/uploads\/2014\/03\/fenenna-1.png\" alt=\"\" width=\"529\" height=\"452\" srcset=\"https:\/\/www.noidiqua.it\/Agliana\/wp-content\/uploads\/2014\/03\/fenenna-1.png 529w, https:\/\/www.noidiqua.it\/Agliana\/wp-content\/uploads\/2014\/03\/fenenna-1-300x256.png 300w\" sizes=\"auto, (max-width: 529px) 100vw, 529px\" \/><\/a><\/p>\n<p class=\"p1\"><span class=\"s1\">La <strong>poetessa aglianese<\/strong> <strong>Fenenna Caramelli<\/strong> \u00e8 morta nel febbraio scorso a 97 anni, nella sua casa, amorevolmente accudita dai suoi cari. Si \u00e8 spenta nel giorno di San Valentino, dopo quasi un secolo di vita ricca di amore. Grande il cordoglio nella sua famiglia e nell\u2019intera comunit\u00e0, dove Fenenna rappresentava un importante pezzo di storia e un simbolo di vita semplice ma ricca di emozioni, di attenzione a tutto ci\u00f2 che accadeva e che lei trasformava in versi o in racconti. <\/span><\/p>\n<p class=\"p1\"><span class=\"s1\">Per l\u2019ultimo saluto a Fenenna, il 16 febbraio, nella chiesa di San Michele, \u00e8 stato il sindaco <strong>Luca Benesperi<\/strong> a fare le letture liturgiche durante la messa, un ultimo omaggio a nome di tutta la comunit\u00e0 aglianese ad una cittadina che amava la scrittura e la lettura. Diversi i libri pubblicati da Caramelli (l\u2019ultimo nel novembre scorso) e centinaia i racconti e le poesie che erano inni all\u2019amore e alla natura, riflessioni, pensieri, o racconti reali dedicati a persone oppure a eventi drammatici e lieti, a livello locale e internazionale. Nel 2008 il comune di Agliana pubblic\u00f2 nella collana \u201cTracce di comunit\u00e0\u201d il libro di Fenenna \u201c<strong>Testimonianze del \u2018900<\/strong>\u201d, con poesie e racconti. <\/span><\/p>\n<p class=\"p1\"><span class=\"s1\">Fenenna Caramelli era rimasta vedova, con due figli piccoli, Angela e Rodolfo, quando non aveva neppure quarant\u2019anni. Il dolore le era stato compagno di vita, ma era rimasta una sognatrice, come quando era bambina e conosceva a memoria la geografia come se avesse girato il mondo senza essersi mai mossa dalla <strong>Ferruccia<\/strong>, la frazione dove era nata. In et\u00e0 adulta era una <strong>sognatrice<\/strong> calata nella realt\u00e0. Una donna semplice ma determinata. Aveva frequentato solo le scuole elementari, ma era curiosa, desiderosa di sapere, leggeva molto, tutto la interessava e la appassionava e da autodidatta aveva approfondito la sua cultura e il significato delle parole. <i>\u00abUna delle sue passioni era lo studio del significato delle parole sul vocabolario\u00bb<\/i> racconta il figlio Rodolfo. La <strong>poesia<\/strong> era sempre stata nel suo animo ma cominci\u00f2 a scrivere quando i figli erano grandi, ormai sposati e autonomi. Aveva fatto parte del gruppo culturale \u201c<strong>Il Mestolo<\/strong>\u201d che riuniva artisti aglianesi e del \u201c<strong>Gruppo poeti aglianesi<\/strong>\u201d. E&#8217; rimasta attiva fino a pochi mesi prima della sua scomparsa. Le \u00e8 stata fatale una caduta e lentamente il suo fisico si \u00e8 spento. Ma restano le sue parole: parole che Fenenna in una raccolta di poesie aveva definito <i>\u201ccome colombe che volano\u201d<\/i>.<\/span><\/p>","protected":false},"excerpt":{"rendered":"<p>di Piera Salvi marzo 2022 La poetessa aglianese Fenenna Caramelli \u00e8 morta nel febbraio scorso a 97 anni, nella sua casa, amorevolmente accudita dai suoi cari. Si \u00e8 spenta nel giorno di San Valentino, dopo quasi un secolo di vita ricca di amore. Grande il cordoglio nella [&hellip;]<\/p>","protected":false},"author":13,"featured_media":0,"comment_status":"open","ping_status":"open","sticky":false,"template":"","format":"standard","meta":{"footnotes":""},"categories":[2,24,143],"tags":[1872,149,178,2104,1038,3145,3147,3146,407],"class_list":["post-7152","post","type-post","status-publish","format-standard","hentry","category-ag","category-personaggi-qt","category-persone-e-personaggi","tag-fenenna-caramelli","tag-ferruccia","tag-il-mestolo","tag-luca-benesperi","tag-poesia","tag-poetessa-aglianese","tag-sognatrice","tag-testimonianze-del-900","tag-gruppo-poeti-aglianesi"],"yoast_head":"<!-- This site is optimized with the Yoast SEO plugin v25.5 - https:\/\/yoast.com\/wordpress\/plugins\/seo\/ -->\n<title>Fenenna Caramelli - il nostro ricordo della poetessa aglianese - Noi di Qua Testata giornalistica e di attualit\u00e0 di Agliana, Montale e Quarrata.<\/title>\n<meta name=\"robots\" content=\"index, follow, max-snippet:-1, max-image-preview:large, max-video-preview:-1\" \/>\n<link rel=\"canonical\" href=\"https:\/\/www.noidiqua.it\/Agliana\/fenenna-caramelli-il-nostro-ricordo-della-poetessa-aglianese\/\" \/>\n<meta property=\"og:locale\" content=\"it_IT\" \/>\n<meta property=\"og:type\" content=\"article\" \/>\n<meta property=\"og:title\" content=\"Fenenna Caramelli - il nostro ricordo della poetessa aglianese - Noi di Qua Testata giornalistica e di attualit\u00e0 di Agliana, Montale e Quarrata.\" \/>\n<meta property=\"og:description\" content=\"di Piera Salvi marzo 2022 La poetessa aglianese Fenenna Caramelli \u00e8 morta nel febbraio scorso a 97 anni, nella sua casa, amorevolmente accudita dai suoi cari. Si \u00e8 spenta nel giorno di San Valentino, dopo quasi un secolo di vita ricca di amore. Grande il cordoglio nella [&hellip;]\" \/>\n<meta property=\"og:url\" content=\"https:\/\/www.noidiqua.it\/Agliana\/fenenna-caramelli-il-nostro-ricordo-della-poetessa-aglianese\/\" \/>\n<meta property=\"og:site_name\" content=\"Noi di Qua Testata giornalistica e di attualit\u00e0 di Agliana, Montale e Quarrata.\" \/>\n<meta property=\"article:publisher\" content=\"https:\/\/www.facebook.com\/noidiqua.trimestrale\/\" \/>\n<meta property=\"article:published_time\" content=\"2022-03-13T14:33:54+00:00\" \/>\n<meta property=\"article:modified_time\" content=\"2022-04-21T07:41:58+00:00\" \/>\n<meta property=\"og:image\" content=\"https:\/\/www.noidiqua.it\/Agliana\/wp-content\/uploads\/2014\/03\/fenenna-1.png\" \/>\n<meta name=\"author\" content=\"Piera Salvi\" \/>\n<meta name=\"twitter:label1\" content=\"Scritto da\" \/>\n\t<meta name=\"twitter:data1\" content=\"Piera Salvi\" \/>\n\t<meta name=\"twitter:label2\" content=\"Tempo di lettura stimato\" \/>\n\t<meta name=\"twitter:data2\" content=\"2 minuti\" \/>\n<script type=\"application\/ld+json\" class=\"yoast-schema-graph\">{\"@context\":\"https:\/\/schema.org\",\"@graph\":[{\"@type\":\"WebPage\",\"@id\":\"https:\/\/www.noidiqua.it\/Agliana\/fenenna-caramelli-il-nostro-ricordo-della-poetessa-aglianese\/\",\"url\":\"https:\/\/www.noidiqua.it\/Agliana\/fenenna-caramelli-il-nostro-ricordo-della-poetessa-aglianese\/\",\"name\":\"Fenenna Caramelli - il nostro ricordo della poetessa aglianese - Noi di Qua Testata giornalistica e di attualit\u00e0 di Agliana, Montale e Quarrata.\",\"isPartOf\":{\"@id\":\"https:\/\/www.noidiqua.it\/Agliana\/#website\"},\"primaryImageOfPage\":{\"@id\":\"https:\/\/www.noidiqua.it\/Agliana\/fenenna-caramelli-il-nostro-ricordo-della-poetessa-aglianese\/#primaryimage\"},\"image\":{\"@id\":\"https:\/\/www.noidiqua.it\/Agliana\/fenenna-caramelli-il-nostro-ricordo-della-poetessa-aglianese\/#primaryimage\"},\"thumbnailUrl\":\"https:\/\/www.noidiqua.it\/Agliana\/wp-content\/uploads\/2014\/03\/fenenna-1.png\",\"datePublished\":\"2022-03-13T14:33:54+00:00\",\"dateModified\":\"2022-04-21T07:41:58+00:00\",\"author\":{\"@id\":\"https:\/\/www.noidiqua.it\/Agliana\/#\/schema\/person\/bb7515c2330bb1137f247276096fa7dc\"},\"breadcrumb\":{\"@id\":\"https:\/\/www.noidiqua.it\/Agliana\/fenenna-caramelli-il-nostro-ricordo-della-poetessa-aglianese\/#breadcrumb\"},\"inLanguage\":\"it-IT\",\"potentialAction\":[{\"@type\":\"ReadAction\",\"target\":[\"https:\/\/www.noidiqua.it\/Agliana\/fenenna-caramelli-il-nostro-ricordo-della-poetessa-aglianese\/\"]}]},{\"@type\":\"ImageObject\",\"inLanguage\":\"it-IT\",\"@id\":\"https:\/\/www.noidiqua.it\/Agliana\/fenenna-caramelli-il-nostro-ricordo-della-poetessa-aglianese\/#primaryimage\",\"url\":\"https:\/\/www.noidiqua.it\/Agliana\/wp-content\/uploads\/2014\/03\/fenenna-1.png\",\"contentUrl\":\"https:\/\/www.noidiqua.it\/Agliana\/wp-content\/uploads\/2014\/03\/fenenna-1.png\",\"width\":529,\"height\":452},{\"@type\":\"BreadcrumbList\",\"@id\":\"https:\/\/www.noidiqua.it\/Agliana\/fenenna-caramelli-il-nostro-ricordo-della-poetessa-aglianese\/#breadcrumb\",\"itemListElement\":[{\"@type\":\"ListItem\",\"position\":1,\"name\":\"Home\",\"item\":\"https:\/\/www.noidiqua.it\/Agliana\/\"},{\"@type\":\"ListItem\",\"position\":2,\"name\":\"Fenenna Caramelli &#8211; il nostro ricordo della poetessa aglianese\"}]},{\"@type\":\"WebSite\",\"@id\":\"https:\/\/www.noidiqua.it\/Agliana\/#website\",\"url\":\"https:\/\/www.noidiqua.it\/Agliana\/\",\"name\":\"Noi di Qua Testata giornalistica e di attualit\u00e0 di Agliana, Montale e Quarrata.\",\"description\":\"Testata Giornalistica Quarrata Montale Agliana\",\"potentialAction\":[{\"@type\":\"SearchAction\",\"target\":{\"@type\":\"EntryPoint\",\"urlTemplate\":\"https:\/\/www.noidiqua.it\/Agliana\/?s={search_term_string}\"},\"query-input\":{\"@type\":\"PropertyValueSpecification\",\"valueRequired\":true,\"valueName\":\"search_term_string\"}}],\"inLanguage\":\"it-IT\"},{\"@type\":\"Person\",\"@id\":\"https:\/\/www.noidiqua.it\/Agliana\/#\/schema\/person\/bb7515c2330bb1137f247276096fa7dc\",\"name\":\"Piera Salvi\",\"image\":{\"@type\":\"ImageObject\",\"inLanguage\":\"it-IT\",\"@id\":\"https:\/\/www.noidiqua.it\/Agliana\/#\/schema\/person\/image\/\",\"url\":\"https:\/\/secure.gravatar.com\/avatar\/2f9b1fb6e13f3b3e63bde435d999a73be036e320f7a0f5f32f9ac21859d999cd?s=96&d=mm&r=g\",\"contentUrl\":\"https:\/\/secure.gravatar.com\/avatar\/2f9b1fb6e13f3b3e63bde435d999a73be036e320f7a0f5f32f9ac21859d999cd?s=96&d=mm&r=g\",\"caption\":\"Piera Salvi\"},\"url\":\"https:\/\/www.noidiqua.it\/Agliana\/author\/piera-salvi\/\"}]}<\/script>\n<!-- \/ Yoast SEO plugin. -->","yoast_head_json":{"title":"Fenenna Caramelli - il nostro ricordo della poetessa aglianese - Noi di Qua Testata giornalistica e di attualit\u00e0 di Agliana, Montale e Quarrata.","robots":{"index":"index","follow":"follow","max-snippet":"max-snippet:-1","max-image-preview":"max-image-preview:large","max-video-preview":"max-video-preview:-1"},"canonical":"https:\/\/www.noidiqua.it\/Agliana\/fenenna-caramelli-il-nostro-ricordo-della-poetessa-aglianese\/","og_locale":"it_IT","og_type":"article","og_title":"Fenenna Caramelli - il nostro ricordo della poetessa aglianese - Noi di Qua Testata giornalistica e di attualit\u00e0 di Agliana, Montale e Quarrata.","og_description":"di Piera Salvi marzo 2022 La poetessa aglianese Fenenna Caramelli \u00e8 morta nel febbraio scorso a 97 anni, nella sua casa, amorevolmente accudita dai suoi cari. Si \u00e8 spenta nel giorno di San Valentino, dopo quasi un secolo di vita ricca di amore. Grande il cordoglio nella [&hellip;]","og_url":"https:\/\/www.noidiqua.it\/Agliana\/fenenna-caramelli-il-nostro-ricordo-della-poetessa-aglianese\/","og_site_name":"Noi di Qua Testata giornalistica e di attualit\u00e0 di Agliana, Montale e Quarrata.","article_publisher":"https:\/\/www.facebook.com\/noidiqua.trimestrale\/","article_published_time":"2022-03-13T14:33:54+00:00","article_modified_time":"2022-04-21T07:41:58+00:00","og_image":[{"url":"https:\/\/www.noidiqua.it\/Agliana\/wp-content\/uploads\/2014\/03\/fenenna-1.png","type":"","width":"","height":""}],"author":"Piera Salvi","twitter_misc":{"Scritto da":"Piera Salvi","Tempo di lettura stimato":"2 minuti"},"schema":{"@context":"https:\/\/schema.org","@graph":[{"@type":"WebPage","@id":"https:\/\/www.noidiqua.it\/Agliana\/fenenna-caramelli-il-nostro-ricordo-della-poetessa-aglianese\/","url":"https:\/\/www.noidiqua.it\/Agliana\/fenenna-caramelli-il-nostro-ricordo-della-poetessa-aglianese\/","name":"Fenenna Caramelli - il nostro ricordo della poetessa aglianese - Noi di Qua Testata giornalistica e di attualit\u00e0 di Agliana, Montale e Quarrata.","isPartOf":{"@id":"https:\/\/www.noidiqua.it\/Agliana\/#website"},"primaryImageOfPage":{"@id":"https:\/\/www.noidiqua.it\/Agliana\/fenenna-caramelli-il-nostro-ricordo-della-poetessa-aglianese\/#primaryimage"},"image":{"@id":"https:\/\/www.noidiqua.it\/Agliana\/fenenna-caramelli-il-nostro-ricordo-della-poetessa-aglianese\/#primaryimage"},"thumbnailUrl":"https:\/\/www.noidiqua.it\/Agliana\/wp-content\/uploads\/2014\/03\/fenenna-1.png","datePublished":"2022-03-13T14:33:54+00:00","dateModified":"2022-04-21T07:41:58+00:00","author":{"@id":"https:\/\/www.noidiqua.it\/Agliana\/#\/schema\/person\/bb7515c2330bb1137f247276096fa7dc"},"breadcrumb":{"@id":"https:\/\/www.noidiqua.it\/Agliana\/fenenna-caramelli-il-nostro-ricordo-della-poetessa-aglianese\/#breadcrumb"},"inLanguage":"it-IT","potentialAction":[{"@type":"ReadAction","target":["https:\/\/www.noidiqua.it\/Agliana\/fenenna-caramelli-il-nostro-ricordo-della-poetessa-aglianese\/"]}]},{"@type":"ImageObject","inLanguage":"it-IT","@id":"https:\/\/www.noidiqua.it\/Agliana\/fenenna-caramelli-il-nostro-ricordo-della-poetessa-aglianese\/#primaryimage","url":"https:\/\/www.noidiqua.it\/Agliana\/wp-content\/uploads\/2014\/03\/fenenna-1.png","contentUrl":"https:\/\/www.noidiqua.it\/Agliana\/wp-content\/uploads\/2014\/03\/fenenna-1.png","width":529,"height":452},{"@type":"BreadcrumbList","@id":"https:\/\/www.noidiqua.it\/Agliana\/fenenna-caramelli-il-nostro-ricordo-della-poetessa-aglianese\/#breadcrumb","itemListElement":[{"@type":"ListItem","position":1,"name":"Home","item":"https:\/\/www.noidiqua.it\/Agliana\/"},{"@type":"ListItem","position":2,"name":"Fenenna Caramelli &#8211; il nostro ricordo della poetessa aglianese"}]},{"@type":"WebSite","@id":"https:\/\/www.noidiqua.it\/Agliana\/#website","url":"https:\/\/www.noidiqua.it\/Agliana\/","name":"Noi di Qua Testata giornalistica e di attualit\u00e0 di Agliana, Montale e Quarrata.","description":"Testata Giornalistica Quarrata Montale Agliana","potentialAction":[{"@type":"SearchAction","target":{"@type":"EntryPoint","urlTemplate":"https:\/\/www.noidiqua.it\/Agliana\/?s={search_term_string}"},"query-input":{"@type":"PropertyValueSpecification","valueRequired":true,"valueName":"search_term_string"}}],"inLanguage":"it-IT"},{"@type":"Person","@id":"https:\/\/www.noidiqua.it\/Agliana\/#\/schema\/person\/bb7515c2330bb1137f247276096fa7dc","name":"Piera Salvi","image":{"@type":"ImageObject","inLanguage":"it-IT","@id":"https:\/\/www.noidiqua.it\/Agliana\/#\/schema\/person\/image\/","url":"https:\/\/secure.gravatar.com\/avatar\/2f9b1fb6e13f3b3e63bde435d999a73be036e320f7a0f5f32f9ac21859d999cd?s=96&d=mm&r=g","contentUrl":"https:\/\/secure.gravatar.com\/avatar\/2f9b1fb6e13f3b3e63bde435d999a73be036e320f7a0f5f32f9ac21859d999cd?s=96&d=mm&r=g","caption":"Piera Salvi"},"url":"https:\/\/www.noidiqua.it\/Agliana\/author\/piera-salvi\/"}]}},"_links":{"self":[{"href":"https:\/\/www.noidiqua.it\/Agliana\/wp-json\/wp\/v2\/posts\/7152","targetHints":{"allow":["GET"]}}],"collection":[{"href":"https:\/\/www.noidiqua.it\/Agliana\/wp-json\/wp\/v2\/posts"}],"about":[{"href":"https:\/\/www.noidiqua.it\/Agliana\/wp-json\/wp\/v2\/types\/post"}],"author":[{"embeddable":true,"href":"https:\/\/www.noidiqua.it\/Agliana\/wp-json\/wp\/v2\/users\/13"}],"replies":[{"embeddable":true,"href":"https:\/\/www.noidiqua.it\/Agliana\/wp-json\/wp\/v2\/comments?post=7152"}],"version-history":[{"count":2,"href":"https:\/\/www.noidiqua.it\/Agliana\/wp-json\/wp\/v2\/posts\/7152\/revisions"}],"predecessor-version":[{"id":7167,"href":"https:\/\/www.noidiqua.it\/Agliana\/wp-json\/wp\/v2\/posts\/7152\/revisions\/7167"}],"wp:attachment":[{"href":"https:\/\/www.noidiqua.it\/Agliana\/wp-json\/wp\/v2\/media?parent=7152"}],"wp:term":[{"taxonomy":"category","embeddable":true,"href":"https:\/\/www.noidiqua.it\/Agliana\/wp-json\/wp\/v2\/categories?post=7152"},{"taxonomy":"post_tag","embeddable":true,"href":"https:\/\/www.noidiqua.it\/Agliana\/wp-json\/wp\/v2\/tags?post=7152"}],"curies":[{"name":"wp","href":"https:\/\/api.w.org\/{rel}","templated":true}]}}