{"id":7393,"date":"2022-06-12T15:28:20","date_gmt":"2022-06-12T13:28:20","guid":{"rendered":"https:\/\/www.noidiqua.it\/Agliana\/?p=7393"},"modified":"2022-07-12T12:20:07","modified_gmt":"2022-07-12T10:20:07","slug":"estate-2022-voglia-di-normalita","status":"publish","type":"post","link":"https:\/\/www.noidiqua.it\/Agliana\/estate-2022-voglia-di-normalita\/","title":{"rendered":"Estate 2022: voglia di normalit\u00e0"},"content":{"rendered":"<p><em>di Giacomo Bini<\/em><\/p>\n<p><em>giugno 2022<\/em><\/p>\n<p><a href=\"https:\/\/www.noidiqua.it\/Agliana\/wp-content\/uploads\/2022\/07\/appunti.png\" rel=\"wp-prettyPhoto[7393]\"><img loading=\"lazy\" decoding=\"async\" class=\"aligncenter size-full wp-image-7394\" src=\"https:\/\/www.noidiqua.it\/Agliana\/wp-content\/uploads\/2022\/07\/appunti.png\" alt=\"\" width=\"487\" height=\"385\" srcset=\"https:\/\/www.noidiqua.it\/Agliana\/wp-content\/uploads\/2022\/07\/appunti.png 487w, https:\/\/www.noidiqua.it\/Agliana\/wp-content\/uploads\/2022\/07\/appunti-300x237.png 300w\" sizes=\"auto, (max-width: 487px) 100vw, 487px\" \/><\/a><\/p>\n<p class=\"p1\"><span class=\"s1\">C\u2019\u00e8 tanta voglia di uscire di casa e di ritrovarsi in piazza, nei parchi, negli spazi pubblici e negli impianti sportivi. E&#8217; un\u2019estate che ha il gusto antico eppure nuovissimo della normalit\u00e0, in cui si avverte un fermento particolare, quello della vita che preme per riprendere il suo corso fisiologico, con la speranza e la gioia di poter fare cose che per due anni sono state impossibili e con la nascosta, indicibile e sottile inquietudine che possano ritornare in autunno alcune delle restrizioni che chi hanno afflitti per cos\u00ec lungo tempo. <\/span><\/p>\n<p class=\"p1\"><span class=\"s1\">Intanto per\u00f2 <i>\u00abchi vuol esser lieto sia\u00bb<\/i> e cos\u00ec risorgono pi\u00f9 numerose di prima le sagre, le feste di paese, gli eventi musicali all\u2019aperto, gli intrattenimenti e gli incontri pubblici. Basta dare un\u2019occhiata alla rete, ai siti e ai profili social delle associazioni o anche dei comuni della piana, per rendersi conto del fittissimo calendario di eventi e di manifestazioni che vengono proposte per i mesi estivi. Sono cos\u00ec tanti che non ci proviamo nemmeno a riassumerli perch\u00e9 siamo certi che ne dimenticheremmo alcuni facendo qualche torto agli organizzatori. Perch\u00e9 intendiamoci, a nostro parere sono tutti importanti allo stesso modo, dalla sagra del bombolone al concerto, dalla cena in piazza alla presentazione di un libro, dal torneo di calcio al convegno culturale. <b>Se possiamo permetterci di fare una proposta, consiglieremmo di creare una piattaforma comune alla zona della piana, dalle colline di Montale a quelle di Quarrata, dove un utente possa trovare tutti gli appuntamenti. Non \u00e8 un obiettivo facile da raggiungere ma sarebbe molto utile.<\/b><\/span><\/p>\n<p class=\"p1\"><span class=\"s1\">Un altro segno di ripresa della vita sociale sono i centri o campi estivi per i bambini e i ragazzi che vengono quest\u2019anno riorganizzati in gran numero e con tempi pi\u00f9 lunghi. Gli enti organizzatori sono i pi\u00f9 vari, dalle amministrazioni comunali alle societ\u00e0 sportive, dalle parrocchie alle pro-loco. Oltre all\u2019intento di sempre, cio\u00e8 quello di offrire ai bambini un\u2019occasione di divertirsi in sicurezza e di svolgere attivit\u00e0 educative nel periodo delle vacanze scolastiche, quest\u2019anno c\u2019\u00e8 uno scopo ulteriore; quello di compensare e recuperare quella socializzazione che \u00e8 mancata nel periodo in cui la scuola ha dovuto piegarsi alle esigenze della pandemia e usare l\u2019espediente inevitabile della didattica a distanza. Le famiglie si rendono ben conto, pi\u00f9 di altri anni, che il centro estivo non \u00e8 soltanto un parcheggio sicuro per consentire ai genitori di proseguire le proprie attivit\u00e0 lavorative anche dopo la fine delle lezioni, ma \u00e8 un momento di grande rilievo dal punto di vista della crescita psicologica dei ragazzi. Il filo della vita relazionale che si \u00e8 riannodato a scuola viene continuato in estate con i centri estivi e per questo vanno ringraziati tutti gli enti che li organizzano, pubblici e privati, perch\u00e9 svolgono una funzione sociale molto rilevante. <\/span><\/p>\n<p class=\"p1\"><span class=\"s1\">La prima istituzione a lanciare la ripresa, nei mesi scorsi, \u00e8 stata proprio la scuola che con i suoi insegnanti e i suoi studenti ha sfruttato immediatamente gli spazi offerti dall\u2019allentamento delle restrizioni per riprendere le attivit\u00e0 extracurricolari: le uscite, le visite e i tanti concorsi a cui i ragazzi si dedicano ogni anno e che erano stati sospesi. \u00e9 stata la scuola a lanciare la volata della ripartenza con maggiore forza e convinzione di prima. <b>Perch\u00e9, se c\u2019\u00e8 una cosa che abbiamo capito in questi due anni, \u00e8 che non bisogna dare per scontato che ci siano le occasioni di stare insieme, al tavolino di un bar, in un\u2019aula scolastica o in un palazzetto dello sport. Buona estate dunque, insieme e, possibilmente, in pace. <\/b><\/span><\/p>","protected":false},"excerpt":{"rendered":"<p>di Giacomo Bini giugno 2022 C\u2019\u00e8 tanta voglia di uscire di casa e di ritrovarsi in piazza, nei parchi, negli spazi pubblici e negli impianti sportivi. E&#8217; un\u2019estate che ha il gusto antico eppure nuovissimo della normalit\u00e0, in cui si avverte un fermento particolare, quello della vita [&hellip;]<\/p>","protected":false},"author":12,"featured_media":0,"comment_status":"open","ping_status":"open","sticky":false,"template":"","format":"standard","meta":{"footnotes":""},"categories":[2,25],"tags":[3169,1033,2631,2635,3171,3173,1082,3170,3172],"class_list":["post-7393","post","type-post","status-publish","format-standard","hentry","category-ag","category-appuntired","tag-3169","tag-appunti-di-redazione","tag-covid","tag-estate","tag-feste","tag-funzione-sociale","tag-giacomo-bini","tag-normalita","tag-sagre"],"yoast_head":"<!-- This site is optimized with the Yoast SEO plugin v25.5 - https:\/\/yoast.com\/wordpress\/plugins\/seo\/ -->\n<title>Estate 2022: voglia di normalit\u00e0 - Noi di Qua Testata giornalistica e di attualit\u00e0 di Agliana, Montale e Quarrata.<\/title>\n<meta name=\"robots\" content=\"index, follow, max-snippet:-1, max-image-preview:large, max-video-preview:-1\" \/>\n<link rel=\"canonical\" href=\"https:\/\/www.noidiqua.it\/Agliana\/estate-2022-voglia-di-normalita\/\" \/>\n<meta property=\"og:locale\" content=\"it_IT\" \/>\n<meta property=\"og:type\" content=\"article\" \/>\n<meta property=\"og:title\" content=\"Estate 2022: voglia di normalit\u00e0 - Noi di Qua Testata giornalistica e di attualit\u00e0 di Agliana, Montale e Quarrata.\" \/>\n<meta property=\"og:description\" content=\"di Giacomo Bini giugno 2022 C\u2019\u00e8 tanta voglia di uscire di casa e di ritrovarsi in piazza, nei parchi, negli spazi pubblici e negli impianti sportivi. E&#8217; un\u2019estate che ha il gusto antico eppure nuovissimo della normalit\u00e0, in cui si avverte un fermento particolare, quello della vita [&hellip;]\" \/>\n<meta property=\"og:url\" content=\"https:\/\/www.noidiqua.it\/Agliana\/estate-2022-voglia-di-normalita\/\" \/>\n<meta property=\"og:site_name\" content=\"Noi di Qua Testata giornalistica e di attualit\u00e0 di Agliana, Montale e Quarrata.\" \/>\n<meta property=\"article:publisher\" content=\"https:\/\/www.facebook.com\/noidiqua.trimestrale\/\" \/>\n<meta property=\"article:published_time\" content=\"2022-06-12T13:28:20+00:00\" \/>\n<meta property=\"article:modified_time\" content=\"2022-07-12T10:20:07+00:00\" \/>\n<meta property=\"og:image\" content=\"https:\/\/www.noidiqua.it\/Agliana\/wp-content\/uploads\/2022\/07\/appunti.png\" \/>\n<meta name=\"author\" content=\"Giacomo Bini\" \/>\n<meta name=\"twitter:label1\" content=\"Scritto da\" \/>\n\t<meta name=\"twitter:data1\" content=\"Giacomo Bini\" \/>\n\t<meta name=\"twitter:label2\" content=\"Tempo di lettura stimato\" \/>\n\t<meta name=\"twitter:data2\" content=\"3 minuti\" \/>\n<script type=\"application\/ld+json\" class=\"yoast-schema-graph\">{\"@context\":\"https:\/\/schema.org\",\"@graph\":[{\"@type\":\"WebPage\",\"@id\":\"https:\/\/www.noidiqua.it\/Agliana\/estate-2022-voglia-di-normalita\/\",\"url\":\"https:\/\/www.noidiqua.it\/Agliana\/estate-2022-voglia-di-normalita\/\",\"name\":\"Estate 2022: voglia di normalit\u00e0 - Noi di Qua Testata giornalistica e di attualit\u00e0 di Agliana, Montale e Quarrata.\",\"isPartOf\":{\"@id\":\"https:\/\/www.noidiqua.it\/Agliana\/#website\"},\"primaryImageOfPage\":{\"@id\":\"https:\/\/www.noidiqua.it\/Agliana\/estate-2022-voglia-di-normalita\/#primaryimage\"},\"image\":{\"@id\":\"https:\/\/www.noidiqua.it\/Agliana\/estate-2022-voglia-di-normalita\/#primaryimage\"},\"thumbnailUrl\":\"https:\/\/www.noidiqua.it\/Agliana\/wp-content\/uploads\/2022\/07\/appunti.png\",\"datePublished\":\"2022-06-12T13:28:20+00:00\",\"dateModified\":\"2022-07-12T10:20:07+00:00\",\"author\":{\"@id\":\"https:\/\/www.noidiqua.it\/Agliana\/#\/schema\/person\/e2e6f44da50af0dae9c90ad168e471a4\"},\"breadcrumb\":{\"@id\":\"https:\/\/www.noidiqua.it\/Agliana\/estate-2022-voglia-di-normalita\/#breadcrumb\"},\"inLanguage\":\"it-IT\",\"potentialAction\":[{\"@type\":\"ReadAction\",\"target\":[\"https:\/\/www.noidiqua.it\/Agliana\/estate-2022-voglia-di-normalita\/\"]}]},{\"@type\":\"ImageObject\",\"inLanguage\":\"it-IT\",\"@id\":\"https:\/\/www.noidiqua.it\/Agliana\/estate-2022-voglia-di-normalita\/#primaryimage\",\"url\":\"https:\/\/www.noidiqua.it\/Agliana\/wp-content\/uploads\/2022\/07\/appunti.png\",\"contentUrl\":\"https:\/\/www.noidiqua.it\/Agliana\/wp-content\/uploads\/2022\/07\/appunti.png\",\"width\":487,\"height\":385},{\"@type\":\"BreadcrumbList\",\"@id\":\"https:\/\/www.noidiqua.it\/Agliana\/estate-2022-voglia-di-normalita\/#breadcrumb\",\"itemListElement\":[{\"@type\":\"ListItem\",\"position\":1,\"name\":\"Home\",\"item\":\"https:\/\/www.noidiqua.it\/Agliana\/\"},{\"@type\":\"ListItem\",\"position\":2,\"name\":\"Estate 2022: voglia di normalit\u00e0\"}]},{\"@type\":\"WebSite\",\"@id\":\"https:\/\/www.noidiqua.it\/Agliana\/#website\",\"url\":\"https:\/\/www.noidiqua.it\/Agliana\/\",\"name\":\"Noi di Qua Testata giornalistica e di attualit\u00e0 di Agliana, Montale e Quarrata.\",\"description\":\"Testata Giornalistica Quarrata Montale Agliana\",\"potentialAction\":[{\"@type\":\"SearchAction\",\"target\":{\"@type\":\"EntryPoint\",\"urlTemplate\":\"https:\/\/www.noidiqua.it\/Agliana\/?s={search_term_string}\"},\"query-input\":{\"@type\":\"PropertyValueSpecification\",\"valueRequired\":true,\"valueName\":\"search_term_string\"}}],\"inLanguage\":\"it-IT\"},{\"@type\":\"Person\",\"@id\":\"https:\/\/www.noidiqua.it\/Agliana\/#\/schema\/person\/e2e6f44da50af0dae9c90ad168e471a4\",\"name\":\"Giacomo Bini\",\"image\":{\"@type\":\"ImageObject\",\"inLanguage\":\"it-IT\",\"@id\":\"https:\/\/www.noidiqua.it\/Agliana\/#\/schema\/person\/image\/\",\"url\":\"https:\/\/secure.gravatar.com\/avatar\/e5c18ae41df5ae37397358f2c6046696187d51a120c5d0b8f0c49f7b606f46f4?s=96&d=mm&r=g\",\"contentUrl\":\"https:\/\/secure.gravatar.com\/avatar\/e5c18ae41df5ae37397358f2c6046696187d51a120c5d0b8f0c49f7b606f46f4?s=96&d=mm&r=g\",\"caption\":\"Giacomo Bini\"},\"url\":\"https:\/\/www.noidiqua.it\/Agliana\/author\/giacomo-bini\/\"}]}<\/script>\n<!-- \/ Yoast SEO plugin. -->","yoast_head_json":{"title":"Estate 2022: voglia di normalit\u00e0 - Noi di Qua Testata giornalistica e di attualit\u00e0 di Agliana, Montale e Quarrata.","robots":{"index":"index","follow":"follow","max-snippet":"max-snippet:-1","max-image-preview":"max-image-preview:large","max-video-preview":"max-video-preview:-1"},"canonical":"https:\/\/www.noidiqua.it\/Agliana\/estate-2022-voglia-di-normalita\/","og_locale":"it_IT","og_type":"article","og_title":"Estate 2022: voglia di normalit\u00e0 - Noi di Qua Testata giornalistica e di attualit\u00e0 di Agliana, Montale e Quarrata.","og_description":"di Giacomo Bini giugno 2022 C\u2019\u00e8 tanta voglia di uscire di casa e di ritrovarsi in piazza, nei parchi, negli spazi pubblici e negli impianti sportivi. E&#8217; un\u2019estate che ha il gusto antico eppure nuovissimo della normalit\u00e0, in cui si avverte un fermento particolare, quello della vita [&hellip;]","og_url":"https:\/\/www.noidiqua.it\/Agliana\/estate-2022-voglia-di-normalita\/","og_site_name":"Noi di Qua Testata giornalistica e di attualit\u00e0 di Agliana, Montale e Quarrata.","article_publisher":"https:\/\/www.facebook.com\/noidiqua.trimestrale\/","article_published_time":"2022-06-12T13:28:20+00:00","article_modified_time":"2022-07-12T10:20:07+00:00","og_image":[{"url":"https:\/\/www.noidiqua.it\/Agliana\/wp-content\/uploads\/2022\/07\/appunti.png","type":"","width":"","height":""}],"author":"Giacomo Bini","twitter_misc":{"Scritto da":"Giacomo Bini","Tempo di lettura stimato":"3 minuti"},"schema":{"@context":"https:\/\/schema.org","@graph":[{"@type":"WebPage","@id":"https:\/\/www.noidiqua.it\/Agliana\/estate-2022-voglia-di-normalita\/","url":"https:\/\/www.noidiqua.it\/Agliana\/estate-2022-voglia-di-normalita\/","name":"Estate 2022: voglia di normalit\u00e0 - Noi di Qua Testata giornalistica e di attualit\u00e0 di Agliana, Montale e Quarrata.","isPartOf":{"@id":"https:\/\/www.noidiqua.it\/Agliana\/#website"},"primaryImageOfPage":{"@id":"https:\/\/www.noidiqua.it\/Agliana\/estate-2022-voglia-di-normalita\/#primaryimage"},"image":{"@id":"https:\/\/www.noidiqua.it\/Agliana\/estate-2022-voglia-di-normalita\/#primaryimage"},"thumbnailUrl":"https:\/\/www.noidiqua.it\/Agliana\/wp-content\/uploads\/2022\/07\/appunti.png","datePublished":"2022-06-12T13:28:20+00:00","dateModified":"2022-07-12T10:20:07+00:00","author":{"@id":"https:\/\/www.noidiqua.it\/Agliana\/#\/schema\/person\/e2e6f44da50af0dae9c90ad168e471a4"},"breadcrumb":{"@id":"https:\/\/www.noidiqua.it\/Agliana\/estate-2022-voglia-di-normalita\/#breadcrumb"},"inLanguage":"it-IT","potentialAction":[{"@type":"ReadAction","target":["https:\/\/www.noidiqua.it\/Agliana\/estate-2022-voglia-di-normalita\/"]}]},{"@type":"ImageObject","inLanguage":"it-IT","@id":"https:\/\/www.noidiqua.it\/Agliana\/estate-2022-voglia-di-normalita\/#primaryimage","url":"https:\/\/www.noidiqua.it\/Agliana\/wp-content\/uploads\/2022\/07\/appunti.png","contentUrl":"https:\/\/www.noidiqua.it\/Agliana\/wp-content\/uploads\/2022\/07\/appunti.png","width":487,"height":385},{"@type":"BreadcrumbList","@id":"https:\/\/www.noidiqua.it\/Agliana\/estate-2022-voglia-di-normalita\/#breadcrumb","itemListElement":[{"@type":"ListItem","position":1,"name":"Home","item":"https:\/\/www.noidiqua.it\/Agliana\/"},{"@type":"ListItem","position":2,"name":"Estate 2022: voglia di normalit\u00e0"}]},{"@type":"WebSite","@id":"https:\/\/www.noidiqua.it\/Agliana\/#website","url":"https:\/\/www.noidiqua.it\/Agliana\/","name":"Noi di Qua Testata giornalistica e di attualit\u00e0 di Agliana, Montale e Quarrata.","description":"Testata Giornalistica Quarrata Montale Agliana","potentialAction":[{"@type":"SearchAction","target":{"@type":"EntryPoint","urlTemplate":"https:\/\/www.noidiqua.it\/Agliana\/?s={search_term_string}"},"query-input":{"@type":"PropertyValueSpecification","valueRequired":true,"valueName":"search_term_string"}}],"inLanguage":"it-IT"},{"@type":"Person","@id":"https:\/\/www.noidiqua.it\/Agliana\/#\/schema\/person\/e2e6f44da50af0dae9c90ad168e471a4","name":"Giacomo Bini","image":{"@type":"ImageObject","inLanguage":"it-IT","@id":"https:\/\/www.noidiqua.it\/Agliana\/#\/schema\/person\/image\/","url":"https:\/\/secure.gravatar.com\/avatar\/e5c18ae41df5ae37397358f2c6046696187d51a120c5d0b8f0c49f7b606f46f4?s=96&d=mm&r=g","contentUrl":"https:\/\/secure.gravatar.com\/avatar\/e5c18ae41df5ae37397358f2c6046696187d51a120c5d0b8f0c49f7b606f46f4?s=96&d=mm&r=g","caption":"Giacomo Bini"},"url":"https:\/\/www.noidiqua.it\/Agliana\/author\/giacomo-bini\/"}]}},"_links":{"self":[{"href":"https:\/\/www.noidiqua.it\/Agliana\/wp-json\/wp\/v2\/posts\/7393","targetHints":{"allow":["GET"]}}],"collection":[{"href":"https:\/\/www.noidiqua.it\/Agliana\/wp-json\/wp\/v2\/posts"}],"about":[{"href":"https:\/\/www.noidiqua.it\/Agliana\/wp-json\/wp\/v2\/types\/post"}],"author":[{"embeddable":true,"href":"https:\/\/www.noidiqua.it\/Agliana\/wp-json\/wp\/v2\/users\/12"}],"replies":[{"embeddable":true,"href":"https:\/\/www.noidiqua.it\/Agliana\/wp-json\/wp\/v2\/comments?post=7393"}],"version-history":[{"count":1,"href":"https:\/\/www.noidiqua.it\/Agliana\/wp-json\/wp\/v2\/posts\/7393\/revisions"}],"predecessor-version":[{"id":7395,"href":"https:\/\/www.noidiqua.it\/Agliana\/wp-json\/wp\/v2\/posts\/7393\/revisions\/7395"}],"wp:attachment":[{"href":"https:\/\/www.noidiqua.it\/Agliana\/wp-json\/wp\/v2\/media?parent=7393"}],"wp:term":[{"taxonomy":"category","embeddable":true,"href":"https:\/\/www.noidiqua.it\/Agliana\/wp-json\/wp\/v2\/categories?post=7393"},{"taxonomy":"post_tag","embeddable":true,"href":"https:\/\/www.noidiqua.it\/Agliana\/wp-json\/wp\/v2\/tags?post=7393"}],"curies":[{"name":"wp","href":"https:\/\/api.w.org\/{rel}","templated":true}]}}