{"id":7396,"date":"2022-06-12T15:35:23","date_gmt":"2022-06-12T13:35:23","guid":{"rendered":"https:\/\/www.noidiqua.it\/Agliana\/?p=7396"},"modified":"2022-10-19T12:19:22","modified_gmt":"2022-10-19T10:19:22","slug":"tommaso-martini-oro-olimpico-di-scherma","status":"publish","type":"post","link":"https:\/\/www.noidiqua.it\/Agliana\/tommaso-martini-oro-olimpico-di-scherma\/","title":{"rendered":"Tommaso Martini &#8211; oro olimpico di scherma"},"content":{"rendered":"<p><em>di Marco Bagnoli. Foto: <a href=\"http:\/\/www.bellinigabriele.it\">Gabriele Bellini<\/a>.<\/em><\/p>\n<p><em>giugno 2022<\/em><\/p>\n<p><a href=\"https:\/\/www.noidiqua.it\/Agliana\/wp-content\/uploads\/2022\/07\/martini-2.png\" rel=\"wp-prettyPhoto[7396]\"><img loading=\"lazy\" decoding=\"async\" class=\"aligncenter size-full wp-image-7397\" src=\"https:\/\/www.noidiqua.it\/Agliana\/wp-content\/uploads\/2022\/07\/martini-2.png\" alt=\"\" width=\"491\" height=\"425\" srcset=\"https:\/\/www.noidiqua.it\/Agliana\/wp-content\/uploads\/2022\/07\/martini-2.png 491w, https:\/\/www.noidiqua.it\/Agliana\/wp-content\/uploads\/2022\/07\/martini-2-300x260.png 300w\" sizes=\"auto, (max-width: 491px) 100vw, 491px\" \/><\/a><\/p>\n<p class=\"p1\">Quest\u2019oggi, che fa caldo, abbiamo deciso di trattarci bene: si intervista un oro, un oro mondiale! E l\u2019oro in questione se ne va in giro ormai da vent\u2019anni per le vie di Agliana, dove \u00e8 sempre vissuto, e risponde al nome di Tommaso Martini, classe 2002. Dovete sapere che appena fatta la maturit\u00e0 Tommaso ha deciso di entrare nell\u2019Arma dei Carabinieri, e questo per incanalare al meglio quella che \u00e8 la sua grande passione sportiva, la scherma, e cercare di raggiungere il massimo degli obiettivi immaginabili. Dopo un primo periodo a Pistoia, oggi Tommaso si allena presso il Club Scherma Agliana A.S.D. Inutile dire che in famiglia i genitori, Valentina e Andrea, lo appoggiano incondizionatamente, mentre il fratello Niccol\u00f2, pi\u00f9 piccolo di tre anni, gi\u00e0 si allena in pedana come lui.<\/p>\n<p class=\"p1\">Ma si stava parlando di oro \u2013 dove sta quest\u2019oro? L\u2019oro mondiale l\u2019hanno riportato a casa da Dubai Tommaso e la squadra nazionale nella quale gareggia, il sette aprile di quest\u2019anno, ai Campionati del mondo giovani. Grande la soddisfazione poi dei suoi allenatori, Mabel Biagiotti e Agostino Sanacore, che dire! Certo, la lista dei successi raggiunti da Tommaso prenderebbe tutto l\u2019articolo, quindi sar\u00e0 meglio dargli direttamente la parola. Giusto lo spazio per dire che Tommaso Martini \u00e8 stato riconosciuto dalla Federazione Italiana Scherma come Atleta di Interesse Nazionale, nella specialit\u00e0 Fioretto Maschile. Ancora complimenti!<\/p>\n<p><a href=\"https:\/\/www.noidiqua.it\/Agliana\/wp-content\/uploads\/2022\/07\/martini-3.png\" rel=\"wp-prettyPhoto[7396]\"><img loading=\"lazy\" decoding=\"async\" class=\"aligncenter size-full wp-image-7398\" src=\"https:\/\/www.noidiqua.it\/Agliana\/wp-content\/uploads\/2022\/07\/martini-3.png\" alt=\"\" width=\"244\" height=\"397\" srcset=\"https:\/\/www.noidiqua.it\/Agliana\/wp-content\/uploads\/2022\/07\/martini-3.png 244w, https:\/\/www.noidiqua.it\/Agliana\/wp-content\/uploads\/2022\/07\/martini-3-184x300.png 184w\" sizes=\"auto, (max-width: 244px) 100vw, 244px\" \/><\/a><\/p>\n<p class=\"p1\"><b>Quando hai iniziato a praticare la scherma?<\/b><\/p>\n<p class=\"p1\"><i>\u00abHo iniziato a praticare la scherma quando ero in quarta elementare, era il periodo che provavo tutti gli sport, avevo fatto nuoto \u2013 ed \u00e8 venuto il mio maestro Agostino, a fare una dimostrazione di scherma alla scuola qua ad Agliana \u2013 e niente, mi ha subito appassionato\u2026\u00bb<\/i><\/p>\n<p class=\"p1\"><b>Parlaci della conquista dell\u2019oro mondiale, e chi sono i tuoi compagni di squadra?<\/b><\/p>\n<p class=\"p1\"><i>\u00abL\u2019oro di Dubai \u00e8 stato un po&#8217; il coronamento, la fine di una stagione, che \u00e8 stata molto lunga. Venivamo gi\u00e0 dall\u2019oro degli Europei a squadre, per\u00f2 \u00e8 stato un anno molto particolare perch\u00e9 l\u2019anno scorso non abbiamo potuto fare nessun tipo di gara, per il Covid, e ci siamo ritrovati, a fare le prime gare di Coppa del mondo a settembre-ottobre con una squadra diciamo inedita, che non abbiamo mai provato gli anni scorsi. <\/i><\/p>\n<p class=\"p1\"><i>E allora siamo partiti, tra l\u2019altro con il CT nuovo, Stefano Cerioni, e un po&#8217; tutto l\u2019ambiente nuovo, a fare la prima gara \u2013 che tra l\u2019altro \u00e8 andata proprio male. Allora abbiamo lavorato durante l\u2019anno, abbiamo fatto tanti ritiro insieme, e successivamente con le gare abbiamo ingranato e poi, da quella sconfitta l\u00ec sono arrivati due ori consecutivi, sempre in Coppa del mondo, sempre a squadre. Poi siamo arrivati agli Europei abbiamo vinto e poi abbiamo vinto anche i Mondiali. I miei compagni di squadra sono Iacopo Bonato, Damiano Di Veroli e Giulio Lombardi\u00bb.<\/i><\/p>\n<p class=\"p1\"><b>Consiglieresti la scherma ad altri ragazzi?<\/b><\/p>\n<p class=\"p1\"><i>\u00abS\u00ec, molto, perch\u00e9 da fuori, e lo capisco, sembra un mondo molto particolare; per\u00f2 oltre a essere un bellissimo sport, ti insegna poi tantissimo, tanti valori che poi uno si ritrova nella vita reale. Innanzitutto ti insegna a non mollare mai\u00bb.<\/i><\/p>\n<p><a href=\"https:\/\/www.noidiqua.it\/Agliana\/wp-content\/uploads\/2022\/07\/martini-1.png\" rel=\"wp-prettyPhoto[7396]\"><img loading=\"lazy\" decoding=\"async\" class=\"aligncenter size-full wp-image-7399\" src=\"https:\/\/www.noidiqua.it\/Agliana\/wp-content\/uploads\/2022\/07\/martini-1.png\" alt=\"\" width=\"487\" height=\"407\" srcset=\"https:\/\/www.noidiqua.it\/Agliana\/wp-content\/uploads\/2022\/07\/martini-1.png 487w, https:\/\/www.noidiqua.it\/Agliana\/wp-content\/uploads\/2022\/07\/martini-1-300x251.png 300w\" sizes=\"auto, (max-width: 487px) 100vw, 487px\" \/><\/a><\/p>\n<p class=\"p1\">E proprio il 29 maggio Tommaso ha anche conquistato il bronzo individuale ai Campionati Italiani U20, il 31 il bronzo individuale e il primo giugno l\u2019oro a squadre ai campionati italiani di fioretto maschile categoria Assoluti. Tre gare in quattro giorni, una soddisfazione dietro l\u2019altra!<\/p>","protected":false},"excerpt":{"rendered":"<p>di Marco Bagnoli. Foto: Gabriele Bellini. giugno 2022 Quest\u2019oggi, che fa caldo, abbiamo deciso di trattarci bene: si intervista un oro, un oro mondiale! E l\u2019oro in questione se ne va in giro ormai da vent\u2019anni per le vie di Agliana, dove \u00e8 sempre vissuto, e risponde [&hellip;]<\/p>","protected":false},"author":3,"featured_media":0,"comment_status":"open","ping_status":"open","sticky":false,"template":"","format":"standard","meta":{"footnotes":""},"categories":[2,144],"tags":[3177,1875,1880,3176,1876,3175,3174,1873],"class_list":["post-7396","post","type-post","status-publish","format-standard","hentry","category-ag","category-lo-sport-di-qua","tag-atleta-di-interesse-nazionale","tag-club-scherma-agliana","tag-federazione-italiana-scherma","tag-fioretto-maschile","tag-mabel-biagotti","tag-oro-olimpico","tag-scherma","tag-tommaso-martini"],"yoast_head":"<!-- This site is optimized with the Yoast SEO plugin v25.5 - https:\/\/yoast.com\/wordpress\/plugins\/seo\/ -->\n<title>Tommaso Martini - oro olimpico di scherma - Noi di Qua Testata giornalistica e di attualit\u00e0 di Agliana, Montale e Quarrata.<\/title>\n<meta name=\"robots\" content=\"index, follow, max-snippet:-1, max-image-preview:large, max-video-preview:-1\" \/>\n<link rel=\"canonical\" href=\"https:\/\/www.noidiqua.it\/Agliana\/tommaso-martini-oro-olimpico-di-scherma\/\" \/>\n<meta property=\"og:locale\" content=\"it_IT\" \/>\n<meta property=\"og:type\" content=\"article\" \/>\n<meta property=\"og:title\" content=\"Tommaso Martini - oro olimpico di scherma - Noi di Qua Testata giornalistica e di attualit\u00e0 di Agliana, Montale e Quarrata.\" \/>\n<meta property=\"og:description\" content=\"di Marco Bagnoli. Foto: Gabriele Bellini. giugno 2022 Quest\u2019oggi, che fa caldo, abbiamo deciso di trattarci bene: si intervista un oro, un oro mondiale! E l\u2019oro in questione se ne va in giro ormai da vent\u2019anni per le vie di Agliana, dove \u00e8 sempre vissuto, e risponde [&hellip;]\" \/>\n<meta property=\"og:url\" content=\"https:\/\/www.noidiqua.it\/Agliana\/tommaso-martini-oro-olimpico-di-scherma\/\" \/>\n<meta property=\"og:site_name\" content=\"Noi di Qua Testata giornalistica e di attualit\u00e0 di Agliana, Montale e Quarrata.\" \/>\n<meta property=\"article:publisher\" content=\"https:\/\/www.facebook.com\/noidiqua.trimestrale\/\" \/>\n<meta property=\"article:published_time\" content=\"2022-06-12T13:35:23+00:00\" \/>\n<meta property=\"article:modified_time\" content=\"2022-10-19T10:19:22+00:00\" \/>\n<meta property=\"og:image\" content=\"https:\/\/www.noidiqua.it\/Agliana\/wp-content\/uploads\/2022\/07\/martini-2.png\" \/>\n<meta name=\"author\" content=\"Marco Bagnoli\" \/>\n<meta name=\"twitter:label1\" content=\"Scritto da\" \/>\n\t<meta name=\"twitter:data1\" content=\"Marco Bagnoli\" \/>\n\t<meta name=\"twitter:label2\" content=\"Tempo di lettura stimato\" \/>\n\t<meta name=\"twitter:data2\" content=\"3 minuti\" \/>\n<script type=\"application\/ld+json\" class=\"yoast-schema-graph\">{\"@context\":\"https:\/\/schema.org\",\"@graph\":[{\"@type\":\"WebPage\",\"@id\":\"https:\/\/www.noidiqua.it\/Agliana\/tommaso-martini-oro-olimpico-di-scherma\/\",\"url\":\"https:\/\/www.noidiqua.it\/Agliana\/tommaso-martini-oro-olimpico-di-scherma\/\",\"name\":\"Tommaso Martini - oro olimpico di scherma - Noi di Qua Testata giornalistica e di attualit\u00e0 di Agliana, Montale e Quarrata.\",\"isPartOf\":{\"@id\":\"https:\/\/www.noidiqua.it\/Agliana\/#website\"},\"primaryImageOfPage\":{\"@id\":\"https:\/\/www.noidiqua.it\/Agliana\/tommaso-martini-oro-olimpico-di-scherma\/#primaryimage\"},\"image\":{\"@id\":\"https:\/\/www.noidiqua.it\/Agliana\/tommaso-martini-oro-olimpico-di-scherma\/#primaryimage\"},\"thumbnailUrl\":\"https:\/\/www.noidiqua.it\/Agliana\/wp-content\/uploads\/2022\/07\/martini-2.png\",\"datePublished\":\"2022-06-12T13:35:23+00:00\",\"dateModified\":\"2022-10-19T10:19:22+00:00\",\"author\":{\"@id\":\"https:\/\/www.noidiqua.it\/Agliana\/#\/schema\/person\/4e183cb0c6d7951e716a876aa702e1a2\"},\"breadcrumb\":{\"@id\":\"https:\/\/www.noidiqua.it\/Agliana\/tommaso-martini-oro-olimpico-di-scherma\/#breadcrumb\"},\"inLanguage\":\"it-IT\",\"potentialAction\":[{\"@type\":\"ReadAction\",\"target\":[\"https:\/\/www.noidiqua.it\/Agliana\/tommaso-martini-oro-olimpico-di-scherma\/\"]}]},{\"@type\":\"ImageObject\",\"inLanguage\":\"it-IT\",\"@id\":\"https:\/\/www.noidiqua.it\/Agliana\/tommaso-martini-oro-olimpico-di-scherma\/#primaryimage\",\"url\":\"https:\/\/www.noidiqua.it\/Agliana\/wp-content\/uploads\/2022\/07\/martini-2.png\",\"contentUrl\":\"https:\/\/www.noidiqua.it\/Agliana\/wp-content\/uploads\/2022\/07\/martini-2.png\",\"width\":491,\"height\":425},{\"@type\":\"BreadcrumbList\",\"@id\":\"https:\/\/www.noidiqua.it\/Agliana\/tommaso-martini-oro-olimpico-di-scherma\/#breadcrumb\",\"itemListElement\":[{\"@type\":\"ListItem\",\"position\":1,\"name\":\"Home\",\"item\":\"https:\/\/www.noidiqua.it\/Agliana\/\"},{\"@type\":\"ListItem\",\"position\":2,\"name\":\"Tommaso Martini &#8211; oro olimpico di scherma\"}]},{\"@type\":\"WebSite\",\"@id\":\"https:\/\/www.noidiqua.it\/Agliana\/#website\",\"url\":\"https:\/\/www.noidiqua.it\/Agliana\/\",\"name\":\"Noi di Qua Testata giornalistica e di attualit\u00e0 di Agliana, Montale e Quarrata.\",\"description\":\"Testata Giornalistica Quarrata Montale Agliana\",\"potentialAction\":[{\"@type\":\"SearchAction\",\"target\":{\"@type\":\"EntryPoint\",\"urlTemplate\":\"https:\/\/www.noidiqua.it\/Agliana\/?s={search_term_string}\"},\"query-input\":{\"@type\":\"PropertyValueSpecification\",\"valueRequired\":true,\"valueName\":\"search_term_string\"}}],\"inLanguage\":\"it-IT\"},{\"@type\":\"Person\",\"@id\":\"https:\/\/www.noidiqua.it\/Agliana\/#\/schema\/person\/4e183cb0c6d7951e716a876aa702e1a2\",\"name\":\"Marco Bagnoli\",\"image\":{\"@type\":\"ImageObject\",\"inLanguage\":\"it-IT\",\"@id\":\"https:\/\/www.noidiqua.it\/Agliana\/#\/schema\/person\/image\/\",\"url\":\"https:\/\/secure.gravatar.com\/avatar\/73ace53724c50db9c48af54756f17b7cdb015a9d8d2c08c7e04e480539a94eee?s=96&d=mm&r=g\",\"contentUrl\":\"https:\/\/secure.gravatar.com\/avatar\/73ace53724c50db9c48af54756f17b7cdb015a9d8d2c08c7e04e480539a94eee?s=96&d=mm&r=g\",\"caption\":\"Marco Bagnoli\"},\"url\":\"https:\/\/www.noidiqua.it\/Agliana\/author\/marco-bagnoli\/\"}]}<\/script>\n<!-- \/ Yoast SEO plugin. -->","yoast_head_json":{"title":"Tommaso Martini - oro olimpico di scherma - Noi di Qua Testata giornalistica e di attualit\u00e0 di Agliana, Montale e Quarrata.","robots":{"index":"index","follow":"follow","max-snippet":"max-snippet:-1","max-image-preview":"max-image-preview:large","max-video-preview":"max-video-preview:-1"},"canonical":"https:\/\/www.noidiqua.it\/Agliana\/tommaso-martini-oro-olimpico-di-scherma\/","og_locale":"it_IT","og_type":"article","og_title":"Tommaso Martini - oro olimpico di scherma - Noi di Qua Testata giornalistica e di attualit\u00e0 di Agliana, Montale e Quarrata.","og_description":"di Marco Bagnoli. Foto: Gabriele Bellini. giugno 2022 Quest\u2019oggi, che fa caldo, abbiamo deciso di trattarci bene: si intervista un oro, un oro mondiale! E l\u2019oro in questione se ne va in giro ormai da vent\u2019anni per le vie di Agliana, dove \u00e8 sempre vissuto, e risponde [&hellip;]","og_url":"https:\/\/www.noidiqua.it\/Agliana\/tommaso-martini-oro-olimpico-di-scherma\/","og_site_name":"Noi di Qua Testata giornalistica e di attualit\u00e0 di Agliana, Montale e Quarrata.","article_publisher":"https:\/\/www.facebook.com\/noidiqua.trimestrale\/","article_published_time":"2022-06-12T13:35:23+00:00","article_modified_time":"2022-10-19T10:19:22+00:00","og_image":[{"url":"https:\/\/www.noidiqua.it\/Agliana\/wp-content\/uploads\/2022\/07\/martini-2.png","type":"","width":"","height":""}],"author":"Marco Bagnoli","twitter_misc":{"Scritto da":"Marco Bagnoli","Tempo di lettura stimato":"3 minuti"},"schema":{"@context":"https:\/\/schema.org","@graph":[{"@type":"WebPage","@id":"https:\/\/www.noidiqua.it\/Agliana\/tommaso-martini-oro-olimpico-di-scherma\/","url":"https:\/\/www.noidiqua.it\/Agliana\/tommaso-martini-oro-olimpico-di-scherma\/","name":"Tommaso Martini - oro olimpico di scherma - Noi di Qua Testata giornalistica e di attualit\u00e0 di Agliana, Montale e Quarrata.","isPartOf":{"@id":"https:\/\/www.noidiqua.it\/Agliana\/#website"},"primaryImageOfPage":{"@id":"https:\/\/www.noidiqua.it\/Agliana\/tommaso-martini-oro-olimpico-di-scherma\/#primaryimage"},"image":{"@id":"https:\/\/www.noidiqua.it\/Agliana\/tommaso-martini-oro-olimpico-di-scherma\/#primaryimage"},"thumbnailUrl":"https:\/\/www.noidiqua.it\/Agliana\/wp-content\/uploads\/2022\/07\/martini-2.png","datePublished":"2022-06-12T13:35:23+00:00","dateModified":"2022-10-19T10:19:22+00:00","author":{"@id":"https:\/\/www.noidiqua.it\/Agliana\/#\/schema\/person\/4e183cb0c6d7951e716a876aa702e1a2"},"breadcrumb":{"@id":"https:\/\/www.noidiqua.it\/Agliana\/tommaso-martini-oro-olimpico-di-scherma\/#breadcrumb"},"inLanguage":"it-IT","potentialAction":[{"@type":"ReadAction","target":["https:\/\/www.noidiqua.it\/Agliana\/tommaso-martini-oro-olimpico-di-scherma\/"]}]},{"@type":"ImageObject","inLanguage":"it-IT","@id":"https:\/\/www.noidiqua.it\/Agliana\/tommaso-martini-oro-olimpico-di-scherma\/#primaryimage","url":"https:\/\/www.noidiqua.it\/Agliana\/wp-content\/uploads\/2022\/07\/martini-2.png","contentUrl":"https:\/\/www.noidiqua.it\/Agliana\/wp-content\/uploads\/2022\/07\/martini-2.png","width":491,"height":425},{"@type":"BreadcrumbList","@id":"https:\/\/www.noidiqua.it\/Agliana\/tommaso-martini-oro-olimpico-di-scherma\/#breadcrumb","itemListElement":[{"@type":"ListItem","position":1,"name":"Home","item":"https:\/\/www.noidiqua.it\/Agliana\/"},{"@type":"ListItem","position":2,"name":"Tommaso Martini &#8211; oro olimpico di scherma"}]},{"@type":"WebSite","@id":"https:\/\/www.noidiqua.it\/Agliana\/#website","url":"https:\/\/www.noidiqua.it\/Agliana\/","name":"Noi di Qua Testata giornalistica e di attualit\u00e0 di Agliana, Montale e Quarrata.","description":"Testata Giornalistica Quarrata Montale Agliana","potentialAction":[{"@type":"SearchAction","target":{"@type":"EntryPoint","urlTemplate":"https:\/\/www.noidiqua.it\/Agliana\/?s={search_term_string}"},"query-input":{"@type":"PropertyValueSpecification","valueRequired":true,"valueName":"search_term_string"}}],"inLanguage":"it-IT"},{"@type":"Person","@id":"https:\/\/www.noidiqua.it\/Agliana\/#\/schema\/person\/4e183cb0c6d7951e716a876aa702e1a2","name":"Marco Bagnoli","image":{"@type":"ImageObject","inLanguage":"it-IT","@id":"https:\/\/www.noidiqua.it\/Agliana\/#\/schema\/person\/image\/","url":"https:\/\/secure.gravatar.com\/avatar\/73ace53724c50db9c48af54756f17b7cdb015a9d8d2c08c7e04e480539a94eee?s=96&d=mm&r=g","contentUrl":"https:\/\/secure.gravatar.com\/avatar\/73ace53724c50db9c48af54756f17b7cdb015a9d8d2c08c7e04e480539a94eee?s=96&d=mm&r=g","caption":"Marco Bagnoli"},"url":"https:\/\/www.noidiqua.it\/Agliana\/author\/marco-bagnoli\/"}]}},"_links":{"self":[{"href":"https:\/\/www.noidiqua.it\/Agliana\/wp-json\/wp\/v2\/posts\/7396","targetHints":{"allow":["GET"]}}],"collection":[{"href":"https:\/\/www.noidiqua.it\/Agliana\/wp-json\/wp\/v2\/posts"}],"about":[{"href":"https:\/\/www.noidiqua.it\/Agliana\/wp-json\/wp\/v2\/types\/post"}],"author":[{"embeddable":true,"href":"https:\/\/www.noidiqua.it\/Agliana\/wp-json\/wp\/v2\/users\/3"}],"replies":[{"embeddable":true,"href":"https:\/\/www.noidiqua.it\/Agliana\/wp-json\/wp\/v2\/comments?post=7396"}],"version-history":[{"count":2,"href":"https:\/\/www.noidiqua.it\/Agliana\/wp-json\/wp\/v2\/posts\/7396\/revisions"}],"predecessor-version":[{"id":7477,"href":"https:\/\/www.noidiqua.it\/Agliana\/wp-json\/wp\/v2\/posts\/7396\/revisions\/7477"}],"wp:attachment":[{"href":"https:\/\/www.noidiqua.it\/Agliana\/wp-json\/wp\/v2\/media?parent=7396"}],"wp:term":[{"taxonomy":"category","embeddable":true,"href":"https:\/\/www.noidiqua.it\/Agliana\/wp-json\/wp\/v2\/categories?post=7396"},{"taxonomy":"post_tag","embeddable":true,"href":"https:\/\/www.noidiqua.it\/Agliana\/wp-json\/wp\/v2\/tags?post=7396"}],"curies":[{"name":"wp","href":"https:\/\/api.w.org\/{rel}","templated":true}]}}