{"id":7417,"date":"2022-06-12T16:57:50","date_gmt":"2022-06-12T14:57:50","guid":{"rendered":"https:\/\/www.noidiqua.it\/Agliana\/?p=7417"},"modified":"2022-07-12T12:19:02","modified_gmt":"2022-07-12T10:19:02","slug":"top-car-audio-trentanni-di-attivita","status":"publish","type":"post","link":"https:\/\/www.noidiqua.it\/Agliana\/top-car-audio-trentanni-di-attivita\/","title":{"rendered":"Top Car Audio &#8211; trent&#8217;anni di attivit\u00e0"},"content":{"rendered":"<p><em>di Serena Michelozzi<\/em><\/p>\n<p><em>giugno 2022<\/em><\/p>\n<p><a href=\"https:\/\/www.noidiqua.it\/Agliana\/wp-content\/uploads\/2022\/07\/TOP-CAR-FOTO-2.png\" rel=\"wp-prettyPhoto[7417]\"><img loading=\"lazy\" decoding=\"async\" class=\"aligncenter size-full wp-image-7418\" src=\"https:\/\/www.noidiqua.it\/Agliana\/wp-content\/uploads\/2022\/07\/TOP-CAR-FOTO-2.png\" alt=\"\" width=\"491\" height=\"370\" srcset=\"https:\/\/www.noidiqua.it\/Agliana\/wp-content\/uploads\/2022\/07\/TOP-CAR-FOTO-2.png 491w, https:\/\/www.noidiqua.it\/Agliana\/wp-content\/uploads\/2022\/07\/TOP-CAR-FOTO-2-300x226.png 300w\" sizes=\"auto, (max-width: 491px) 100vw, 491px\" \/><\/a><\/p>\n<p class=\"p1\"><span class=\"s1\"><strong>Top Car Audio<\/strong> di Agliana quest\u2019anno compie ben<strong> 30 anni<\/strong> di attivit\u00e0, ed al suo timone vi \u00e8 <strong>Andrea Cecchi<\/strong>, che ci racconta la lunga strada percorsa per arrivare ad un cos\u00ec importante traguardo. <\/span><\/p>\n<p class=\"p1\"><span class=\"s1\">Subito dopo il diploma, Andrea \u00e8 andato a lavorare per un\u2019azienda che si occupava di controllo e manutenzione dei marcatempo nonch\u00e9 di antifurti in aziende e scuole. Dopo circa nove mesi si \u00e8 reso conto che la sua passione era il mondo dell&#8217;auto, cos\u00ec che, seguendo il suo istinto, \u00e8 andato a lavorare per un installatore pistoiese dove \u00e8 rimasto circa due anni. La strada di Andrea era quindi gi\u00e0 scritta. Basti pensare che fin da bambino adorava modificare la radio di sua nonna o aggiustare gli <strong>apparecchi elettronici<\/strong> di tutto il vicinato. <\/span><\/p>\n<p class=\"p1\"><span class=\"s1\"><i>\u00abA soli 21 anni con un mio ex compagno delle superiori ho poi aperto la Top Car Audio; era precisamente novembre del 1991. Dopo alcuni anni il mio socio, forse stanco dei ritmi frenetici, si \u00e8 ritirato. Ho cos\u00ec rilevato la Top Car Audio e mi sono rimboccato le maniche; dopo 30 anni sono ancora a gestire il mio negozio\u00bb<\/i> ci racconta Andrea, che descrive questo lungo percorso pieno di soddisfazioni personali e gratificazioni da parte dei suoi clienti e delle aziende per cui lavora.<\/span><\/p>\n<p><a href=\"https:\/\/www.noidiqua.it\/Agliana\/wp-content\/uploads\/2022\/07\/TOP-CAR-FOTO-1.png\" rel=\"wp-prettyPhoto[7417]\"><img loading=\"lazy\" decoding=\"async\" class=\"aligncenter size-full wp-image-7419\" src=\"https:\/\/www.noidiqua.it\/Agliana\/wp-content\/uploads\/2022\/07\/TOP-CAR-FOTO-1.png\" alt=\"\" width=\"493\" height=\"344\" srcset=\"https:\/\/www.noidiqua.it\/Agliana\/wp-content\/uploads\/2022\/07\/TOP-CAR-FOTO-1.png 493w, https:\/\/www.noidiqua.it\/Agliana\/wp-content\/uploads\/2022\/07\/TOP-CAR-FOTO-1-300x209.png 300w\" sizes=\"auto, (max-width: 493px) 100vw, 493px\" \/><\/a><\/p>\n<p class=\"p1\"><span class=\"s1\">Nel corso degli anni Andrea ha avuto due collaboratori, di cui uno \u00e8 ancora nel suo staff da circa venti anni: <i>\u00abLeonardo \u00e8 un ragazzo eccezionale, molto preparato e competente nel suo lavoro, che gestisce la parte dedicata alla telefonia\u00bb<\/i> specifica Andrea. <i>\u00abHa fatto e sta facendo molto per il mio negozio con un ottimo riscontro della nostra clientela. Inoltre da circa due anni allo staff si \u00e8 aggiunta anche la mia compagna<span class=\"Apple-converted-space\">\u00a0 <\/span>Paola che si occupa della parte amministrativa\u00bb<\/i>. <\/span><\/p>\n<p class=\"p1\"><span class=\"s1\">La Top Car Audio si divide in due settori, uno dedicato alla telefonia e quindi alla rivendita di telefoni cellulari, accessori, sino ai <strong>contratti telefonici<\/strong> e alla fibra; l\u2019altro, rappresenta sostanzialmente il mondo di Andrea, ossia integrazioni degli impianti originali delle auto, antifurto e tutto il meglio della <strong>Hi Fi<\/strong>, sistemi di antifurto e video sorveglianza per le abitazioni, nonch\u00e9 sistemi di <strong>home theatre<\/strong>. <i>\u00abPer rimanere in linea con tutte le tecnologie che si sono susseguite nel mondo dell\u2019auto, ho dedicato molto tempo a corsi di aggiornamento e di formazione. Per il futuro io e Leonardo possiamo garantire lo stesso impegno e la stessa passione che abbiamo messo in tutti questi anni di collaborazione\u00bb <\/i>conclude Andrea Cecchi. <\/span><\/p>","protected":false},"excerpt":{"rendered":"<p>di Serena Michelozzi giugno 2022 Top Car Audio di Agliana quest\u2019anno compie ben 30 anni di attivit\u00e0, ed al suo timone vi \u00e8 Andrea Cecchi, che ci racconta la lunga strada percorsa per arrivare ad un cos\u00ec importante traguardo. Subito dopo il diploma, Andrea \u00e8 andato a [&hellip;]<\/p>","protected":false},"author":101011,"featured_media":0,"comment_status":"open","ping_status":"open","sticky":false,"template":"","format":"standard","meta":{"footnotes":""},"categories":[2,1029],"tags":[3197,3193,3194,3195,3196,3198,3192],"class_list":["post-7417","post","type-post","status-publish","format-standard","hentry","category-ag","category-una-bella-impresa","tag-30-anni","tag-andrea-cecchi","tag-apparecchi-elettronici","tag-contratti-telefonici","tag-hi-fi","tag-home-theatre","tag-top-car-audio"],"yoast_head":"<!-- This site is optimized with the Yoast SEO plugin v25.5 - https:\/\/yoast.com\/wordpress\/plugins\/seo\/ -->\n<title>Top Car Audio - trent&#039;anni di attivit\u00e0 - Noi di Qua Testata giornalistica e di attualit\u00e0 di Agliana, Montale e Quarrata.<\/title>\n<meta name=\"robots\" content=\"index, follow, max-snippet:-1, max-image-preview:large, max-video-preview:-1\" \/>\n<link rel=\"canonical\" href=\"https:\/\/www.noidiqua.it\/Agliana\/top-car-audio-trentanni-di-attivita\/\" \/>\n<meta property=\"og:locale\" content=\"it_IT\" \/>\n<meta property=\"og:type\" content=\"article\" \/>\n<meta property=\"og:title\" content=\"Top Car Audio - trent&#039;anni di attivit\u00e0 - Noi di Qua Testata giornalistica e di attualit\u00e0 di Agliana, Montale e Quarrata.\" \/>\n<meta property=\"og:description\" content=\"di Serena Michelozzi giugno 2022 Top Car Audio di Agliana quest\u2019anno compie ben 30 anni di attivit\u00e0, ed al suo timone vi \u00e8 Andrea Cecchi, che ci racconta la lunga strada percorsa per arrivare ad un cos\u00ec importante traguardo. Subito dopo il diploma, Andrea \u00e8 andato a [&hellip;]\" \/>\n<meta property=\"og:url\" content=\"https:\/\/www.noidiqua.it\/Agliana\/top-car-audio-trentanni-di-attivita\/\" \/>\n<meta property=\"og:site_name\" content=\"Noi di Qua Testata giornalistica e di attualit\u00e0 di Agliana, Montale e Quarrata.\" \/>\n<meta property=\"article:publisher\" content=\"https:\/\/www.facebook.com\/noidiqua.trimestrale\/\" \/>\n<meta property=\"article:published_time\" content=\"2022-06-12T14:57:50+00:00\" \/>\n<meta property=\"article:modified_time\" content=\"2022-07-12T10:19:02+00:00\" \/>\n<meta property=\"og:image\" content=\"https:\/\/www.noidiqua.it\/Agliana\/wp-content\/uploads\/2022\/07\/TOP-CAR-FOTO-2.png\" \/>\n<meta name=\"author\" content=\"Serena Michelozzi\" \/>\n<meta name=\"twitter:label1\" content=\"Scritto da\" \/>\n\t<meta name=\"twitter:data1\" content=\"Serena Michelozzi\" \/>\n\t<meta name=\"twitter:label2\" content=\"Tempo di lettura stimato\" \/>\n\t<meta name=\"twitter:data2\" content=\"2 minuti\" \/>\n<script type=\"application\/ld+json\" class=\"yoast-schema-graph\">{\"@context\":\"https:\/\/schema.org\",\"@graph\":[{\"@type\":\"WebPage\",\"@id\":\"https:\/\/www.noidiqua.it\/Agliana\/top-car-audio-trentanni-di-attivita\/\",\"url\":\"https:\/\/www.noidiqua.it\/Agliana\/top-car-audio-trentanni-di-attivita\/\",\"name\":\"Top Car Audio - trent'anni di attivit\u00e0 - Noi di Qua Testata giornalistica e di attualit\u00e0 di Agliana, Montale e Quarrata.\",\"isPartOf\":{\"@id\":\"https:\/\/www.noidiqua.it\/Agliana\/#website\"},\"primaryImageOfPage\":{\"@id\":\"https:\/\/www.noidiqua.it\/Agliana\/top-car-audio-trentanni-di-attivita\/#primaryimage\"},\"image\":{\"@id\":\"https:\/\/www.noidiqua.it\/Agliana\/top-car-audio-trentanni-di-attivita\/#primaryimage\"},\"thumbnailUrl\":\"https:\/\/www.noidiqua.it\/Agliana\/wp-content\/uploads\/2022\/07\/TOP-CAR-FOTO-2.png\",\"datePublished\":\"2022-06-12T14:57:50+00:00\",\"dateModified\":\"2022-07-12T10:19:02+00:00\",\"author\":{\"@id\":\"https:\/\/www.noidiqua.it\/Agliana\/#\/schema\/person\/4763a96f0bdf332cc8a55478dbeba163\"},\"breadcrumb\":{\"@id\":\"https:\/\/www.noidiqua.it\/Agliana\/top-car-audio-trentanni-di-attivita\/#breadcrumb\"},\"inLanguage\":\"it-IT\",\"potentialAction\":[{\"@type\":\"ReadAction\",\"target\":[\"https:\/\/www.noidiqua.it\/Agliana\/top-car-audio-trentanni-di-attivita\/\"]}]},{\"@type\":\"ImageObject\",\"inLanguage\":\"it-IT\",\"@id\":\"https:\/\/www.noidiqua.it\/Agliana\/top-car-audio-trentanni-di-attivita\/#primaryimage\",\"url\":\"https:\/\/www.noidiqua.it\/Agliana\/wp-content\/uploads\/2022\/07\/TOP-CAR-FOTO-2.png\",\"contentUrl\":\"https:\/\/www.noidiqua.it\/Agliana\/wp-content\/uploads\/2022\/07\/TOP-CAR-FOTO-2.png\",\"width\":491,\"height\":370},{\"@type\":\"BreadcrumbList\",\"@id\":\"https:\/\/www.noidiqua.it\/Agliana\/top-car-audio-trentanni-di-attivita\/#breadcrumb\",\"itemListElement\":[{\"@type\":\"ListItem\",\"position\":1,\"name\":\"Home\",\"item\":\"https:\/\/www.noidiqua.it\/Agliana\/\"},{\"@type\":\"ListItem\",\"position\":2,\"name\":\"Top Car Audio &#8211; trent&#8217;anni di attivit\u00e0\"}]},{\"@type\":\"WebSite\",\"@id\":\"https:\/\/www.noidiqua.it\/Agliana\/#website\",\"url\":\"https:\/\/www.noidiqua.it\/Agliana\/\",\"name\":\"Noi di Qua Testata giornalistica e di attualit\u00e0 di Agliana, Montale e Quarrata.\",\"description\":\"Testata Giornalistica Quarrata Montale Agliana\",\"potentialAction\":[{\"@type\":\"SearchAction\",\"target\":{\"@type\":\"EntryPoint\",\"urlTemplate\":\"https:\/\/www.noidiqua.it\/Agliana\/?s={search_term_string}\"},\"query-input\":{\"@type\":\"PropertyValueSpecification\",\"valueRequired\":true,\"valueName\":\"search_term_string\"}}],\"inLanguage\":\"it-IT\"},{\"@type\":\"Person\",\"@id\":\"https:\/\/www.noidiqua.it\/Agliana\/#\/schema\/person\/4763a96f0bdf332cc8a55478dbeba163\",\"name\":\"Serena Michelozzi\",\"image\":{\"@type\":\"ImageObject\",\"inLanguage\":\"it-IT\",\"@id\":\"https:\/\/www.noidiqua.it\/Agliana\/#\/schema\/person\/image\/\",\"url\":\"https:\/\/secure.gravatar.com\/avatar\/a8efaab8953a1edb4943a89dbca993e803bf8bcf5221a8ff937a96a5b9914aab?s=96&d=mm&r=g\",\"contentUrl\":\"https:\/\/secure.gravatar.com\/avatar\/a8efaab8953a1edb4943a89dbca993e803bf8bcf5221a8ff937a96a5b9914aab?s=96&d=mm&r=g\",\"caption\":\"Serena Michelozzi\"},\"url\":\"https:\/\/www.noidiqua.it\/Agliana\/author\/serena-michelozzi\/\"}]}<\/script>\n<!-- \/ Yoast SEO plugin. -->","yoast_head_json":{"title":"Top Car Audio - trent'anni di attivit\u00e0 - Noi di Qua Testata giornalistica e di attualit\u00e0 di Agliana, Montale e Quarrata.","robots":{"index":"index","follow":"follow","max-snippet":"max-snippet:-1","max-image-preview":"max-image-preview:large","max-video-preview":"max-video-preview:-1"},"canonical":"https:\/\/www.noidiqua.it\/Agliana\/top-car-audio-trentanni-di-attivita\/","og_locale":"it_IT","og_type":"article","og_title":"Top Car Audio - trent'anni di attivit\u00e0 - Noi di Qua Testata giornalistica e di attualit\u00e0 di Agliana, Montale e Quarrata.","og_description":"di Serena Michelozzi giugno 2022 Top Car Audio di Agliana quest\u2019anno compie ben 30 anni di attivit\u00e0, ed al suo timone vi \u00e8 Andrea Cecchi, che ci racconta la lunga strada percorsa per arrivare ad un cos\u00ec importante traguardo. Subito dopo il diploma, Andrea \u00e8 andato a [&hellip;]","og_url":"https:\/\/www.noidiqua.it\/Agliana\/top-car-audio-trentanni-di-attivita\/","og_site_name":"Noi di Qua Testata giornalistica e di attualit\u00e0 di Agliana, Montale e Quarrata.","article_publisher":"https:\/\/www.facebook.com\/noidiqua.trimestrale\/","article_published_time":"2022-06-12T14:57:50+00:00","article_modified_time":"2022-07-12T10:19:02+00:00","og_image":[{"url":"https:\/\/www.noidiqua.it\/Agliana\/wp-content\/uploads\/2022\/07\/TOP-CAR-FOTO-2.png","type":"","width":"","height":""}],"author":"Serena Michelozzi","twitter_misc":{"Scritto da":"Serena Michelozzi","Tempo di lettura stimato":"2 minuti"},"schema":{"@context":"https:\/\/schema.org","@graph":[{"@type":"WebPage","@id":"https:\/\/www.noidiqua.it\/Agliana\/top-car-audio-trentanni-di-attivita\/","url":"https:\/\/www.noidiqua.it\/Agliana\/top-car-audio-trentanni-di-attivita\/","name":"Top Car Audio - trent'anni di attivit\u00e0 - Noi di Qua Testata giornalistica e di attualit\u00e0 di Agliana, Montale e Quarrata.","isPartOf":{"@id":"https:\/\/www.noidiqua.it\/Agliana\/#website"},"primaryImageOfPage":{"@id":"https:\/\/www.noidiqua.it\/Agliana\/top-car-audio-trentanni-di-attivita\/#primaryimage"},"image":{"@id":"https:\/\/www.noidiqua.it\/Agliana\/top-car-audio-trentanni-di-attivita\/#primaryimage"},"thumbnailUrl":"https:\/\/www.noidiqua.it\/Agliana\/wp-content\/uploads\/2022\/07\/TOP-CAR-FOTO-2.png","datePublished":"2022-06-12T14:57:50+00:00","dateModified":"2022-07-12T10:19:02+00:00","author":{"@id":"https:\/\/www.noidiqua.it\/Agliana\/#\/schema\/person\/4763a96f0bdf332cc8a55478dbeba163"},"breadcrumb":{"@id":"https:\/\/www.noidiqua.it\/Agliana\/top-car-audio-trentanni-di-attivita\/#breadcrumb"},"inLanguage":"it-IT","potentialAction":[{"@type":"ReadAction","target":["https:\/\/www.noidiqua.it\/Agliana\/top-car-audio-trentanni-di-attivita\/"]}]},{"@type":"ImageObject","inLanguage":"it-IT","@id":"https:\/\/www.noidiqua.it\/Agliana\/top-car-audio-trentanni-di-attivita\/#primaryimage","url":"https:\/\/www.noidiqua.it\/Agliana\/wp-content\/uploads\/2022\/07\/TOP-CAR-FOTO-2.png","contentUrl":"https:\/\/www.noidiqua.it\/Agliana\/wp-content\/uploads\/2022\/07\/TOP-CAR-FOTO-2.png","width":491,"height":370},{"@type":"BreadcrumbList","@id":"https:\/\/www.noidiqua.it\/Agliana\/top-car-audio-trentanni-di-attivita\/#breadcrumb","itemListElement":[{"@type":"ListItem","position":1,"name":"Home","item":"https:\/\/www.noidiqua.it\/Agliana\/"},{"@type":"ListItem","position":2,"name":"Top Car Audio &#8211; trent&#8217;anni di attivit\u00e0"}]},{"@type":"WebSite","@id":"https:\/\/www.noidiqua.it\/Agliana\/#website","url":"https:\/\/www.noidiqua.it\/Agliana\/","name":"Noi di Qua Testata giornalistica e di attualit\u00e0 di Agliana, Montale e Quarrata.","description":"Testata Giornalistica Quarrata Montale Agliana","potentialAction":[{"@type":"SearchAction","target":{"@type":"EntryPoint","urlTemplate":"https:\/\/www.noidiqua.it\/Agliana\/?s={search_term_string}"},"query-input":{"@type":"PropertyValueSpecification","valueRequired":true,"valueName":"search_term_string"}}],"inLanguage":"it-IT"},{"@type":"Person","@id":"https:\/\/www.noidiqua.it\/Agliana\/#\/schema\/person\/4763a96f0bdf332cc8a55478dbeba163","name":"Serena Michelozzi","image":{"@type":"ImageObject","inLanguage":"it-IT","@id":"https:\/\/www.noidiqua.it\/Agliana\/#\/schema\/person\/image\/","url":"https:\/\/secure.gravatar.com\/avatar\/a8efaab8953a1edb4943a89dbca993e803bf8bcf5221a8ff937a96a5b9914aab?s=96&d=mm&r=g","contentUrl":"https:\/\/secure.gravatar.com\/avatar\/a8efaab8953a1edb4943a89dbca993e803bf8bcf5221a8ff937a96a5b9914aab?s=96&d=mm&r=g","caption":"Serena Michelozzi"},"url":"https:\/\/www.noidiqua.it\/Agliana\/author\/serena-michelozzi\/"}]}},"_links":{"self":[{"href":"https:\/\/www.noidiqua.it\/Agliana\/wp-json\/wp\/v2\/posts\/7417","targetHints":{"allow":["GET"]}}],"collection":[{"href":"https:\/\/www.noidiqua.it\/Agliana\/wp-json\/wp\/v2\/posts"}],"about":[{"href":"https:\/\/www.noidiqua.it\/Agliana\/wp-json\/wp\/v2\/types\/post"}],"author":[{"embeddable":true,"href":"https:\/\/www.noidiqua.it\/Agliana\/wp-json\/wp\/v2\/users\/101011"}],"replies":[{"embeddable":true,"href":"https:\/\/www.noidiqua.it\/Agliana\/wp-json\/wp\/v2\/comments?post=7417"}],"version-history":[{"count":2,"href":"https:\/\/www.noidiqua.it\/Agliana\/wp-json\/wp\/v2\/posts\/7417\/revisions"}],"predecessor-version":[{"id":7483,"href":"https:\/\/www.noidiqua.it\/Agliana\/wp-json\/wp\/v2\/posts\/7417\/revisions\/7483"}],"wp:attachment":[{"href":"https:\/\/www.noidiqua.it\/Agliana\/wp-json\/wp\/v2\/media?parent=7417"}],"wp:term":[{"taxonomy":"category","embeddable":true,"href":"https:\/\/www.noidiqua.it\/Agliana\/wp-json\/wp\/v2\/categories?post=7417"},{"taxonomy":"post_tag","embeddable":true,"href":"https:\/\/www.noidiqua.it\/Agliana\/wp-json\/wp\/v2\/tags?post=7417"}],"curies":[{"name":"wp","href":"https:\/\/api.w.org\/{rel}","templated":true}]}}