{"id":7454,"date":"2022-06-12T10:01:36","date_gmt":"2022-06-12T08:01:36","guid":{"rendered":"https:\/\/www.noidiqua.it\/Agliana\/?p=7454"},"modified":"2022-07-12T12:16:43","modified_gmt":"2022-07-12T10:16:43","slug":"medici-in-fuga","status":"publish","type":"post","link":"https:\/\/www.noidiqua.it\/Agliana\/medici-in-fuga\/","title":{"rendered":"Medici in fuga"},"content":{"rendered":"<p><em>di Paola Maria Mandelli<\/em><\/p>\n<p><em>giugno 2022<\/em><\/p>\n<p><a href=\"https:\/\/www.noidiqua.it\/Agliana\/wp-content\/uploads\/2022\/07\/una-mela.png\" rel=\"wp-prettyPhoto[7454]\"><img loading=\"lazy\" decoding=\"async\" class=\"aligncenter size-full wp-image-7455\" src=\"https:\/\/www.noidiqua.it\/Agliana\/wp-content\/uploads\/2022\/07\/una-mela.png\" alt=\"\" width=\"488\" height=\"344\" srcset=\"https:\/\/www.noidiqua.it\/Agliana\/wp-content\/uploads\/2022\/07\/una-mela.png 488w, https:\/\/www.noidiqua.it\/Agliana\/wp-content\/uploads\/2022\/07\/una-mela-300x211.png 300w\" sizes=\"auto, (max-width: 488px) 100vw, 488px\" \/><\/a><\/p>\n<p class=\"p1\"><span class=\"s1\">Quella dei medici italiani \u00e8 una grande fuga iniziata anche prima della pandemia e che, in tre anni, ha portato il Servizio sanitario nazionale a perdere quasi 21mila specialisti. Dimissioni, trasferimenti all\u2019estero, pensionamenti, passaggio al settore privato. Dal 2019 al 2021, hanno abbandonato l\u2019ospedale 8.000 camici bianchi per dimissioni volontarie e scadenza del contratto a tempo determinato e 12.645 per pensionamenti, decessi e invalidit\u00e0 al 100%. <\/span><span class=\"s2\"><b>Sono tante le giustificazioni che hanno spinto all\u2019addio: da uno stato di esaurimento sul piano emotivo, fisico e mentale (Sindrome di Burnout), alla ricerca di un posto che preservi il proprio benessere, al desiderio di poter avere la possibilit\u00e0 di gestire le giornate di lavoro difendendo l\u2019equilibrio tra lavoro e vita privata. <\/b><\/span><span class=\"s1\">La pandemia ha peggiorato le condizioni di lavoro soprattutto negli ospedali. Da sempre un certo numero di medici decide di cambiare lavoro, ma abbiamo assistito dal 2017 in tutta Italia ad una vera e propria esplosione del fenomeno. <\/span><\/p>\n<p class=\"p1\"><span class=\"s1\">Le Aziende sanitarie dovrebbero, quindi, incominciare a dare concrete risposte a questo disagio crescente. <\/span><span class=\"s2\"><b>Gli orari di lavoro sono \u201cpesanti\u201d e le condizioni di lavoro insicure<\/b><\/span><span class=\"s1\">; la flessibilit\u00e0 nell\u2019organizzazione del lavoro \u00e8 scarsa, in assenza di innovativi strumenti di programmazione aziendale, gli stipendi non sono in linea con i contratti di lavoro sottoscritti; non vengono valorizzate le competenze dei professionisti nei processi di \u201cgoverno clinico\u201d delle attivit\u00e0; non sono garantiti per i medici dipendenti percorsi di carriera e opportunit\u00e0 di crescita. La fuga dei medici rischia di impattare sulla sanit\u00e0 universalistica, per come la conosciamo. Il livello attuale delle uscite dei medici (pensionamenti pi\u00f9 dimissioni volontarie) mette infatti seriamente in pericolo la tenuta del Servizio Sanitario nazionale, visto che di fronte ad uscite di circa 7.000 medici specialisti ogni anno, l\u2019attuale capacit\u00e0 formativa \u00e8 intorno a 6.000 neo specialisti, di cui in base a precedenti studi solo il 65% accetterebbe un contratto di lavoro con il SSN. <\/span><\/p>\n<p class=\"p1\"><span class=\"s1\">Alberto Oliveti, presidente della Cassa Previdenziale dei medici, ha commentato i dati emersi da una ricerca che denuncia la sofferenza di una categoria, giovani compresi, in cui il Burnout incide pesantemente, con un terzo dei medici che vorrebbe andare in pensione. La sanit\u00e0 del prossimo futuro si sta organizzando sul nuovo modello di assistenza sanitaria come stabilito dal PNR perch\u00e9 i sistemi sanitari sono efficienti quando funziona l\u2019assistenza territoriale. Questa deve essere capillare nei servizi erogati per rispondere ai bisogni di salute della popolazione tramite un\u2019adeguata presa in carico della comunit\u00e0 con modelli organizzativi basati su gruppi multidisciplinari e multiprofessionali, supportati da una adeguata tecnologia di primo livello. <\/span><\/p>\n<p class=\"p1\"><span class=\"s1\">Solo in Toscana andranno in pensione in 3 anni circa 600 medici di famiglia su 2398 e non basteranno i 526 nuovi medici diplomati, alcuni dei quali poi faranno altre specializzazioni; ci sono ambiti territoriali dove i bandi vanno deserti, specie lontano dalle citt\u00e0. In Toscana si \u00e8 deciso di rendere appetibile la convenzione al tirocinante (specializzando) consentendo la presa in carico di nuove scelte a patto di continuare a formarsi. I modelli organizzativi sono fondamentali, ma il medico di famiglia, non pu\u00f2 essere sostituito dal medico di comunit\u00e0: se chiediamo ai cittadini di scegliere fra un difensore di fiducia o un difensore d\u2019ufficio \u00e8 evidente quale sarebbe la scelta.<\/span><span class=\"s2\"> <b>E qui stiamo parlando di difesa della salute, un diritto costituzionale individuale e di interesse collettivo. <\/b><\/span><\/p>","protected":false},"excerpt":{"rendered":"<p>di Paola Maria Mandelli giugno 2022 Quella dei medici italiani \u00e8 una grande fuga iniziata anche prima della pandemia e che, in tre anni, ha portato il Servizio sanitario nazionale a perdere quasi 21mila specialisti. Dimissioni, trasferimenti all\u2019estero, pensionamenti, passaggio al settore privato. Dal 2019 al 2021, [&hellip;]<\/p>","protected":false},"author":101014,"featured_media":0,"comment_status":"open","ping_status":"open","sticky":false,"template":"","format":"standard","meta":{"footnotes":""},"categories":[2,31],"tags":[3261,3260,1266,3264,1729,3263,3262,296,133],"class_list":["post-7454","post","type-post","status-publish","format-standard","hentry","category-ag","category-una-mela-al-giorno-qt","tag-assistenza-territoriale","tag-fuga","tag-medici","tag-medici-di-famiglia","tag-medico-di-famiglia","tag-pnr","tag-servizio-sanitario-nazionale","tag-toscana","tag-una-mela-al-giorno"],"yoast_head":"<!-- This site is optimized with the Yoast SEO plugin v25.5 - https:\/\/yoast.com\/wordpress\/plugins\/seo\/ -->\n<title>Medici in fuga - Noi di Qua Testata giornalistica e di attualit\u00e0 di Agliana, Montale e Quarrata.<\/title>\n<meta name=\"robots\" content=\"index, follow, max-snippet:-1, max-image-preview:large, max-video-preview:-1\" \/>\n<link rel=\"canonical\" href=\"https:\/\/www.noidiqua.it\/Agliana\/medici-in-fuga\/\" \/>\n<meta property=\"og:locale\" content=\"it_IT\" \/>\n<meta property=\"og:type\" content=\"article\" \/>\n<meta property=\"og:title\" content=\"Medici in fuga - Noi di Qua Testata giornalistica e di attualit\u00e0 di Agliana, Montale e Quarrata.\" \/>\n<meta property=\"og:description\" content=\"di Paola Maria Mandelli giugno 2022 Quella dei medici italiani \u00e8 una grande fuga iniziata anche prima della pandemia e che, in tre anni, ha portato il Servizio sanitario nazionale a perdere quasi 21mila specialisti. Dimissioni, trasferimenti all\u2019estero, pensionamenti, passaggio al settore privato. Dal 2019 al 2021, [&hellip;]\" \/>\n<meta property=\"og:url\" content=\"https:\/\/www.noidiqua.it\/Agliana\/medici-in-fuga\/\" \/>\n<meta property=\"og:site_name\" content=\"Noi di Qua Testata giornalistica e di attualit\u00e0 di Agliana, Montale e Quarrata.\" \/>\n<meta property=\"article:publisher\" content=\"https:\/\/www.facebook.com\/noidiqua.trimestrale\/\" \/>\n<meta property=\"article:published_time\" content=\"2022-06-12T08:01:36+00:00\" \/>\n<meta property=\"article:modified_time\" content=\"2022-07-12T10:16:43+00:00\" \/>\n<meta property=\"og:image\" content=\"https:\/\/www.noidiqua.it\/Agliana\/wp-content\/uploads\/2022\/07\/una-mela.png\" \/>\n<meta name=\"author\" content=\"Paola Maria Mandelli\" \/>\n<meta name=\"twitter:label1\" content=\"Scritto da\" \/>\n\t<meta name=\"twitter:data1\" content=\"Paola Maria Mandelli\" \/>\n\t<meta name=\"twitter:label2\" content=\"Tempo di lettura stimato\" \/>\n\t<meta name=\"twitter:data2\" content=\"3 minuti\" \/>\n<script type=\"application\/ld+json\" class=\"yoast-schema-graph\">{\"@context\":\"https:\/\/schema.org\",\"@graph\":[{\"@type\":\"WebPage\",\"@id\":\"https:\/\/www.noidiqua.it\/Agliana\/medici-in-fuga\/\",\"url\":\"https:\/\/www.noidiqua.it\/Agliana\/medici-in-fuga\/\",\"name\":\"Medici in fuga - Noi di Qua Testata giornalistica e di attualit\u00e0 di Agliana, Montale e Quarrata.\",\"isPartOf\":{\"@id\":\"https:\/\/www.noidiqua.it\/Agliana\/#website\"},\"primaryImageOfPage\":{\"@id\":\"https:\/\/www.noidiqua.it\/Agliana\/medici-in-fuga\/#primaryimage\"},\"image\":{\"@id\":\"https:\/\/www.noidiqua.it\/Agliana\/medici-in-fuga\/#primaryimage\"},\"thumbnailUrl\":\"https:\/\/www.noidiqua.it\/Agliana\/wp-content\/uploads\/2022\/07\/una-mela.png\",\"datePublished\":\"2022-06-12T08:01:36+00:00\",\"dateModified\":\"2022-07-12T10:16:43+00:00\",\"author\":{\"@id\":\"https:\/\/www.noidiqua.it\/Agliana\/#\/schema\/person\/648f75ce7c013c638265e4752ded135c\"},\"breadcrumb\":{\"@id\":\"https:\/\/www.noidiqua.it\/Agliana\/medici-in-fuga\/#breadcrumb\"},\"inLanguage\":\"it-IT\",\"potentialAction\":[{\"@type\":\"ReadAction\",\"target\":[\"https:\/\/www.noidiqua.it\/Agliana\/medici-in-fuga\/\"]}]},{\"@type\":\"ImageObject\",\"inLanguage\":\"it-IT\",\"@id\":\"https:\/\/www.noidiqua.it\/Agliana\/medici-in-fuga\/#primaryimage\",\"url\":\"https:\/\/www.noidiqua.it\/Agliana\/wp-content\/uploads\/2022\/07\/una-mela.png\",\"contentUrl\":\"https:\/\/www.noidiqua.it\/Agliana\/wp-content\/uploads\/2022\/07\/una-mela.png\",\"width\":488,\"height\":344},{\"@type\":\"BreadcrumbList\",\"@id\":\"https:\/\/www.noidiqua.it\/Agliana\/medici-in-fuga\/#breadcrumb\",\"itemListElement\":[{\"@type\":\"ListItem\",\"position\":1,\"name\":\"Home\",\"item\":\"https:\/\/www.noidiqua.it\/Agliana\/\"},{\"@type\":\"ListItem\",\"position\":2,\"name\":\"Medici in fuga\"}]},{\"@type\":\"WebSite\",\"@id\":\"https:\/\/www.noidiqua.it\/Agliana\/#website\",\"url\":\"https:\/\/www.noidiqua.it\/Agliana\/\",\"name\":\"Noi di Qua Testata giornalistica e di attualit\u00e0 di Agliana, Montale e Quarrata.\",\"description\":\"Testata Giornalistica Quarrata Montale Agliana\",\"potentialAction\":[{\"@type\":\"SearchAction\",\"target\":{\"@type\":\"EntryPoint\",\"urlTemplate\":\"https:\/\/www.noidiqua.it\/Agliana\/?s={search_term_string}\"},\"query-input\":{\"@type\":\"PropertyValueSpecification\",\"valueRequired\":true,\"valueName\":\"search_term_string\"}}],\"inLanguage\":\"it-IT\"},{\"@type\":\"Person\",\"@id\":\"https:\/\/www.noidiqua.it\/Agliana\/#\/schema\/person\/648f75ce7c013c638265e4752ded135c\",\"name\":\"Paola Maria Mandelli\",\"image\":{\"@type\":\"ImageObject\",\"inLanguage\":\"it-IT\",\"@id\":\"https:\/\/www.noidiqua.it\/Agliana\/#\/schema\/person\/image\/\",\"url\":\"https:\/\/secure.gravatar.com\/avatar\/36a1604078ac68a02457b1c1830174c74a01009237fc4b38945230bcad46ebfa?s=96&d=mm&r=g\",\"contentUrl\":\"https:\/\/secure.gravatar.com\/avatar\/36a1604078ac68a02457b1c1830174c74a01009237fc4b38945230bcad46ebfa?s=96&d=mm&r=g\",\"caption\":\"Paola Maria Mandelli\"},\"url\":\"https:\/\/www.noidiqua.it\/Agliana\/author\/paola-maria-mandelli\/\"}]}<\/script>\n<!-- \/ Yoast SEO plugin. -->","yoast_head_json":{"title":"Medici in fuga - Noi di Qua Testata giornalistica e di attualit\u00e0 di Agliana, Montale e Quarrata.","robots":{"index":"index","follow":"follow","max-snippet":"max-snippet:-1","max-image-preview":"max-image-preview:large","max-video-preview":"max-video-preview:-1"},"canonical":"https:\/\/www.noidiqua.it\/Agliana\/medici-in-fuga\/","og_locale":"it_IT","og_type":"article","og_title":"Medici in fuga - Noi di Qua Testata giornalistica e di attualit\u00e0 di Agliana, Montale e Quarrata.","og_description":"di Paola Maria Mandelli giugno 2022 Quella dei medici italiani \u00e8 una grande fuga iniziata anche prima della pandemia e che, in tre anni, ha portato il Servizio sanitario nazionale a perdere quasi 21mila specialisti. Dimissioni, trasferimenti all\u2019estero, pensionamenti, passaggio al settore privato. Dal 2019 al 2021, [&hellip;]","og_url":"https:\/\/www.noidiqua.it\/Agliana\/medici-in-fuga\/","og_site_name":"Noi di Qua Testata giornalistica e di attualit\u00e0 di Agliana, Montale e Quarrata.","article_publisher":"https:\/\/www.facebook.com\/noidiqua.trimestrale\/","article_published_time":"2022-06-12T08:01:36+00:00","article_modified_time":"2022-07-12T10:16:43+00:00","og_image":[{"url":"https:\/\/www.noidiqua.it\/Agliana\/wp-content\/uploads\/2022\/07\/una-mela.png","type":"","width":"","height":""}],"author":"Paola Maria Mandelli","twitter_misc":{"Scritto da":"Paola Maria Mandelli","Tempo di lettura stimato":"3 minuti"},"schema":{"@context":"https:\/\/schema.org","@graph":[{"@type":"WebPage","@id":"https:\/\/www.noidiqua.it\/Agliana\/medici-in-fuga\/","url":"https:\/\/www.noidiqua.it\/Agliana\/medici-in-fuga\/","name":"Medici in fuga - Noi di Qua Testata giornalistica e di attualit\u00e0 di Agliana, Montale e Quarrata.","isPartOf":{"@id":"https:\/\/www.noidiqua.it\/Agliana\/#website"},"primaryImageOfPage":{"@id":"https:\/\/www.noidiqua.it\/Agliana\/medici-in-fuga\/#primaryimage"},"image":{"@id":"https:\/\/www.noidiqua.it\/Agliana\/medici-in-fuga\/#primaryimage"},"thumbnailUrl":"https:\/\/www.noidiqua.it\/Agliana\/wp-content\/uploads\/2022\/07\/una-mela.png","datePublished":"2022-06-12T08:01:36+00:00","dateModified":"2022-07-12T10:16:43+00:00","author":{"@id":"https:\/\/www.noidiqua.it\/Agliana\/#\/schema\/person\/648f75ce7c013c638265e4752ded135c"},"breadcrumb":{"@id":"https:\/\/www.noidiqua.it\/Agliana\/medici-in-fuga\/#breadcrumb"},"inLanguage":"it-IT","potentialAction":[{"@type":"ReadAction","target":["https:\/\/www.noidiqua.it\/Agliana\/medici-in-fuga\/"]}]},{"@type":"ImageObject","inLanguage":"it-IT","@id":"https:\/\/www.noidiqua.it\/Agliana\/medici-in-fuga\/#primaryimage","url":"https:\/\/www.noidiqua.it\/Agliana\/wp-content\/uploads\/2022\/07\/una-mela.png","contentUrl":"https:\/\/www.noidiqua.it\/Agliana\/wp-content\/uploads\/2022\/07\/una-mela.png","width":488,"height":344},{"@type":"BreadcrumbList","@id":"https:\/\/www.noidiqua.it\/Agliana\/medici-in-fuga\/#breadcrumb","itemListElement":[{"@type":"ListItem","position":1,"name":"Home","item":"https:\/\/www.noidiqua.it\/Agliana\/"},{"@type":"ListItem","position":2,"name":"Medici in fuga"}]},{"@type":"WebSite","@id":"https:\/\/www.noidiqua.it\/Agliana\/#website","url":"https:\/\/www.noidiqua.it\/Agliana\/","name":"Noi di Qua Testata giornalistica e di attualit\u00e0 di Agliana, Montale e Quarrata.","description":"Testata Giornalistica Quarrata Montale Agliana","potentialAction":[{"@type":"SearchAction","target":{"@type":"EntryPoint","urlTemplate":"https:\/\/www.noidiqua.it\/Agliana\/?s={search_term_string}"},"query-input":{"@type":"PropertyValueSpecification","valueRequired":true,"valueName":"search_term_string"}}],"inLanguage":"it-IT"},{"@type":"Person","@id":"https:\/\/www.noidiqua.it\/Agliana\/#\/schema\/person\/648f75ce7c013c638265e4752ded135c","name":"Paola Maria Mandelli","image":{"@type":"ImageObject","inLanguage":"it-IT","@id":"https:\/\/www.noidiqua.it\/Agliana\/#\/schema\/person\/image\/","url":"https:\/\/secure.gravatar.com\/avatar\/36a1604078ac68a02457b1c1830174c74a01009237fc4b38945230bcad46ebfa?s=96&d=mm&r=g","contentUrl":"https:\/\/secure.gravatar.com\/avatar\/36a1604078ac68a02457b1c1830174c74a01009237fc4b38945230bcad46ebfa?s=96&d=mm&r=g","caption":"Paola Maria Mandelli"},"url":"https:\/\/www.noidiqua.it\/Agliana\/author\/paola-maria-mandelli\/"}]}},"_links":{"self":[{"href":"https:\/\/www.noidiqua.it\/Agliana\/wp-json\/wp\/v2\/posts\/7454","targetHints":{"allow":["GET"]}}],"collection":[{"href":"https:\/\/www.noidiqua.it\/Agliana\/wp-json\/wp\/v2\/posts"}],"about":[{"href":"https:\/\/www.noidiqua.it\/Agliana\/wp-json\/wp\/v2\/types\/post"}],"author":[{"embeddable":true,"href":"https:\/\/www.noidiqua.it\/Agliana\/wp-json\/wp\/v2\/users\/101014"}],"replies":[{"embeddable":true,"href":"https:\/\/www.noidiqua.it\/Agliana\/wp-json\/wp\/v2\/comments?post=7454"}],"version-history":[{"count":2,"href":"https:\/\/www.noidiqua.it\/Agliana\/wp-json\/wp\/v2\/posts\/7454\/revisions"}],"predecessor-version":[{"id":7457,"href":"https:\/\/www.noidiqua.it\/Agliana\/wp-json\/wp\/v2\/posts\/7454\/revisions\/7457"}],"wp:attachment":[{"href":"https:\/\/www.noidiqua.it\/Agliana\/wp-json\/wp\/v2\/media?parent=7454"}],"wp:term":[{"taxonomy":"category","embeddable":true,"href":"https:\/\/www.noidiqua.it\/Agliana\/wp-json\/wp\/v2\/categories?post=7454"},{"taxonomy":"post_tag","embeddable":true,"href":"https:\/\/www.noidiqua.it\/Agliana\/wp-json\/wp\/v2\/tags?post=7454"}],"curies":[{"name":"wp","href":"https:\/\/api.w.org\/{rel}","templated":true}]}}