{"id":7458,"date":"2022-06-12T10:15:04","date_gmt":"2022-06-12T08:15:04","guid":{"rendered":"https:\/\/www.noidiqua.it\/Agliana\/?p=7458"},"modified":"2022-10-19T12:16:40","modified_gmt":"2022-10-19T10:16:40","slug":"associazione-mineralogica-prato-pistoia","status":"publish","type":"post","link":"https:\/\/www.noidiqua.it\/Agliana\/associazione-mineralogica-prato-pistoia\/","title":{"rendered":"Associazione Mineralogica Prato Pistoia"},"content":{"rendered":"<p><em>di David Colzi<\/em><\/p>\n<p><em style=\"line-height: 1.5;\">giugno 2022<\/em><\/p>\n<p><a href=\"https:\/\/www.noidiqua.it\/Agliana\/wp-content\/uploads\/2022\/07\/AMPP-1.png\" rel=\"wp-prettyPhoto[7458]\"><img loading=\"lazy\" decoding=\"async\" class=\"aligncenter size-full wp-image-7459\" src=\"https:\/\/www.noidiqua.it\/Agliana\/wp-content\/uploads\/2022\/07\/AMPP-1.png\" alt=\"\" width=\"482\" height=\"345\" srcset=\"https:\/\/www.noidiqua.it\/Agliana\/wp-content\/uploads\/2022\/07\/AMPP-1.png 482w, https:\/\/www.noidiqua.it\/Agliana\/wp-content\/uploads\/2022\/07\/AMPP-1-300x215.png 300w\" sizes=\"auto, (max-width: 482px) 100vw, 482px\" \/><\/a><\/p>\n<p class=\"p1\"><span class=\"s1\">L\u2019<strong>AMPP<\/strong> \u00e8 un\u2019associazione no profit che dal 2005 unisce le province di Prato e Pistoia. La sua nascita \u00e8 dovuta alla fusione di due gruppi: quello storico di Prato, il GRG (Gruppo Ricerche Geologiche) e il GMGP (Gruppo Mineralogico Geopaleontologico Pistoia). <\/span><\/p>\n<p class=\"p1\"><span class=\"s1\">Per saperne di pi\u00f9 siamo andati a parlarne con i tre componenti aglianesi del consiglio, che sono: <strong>Rocco Biondino<\/strong> &#8211; vicepresidente, <strong>Francesco Bonacchi<\/strong> &#8211; consigliere e <strong>Giancarlo Mangoni<\/strong> &#8211; tesoriere &#8211; nonch\u00e9 figura storica del gruppo. A lui infatti si deve l\u2019intuizione di fondere le due realt\u00e0 di Prato e Pistoia. Oltre a loro, nel consiglio ci sono: Alessio Argentieri &#8211; presidente e Paolo Gianinoni &#8211; segretario. Questa importante realt\u00e0 culturale a carattere amatoriale si interessa di tutto ci\u00f2 che ruota attorno al mondo dei minerali, ma non disdegna neanche l\u2019affascinante universo dei fossili. Per farsi conoscere, l\u2019AMPP organizza mostre scambio, mostre didattiche e <strong>escursioni mineralogiche<\/strong> (gratuite) che coinvolgono i soci, le loro famiglie, oppure semplici appassionati. Inutile dire che quest\u2019ultimi eventi sono particolarmente apprezzati dai pi\u00f9 piccoli, perch\u00e9 si sta all\u2019aperto, ci si sporca le mani e alla fine parla dei \u201ctesori\u201d trovati. Per l\u2019AMPP \u00e8 poi fondamentale la collaborazione con gli altri gruppi mineralogici toscani e italiani e pi\u00f9 in generale con tutte quelle associazioni con le quali possono creare eventi assieme. E siccome la loro sede \u00e8 in via Galcianese, proprio accanto al Museo di <strong>Scienze Planetarie<\/strong> di Prato, i soci si rendono disponibili in giornate specifiche, per mostrare ai ragazzi in visita i minerali al microscopio, rispondendo a tutte le loro domande. Sempre in ambito giovani, il gruppo mantiene contatti con il mondo della scuola, proponendo giornate incontro con i bambini delle elementari. Non solo: L\u2019AMPP \u00e8 in stretto contatto anche con le universit\u00e0 di Firenze e Pisa, con le quali condivide le proprie scoperte che talvolta portano a pubblicazioni su riviste specializzate, come \u00e8 accaduto per un ritrovamento di Giancarlo. E&#8217; capitato persino che un socio abbia dato il nome ad un minerale trovato, in quanto esemplare unico al mondo.<\/span><\/p>\n<p><a href=\"https:\/\/www.noidiqua.it\/Agliana\/wp-content\/uploads\/2022\/07\/AMPP-2.png\" rel=\"wp-prettyPhoto[7458]\"><img loading=\"lazy\" decoding=\"async\" class=\"aligncenter size-full wp-image-7460\" src=\"https:\/\/www.noidiqua.it\/Agliana\/wp-content\/uploads\/2022\/07\/AMPP-2.png\" alt=\"\" width=\"345\" height=\"392\" srcset=\"https:\/\/www.noidiqua.it\/Agliana\/wp-content\/uploads\/2022\/07\/AMPP-2.png 345w, https:\/\/www.noidiqua.it\/Agliana\/wp-content\/uploads\/2022\/07\/AMPP-2-264x300.png 264w\" sizes=\"auto, (max-width: 345px) 100vw, 345px\" \/><\/a><\/p>\n<p class=\"p1\"><span class=\"s1\">Addentrandoci nel mondo della ricerca sul campo, veniamo a scoprire che come variet\u00e0 mineralogiche, la Toscana offre tantissimo, eguagliata solo dalla Sardegna. Oggi per\u00f2 si trovano minerali pi\u00f9 piccoli, alcuni apprezzabili solo col microscopio, perch\u00e9 la raccolta dura ormai da decenni; a questo va aggiunto che le cave accessibili sono sempre meno. Poi, naturalmente, ci vuole un occhio esperto, perch\u00e9 \u00e8 difficile inciampare su un minerale passeggiando nel bosco, come fosse un fungo. Spesso bisogna osservare la natura e intuire che in quella tale parete o in quel singolo masso, data la loro morfologia, pu\u00f2 nascondersi qualcosa di interessante. Perch\u00e9 i <strong>minerali<\/strong>, come fossero <strong>fossili<\/strong>, vanno quasi sempre estratti con una pulizia minuziosa fatta di attrezzi manuali e<span class=\"Apple-converted-space\">\u00a0 <\/span>lavaggi specifici, ponendo la massima attenzione ad ogni passaggio; quindi scordatevi scene tipo quella dei sette nani della Disney che nella loro miniera trovavano le pietre preziose gi\u00e0 luccicanti che li aspettavano in superficie. Va poi detto che i concetti di \u201cprezioso\u201d e \u201craro\u201d in ambito mineralogico, sono opinabili. Infatti, ci dicono i nostri tre esperti, per un cacciatore di minerali non \u00e8 indispensabile trovare qualcosa di unico che valga tanti soldi, ma trovare qualcosa di inusuale per quel territorio e che magari in un altro abbonda. Questo pu\u00f2 portare a interessanti dibatti scientifici. Insomma quello della mineralogia \u00e8 un mondo affascinante, pieno di sfaccettature e tutto da scoprire, proprio come un minerale. <\/span><\/p>\n<p class=\"p3\"><span class=\"s1\">Per informazioni: 3381678432\u00a0<\/span><span class=\"s1\">associazioneampp@libero.it<\/span><\/p>\n<p><a href=\"https:\/\/www.noidiqua.it\/Agliana\/wp-content\/uploads\/2022\/07\/AMPP-3.png\" rel=\"wp-prettyPhoto[7458]\"><img loading=\"lazy\" decoding=\"async\" class=\"aligncenter size-full wp-image-7461\" src=\"https:\/\/www.noidiqua.it\/Agliana\/wp-content\/uploads\/2022\/07\/AMPP-3.png\" alt=\"\" width=\"500\" height=\"205\" srcset=\"https:\/\/www.noidiqua.it\/Agliana\/wp-content\/uploads\/2022\/07\/AMPP-3.png 500w, https:\/\/www.noidiqua.it\/Agliana\/wp-content\/uploads\/2022\/07\/AMPP-3-300x123.png 300w\" sizes=\"auto, (max-width: 500px) 100vw, 500px\" \/><\/a><\/p>\n<p>&nbsp;<\/p>\n<p class=\"p2\"><span class=\"s1\"><b>Giancarlo<\/b>, in oltre quarant\u2019anni di attivit\u00e0, pu\u00f2 vantare una collezione di diverse migliaia di pezzi, comprendenti oltre 250 specie. Si tratta di una raccolta sistematica, organizzata per localit\u00e0 toscane; quindi non riunisce i suoi minerali per tipologia, ma a seconda di dove li ha trovati, cava o miniera che sia. <\/span><\/p>\n<p class=\"p2\"><span class=\"s1\">A <b>Francesco<\/b> invece piacciono i minerali estetici, tipo il Quarzo tramoggia, che nelle nostre colline abbonda ed \u00e8 considerato particolarmente bello, tanto da essere soprannominato \u201cil diamante di Pistoia\u201d. Pensate che ha una struttura talmente limpida e trasparente da sembrare vetro. Francesco ci confida di averne trovati alcuni di oltre 5 centimetri, che sono dimensioni notevoli per questa parte dell\u2019Appennino. Altra sua passione sono i solfuri, che lui colleziona da tutto il mondo.<\/span><\/p>\n<p class=\"p2\"><span class=\"s1\">Quindi Giancarlo e Francesco hanno collezioni composte dai loro ritrovamenti e scambi fatti nelle varie mostre, mentre quella di <b>Rocco<\/b> \u00e8 stata creata negli anni da scambi e acquisti internazionali. <\/span><span class=\"s1\">Iniziata con le conchiglie, oggi comprende anche centinaia di minerali e fossili. Sono pezzi straordinari e alcuni di dimensioni notevoli, come si vede nelle foto in questo articolo. Proprio quest\u2019anno il vice presidente festeggia i suoi primi 30 anni da collezionista.<\/span><\/p>","protected":false},"excerpt":{"rendered":"<p>di David Colzi giugno 2022 L\u2019AMPP \u00e8 un\u2019associazione no profit che dal 2005 unisce le province di Prato e Pistoia. La sua nascita \u00e8 dovuta alla fusione di due gruppi: quello storico di Prato, il GRG (Gruppo Ricerche Geologiche) e il GMGP (Gruppo Mineralogico Geopaleontologico Pistoia). Per [&hellip;]<\/p>","protected":false},"author":5,"featured_media":0,"comment_status":"open","ping_status":"open","sticky":false,"template":"","format":"standard","meta":{"footnotes":""},"categories":[2,6],"tags":[3267,3271,3274,3269,3270,3266,3265,3273,3268,3272],"class_list":["post-7458","post","type-post","status-publish","format-standard","hentry","category-ag","category-curiosita-qt","tag-ampp","tag-escursioni-mineralogiche","tag-fossili","tag-francesco-bonacchi","tag-giancarlo-mangoni","tag-gruppo-mineralogico-geopaleontologico-pistoia","tag-gruppo-ricerche-geologiche","tag-minerali","tag-rocco-biondino","tag-scienze-planetarie"],"yoast_head":"<!-- This site is optimized with the Yoast SEO plugin v25.5 - https:\/\/yoast.com\/wordpress\/plugins\/seo\/ -->\n<title>Associazione Mineralogica Prato Pistoia - Noi di Qua Testata giornalistica e di attualit\u00e0 di Agliana, Montale e Quarrata.<\/title>\n<meta name=\"robots\" content=\"index, follow, max-snippet:-1, max-image-preview:large, max-video-preview:-1\" \/>\n<link rel=\"canonical\" href=\"https:\/\/www.noidiqua.it\/Agliana\/associazione-mineralogica-prato-pistoia\/\" \/>\n<meta property=\"og:locale\" content=\"it_IT\" \/>\n<meta property=\"og:type\" content=\"article\" \/>\n<meta property=\"og:title\" content=\"Associazione Mineralogica Prato Pistoia - Noi di Qua Testata giornalistica e di attualit\u00e0 di Agliana, Montale e Quarrata.\" \/>\n<meta property=\"og:description\" content=\"di David Colzi giugno 2022 L\u2019AMPP \u00e8 un\u2019associazione no profit che dal 2005 unisce le province di Prato e Pistoia. La sua nascita \u00e8 dovuta alla fusione di due gruppi: quello storico di Prato, il GRG (Gruppo Ricerche Geologiche) e il GMGP (Gruppo Mineralogico Geopaleontologico Pistoia). Per [&hellip;]\" \/>\n<meta property=\"og:url\" content=\"https:\/\/www.noidiqua.it\/Agliana\/associazione-mineralogica-prato-pistoia\/\" \/>\n<meta property=\"og:site_name\" content=\"Noi di Qua Testata giornalistica e di attualit\u00e0 di Agliana, Montale e Quarrata.\" \/>\n<meta property=\"article:publisher\" content=\"https:\/\/www.facebook.com\/noidiqua.trimestrale\/\" \/>\n<meta property=\"article:published_time\" content=\"2022-06-12T08:15:04+00:00\" \/>\n<meta property=\"article:modified_time\" content=\"2022-10-19T10:16:40+00:00\" \/>\n<meta property=\"og:image\" content=\"https:\/\/www.noidiqua.it\/Agliana\/wp-content\/uploads\/2022\/07\/AMPP-1.png\" \/>\n<meta name=\"author\" content=\"David Colzi\" \/>\n<meta name=\"twitter:label1\" content=\"Scritto da\" \/>\n\t<meta name=\"twitter:data1\" content=\"David Colzi\" \/>\n\t<meta name=\"twitter:label2\" content=\"Tempo di lettura stimato\" \/>\n\t<meta name=\"twitter:data2\" content=\"4 minuti\" \/>\n<script type=\"application\/ld+json\" class=\"yoast-schema-graph\">{\"@context\":\"https:\/\/schema.org\",\"@graph\":[{\"@type\":\"WebPage\",\"@id\":\"https:\/\/www.noidiqua.it\/Agliana\/associazione-mineralogica-prato-pistoia\/\",\"url\":\"https:\/\/www.noidiqua.it\/Agliana\/associazione-mineralogica-prato-pistoia\/\",\"name\":\"Associazione Mineralogica Prato Pistoia - Noi di Qua Testata giornalistica e di attualit\u00e0 di Agliana, Montale e Quarrata.\",\"isPartOf\":{\"@id\":\"https:\/\/www.noidiqua.it\/Agliana\/#website\"},\"primaryImageOfPage\":{\"@id\":\"https:\/\/www.noidiqua.it\/Agliana\/associazione-mineralogica-prato-pistoia\/#primaryimage\"},\"image\":{\"@id\":\"https:\/\/www.noidiqua.it\/Agliana\/associazione-mineralogica-prato-pistoia\/#primaryimage\"},\"thumbnailUrl\":\"https:\/\/www.noidiqua.it\/Agliana\/wp-content\/uploads\/2022\/07\/AMPP-1.png\",\"datePublished\":\"2022-06-12T08:15:04+00:00\",\"dateModified\":\"2022-10-19T10:16:40+00:00\",\"author\":{\"@id\":\"https:\/\/www.noidiqua.it\/Agliana\/#\/schema\/person\/3b45dd21eb2367c177b6a6d35c868ccc\"},\"breadcrumb\":{\"@id\":\"https:\/\/www.noidiqua.it\/Agliana\/associazione-mineralogica-prato-pistoia\/#breadcrumb\"},\"inLanguage\":\"it-IT\",\"potentialAction\":[{\"@type\":\"ReadAction\",\"target\":[\"https:\/\/www.noidiqua.it\/Agliana\/associazione-mineralogica-prato-pistoia\/\"]}]},{\"@type\":\"ImageObject\",\"inLanguage\":\"it-IT\",\"@id\":\"https:\/\/www.noidiqua.it\/Agliana\/associazione-mineralogica-prato-pistoia\/#primaryimage\",\"url\":\"https:\/\/www.noidiqua.it\/Agliana\/wp-content\/uploads\/2022\/07\/AMPP-1.png\",\"contentUrl\":\"https:\/\/www.noidiqua.it\/Agliana\/wp-content\/uploads\/2022\/07\/AMPP-1.png\",\"width\":482,\"height\":345},{\"@type\":\"BreadcrumbList\",\"@id\":\"https:\/\/www.noidiqua.it\/Agliana\/associazione-mineralogica-prato-pistoia\/#breadcrumb\",\"itemListElement\":[{\"@type\":\"ListItem\",\"position\":1,\"name\":\"Home\",\"item\":\"https:\/\/www.noidiqua.it\/Agliana\/\"},{\"@type\":\"ListItem\",\"position\":2,\"name\":\"Associazione Mineralogica Prato Pistoia\"}]},{\"@type\":\"WebSite\",\"@id\":\"https:\/\/www.noidiqua.it\/Agliana\/#website\",\"url\":\"https:\/\/www.noidiqua.it\/Agliana\/\",\"name\":\"Noi di Qua Testata giornalistica e di attualit\u00e0 di Agliana, Montale e Quarrata.\",\"description\":\"Testata Giornalistica Quarrata Montale Agliana\",\"potentialAction\":[{\"@type\":\"SearchAction\",\"target\":{\"@type\":\"EntryPoint\",\"urlTemplate\":\"https:\/\/www.noidiqua.it\/Agliana\/?s={search_term_string}\"},\"query-input\":{\"@type\":\"PropertyValueSpecification\",\"valueRequired\":true,\"valueName\":\"search_term_string\"}}],\"inLanguage\":\"it-IT\"},{\"@type\":\"Person\",\"@id\":\"https:\/\/www.noidiqua.it\/Agliana\/#\/schema\/person\/3b45dd21eb2367c177b6a6d35c868ccc\",\"name\":\"David Colzi\",\"image\":{\"@type\":\"ImageObject\",\"inLanguage\":\"it-IT\",\"@id\":\"https:\/\/www.noidiqua.it\/Agliana\/#\/schema\/person\/image\/\",\"url\":\"https:\/\/secure.gravatar.com\/avatar\/515ac68c0075b78a8243a0f28e5a361c9b5c466a1d6912ac3919ddd928c4db8c?s=96&d=mm&r=g\",\"contentUrl\":\"https:\/\/secure.gravatar.com\/avatar\/515ac68c0075b78a8243a0f28e5a361c9b5c466a1d6912ac3919ddd928c4db8c?s=96&d=mm&r=g\",\"caption\":\"David Colzi\"},\"url\":\"https:\/\/www.noidiqua.it\/Agliana\/author\/david-colzi\/\"}]}<\/script>\n<!-- \/ Yoast SEO plugin. -->","yoast_head_json":{"title":"Associazione Mineralogica Prato Pistoia - Noi di Qua Testata giornalistica e di attualit\u00e0 di Agliana, Montale e Quarrata.","robots":{"index":"index","follow":"follow","max-snippet":"max-snippet:-1","max-image-preview":"max-image-preview:large","max-video-preview":"max-video-preview:-1"},"canonical":"https:\/\/www.noidiqua.it\/Agliana\/associazione-mineralogica-prato-pistoia\/","og_locale":"it_IT","og_type":"article","og_title":"Associazione Mineralogica Prato Pistoia - Noi di Qua Testata giornalistica e di attualit\u00e0 di Agliana, Montale e Quarrata.","og_description":"di David Colzi giugno 2022 L\u2019AMPP \u00e8 un\u2019associazione no profit che dal 2005 unisce le province di Prato e Pistoia. La sua nascita \u00e8 dovuta alla fusione di due gruppi: quello storico di Prato, il GRG (Gruppo Ricerche Geologiche) e il GMGP (Gruppo Mineralogico Geopaleontologico Pistoia). Per [&hellip;]","og_url":"https:\/\/www.noidiqua.it\/Agliana\/associazione-mineralogica-prato-pistoia\/","og_site_name":"Noi di Qua Testata giornalistica e di attualit\u00e0 di Agliana, Montale e Quarrata.","article_publisher":"https:\/\/www.facebook.com\/noidiqua.trimestrale\/","article_published_time":"2022-06-12T08:15:04+00:00","article_modified_time":"2022-10-19T10:16:40+00:00","og_image":[{"url":"https:\/\/www.noidiqua.it\/Agliana\/wp-content\/uploads\/2022\/07\/AMPP-1.png","type":"","width":"","height":""}],"author":"David Colzi","twitter_misc":{"Scritto da":"David Colzi","Tempo di lettura stimato":"4 minuti"},"schema":{"@context":"https:\/\/schema.org","@graph":[{"@type":"WebPage","@id":"https:\/\/www.noidiqua.it\/Agliana\/associazione-mineralogica-prato-pistoia\/","url":"https:\/\/www.noidiqua.it\/Agliana\/associazione-mineralogica-prato-pistoia\/","name":"Associazione Mineralogica Prato Pistoia - Noi di Qua Testata giornalistica e di attualit\u00e0 di Agliana, Montale e Quarrata.","isPartOf":{"@id":"https:\/\/www.noidiqua.it\/Agliana\/#website"},"primaryImageOfPage":{"@id":"https:\/\/www.noidiqua.it\/Agliana\/associazione-mineralogica-prato-pistoia\/#primaryimage"},"image":{"@id":"https:\/\/www.noidiqua.it\/Agliana\/associazione-mineralogica-prato-pistoia\/#primaryimage"},"thumbnailUrl":"https:\/\/www.noidiqua.it\/Agliana\/wp-content\/uploads\/2022\/07\/AMPP-1.png","datePublished":"2022-06-12T08:15:04+00:00","dateModified":"2022-10-19T10:16:40+00:00","author":{"@id":"https:\/\/www.noidiqua.it\/Agliana\/#\/schema\/person\/3b45dd21eb2367c177b6a6d35c868ccc"},"breadcrumb":{"@id":"https:\/\/www.noidiqua.it\/Agliana\/associazione-mineralogica-prato-pistoia\/#breadcrumb"},"inLanguage":"it-IT","potentialAction":[{"@type":"ReadAction","target":["https:\/\/www.noidiqua.it\/Agliana\/associazione-mineralogica-prato-pistoia\/"]}]},{"@type":"ImageObject","inLanguage":"it-IT","@id":"https:\/\/www.noidiqua.it\/Agliana\/associazione-mineralogica-prato-pistoia\/#primaryimage","url":"https:\/\/www.noidiqua.it\/Agliana\/wp-content\/uploads\/2022\/07\/AMPP-1.png","contentUrl":"https:\/\/www.noidiqua.it\/Agliana\/wp-content\/uploads\/2022\/07\/AMPP-1.png","width":482,"height":345},{"@type":"BreadcrumbList","@id":"https:\/\/www.noidiqua.it\/Agliana\/associazione-mineralogica-prato-pistoia\/#breadcrumb","itemListElement":[{"@type":"ListItem","position":1,"name":"Home","item":"https:\/\/www.noidiqua.it\/Agliana\/"},{"@type":"ListItem","position":2,"name":"Associazione Mineralogica Prato Pistoia"}]},{"@type":"WebSite","@id":"https:\/\/www.noidiqua.it\/Agliana\/#website","url":"https:\/\/www.noidiqua.it\/Agliana\/","name":"Noi di Qua Testata giornalistica e di attualit\u00e0 di Agliana, Montale e Quarrata.","description":"Testata Giornalistica Quarrata Montale Agliana","potentialAction":[{"@type":"SearchAction","target":{"@type":"EntryPoint","urlTemplate":"https:\/\/www.noidiqua.it\/Agliana\/?s={search_term_string}"},"query-input":{"@type":"PropertyValueSpecification","valueRequired":true,"valueName":"search_term_string"}}],"inLanguage":"it-IT"},{"@type":"Person","@id":"https:\/\/www.noidiqua.it\/Agliana\/#\/schema\/person\/3b45dd21eb2367c177b6a6d35c868ccc","name":"David Colzi","image":{"@type":"ImageObject","inLanguage":"it-IT","@id":"https:\/\/www.noidiqua.it\/Agliana\/#\/schema\/person\/image\/","url":"https:\/\/secure.gravatar.com\/avatar\/515ac68c0075b78a8243a0f28e5a361c9b5c466a1d6912ac3919ddd928c4db8c?s=96&d=mm&r=g","contentUrl":"https:\/\/secure.gravatar.com\/avatar\/515ac68c0075b78a8243a0f28e5a361c9b5c466a1d6912ac3919ddd928c4db8c?s=96&d=mm&r=g","caption":"David Colzi"},"url":"https:\/\/www.noidiqua.it\/Agliana\/author\/david-colzi\/"}]}},"_links":{"self":[{"href":"https:\/\/www.noidiqua.it\/Agliana\/wp-json\/wp\/v2\/posts\/7458","targetHints":{"allow":["GET"]}}],"collection":[{"href":"https:\/\/www.noidiqua.it\/Agliana\/wp-json\/wp\/v2\/posts"}],"about":[{"href":"https:\/\/www.noidiqua.it\/Agliana\/wp-json\/wp\/v2\/types\/post"}],"author":[{"embeddable":true,"href":"https:\/\/www.noidiqua.it\/Agliana\/wp-json\/wp\/v2\/users\/5"}],"replies":[{"embeddable":true,"href":"https:\/\/www.noidiqua.it\/Agliana\/wp-json\/wp\/v2\/comments?post=7458"}],"version-history":[{"count":3,"href":"https:\/\/www.noidiqua.it\/Agliana\/wp-json\/wp\/v2\/posts\/7458\/revisions"}],"predecessor-version":[{"id":7463,"href":"https:\/\/www.noidiqua.it\/Agliana\/wp-json\/wp\/v2\/posts\/7458\/revisions\/7463"}],"wp:attachment":[{"href":"https:\/\/www.noidiqua.it\/Agliana\/wp-json\/wp\/v2\/media?parent=7458"}],"wp:term":[{"taxonomy":"category","embeddable":true,"href":"https:\/\/www.noidiqua.it\/Agliana\/wp-json\/wp\/v2\/categories?post=7458"},{"taxonomy":"post_tag","embeddable":true,"href":"https:\/\/www.noidiqua.it\/Agliana\/wp-json\/wp\/v2\/tags?post=7458"}],"curies":[{"name":"wp","href":"https:\/\/api.w.org\/{rel}","templated":true}]}}