{"id":7465,"date":"2022-06-12T10:30:29","date_gmt":"2022-06-12T08:30:29","guid":{"rendered":"https:\/\/www.noidiqua.it\/Agliana\/?p=7465"},"modified":"2022-07-12T12:16:02","modified_gmt":"2022-07-12T10:16:02","slug":"ci-vorrebbe-un-amico","status":"publish","type":"post","link":"https:\/\/www.noidiqua.it\/Agliana\/ci-vorrebbe-un-amico\/","title":{"rendered":"Ci vorrebbe un amico&#8230;"},"content":{"rendered":"<p><em>di Massimo Cappelli<\/em><\/p>\r\n<p><em>giugno 2022<\/em> <a href=\"https:\/\/www.noidiqua.it\/Agliana\/wp-content\/uploads\/2022\/07\/concludendo-1.png\" rel=\"wp-prettyPhoto[7465]\"><img loading=\"lazy\" decoding=\"async\" class=\"aligncenter size-full wp-image-7466\" src=\"https:\/\/www.noidiqua.it\/Agliana\/wp-content\/uploads\/2022\/07\/concludendo-1.png\" alt=\"\" width=\"498\" height=\"357\" srcset=\"https:\/\/www.noidiqua.it\/Agliana\/wp-content\/uploads\/2022\/07\/concludendo-1.png 498w, https:\/\/www.noidiqua.it\/Agliana\/wp-content\/uploads\/2022\/07\/concludendo-1-300x215.png 300w\" sizes=\"auto, (max-width: 498px) 100vw, 498px\" \/><\/a><\/p>\r\n<p class=\"p1\"><span class=\"s1\">Dedicato ad <strong>Alessandro Campagni<\/strong>.<\/span><\/p>\r\n<p>&nbsp;<\/p>\r\n<p class=\"p1\"><span class=\"s1\">Il titolo di questo <i>\u201cConcludendo\u201d<\/i> l\u2019ho (diciamo cos\u00ec) liberamente tratto da un articolo di Repubblica a firma Daniela Hamaui. I concetti che lei esprime nel suo pezzo sposano pienamente il mio pensiero relativamente alle relazioni sociali, molto compromesse negli ultimi anni, e mi invitano ad approfondire l\u2019argomento che ho affrontato anche nel \u201cConcludendo\u201d del<span class=\"Apple-converted-space\">\u00a0 <\/span>precedente numero. <\/span><\/p>\r\n<p class=\"p1\"><span class=\"s1\">La Hamaui parte da alcuni sondaggi fatti in diversi Paesi del mondo, i quali hanno rilevato e analizzato i comportamenti dei ragazzi nati dal 2000 in poi, evidenziando che, in molti casi, i <i>Millennial <\/i>non hanno nemmeno un amico. Mentre <strong>Mark Zuckerberg<\/strong> ha messo come massimo obiettivo cinquemila amici virtuali su Facebook, la realt\u00e0, come spesso accade, va nella direzione opposta: la media procapite di conoscenti, negli ultimi venti anni \u00e8 passata da un migliaio a poche centinaia, ma in molti casi nessuno di questi, sempre secondo la ricerca effettuata, sarebbe da considerare un vero amico, si tratta di ex compagni di scuola, colleghi di lavoro o conoscenti sui quali \u00e8 difficile contare davvero. Anche se oggi il pensiero comune (purtroppo non per tutti) \u00e8 rivolto all\u2019accoglienza, all\u2019inclusione, al <strong>coworking<\/strong> e alla condivisione in genere, i soggetti solitari sono diventati sempre di pi\u00f9. <\/span><\/p>\r\n<p class=\"p1\"><span class=\"s1\">Nel suo articolo la giornalista continua che un\u2019economista americana, <strong>Noreena Hertz<\/strong>, nel suo libro <i>\u201cIl secolo della solitudine\u201d<\/i> racconta di aver noleggiato per un pomeriggio \u201cun&#8217;amica\u201d per quaranta dollari, da una societ\u00e0 chiamata <i>Rent a Friend<\/i>, di aver fatto la spesa insieme in un Amazon go dove non c&#8217;era nessuno salvo le telecamere che controllano i movimenti dei clienti, e di aver sperimentato un robot ideato per essere il suo animale da compagnia. <i>\u00abIl<span class=\"Apple-converted-space\">\u00a0 <\/span>fatto di poter ordinare un amico con la stessa facilit\u00e0 con cui si ordina una pizza, solo con qualche click sul mio cellulare\u00bb <\/i>spiega la Hertz<i> \u00ab\u00e8 segno che stiamo andando verso un&#8217;economia della solitudine, creata per sostenere (e in qualche caso sfruttare) chi si sente solo\u00bb<\/i>.<\/span><\/p>\r\n<p><a href=\"https:\/\/www.noidiqua.it\/Agliana\/wp-content\/uploads\/2022\/07\/concludendo-2.png\" rel=\"wp-prettyPhoto[7465]\"><img loading=\"lazy\" decoding=\"async\" class=\"aligncenter size-full wp-image-7467\" src=\"https:\/\/www.noidiqua.it\/Agliana\/wp-content\/uploads\/2022\/07\/concludendo-2.png\" alt=\"\" width=\"350\" height=\"387\" srcset=\"https:\/\/www.noidiqua.it\/Agliana\/wp-content\/uploads\/2022\/07\/concludendo-2.png 350w, https:\/\/www.noidiqua.it\/Agliana\/wp-content\/uploads\/2022\/07\/concludendo-2-271x300.png 271w\" sizes=\"auto, (max-width: 350px) 100vw, 350px\" \/><\/a><\/p>\r\n<p class=\"p1\"><span class=\"s1\">Dal Giappone arrivano nuove, impressionanti tendenze e comportamenti estremi che fanno riflettere: molte giovani donne decidono di celebrare il loro \u201c<strong>Solo wedding<\/strong>\u201d, un matrimonio dove c&#8217;\u00e8 tutto salvo lo sposo. Non avendo il tempo di cercarlo e soprattutto non sapendo se lo troveranno, si sposano con se stesse. Sempre a Tokyo, molte anziane con pensioni minime e figli troppo occupati commettono piccoli furti pur di finire in galera e avere qualcuno con cui chiacchierare. Credo che fare una profonda riflessione sia doveroso. <\/span><\/p>\r\n<p class=\"p1\"><span class=\"s1\">Sta aumentando anche il fenomeno sociale degli <i>\u201c<strong>Hikikomori\u201d<\/strong><\/i>, i giovani che si rinchiudono nella loro cameretta a \u201csocializzare\u201d sui social, a comunicare e a giocare da remoto attraverso i loro computer, loro ambiscono solo ad avere sempre pi\u00f9 follower, senza rendersi conto del vuoto che si creano attorno. <\/span><\/p>\r\n<p class=\"p1\"><span class=\"s1\">Questi ragazzi non hanno capito che migliaia di amici virtuali non possono sostituire un solo amico vero: la pioggia e il freddo condivisi in due sul motorino, un morso ciascuno al panino comprato con gli ultimi spiccioli, l\u2019ultima sigaretta fumata insieme, o la spalla bagnata dalle lacrime in seguito ad una delusione d\u2019amore. Persino il vomito sulle scarpe dopo la ciucca. Se poi vieni portato in caserma dai Carabinieri insieme al tuo amico che guida senza patente il furgone di suo padre con fucili e cartucce all\u2019interno, questo credetemi, \u00e8 proprio difficile da dimenticare. Sono comunque tutte situazioni che rafforzano il rapporto, che restano impresse nella memoria per tutta una vita e fanno s\u00ec che l\u2019amico d\u2019infanzia non invecchi mai, perch\u00e9 anche se i tratti somatici sono un po\u2019 offuscati dagli anni, il cervello attinge sempre dalle informazioni archiviate vedendo l\u2019amico con l\u2019aspetto che aveva da giovane. Un\u2019<strong>amicizia<\/strong> risalente all\u2019infanzia annienta il tempo: due vecchi amici, anche se non si frequentano pi\u00f9 da decenni, quando si incontrano \u00e8 come se si fossero lasciati la settimana prima. A parer mio l\u2019amicizia \u00e8 un sentimento paragonabile all\u2019amore di coppia, un amico non si sceglie, l\u2019attrazione \u00e8 spontanea, accade quasi sempre tutto da s\u00e9 e il pi\u00f9 delle volte in giovanissima et\u00e0: all\u2019asilo, a scuola o durante i giochi. \u00c8 un processo istintivo, inconscio, \u00e8 chimica cerebrale. Due amici crescendo insieme generano e sviluppano negli anni sintonia e condivisione, ma anche contrasto e disapprovazione, tutto questo contribuisce alla crescita e alla formazione di entrambi. Un vero amico ti dice sempre in faccia e ad ogni costo come la pensa, ma ti difender\u00e0 sempre davanti alla gente. Per cui, anche se inevitabilmente la tecnologia fa da deterrente e anche l\u2019ultima <strong>pandemia<\/strong> ci ha messo del suo, credo valga la pena perseguire e coltivare l\u2019amicizia, quella vera, quella fatta di frequentazione e di contatto; di incontri, di convivialit\u00e0, di piazza, di bar, dalla quale scaturisce l\u2019<strong>energia positiva<\/strong> che serve per vivere.<\/span><\/p>\r\n<p><a href=\"https:\/\/www.noidiqua.it\/Agliana\/wp-content\/uploads\/2022\/07\/concludendo-3.png\" rel=\"wp-prettyPhoto[7465]\"><img loading=\"lazy\" decoding=\"async\" class=\"aligncenter  wp-image-7468\" src=\"https:\/\/www.noidiqua.it\/Agliana\/wp-content\/uploads\/2022\/07\/concludendo-3.png\" alt=\"\" width=\"356\" height=\"319\" srcset=\"https:\/\/www.noidiqua.it\/Agliana\/wp-content\/uploads\/2022\/07\/concludendo-3.png 485w, https:\/\/www.noidiqua.it\/Agliana\/wp-content\/uploads\/2022\/07\/concludendo-3-300x269.png 300w\" sizes=\"auto, (max-width: 356px) 100vw, 356px\" \/><\/a><\/p>\r\n<p class=\"p1\"><span class=\"s1\">Vorrei concludere questa mia ultima \u201cfatica letteraria\u201d con dei versi del grande Renato Zero che sembrano scritti apposta per ricordare e salutare un mio amico d\u2019infanzia, da poco scomparso.<\/span><\/p>\r\n<p class=\"p1\"><span class=\"s1\"><i>\u201cChe fai se stai l\u00ec da solo<\/i><\/span><\/p>\r\n<p class=\"p1\"><span class=\"s1\"><i>In due pi\u00f9 azzurro \u00e8 il tuo volo<\/i><\/span><\/p>\r\n<p class=\"p1\"><span class=\"s1\"><i>Amico, \u00e8 bello, amico \u00e8 tutto, \u00e8 l&#8217;eternit\u00e0<\/i><\/span><\/p>\r\n<p class=\"p1\"><span class=\"s1\"><i>\u00c8 quello che non passa, mentre tutto va [\u2026]\u201d<\/i><\/span><\/p>\r\n<p class=\"p3\"><span class=\"s1\">Ciao Alessandro.<\/span><\/p>","protected":false},"excerpt":{"rendered":"<p>di Massimo Cappelli giugno 2022 Dedicato ad Alessandro Campagni. &nbsp; Il titolo di questo \u201cConcludendo\u201d l\u2019ho (diciamo cos\u00ec) liberamente tratto da un articolo di Repubblica a firma Daniela Hamaui. I concetti che lei esprime nel suo pezzo sposano pienamente il mio pensiero relativamente alle relazioni sociali, molto [&hellip;]<\/p>","protected":false},"author":7,"featured_media":0,"comment_status":"open","ping_status":"open","sticky":false,"template":"","format":"standard","meta":{"footnotes":""},"categories":[2,5],"tags":[3275,3280,1596,3281,3279,3276,3277,2319,3278],"class_list":["post-7465","post","type-post","status-publish","format-standard","hentry","category-ag","category-concludendo-qt","tag-alessandro-campagni","tag-amicizia","tag-coworking","tag-energia-positiva","tag-hikikomori","tag-mark-zuckerberg","tag-noreena-hertz","tag-pandemia","tag-solo-wedding"],"yoast_head":"<!-- This site is optimized with the Yoast SEO plugin v25.5 - https:\/\/yoast.com\/wordpress\/plugins\/seo\/ -->\n<title>Ci vorrebbe un amico... - Noi di Qua Testata giornalistica e di attualit\u00e0 di Agliana, Montale e Quarrata.<\/title>\n<meta name=\"robots\" content=\"index, follow, max-snippet:-1, max-image-preview:large, max-video-preview:-1\" \/>\n<link rel=\"canonical\" href=\"https:\/\/www.noidiqua.it\/Agliana\/ci-vorrebbe-un-amico\/\" \/>\n<meta property=\"og:locale\" content=\"it_IT\" \/>\n<meta property=\"og:type\" content=\"article\" \/>\n<meta property=\"og:title\" content=\"Ci vorrebbe un amico... - Noi di Qua Testata giornalistica e di attualit\u00e0 di Agliana, Montale e Quarrata.\" \/>\n<meta property=\"og:description\" content=\"di Massimo Cappelli giugno 2022 Dedicato ad Alessandro Campagni. &nbsp; Il titolo di questo \u201cConcludendo\u201d l\u2019ho (diciamo cos\u00ec) liberamente tratto da un articolo di Repubblica a firma Daniela Hamaui. I concetti che lei esprime nel suo pezzo sposano pienamente il mio pensiero relativamente alle relazioni sociali, molto [&hellip;]\" \/>\n<meta property=\"og:url\" content=\"https:\/\/www.noidiqua.it\/Agliana\/ci-vorrebbe-un-amico\/\" \/>\n<meta property=\"og:site_name\" content=\"Noi di Qua Testata giornalistica e di attualit\u00e0 di Agliana, Montale e Quarrata.\" \/>\n<meta property=\"article:publisher\" content=\"https:\/\/www.facebook.com\/noidiqua.trimestrale\/\" \/>\n<meta property=\"article:published_time\" content=\"2022-06-12T08:30:29+00:00\" \/>\n<meta property=\"article:modified_time\" content=\"2022-07-12T10:16:02+00:00\" \/>\n<meta property=\"og:image\" content=\"https:\/\/www.noidiqua.it\/Agliana\/wp-content\/uploads\/2022\/07\/concludendo-1.png\" \/>\n<meta name=\"author\" content=\"Massimo Cappelli\" \/>\n<meta name=\"twitter:label1\" content=\"Scritto da\" \/>\n\t<meta name=\"twitter:data1\" content=\"Massimo Cappelli\" \/>\n\t<meta name=\"twitter:label2\" content=\"Tempo di lettura stimato\" \/>\n\t<meta name=\"twitter:data2\" content=\"4 minuti\" \/>\n<script type=\"application\/ld+json\" class=\"yoast-schema-graph\">{\"@context\":\"https:\/\/schema.org\",\"@graph\":[{\"@type\":\"WebPage\",\"@id\":\"https:\/\/www.noidiqua.it\/Agliana\/ci-vorrebbe-un-amico\/\",\"url\":\"https:\/\/www.noidiqua.it\/Agliana\/ci-vorrebbe-un-amico\/\",\"name\":\"Ci vorrebbe un amico... - Noi di Qua Testata giornalistica e di attualit\u00e0 di Agliana, Montale e Quarrata.\",\"isPartOf\":{\"@id\":\"https:\/\/www.noidiqua.it\/Agliana\/#website\"},\"primaryImageOfPage\":{\"@id\":\"https:\/\/www.noidiqua.it\/Agliana\/ci-vorrebbe-un-amico\/#primaryimage\"},\"image\":{\"@id\":\"https:\/\/www.noidiqua.it\/Agliana\/ci-vorrebbe-un-amico\/#primaryimage\"},\"thumbnailUrl\":\"https:\/\/www.noidiqua.it\/Agliana\/wp-content\/uploads\/2022\/07\/concludendo-1.png\",\"datePublished\":\"2022-06-12T08:30:29+00:00\",\"dateModified\":\"2022-07-12T10:16:02+00:00\",\"author\":{\"@id\":\"https:\/\/www.noidiqua.it\/Agliana\/#\/schema\/person\/858b1b9db61101126e5ded39f94daedb\"},\"breadcrumb\":{\"@id\":\"https:\/\/www.noidiqua.it\/Agliana\/ci-vorrebbe-un-amico\/#breadcrumb\"},\"inLanguage\":\"it-IT\",\"potentialAction\":[{\"@type\":\"ReadAction\",\"target\":[\"https:\/\/www.noidiqua.it\/Agliana\/ci-vorrebbe-un-amico\/\"]}]},{\"@type\":\"ImageObject\",\"inLanguage\":\"it-IT\",\"@id\":\"https:\/\/www.noidiqua.it\/Agliana\/ci-vorrebbe-un-amico\/#primaryimage\",\"url\":\"https:\/\/www.noidiqua.it\/Agliana\/wp-content\/uploads\/2022\/07\/concludendo-1.png\",\"contentUrl\":\"https:\/\/www.noidiqua.it\/Agliana\/wp-content\/uploads\/2022\/07\/concludendo-1.png\",\"width\":498,\"height\":357},{\"@type\":\"BreadcrumbList\",\"@id\":\"https:\/\/www.noidiqua.it\/Agliana\/ci-vorrebbe-un-amico\/#breadcrumb\",\"itemListElement\":[{\"@type\":\"ListItem\",\"position\":1,\"name\":\"Home\",\"item\":\"https:\/\/www.noidiqua.it\/Agliana\/\"},{\"@type\":\"ListItem\",\"position\":2,\"name\":\"Ci vorrebbe un amico&#8230;\"}]},{\"@type\":\"WebSite\",\"@id\":\"https:\/\/www.noidiqua.it\/Agliana\/#website\",\"url\":\"https:\/\/www.noidiqua.it\/Agliana\/\",\"name\":\"Noi di Qua Testata giornalistica e di attualit\u00e0 di Agliana, Montale e Quarrata.\",\"description\":\"Testata Giornalistica Quarrata Montale Agliana\",\"potentialAction\":[{\"@type\":\"SearchAction\",\"target\":{\"@type\":\"EntryPoint\",\"urlTemplate\":\"https:\/\/www.noidiqua.it\/Agliana\/?s={search_term_string}\"},\"query-input\":{\"@type\":\"PropertyValueSpecification\",\"valueRequired\":true,\"valueName\":\"search_term_string\"}}],\"inLanguage\":\"it-IT\"},{\"@type\":\"Person\",\"@id\":\"https:\/\/www.noidiqua.it\/Agliana\/#\/schema\/person\/858b1b9db61101126e5ded39f94daedb\",\"name\":\"Massimo Cappelli\",\"image\":{\"@type\":\"ImageObject\",\"inLanguage\":\"it-IT\",\"@id\":\"https:\/\/www.noidiqua.it\/Agliana\/#\/schema\/person\/image\/\",\"url\":\"https:\/\/secure.gravatar.com\/avatar\/0e7261535228aa9bb0417ab8f42f3fadaf8ce23bdfde46c689c43410a676cfa9?s=96&d=mm&r=g\",\"contentUrl\":\"https:\/\/secure.gravatar.com\/avatar\/0e7261535228aa9bb0417ab8f42f3fadaf8ce23bdfde46c689c43410a676cfa9?s=96&d=mm&r=g\",\"caption\":\"Massimo Cappelli\"},\"url\":\"https:\/\/www.noidiqua.it\/Agliana\/author\/massimo-cappelli\/\"}]}<\/script>\n<!-- \/ Yoast SEO plugin. -->","yoast_head_json":{"title":"Ci vorrebbe un amico... - Noi di Qua Testata giornalistica e di attualit\u00e0 di Agliana, Montale e Quarrata.","robots":{"index":"index","follow":"follow","max-snippet":"max-snippet:-1","max-image-preview":"max-image-preview:large","max-video-preview":"max-video-preview:-1"},"canonical":"https:\/\/www.noidiqua.it\/Agliana\/ci-vorrebbe-un-amico\/","og_locale":"it_IT","og_type":"article","og_title":"Ci vorrebbe un amico... - Noi di Qua Testata giornalistica e di attualit\u00e0 di Agliana, Montale e Quarrata.","og_description":"di Massimo Cappelli giugno 2022 Dedicato ad Alessandro Campagni. &nbsp; Il titolo di questo \u201cConcludendo\u201d l\u2019ho (diciamo cos\u00ec) liberamente tratto da un articolo di Repubblica a firma Daniela Hamaui. I concetti che lei esprime nel suo pezzo sposano pienamente il mio pensiero relativamente alle relazioni sociali, molto [&hellip;]","og_url":"https:\/\/www.noidiqua.it\/Agliana\/ci-vorrebbe-un-amico\/","og_site_name":"Noi di Qua Testata giornalistica e di attualit\u00e0 di Agliana, Montale e Quarrata.","article_publisher":"https:\/\/www.facebook.com\/noidiqua.trimestrale\/","article_published_time":"2022-06-12T08:30:29+00:00","article_modified_time":"2022-07-12T10:16:02+00:00","og_image":[{"url":"https:\/\/www.noidiqua.it\/Agliana\/wp-content\/uploads\/2022\/07\/concludendo-1.png","type":"","width":"","height":""}],"author":"Massimo Cappelli","twitter_misc":{"Scritto da":"Massimo Cappelli","Tempo di lettura stimato":"4 minuti"},"schema":{"@context":"https:\/\/schema.org","@graph":[{"@type":"WebPage","@id":"https:\/\/www.noidiqua.it\/Agliana\/ci-vorrebbe-un-amico\/","url":"https:\/\/www.noidiqua.it\/Agliana\/ci-vorrebbe-un-amico\/","name":"Ci vorrebbe un amico... - Noi di Qua Testata giornalistica e di attualit\u00e0 di Agliana, Montale e Quarrata.","isPartOf":{"@id":"https:\/\/www.noidiqua.it\/Agliana\/#website"},"primaryImageOfPage":{"@id":"https:\/\/www.noidiqua.it\/Agliana\/ci-vorrebbe-un-amico\/#primaryimage"},"image":{"@id":"https:\/\/www.noidiqua.it\/Agliana\/ci-vorrebbe-un-amico\/#primaryimage"},"thumbnailUrl":"https:\/\/www.noidiqua.it\/Agliana\/wp-content\/uploads\/2022\/07\/concludendo-1.png","datePublished":"2022-06-12T08:30:29+00:00","dateModified":"2022-07-12T10:16:02+00:00","author":{"@id":"https:\/\/www.noidiqua.it\/Agliana\/#\/schema\/person\/858b1b9db61101126e5ded39f94daedb"},"breadcrumb":{"@id":"https:\/\/www.noidiqua.it\/Agliana\/ci-vorrebbe-un-amico\/#breadcrumb"},"inLanguage":"it-IT","potentialAction":[{"@type":"ReadAction","target":["https:\/\/www.noidiqua.it\/Agliana\/ci-vorrebbe-un-amico\/"]}]},{"@type":"ImageObject","inLanguage":"it-IT","@id":"https:\/\/www.noidiqua.it\/Agliana\/ci-vorrebbe-un-amico\/#primaryimage","url":"https:\/\/www.noidiqua.it\/Agliana\/wp-content\/uploads\/2022\/07\/concludendo-1.png","contentUrl":"https:\/\/www.noidiqua.it\/Agliana\/wp-content\/uploads\/2022\/07\/concludendo-1.png","width":498,"height":357},{"@type":"BreadcrumbList","@id":"https:\/\/www.noidiqua.it\/Agliana\/ci-vorrebbe-un-amico\/#breadcrumb","itemListElement":[{"@type":"ListItem","position":1,"name":"Home","item":"https:\/\/www.noidiqua.it\/Agliana\/"},{"@type":"ListItem","position":2,"name":"Ci vorrebbe un amico&#8230;"}]},{"@type":"WebSite","@id":"https:\/\/www.noidiqua.it\/Agliana\/#website","url":"https:\/\/www.noidiqua.it\/Agliana\/","name":"Noi di Qua Testata giornalistica e di attualit\u00e0 di Agliana, Montale e Quarrata.","description":"Testata Giornalistica Quarrata Montale Agliana","potentialAction":[{"@type":"SearchAction","target":{"@type":"EntryPoint","urlTemplate":"https:\/\/www.noidiqua.it\/Agliana\/?s={search_term_string}"},"query-input":{"@type":"PropertyValueSpecification","valueRequired":true,"valueName":"search_term_string"}}],"inLanguage":"it-IT"},{"@type":"Person","@id":"https:\/\/www.noidiqua.it\/Agliana\/#\/schema\/person\/858b1b9db61101126e5ded39f94daedb","name":"Massimo Cappelli","image":{"@type":"ImageObject","inLanguage":"it-IT","@id":"https:\/\/www.noidiqua.it\/Agliana\/#\/schema\/person\/image\/","url":"https:\/\/secure.gravatar.com\/avatar\/0e7261535228aa9bb0417ab8f42f3fadaf8ce23bdfde46c689c43410a676cfa9?s=96&d=mm&r=g","contentUrl":"https:\/\/secure.gravatar.com\/avatar\/0e7261535228aa9bb0417ab8f42f3fadaf8ce23bdfde46c689c43410a676cfa9?s=96&d=mm&r=g","caption":"Massimo Cappelli"},"url":"https:\/\/www.noidiqua.it\/Agliana\/author\/massimo-cappelli\/"}]}},"_links":{"self":[{"href":"https:\/\/www.noidiqua.it\/Agliana\/wp-json\/wp\/v2\/posts\/7465","targetHints":{"allow":["GET"]}}],"collection":[{"href":"https:\/\/www.noidiqua.it\/Agliana\/wp-json\/wp\/v2\/posts"}],"about":[{"href":"https:\/\/www.noidiqua.it\/Agliana\/wp-json\/wp\/v2\/types\/post"}],"author":[{"embeddable":true,"href":"https:\/\/www.noidiqua.it\/Agliana\/wp-json\/wp\/v2\/users\/7"}],"replies":[{"embeddable":true,"href":"https:\/\/www.noidiqua.it\/Agliana\/wp-json\/wp\/v2\/comments?post=7465"}],"version-history":[{"count":8,"href":"https:\/\/www.noidiqua.it\/Agliana\/wp-json\/wp\/v2\/posts\/7465\/revisions"}],"predecessor-version":[{"id":7481,"href":"https:\/\/www.noidiqua.it\/Agliana\/wp-json\/wp\/v2\/posts\/7465\/revisions\/7481"}],"wp:attachment":[{"href":"https:\/\/www.noidiqua.it\/Agliana\/wp-json\/wp\/v2\/media?parent=7465"}],"wp:term":[{"taxonomy":"category","embeddable":true,"href":"https:\/\/www.noidiqua.it\/Agliana\/wp-json\/wp\/v2\/categories?post=7465"},{"taxonomy":"post_tag","embeddable":true,"href":"https:\/\/www.noidiqua.it\/Agliana\/wp-json\/wp\/v2\/tags?post=7465"}],"curies":[{"name":"wp","href":"https:\/\/api.w.org\/{rel}","templated":true}]}}