{"id":7735,"date":"2022-12-08T09:49:44","date_gmt":"2022-12-08T08:49:44","guid":{"rendered":"https:\/\/www.noidiqua.it\/Agliana\/?p=7735"},"modified":"2023-04-24T12:04:20","modified_gmt":"2023-04-24T10:04:20","slug":"edy-biancalani-la-medicina-come-vocazione","status":"publish","type":"post","link":"https:\/\/www.noidiqua.it\/Agliana\/edy-biancalani-la-medicina-come-vocazione\/","title":{"rendered":"Edy Biancalani &#8211; la medicina come vocazione"},"content":{"rendered":"<p><em>di Serena Michelozzi<\/em><\/p>\n<p><em>dicembre 2022<\/em><\/p>\n<p><a href=\"https:\/\/www.noidiqua.it\/Agliana\/wp-content\/uploads\/2022\/12\/biancalani-2.png\" rel=\"wp-prettyPhoto[7735]\"><img loading=\"lazy\" decoding=\"async\" class=\"aligncenter size-full wp-image-7736\" src=\"https:\/\/www.noidiqua.it\/Agliana\/wp-content\/uploads\/2022\/12\/biancalani-2.png\" alt=\"\" width=\"493\" height=\"345\" srcset=\"https:\/\/www.noidiqua.it\/Agliana\/wp-content\/uploads\/2022\/12\/biancalani-2.png 493w, https:\/\/www.noidiqua.it\/Agliana\/wp-content\/uploads\/2022\/12\/biancalani-2-300x210.png 300w\" sizes=\"auto, (max-width: 493px) 100vw, 493px\" \/><\/a><\/p>\n<p class=\"p1\">Fare il medico \u00e8 una <strong>vocazione<\/strong>, una vera e propria scelta di vita che la nostra dottoressa aglianese, <strong>Edy Biancalani<\/strong>, ha fatto propria sin da giovanissima ascoltando il proprio sentire. La sua passione per la medicina e la sua attenzione verso il benessere altrui hanno fatto s\u00ec che raggiungesse i traguardi prefissati, nonostante le difficolt\u00e0 incontrate durante il percorso. Da studentessa lavoratrice, interessata inizialmente alla specialit\u00e0 di anestesia, decide alla fine di lavorare in ortopedia. Pi\u00f9 precisamente si Laurea in<strong> Medicina e Chirurgia<\/strong> nel 2005 presso l\u2019Universit\u00e0 degli Studi di Firenze e, in seguito a molteplici esperienze come medico in forza allo staff di <strong>Villa Maria<\/strong> a Pistoia, nel 2012 consegue la specializzazione in Ortopedia e Traumatologia presso la scuola di specializzazione di <strong>Ortopedia e Traumatologia<\/strong> al C.T.O. Careggi, Universit\u00e0 di Firenze. Nel suo percorso di specializzazione Edy ha avuto l\u2019onore di lavorare al fianco di importanti Professori e di fare varie esperienze lavorative a livello europeo. Attualmente esercita su Agliana, Quarrata e Prato ed \u00e8 dirigente medico presso traumatologia ed ortopedia dell\u2019Ospedale di Careggi al CTO, nonch\u00e9 segretario regionale area toscana de l\u2019Associazione O.T.O.D.I. (<strong>Ortopedici Traumatologi Ospedalieri d\u2019Italia<\/strong>). Si occupa inoltre di chirurgia robotica applicata alle protesi o agli esiti di trauma, che, effettuata appunto attraverso un braccio robotico, consente una pianificazione estremamente precisa delle protesi su immagini TC.<\/p>\n<p class=\"p1\"><i>\u00abVoglio molto bene ai miei pazienti. Loro mi definiscono un medico atipico, nel senso che di loro conosco tutto: la loro storia personale, la sfera familiare, ecc. Cerco di sapere il pi\u00f9 possibile su di loro perch\u00e9 nel momento in cui accolgo un paziente, voglio che sia tutelato e cerco dunque di creare un rapporto di fiducia. I miei pazienti devono essere convinti di affidarsi a me, sentirsi sicuri e in buone mani\u00bb<\/i> ci racconta Edy, che nel lavoro da tutta s\u00e9 stessa, cos\u00ec come nella vita privata, nel ruolo di madre e compagna.<\/p>\n<p><a href=\"https:\/\/www.noidiqua.it\/Agliana\/wp-content\/uploads\/2022\/12\/biancalani-1.png\" rel=\"wp-prettyPhoto[7735]\"><img loading=\"lazy\" decoding=\"async\" class=\"aligncenter size-full wp-image-7737\" src=\"https:\/\/www.noidiqua.it\/Agliana\/wp-content\/uploads\/2022\/12\/biancalani-1.png\" alt=\"\" width=\"327\" height=\"397\" srcset=\"https:\/\/www.noidiqua.it\/Agliana\/wp-content\/uploads\/2022\/12\/biancalani-1.png 327w, https:\/\/www.noidiqua.it\/Agliana\/wp-content\/uploads\/2022\/12\/biancalani-1-247x300.png 247w\" sizes=\"auto, (max-width: 327px) 100vw, 327px\" \/><\/a><\/p>\n<p class=\"p1\">Ci confessa come non sia facile essere madre e al contempo medico impegnato a trecentossessanta gradi, soprattutto quando suo figlio Lorenzo era molto piccolo. Tuttavia, grazie all\u2019insostituibile aiuto della nonna-tata Cinzia, la nostra dottoressa \u00e8 riuscita a coniugare vita privata e professionale. <i>\u00abLorenzo \u00e8 cresciuto velocemente: il prossimo anno andr\u00e0 alle superiori. Da grande vorrebbe fare il biomedico\u2026chiss\u00e0! Se \u00e8 la strada che vuole perseguire, lo sosterr\u00f2 in ogni suo passo\u00bb<\/i>.<\/p>\n<p class=\"p1\">L\u2019impegno costante che Edy dedica alla medicina \u00e8 stato ancor pi\u00f9 intenso durante l\u2019emergenza pandemica, in quanto in quel periodo il CTO e il DEAS, hanno accolto sia tutti i fratturati \u201cnon Covid\u201d dell\u2019Italia centrale, che i <strong>pazienti Covid<\/strong> ricoverati sempre per traumi o fratture in una apposita sala. <i>\u00abTuttavia, nonostante il picco di lavoro importantissimo, l\u2019aver avuto all\u2019interno dell\u2019ospedale una sorta di area \u201cdistaccata\u201d dedicata ai pazienti non contagiati dal virus, ha fatto s\u00ec che nel reparto di ortopedia si respirasse ancora una sorta di \u201caria di normalit\u00e0\u201d e che i ricoverati non contagiati, non si sentissero isolati o abbandonati solo perch\u00e9 in quel momento l\u2019attenzione maggiore era rivolta a fronteggiare l\u2019emergenza in corso. Invece, davanti ai casi Covid, io e miei colleghi, se pur inizialmente disarmati, abbiamo cercato di lavorare al meglio, assistendo il paziente non solo dal lato della malattia, ma anche da quello morale ed emotivo\u00bb<\/i> conclude la nostra <strong>dottoressa aglianese<\/strong>.<\/p>","protected":false},"excerpt":{"rendered":"<p>di Serena Michelozzi dicembre 2022 Fare il medico \u00e8 una vocazione, una vera e propria scelta di vita che la nostra dottoressa aglianese, Edy Biancalani, ha fatto propria sin da giovanissima ascoltando il proprio sentire. La sua passione per la medicina e la sua attenzione verso il [&hellip;]<\/p>","protected":false},"author":101011,"featured_media":0,"comment_status":"open","ping_status":"open","sticky":false,"template":"","format":"standard","meta":{"footnotes":""},"categories":[2,23],"tags":[3439,3432,3434,3436,3437,3438,3435,3433],"class_list":["post-7735","post","type-post","status-publish","format-standard","hentry","category-ag","category-solidarieta-qt","tag-dottoressa-aglianese","tag-edy-biancalani","tag-medicina-e-chirurgia","tag-ortopedia-e-traumatologia","tag-ortopedici-traumatologi-ospedalieri-ditalia","tag-pazienti-covid","tag-villa-maria","tag-vocazione"],"yoast_head":"<!-- This site is optimized with the Yoast SEO plugin v25.5 - https:\/\/yoast.com\/wordpress\/plugins\/seo\/ -->\n<title>Edy Biancalani - la medicina come vocazione - Noi di Qua Testata giornalistica e di attualit\u00e0 di Agliana, Montale e Quarrata.<\/title>\n<meta name=\"robots\" content=\"index, follow, max-snippet:-1, max-image-preview:large, max-video-preview:-1\" \/>\n<link rel=\"canonical\" href=\"https:\/\/www.noidiqua.it\/Agliana\/edy-biancalani-la-medicina-come-vocazione\/\" \/>\n<meta property=\"og:locale\" content=\"it_IT\" \/>\n<meta property=\"og:type\" content=\"article\" \/>\n<meta property=\"og:title\" content=\"Edy Biancalani - la medicina come vocazione - Noi di Qua Testata giornalistica e di attualit\u00e0 di Agliana, Montale e Quarrata.\" \/>\n<meta property=\"og:description\" content=\"di Serena Michelozzi dicembre 2022 Fare il medico \u00e8 una vocazione, una vera e propria scelta di vita che la nostra dottoressa aglianese, Edy Biancalani, ha fatto propria sin da giovanissima ascoltando il proprio sentire. La sua passione per la medicina e la sua attenzione verso il [&hellip;]\" \/>\n<meta property=\"og:url\" content=\"https:\/\/www.noidiqua.it\/Agliana\/edy-biancalani-la-medicina-come-vocazione\/\" \/>\n<meta property=\"og:site_name\" content=\"Noi di Qua Testata giornalistica e di attualit\u00e0 di Agliana, Montale e Quarrata.\" \/>\n<meta property=\"article:publisher\" content=\"https:\/\/www.facebook.com\/noidiqua.trimestrale\/\" \/>\n<meta property=\"article:published_time\" content=\"2022-12-08T08:49:44+00:00\" \/>\n<meta property=\"article:modified_time\" content=\"2023-04-24T10:04:20+00:00\" \/>\n<meta property=\"og:image\" content=\"https:\/\/www.noidiqua.it\/Agliana\/wp-content\/uploads\/2022\/12\/biancalani-2.png\" \/>\n<meta name=\"author\" content=\"Serena Michelozzi\" \/>\n<meta name=\"twitter:label1\" content=\"Scritto da\" \/>\n\t<meta name=\"twitter:data1\" content=\"Serena Michelozzi\" \/>\n\t<meta name=\"twitter:label2\" content=\"Tempo di lettura stimato\" \/>\n\t<meta name=\"twitter:data2\" content=\"3 minuti\" \/>\n<script type=\"application\/ld+json\" class=\"yoast-schema-graph\">{\"@context\":\"https:\/\/schema.org\",\"@graph\":[{\"@type\":\"WebPage\",\"@id\":\"https:\/\/www.noidiqua.it\/Agliana\/edy-biancalani-la-medicina-come-vocazione\/\",\"url\":\"https:\/\/www.noidiqua.it\/Agliana\/edy-biancalani-la-medicina-come-vocazione\/\",\"name\":\"Edy Biancalani - la medicina come vocazione - Noi di Qua Testata giornalistica e di attualit\u00e0 di Agliana, Montale e Quarrata.\",\"isPartOf\":{\"@id\":\"https:\/\/www.noidiqua.it\/Agliana\/#website\"},\"primaryImageOfPage\":{\"@id\":\"https:\/\/www.noidiqua.it\/Agliana\/edy-biancalani-la-medicina-come-vocazione\/#primaryimage\"},\"image\":{\"@id\":\"https:\/\/www.noidiqua.it\/Agliana\/edy-biancalani-la-medicina-come-vocazione\/#primaryimage\"},\"thumbnailUrl\":\"https:\/\/www.noidiqua.it\/Agliana\/wp-content\/uploads\/2022\/12\/biancalani-2.png\",\"datePublished\":\"2022-12-08T08:49:44+00:00\",\"dateModified\":\"2023-04-24T10:04:20+00:00\",\"author\":{\"@id\":\"https:\/\/www.noidiqua.it\/Agliana\/#\/schema\/person\/4763a96f0bdf332cc8a55478dbeba163\"},\"breadcrumb\":{\"@id\":\"https:\/\/www.noidiqua.it\/Agliana\/edy-biancalani-la-medicina-come-vocazione\/#breadcrumb\"},\"inLanguage\":\"it-IT\",\"potentialAction\":[{\"@type\":\"ReadAction\",\"target\":[\"https:\/\/www.noidiqua.it\/Agliana\/edy-biancalani-la-medicina-come-vocazione\/\"]}]},{\"@type\":\"ImageObject\",\"inLanguage\":\"it-IT\",\"@id\":\"https:\/\/www.noidiqua.it\/Agliana\/edy-biancalani-la-medicina-come-vocazione\/#primaryimage\",\"url\":\"https:\/\/www.noidiqua.it\/Agliana\/wp-content\/uploads\/2022\/12\/biancalani-2.png\",\"contentUrl\":\"https:\/\/www.noidiqua.it\/Agliana\/wp-content\/uploads\/2022\/12\/biancalani-2.png\",\"width\":493,\"height\":345},{\"@type\":\"BreadcrumbList\",\"@id\":\"https:\/\/www.noidiqua.it\/Agliana\/edy-biancalani-la-medicina-come-vocazione\/#breadcrumb\",\"itemListElement\":[{\"@type\":\"ListItem\",\"position\":1,\"name\":\"Home\",\"item\":\"https:\/\/www.noidiqua.it\/Agliana\/\"},{\"@type\":\"ListItem\",\"position\":2,\"name\":\"Edy Biancalani &#8211; la medicina come vocazione\"}]},{\"@type\":\"WebSite\",\"@id\":\"https:\/\/www.noidiqua.it\/Agliana\/#website\",\"url\":\"https:\/\/www.noidiqua.it\/Agliana\/\",\"name\":\"Noi di Qua Testata giornalistica e di attualit\u00e0 di Agliana, Montale e Quarrata.\",\"description\":\"Testata Giornalistica Quarrata Montale Agliana\",\"potentialAction\":[{\"@type\":\"SearchAction\",\"target\":{\"@type\":\"EntryPoint\",\"urlTemplate\":\"https:\/\/www.noidiqua.it\/Agliana\/?s={search_term_string}\"},\"query-input\":{\"@type\":\"PropertyValueSpecification\",\"valueRequired\":true,\"valueName\":\"search_term_string\"}}],\"inLanguage\":\"it-IT\"},{\"@type\":\"Person\",\"@id\":\"https:\/\/www.noidiqua.it\/Agliana\/#\/schema\/person\/4763a96f0bdf332cc8a55478dbeba163\",\"name\":\"Serena Michelozzi\",\"image\":{\"@type\":\"ImageObject\",\"inLanguage\":\"it-IT\",\"@id\":\"https:\/\/www.noidiqua.it\/Agliana\/#\/schema\/person\/image\/\",\"url\":\"https:\/\/secure.gravatar.com\/avatar\/a8efaab8953a1edb4943a89dbca993e803bf8bcf5221a8ff937a96a5b9914aab?s=96&d=mm&r=g\",\"contentUrl\":\"https:\/\/secure.gravatar.com\/avatar\/a8efaab8953a1edb4943a89dbca993e803bf8bcf5221a8ff937a96a5b9914aab?s=96&d=mm&r=g\",\"caption\":\"Serena Michelozzi\"},\"url\":\"https:\/\/www.noidiqua.it\/Agliana\/author\/serena-michelozzi\/\"}]}<\/script>\n<!-- \/ Yoast SEO plugin. -->","yoast_head_json":{"title":"Edy Biancalani - la medicina come vocazione - Noi di Qua Testata giornalistica e di attualit\u00e0 di Agliana, Montale e Quarrata.","robots":{"index":"index","follow":"follow","max-snippet":"max-snippet:-1","max-image-preview":"max-image-preview:large","max-video-preview":"max-video-preview:-1"},"canonical":"https:\/\/www.noidiqua.it\/Agliana\/edy-biancalani-la-medicina-come-vocazione\/","og_locale":"it_IT","og_type":"article","og_title":"Edy Biancalani - la medicina come vocazione - Noi di Qua Testata giornalistica e di attualit\u00e0 di Agliana, Montale e Quarrata.","og_description":"di Serena Michelozzi dicembre 2022 Fare il medico \u00e8 una vocazione, una vera e propria scelta di vita che la nostra dottoressa aglianese, Edy Biancalani, ha fatto propria sin da giovanissima ascoltando il proprio sentire. La sua passione per la medicina e la sua attenzione verso il [&hellip;]","og_url":"https:\/\/www.noidiqua.it\/Agliana\/edy-biancalani-la-medicina-come-vocazione\/","og_site_name":"Noi di Qua Testata giornalistica e di attualit\u00e0 di Agliana, Montale e Quarrata.","article_publisher":"https:\/\/www.facebook.com\/noidiqua.trimestrale\/","article_published_time":"2022-12-08T08:49:44+00:00","article_modified_time":"2023-04-24T10:04:20+00:00","og_image":[{"url":"https:\/\/www.noidiqua.it\/Agliana\/wp-content\/uploads\/2022\/12\/biancalani-2.png","type":"","width":"","height":""}],"author":"Serena Michelozzi","twitter_misc":{"Scritto da":"Serena Michelozzi","Tempo di lettura stimato":"3 minuti"},"schema":{"@context":"https:\/\/schema.org","@graph":[{"@type":"WebPage","@id":"https:\/\/www.noidiqua.it\/Agliana\/edy-biancalani-la-medicina-come-vocazione\/","url":"https:\/\/www.noidiqua.it\/Agliana\/edy-biancalani-la-medicina-come-vocazione\/","name":"Edy Biancalani - la medicina come vocazione - Noi di Qua Testata giornalistica e di attualit\u00e0 di Agliana, Montale e Quarrata.","isPartOf":{"@id":"https:\/\/www.noidiqua.it\/Agliana\/#website"},"primaryImageOfPage":{"@id":"https:\/\/www.noidiqua.it\/Agliana\/edy-biancalani-la-medicina-come-vocazione\/#primaryimage"},"image":{"@id":"https:\/\/www.noidiqua.it\/Agliana\/edy-biancalani-la-medicina-come-vocazione\/#primaryimage"},"thumbnailUrl":"https:\/\/www.noidiqua.it\/Agliana\/wp-content\/uploads\/2022\/12\/biancalani-2.png","datePublished":"2022-12-08T08:49:44+00:00","dateModified":"2023-04-24T10:04:20+00:00","author":{"@id":"https:\/\/www.noidiqua.it\/Agliana\/#\/schema\/person\/4763a96f0bdf332cc8a55478dbeba163"},"breadcrumb":{"@id":"https:\/\/www.noidiqua.it\/Agliana\/edy-biancalani-la-medicina-come-vocazione\/#breadcrumb"},"inLanguage":"it-IT","potentialAction":[{"@type":"ReadAction","target":["https:\/\/www.noidiqua.it\/Agliana\/edy-biancalani-la-medicina-come-vocazione\/"]}]},{"@type":"ImageObject","inLanguage":"it-IT","@id":"https:\/\/www.noidiqua.it\/Agliana\/edy-biancalani-la-medicina-come-vocazione\/#primaryimage","url":"https:\/\/www.noidiqua.it\/Agliana\/wp-content\/uploads\/2022\/12\/biancalani-2.png","contentUrl":"https:\/\/www.noidiqua.it\/Agliana\/wp-content\/uploads\/2022\/12\/biancalani-2.png","width":493,"height":345},{"@type":"BreadcrumbList","@id":"https:\/\/www.noidiqua.it\/Agliana\/edy-biancalani-la-medicina-come-vocazione\/#breadcrumb","itemListElement":[{"@type":"ListItem","position":1,"name":"Home","item":"https:\/\/www.noidiqua.it\/Agliana\/"},{"@type":"ListItem","position":2,"name":"Edy Biancalani &#8211; la medicina come vocazione"}]},{"@type":"WebSite","@id":"https:\/\/www.noidiqua.it\/Agliana\/#website","url":"https:\/\/www.noidiqua.it\/Agliana\/","name":"Noi di Qua Testata giornalistica e di attualit\u00e0 di Agliana, Montale e Quarrata.","description":"Testata Giornalistica Quarrata Montale Agliana","potentialAction":[{"@type":"SearchAction","target":{"@type":"EntryPoint","urlTemplate":"https:\/\/www.noidiqua.it\/Agliana\/?s={search_term_string}"},"query-input":{"@type":"PropertyValueSpecification","valueRequired":true,"valueName":"search_term_string"}}],"inLanguage":"it-IT"},{"@type":"Person","@id":"https:\/\/www.noidiqua.it\/Agliana\/#\/schema\/person\/4763a96f0bdf332cc8a55478dbeba163","name":"Serena Michelozzi","image":{"@type":"ImageObject","inLanguage":"it-IT","@id":"https:\/\/www.noidiqua.it\/Agliana\/#\/schema\/person\/image\/","url":"https:\/\/secure.gravatar.com\/avatar\/a8efaab8953a1edb4943a89dbca993e803bf8bcf5221a8ff937a96a5b9914aab?s=96&d=mm&r=g","contentUrl":"https:\/\/secure.gravatar.com\/avatar\/a8efaab8953a1edb4943a89dbca993e803bf8bcf5221a8ff937a96a5b9914aab?s=96&d=mm&r=g","caption":"Serena Michelozzi"},"url":"https:\/\/www.noidiqua.it\/Agliana\/author\/serena-michelozzi\/"}]}},"_links":{"self":[{"href":"https:\/\/www.noidiqua.it\/Agliana\/wp-json\/wp\/v2\/posts\/7735","targetHints":{"allow":["GET"]}}],"collection":[{"href":"https:\/\/www.noidiqua.it\/Agliana\/wp-json\/wp\/v2\/posts"}],"about":[{"href":"https:\/\/www.noidiqua.it\/Agliana\/wp-json\/wp\/v2\/types\/post"}],"author":[{"embeddable":true,"href":"https:\/\/www.noidiqua.it\/Agliana\/wp-json\/wp\/v2\/users\/101011"}],"replies":[{"embeddable":true,"href":"https:\/\/www.noidiqua.it\/Agliana\/wp-json\/wp\/v2\/comments?post=7735"}],"version-history":[{"count":1,"href":"https:\/\/www.noidiqua.it\/Agliana\/wp-json\/wp\/v2\/posts\/7735\/revisions"}],"predecessor-version":[{"id":7738,"href":"https:\/\/www.noidiqua.it\/Agliana\/wp-json\/wp\/v2\/posts\/7735\/revisions\/7738"}],"wp:attachment":[{"href":"https:\/\/www.noidiqua.it\/Agliana\/wp-json\/wp\/v2\/media?parent=7735"}],"wp:term":[{"taxonomy":"category","embeddable":true,"href":"https:\/\/www.noidiqua.it\/Agliana\/wp-json\/wp\/v2\/categories?post=7735"},{"taxonomy":"post_tag","embeddable":true,"href":"https:\/\/www.noidiqua.it\/Agliana\/wp-json\/wp\/v2\/tags?post=7735"}],"curies":[{"name":"wp","href":"https:\/\/api.w.org\/{rel}","templated":true}]}}