{"id":8353,"date":"2023-03-13T12:32:45","date_gmt":"2023-03-13T11:32:45","guid":{"rendered":"https:\/\/www.noidiqua.it\/Agliana\/?p=8353"},"modified":"2023-04-18T15:21:14","modified_gmt":"2023-04-18T13:21:14","slug":"allergie-primaverili-e-come-affrontarle","status":"publish","type":"post","link":"https:\/\/www.noidiqua.it\/Agliana\/allergie-primaverili-e-come-affrontarle\/","title":{"rendered":"Allergie primaverili e come affrontarle"},"content":{"rendered":"<p><em>di Paola Maria Mandelli<\/em><\/p>\n<p><em>marzo 2023<\/em><\/p>\n<p><a href=\"https:\/\/www.noidiqua.it\/Agliana\/wp-content\/uploads\/2023\/04\/Una-mela-allergie.png\" rel=\"wp-prettyPhoto[8353]\"><img loading=\"lazy\" decoding=\"async\" class=\"aligncenter size-full wp-image-8354\" src=\"https:\/\/www.noidiqua.it\/Agliana\/wp-content\/uploads\/2023\/04\/Una-mela-allergie.png\" alt=\"\" width=\"504\" height=\"355\" srcset=\"https:\/\/www.noidiqua.it\/Agliana\/wp-content\/uploads\/2023\/04\/Una-mela-allergie.png 504w, https:\/\/www.noidiqua.it\/Agliana\/wp-content\/uploads\/2023\/04\/Una-mela-allergie-300x211.png 300w\" sizes=\"auto, (max-width: 504px) 100vw, 504px\" \/><\/a><\/p>\n<p>L\u2019arrivo della primavera porta con s\u00e9 la possibilit\u00e0 di trascorrere pi\u00f9 tempo all\u2019aria aperta, un vero beneficio per la salute e il benessere. Questa stagione per\u00f2 rappresenta un momento di fatica e sofferenza per i pazienti allergici ai pollini delle diverse piante, che si avvicendano nella fioritura mese dopo mese. Da un\u2019indagine condotta lo scorso febbraio da Assosalute (Associazione nazionale farmaci di automedicazione), su un migliaio di cittadini \u00e8 emerso che circa il 40% del campione soffre di qualche forma allergica e il 19,5% ne risente in primavera, con un aumento rispetto al dato del 2014 (16,7%).<\/p>\n<p><strong>I sintomi e le conseguenze<\/strong><\/p>\n<p>Starnuti, prurito agli occhi, lacrimazione e naso chiuso sono i sintomi pi\u00f9 comuni nei pazienti allergici; la loro presenza si ripercuote sulla qualit\u00e0 del sonno notturno, sulla concentrazione, sul benessere generale e sulle abitudini quotidiane, investendo anche le relazioni familiari. Difficolt\u00e0 del sonno e conseguente irascibilit\u00e0 sono tra gli effetti pi\u00f9 fastidiosi per chi soffre di allergie primaverili. Questo condizionamento negativo nel riposo notturno limita il rendimento del soggetto allergico e riduce drasticamente la produttivit\u00e0 lavorativa per gli adulti e dello studio nei giovani o bambini. Questa \u00e8 la conseguenza pi\u00f9 impattante anche a livello di costi sociali che la rinite allergica si porta dietro<\/p>\n<p><strong>I consigli contro le allergie primaverili<\/strong><\/p>\n<p><strong>1)<\/strong>\u00a0In presenza di sintomatologia che possa far sospettare un\u2019allergia respiratoria, la prima cosa da fare \u00e8 rivolgersi al medico curante e\/o allo specialista per la corretta diagnosi e l\u2019identificazione dell\u2019allergene.<\/p>\n<p><strong>2)\u00a0<\/strong>Consultare i calendari pollinici per conoscere il periodo di fioritura delle piante responsabili delle manifestazioni allergiche o i bollettini dei pollini per conoscere effettivamente quali e quanti pollini siano diffusi nell\u2019aria.<\/p>\n<p><strong>3)<\/strong>\u00a0Prima di scegliere la localit\u00e0 e i periodi per le vacanze, \u00e8 opportuno informarsi sull\u2019eventuale presenza di allergeni. Nella fase acuta dell\u2019allergia possono essere anche consigliati, quando \u00e8 possibile, brevi soggiorni in clima marino durante il periodo della pollinazione, dato che al mare la concentrazione atmosferica dei pollini \u00e8 relativamente bassa.<\/p>\n<p><strong>4)<\/strong>\u00a0Durante i periodi di pollinazione evitare le uscite e le attivit\u00e0 all\u2019aperto nelle ore di maggiore concentrazione pollinica, preferendo le uscite in prima mattina o tarda serata.<\/p>\n<p><strong>5)<\/strong>\u00a0Tra le 10 e le 16, periodo di maggior concentrazione di pollini, tenere chiuse le finestre e i finestrini dell\u2019auto ed evitare attivit\u00e0 all\u2019aperto o passeggiate in campagna, specie se l\u2019erba \u00e8 stata tagliata da poco.<\/p>\n<p><strong>6)<\/strong>\u00a0In casa e in ufficio, se possibile, usare condizionatori d\u2019aria o generatori di anioni, che abbassano la concentrazione di pollini. Fare attenzione alla pulizia della casa e ricorrere eventualmente ad un aspirapolvere dotato di filtro HEPA.<\/p>\n<p><strong>7)<\/strong>\u00a0In auto installare un filtro antipolline (da pulire spesso e sostituire ad ogni tagliando).<\/p>\n<p><strong>8)<\/strong>\u00a0Usare appropriate mascherine anti-polvere durante i lavori all\u2019aperto. Nei periodi di massima pollinazione, evitare di dedicarsi a lavori di giardinaggio.<\/p>","protected":false},"excerpt":{"rendered":"<p>di Paola Maria Mandelli marzo 2023 L\u2019arrivo della primavera porta con s\u00e9 la possibilit\u00e0 di trascorrere pi\u00f9 tempo all\u2019aria aperta, un vero beneficio per la salute e il benessere. Questa stagione per\u00f2 rappresenta un momento di fatica e sofferenza per i pazienti allergici ai pollini delle diverse [&hellip;]<\/p>","protected":false},"author":101014,"featured_media":0,"comment_status":"open","ping_status":"open","sticky":false,"template":"","format":"standard","meta":{"footnotes":""},"categories":[2,31],"tags":[3517,3523,3516,3382,3520,3521,3153,1726,3519,3518,3522,133],"class_list":["post-8353","post","type-post","status-publish","format-standard","hentry","category-ag","category-una-mela-al-giorno-qt","tag-allergie-primaverili","tag-aria-aperta","tag-assosalute","tag-farmaci","tag-giardinaggio","tag-lacrimazione","tag-paola-maria-mandelli","tag-piante","tag-pollinazione","tag-pollinici","tag-produttivita-lavorativa","tag-una-mela-al-giorno"],"yoast_head":"<!-- This site is optimized with the Yoast SEO plugin v25.5 - https:\/\/yoast.com\/wordpress\/plugins\/seo\/ -->\n<title>Allergie primaverili e come affrontarle - Noi di Qua Testata giornalistica e di attualit\u00e0 di Agliana, Montale e Quarrata.<\/title>\n<meta name=\"robots\" content=\"index, follow, max-snippet:-1, max-image-preview:large, max-video-preview:-1\" \/>\n<link rel=\"canonical\" href=\"https:\/\/www.noidiqua.it\/Agliana\/allergie-primaverili-e-come-affrontarle\/\" \/>\n<meta property=\"og:locale\" content=\"it_IT\" \/>\n<meta property=\"og:type\" content=\"article\" \/>\n<meta property=\"og:title\" content=\"Allergie primaverili e come affrontarle - Noi di Qua Testata giornalistica e di attualit\u00e0 di Agliana, Montale e Quarrata.\" \/>\n<meta property=\"og:description\" content=\"di Paola Maria Mandelli marzo 2023 L\u2019arrivo della primavera porta con s\u00e9 la possibilit\u00e0 di trascorrere pi\u00f9 tempo all\u2019aria aperta, un vero beneficio per la salute e il benessere. Questa stagione per\u00f2 rappresenta un momento di fatica e sofferenza per i pazienti allergici ai pollini delle diverse [&hellip;]\" \/>\n<meta property=\"og:url\" content=\"https:\/\/www.noidiqua.it\/Agliana\/allergie-primaverili-e-come-affrontarle\/\" \/>\n<meta property=\"og:site_name\" content=\"Noi di Qua Testata giornalistica e di attualit\u00e0 di Agliana, Montale e Quarrata.\" \/>\n<meta property=\"article:publisher\" content=\"https:\/\/www.facebook.com\/noidiqua.trimestrale\/\" \/>\n<meta property=\"article:published_time\" content=\"2023-03-13T11:32:45+00:00\" \/>\n<meta property=\"article:modified_time\" content=\"2023-04-18T13:21:14+00:00\" \/>\n<meta property=\"og:image\" content=\"https:\/\/www.noidiqua.it\/Agliana\/wp-content\/uploads\/2023\/04\/Una-mela-allergie.png\" \/>\n<meta name=\"author\" content=\"Paola Maria Mandelli\" \/>\n<meta name=\"twitter:label1\" content=\"Scritto da\" \/>\n\t<meta name=\"twitter:data1\" content=\"Paola Maria Mandelli\" \/>\n\t<meta name=\"twitter:label2\" content=\"Tempo di lettura stimato\" \/>\n\t<meta name=\"twitter:data2\" content=\"3 minuti\" \/>\n<script type=\"application\/ld+json\" class=\"yoast-schema-graph\">{\"@context\":\"https:\/\/schema.org\",\"@graph\":[{\"@type\":\"WebPage\",\"@id\":\"https:\/\/www.noidiqua.it\/Agliana\/allergie-primaverili-e-come-affrontarle\/\",\"url\":\"https:\/\/www.noidiqua.it\/Agliana\/allergie-primaverili-e-come-affrontarle\/\",\"name\":\"Allergie primaverili e come affrontarle - Noi di Qua Testata giornalistica e di attualit\u00e0 di Agliana, Montale e Quarrata.\",\"isPartOf\":{\"@id\":\"https:\/\/www.noidiqua.it\/Agliana\/#website\"},\"primaryImageOfPage\":{\"@id\":\"https:\/\/www.noidiqua.it\/Agliana\/allergie-primaverili-e-come-affrontarle\/#primaryimage\"},\"image\":{\"@id\":\"https:\/\/www.noidiqua.it\/Agliana\/allergie-primaverili-e-come-affrontarle\/#primaryimage\"},\"thumbnailUrl\":\"https:\/\/www.noidiqua.it\/Agliana\/wp-content\/uploads\/2023\/04\/Una-mela-allergie.png\",\"datePublished\":\"2023-03-13T11:32:45+00:00\",\"dateModified\":\"2023-04-18T13:21:14+00:00\",\"author\":{\"@id\":\"https:\/\/www.noidiqua.it\/Agliana\/#\/schema\/person\/648f75ce7c013c638265e4752ded135c\"},\"breadcrumb\":{\"@id\":\"https:\/\/www.noidiqua.it\/Agliana\/allergie-primaverili-e-come-affrontarle\/#breadcrumb\"},\"inLanguage\":\"it-IT\",\"potentialAction\":[{\"@type\":\"ReadAction\",\"target\":[\"https:\/\/www.noidiqua.it\/Agliana\/allergie-primaverili-e-come-affrontarle\/\"]}]},{\"@type\":\"ImageObject\",\"inLanguage\":\"it-IT\",\"@id\":\"https:\/\/www.noidiqua.it\/Agliana\/allergie-primaverili-e-come-affrontarle\/#primaryimage\",\"url\":\"https:\/\/www.noidiqua.it\/Agliana\/wp-content\/uploads\/2023\/04\/Una-mela-allergie.png\",\"contentUrl\":\"https:\/\/www.noidiqua.it\/Agliana\/wp-content\/uploads\/2023\/04\/Una-mela-allergie.png\",\"width\":504,\"height\":355},{\"@type\":\"BreadcrumbList\",\"@id\":\"https:\/\/www.noidiqua.it\/Agliana\/allergie-primaverili-e-come-affrontarle\/#breadcrumb\",\"itemListElement\":[{\"@type\":\"ListItem\",\"position\":1,\"name\":\"Home\",\"item\":\"https:\/\/www.noidiqua.it\/Agliana\/\"},{\"@type\":\"ListItem\",\"position\":2,\"name\":\"Allergie primaverili e come affrontarle\"}]},{\"@type\":\"WebSite\",\"@id\":\"https:\/\/www.noidiqua.it\/Agliana\/#website\",\"url\":\"https:\/\/www.noidiqua.it\/Agliana\/\",\"name\":\"Noi di Qua Testata giornalistica e di attualit\u00e0 di Agliana, Montale e Quarrata.\",\"description\":\"Testata Giornalistica Quarrata Montale Agliana\",\"potentialAction\":[{\"@type\":\"SearchAction\",\"target\":{\"@type\":\"EntryPoint\",\"urlTemplate\":\"https:\/\/www.noidiqua.it\/Agliana\/?s={search_term_string}\"},\"query-input\":{\"@type\":\"PropertyValueSpecification\",\"valueRequired\":true,\"valueName\":\"search_term_string\"}}],\"inLanguage\":\"it-IT\"},{\"@type\":\"Person\",\"@id\":\"https:\/\/www.noidiqua.it\/Agliana\/#\/schema\/person\/648f75ce7c013c638265e4752ded135c\",\"name\":\"Paola Maria Mandelli\",\"image\":{\"@type\":\"ImageObject\",\"inLanguage\":\"it-IT\",\"@id\":\"https:\/\/www.noidiqua.it\/Agliana\/#\/schema\/person\/image\/\",\"url\":\"https:\/\/secure.gravatar.com\/avatar\/36a1604078ac68a02457b1c1830174c74a01009237fc4b38945230bcad46ebfa?s=96&d=mm&r=g\",\"contentUrl\":\"https:\/\/secure.gravatar.com\/avatar\/36a1604078ac68a02457b1c1830174c74a01009237fc4b38945230bcad46ebfa?s=96&d=mm&r=g\",\"caption\":\"Paola Maria Mandelli\"},\"url\":\"https:\/\/www.noidiqua.it\/Agliana\/author\/paola-maria-mandelli\/\"}]}<\/script>\n<!-- \/ Yoast SEO plugin. -->","yoast_head_json":{"title":"Allergie primaverili e come affrontarle - Noi di Qua Testata giornalistica e di attualit\u00e0 di Agliana, Montale e Quarrata.","robots":{"index":"index","follow":"follow","max-snippet":"max-snippet:-1","max-image-preview":"max-image-preview:large","max-video-preview":"max-video-preview:-1"},"canonical":"https:\/\/www.noidiqua.it\/Agliana\/allergie-primaverili-e-come-affrontarle\/","og_locale":"it_IT","og_type":"article","og_title":"Allergie primaverili e come affrontarle - Noi di Qua Testata giornalistica e di attualit\u00e0 di Agliana, Montale e Quarrata.","og_description":"di Paola Maria Mandelli marzo 2023 L\u2019arrivo della primavera porta con s\u00e9 la possibilit\u00e0 di trascorrere pi\u00f9 tempo all\u2019aria aperta, un vero beneficio per la salute e il benessere. Questa stagione per\u00f2 rappresenta un momento di fatica e sofferenza per i pazienti allergici ai pollini delle diverse [&hellip;]","og_url":"https:\/\/www.noidiqua.it\/Agliana\/allergie-primaverili-e-come-affrontarle\/","og_site_name":"Noi di Qua Testata giornalistica e di attualit\u00e0 di Agliana, Montale e Quarrata.","article_publisher":"https:\/\/www.facebook.com\/noidiqua.trimestrale\/","article_published_time":"2023-03-13T11:32:45+00:00","article_modified_time":"2023-04-18T13:21:14+00:00","og_image":[{"url":"https:\/\/www.noidiqua.it\/Agliana\/wp-content\/uploads\/2023\/04\/Una-mela-allergie.png","type":"","width":"","height":""}],"author":"Paola Maria Mandelli","twitter_misc":{"Scritto da":"Paola Maria Mandelli","Tempo di lettura stimato":"3 minuti"},"schema":{"@context":"https:\/\/schema.org","@graph":[{"@type":"WebPage","@id":"https:\/\/www.noidiqua.it\/Agliana\/allergie-primaverili-e-come-affrontarle\/","url":"https:\/\/www.noidiqua.it\/Agliana\/allergie-primaverili-e-come-affrontarle\/","name":"Allergie primaverili e come affrontarle - Noi di Qua Testata giornalistica e di attualit\u00e0 di Agliana, Montale e Quarrata.","isPartOf":{"@id":"https:\/\/www.noidiqua.it\/Agliana\/#website"},"primaryImageOfPage":{"@id":"https:\/\/www.noidiqua.it\/Agliana\/allergie-primaverili-e-come-affrontarle\/#primaryimage"},"image":{"@id":"https:\/\/www.noidiqua.it\/Agliana\/allergie-primaverili-e-come-affrontarle\/#primaryimage"},"thumbnailUrl":"https:\/\/www.noidiqua.it\/Agliana\/wp-content\/uploads\/2023\/04\/Una-mela-allergie.png","datePublished":"2023-03-13T11:32:45+00:00","dateModified":"2023-04-18T13:21:14+00:00","author":{"@id":"https:\/\/www.noidiqua.it\/Agliana\/#\/schema\/person\/648f75ce7c013c638265e4752ded135c"},"breadcrumb":{"@id":"https:\/\/www.noidiqua.it\/Agliana\/allergie-primaverili-e-come-affrontarle\/#breadcrumb"},"inLanguage":"it-IT","potentialAction":[{"@type":"ReadAction","target":["https:\/\/www.noidiqua.it\/Agliana\/allergie-primaverili-e-come-affrontarle\/"]}]},{"@type":"ImageObject","inLanguage":"it-IT","@id":"https:\/\/www.noidiqua.it\/Agliana\/allergie-primaverili-e-come-affrontarle\/#primaryimage","url":"https:\/\/www.noidiqua.it\/Agliana\/wp-content\/uploads\/2023\/04\/Una-mela-allergie.png","contentUrl":"https:\/\/www.noidiqua.it\/Agliana\/wp-content\/uploads\/2023\/04\/Una-mela-allergie.png","width":504,"height":355},{"@type":"BreadcrumbList","@id":"https:\/\/www.noidiqua.it\/Agliana\/allergie-primaverili-e-come-affrontarle\/#breadcrumb","itemListElement":[{"@type":"ListItem","position":1,"name":"Home","item":"https:\/\/www.noidiqua.it\/Agliana\/"},{"@type":"ListItem","position":2,"name":"Allergie primaverili e come affrontarle"}]},{"@type":"WebSite","@id":"https:\/\/www.noidiqua.it\/Agliana\/#website","url":"https:\/\/www.noidiqua.it\/Agliana\/","name":"Noi di Qua Testata giornalistica e di attualit\u00e0 di Agliana, Montale e Quarrata.","description":"Testata Giornalistica Quarrata Montale Agliana","potentialAction":[{"@type":"SearchAction","target":{"@type":"EntryPoint","urlTemplate":"https:\/\/www.noidiqua.it\/Agliana\/?s={search_term_string}"},"query-input":{"@type":"PropertyValueSpecification","valueRequired":true,"valueName":"search_term_string"}}],"inLanguage":"it-IT"},{"@type":"Person","@id":"https:\/\/www.noidiqua.it\/Agliana\/#\/schema\/person\/648f75ce7c013c638265e4752ded135c","name":"Paola Maria Mandelli","image":{"@type":"ImageObject","inLanguage":"it-IT","@id":"https:\/\/www.noidiqua.it\/Agliana\/#\/schema\/person\/image\/","url":"https:\/\/secure.gravatar.com\/avatar\/36a1604078ac68a02457b1c1830174c74a01009237fc4b38945230bcad46ebfa?s=96&d=mm&r=g","contentUrl":"https:\/\/secure.gravatar.com\/avatar\/36a1604078ac68a02457b1c1830174c74a01009237fc4b38945230bcad46ebfa?s=96&d=mm&r=g","caption":"Paola Maria Mandelli"},"url":"https:\/\/www.noidiqua.it\/Agliana\/author\/paola-maria-mandelli\/"}]}},"_links":{"self":[{"href":"https:\/\/www.noidiqua.it\/Agliana\/wp-json\/wp\/v2\/posts\/8353","targetHints":{"allow":["GET"]}}],"collection":[{"href":"https:\/\/www.noidiqua.it\/Agliana\/wp-json\/wp\/v2\/posts"}],"about":[{"href":"https:\/\/www.noidiqua.it\/Agliana\/wp-json\/wp\/v2\/types\/post"}],"author":[{"embeddable":true,"href":"https:\/\/www.noidiqua.it\/Agliana\/wp-json\/wp\/v2\/users\/101014"}],"replies":[{"embeddable":true,"href":"https:\/\/www.noidiqua.it\/Agliana\/wp-json\/wp\/v2\/comments?post=8353"}],"version-history":[{"count":2,"href":"https:\/\/www.noidiqua.it\/Agliana\/wp-json\/wp\/v2\/posts\/8353\/revisions"}],"predecessor-version":[{"id":8433,"href":"https:\/\/www.noidiqua.it\/Agliana\/wp-json\/wp\/v2\/posts\/8353\/revisions\/8433"}],"wp:attachment":[{"href":"https:\/\/www.noidiqua.it\/Agliana\/wp-json\/wp\/v2\/media?parent=8353"}],"wp:term":[{"taxonomy":"category","embeddable":true,"href":"https:\/\/www.noidiqua.it\/Agliana\/wp-json\/wp\/v2\/categories?post=8353"},{"taxonomy":"post_tag","embeddable":true,"href":"https:\/\/www.noidiqua.it\/Agliana\/wp-json\/wp\/v2\/tags?post=8353"}],"curies":[{"name":"wp","href":"https:\/\/api.w.org\/{rel}","templated":true}]}}