{"id":8372,"date":"2023-03-13T13:14:35","date_gmt":"2023-03-13T12:14:35","guid":{"rendered":"https:\/\/www.noidiqua.it\/Agliana\/?p=8372"},"modified":"2023-07-14T13:01:43","modified_gmt":"2023-07-14T11:01:43","slug":"pier-angelo-barontini-chef-stellato","status":"publish","type":"post","link":"https:\/\/www.noidiqua.it\/Agliana\/pier-angelo-barontini-chef-stellato\/","title":{"rendered":"Pier Angelo Barontini &#8211; Chef stellato"},"content":{"rendered":"<p><em>di Piera Salvi. Foto: <a href=\"http:\/\/www.bellinigabriele.it\">Gabriele Bellini<\/a><\/em><\/p>\n<p><em>marzo 2023<\/em><\/p>\n<p><a href=\"https:\/\/www.noidiqua.it\/Agliana\/wp-content\/uploads\/2023\/04\/chef-2.png\" rel=\"wp-prettyPhoto[8372]\"><img loading=\"lazy\" decoding=\"async\" class=\"aligncenter size-full wp-image-8373\" src=\"https:\/\/www.noidiqua.it\/Agliana\/wp-content\/uploads\/2023\/04\/chef-2.png\" alt=\"\" width=\"506\" height=\"359\" srcset=\"https:\/\/www.noidiqua.it\/Agliana\/wp-content\/uploads\/2023\/04\/chef-2.png 506w, https:\/\/www.noidiqua.it\/Agliana\/wp-content\/uploads\/2023\/04\/chef-2-300x213.png 300w\" sizes=\"auto, (max-width: 506px) 100vw, 506px\" \/><\/a><\/p>\n<p class=\"p1\"><span class=\"s1\">Ha studiato <strong>ingegneria<\/strong> e ha fatto l\u2019allenatore di <strong>basket<\/strong>, poi ha seguito la sua vocazione di sempre: la <strong>cucina<\/strong>. E&#8217; diventato uno <strong>chef stellato<\/strong> e un consulente del gusto tra i pi\u00f9 stimati. E&#8217; il nostro concittadino doc, <strong>Pier Angelo Barontini<\/strong>, che inizi\u00f2 l\u2019attivit\u00e0 nel ristorante del Tennis Club Agliana nel 1985 e conquist\u00f2 subito l\u2019inserimento nella guida dei ristoranti d\u2019Italia Veronelli. Nei quindici anni successivi \u00e8 stato chef proprietario di due ristoranti: \u201cPier Angelo\u201d a Montecatini e \u201cIl Castagno di Pier Angelo\u201d\u2019 a Pistoia guadagnando due stelle Michelin e il \u201cSole Veronelli\u201d per ben tredici anni. Barontini vanta, inoltre, 18 ventesimi sulla \u2018Guida Europea Gault et Millau\u2019 e tantissimi altri premi e riconoscimenti. Dal 1990 inizia le consulenze, nientemeno che per <strong>Clara Agnelli<\/strong> e il Conte Nuvoletti. E&#8217; stato docente per Il <strong>Gambero Rosso<\/strong> alla Citt\u00e0 del Gusto a Roma, insegnante di \u201cTecniche di cucina\u201d per Slow Food e consulente per un\u2019azienda Friulana leader italiana in eccellenze gastronomiche. Ha ideato per alcuni locali in Veneto la \u201cPizza Gourmet\u201d, al tempo quasi sconosciuta. Sempre in Veneto ha fatto partire un progetto di un nuovo pollo tradizionale a lento accrescimento denominato \u201cPollo latte e miele\u201d. Prosegue poi il suo lavoro con ristoranti, alberghi e produttori nel progetto \u201cSaperi e Sapori\u201d della Camera di Commercio di Padova nella riqualificazione delle eccellenze territoriali. Il <strong>curriculum<\/strong> di Barontini per\u00f2 \u00e8 infinito, noi ci fermiamo qui anche perch\u00e9 siamo curiosi di sapere qualcosa sul \u201c<strong>Pollo latte e miele<\/strong>\u201d. <\/span><\/p>\n<p class=\"p1\"><span class=\"s1\"><i>\u00abMancava in Italia\u00bb<\/i> spiega <i>\u00abun pollo di qualit\u00e0 \u201ctop\u201d da usare nella ristorazione importante. Visitando alcuni allevatori ho capito che la sola alimentazione tradizionale a mais non era sufficiente a valorizzare le carni. Quindi ho ideato col professor Cassandro dell&#8217;Universit\u00e0 di Padova un progetto dove l\u2019integrazione con latte e miele ha dato risultati ottimi nel gusto dei polli cos\u00ec alimentati. Adesso possiamo competere anche col famoso pollo di Bresse francese\u00bb<\/i>.<\/span><\/p>\n<p><a href=\"https:\/\/www.noidiqua.it\/Agliana\/wp-content\/uploads\/2023\/04\/chef-1.png\" rel=\"wp-prettyPhoto[8372]\"><img loading=\"lazy\" decoding=\"async\" class=\"aligncenter size-full wp-image-8374\" src=\"https:\/\/www.noidiqua.it\/Agliana\/wp-content\/uploads\/2023\/04\/chef-1.png\" alt=\"\" width=\"502\" height=\"345\" srcset=\"https:\/\/www.noidiqua.it\/Agliana\/wp-content\/uploads\/2023\/04\/chef-1.png 502w, https:\/\/www.noidiqua.it\/Agliana\/wp-content\/uploads\/2023\/04\/chef-1-300x206.png 300w\" sizes=\"auto, (max-width: 502px) 100vw, 502px\" \/><\/a><\/p>\n<p class=\"p1\"><span class=\"s1\"><b>Come \u00e8 nata la sua passione per la cucina?<\/b><\/span><\/p>\n<p class=\"p1\"><span class=\"s1\"><i>\u00abAppena nato non riuscivo a succhiare il latte materno e sono sopravvissuto grazie al latte artificiale e poi con i piatti di mia nonna Imola. Lei era la bravissima cuoca della locanda del cambio dei cavalli in piazza IV Novembre gestita con la sorella Irma. \u00c8 stata lei a nutrirmi con leccornie a qualsiasi ora del giorno: da l\u00ec si \u00e8 formato il mio palato. Ancora bambino cucinavo frittate, \u201cil mio periodo giallo\u201d, a 11 anni ho fatto da solo le prime lasagne al forno. Crescendo ho studiato con cura i testi classici di cucina, poi sono stato stregato dalla fisica e chimica applicate alla cottura degli ingredienti. Ho lavorato in cucine italiane, francesi e svizzere per capire al meglio le preparazioni e le tecniche pi\u00f9 efficaci. Poi mi sono specializzato nella cottura a bassa temperatura e sotto vuoto, un modo moderno di valorizzare consistenze e sapori dei cibi\u00bb<\/i>. <\/span><\/p>\n<p class=\"p1\"><span class=\"s1\"><b>Quali sono le differenze nel settore tra gli anni Ottanta e oggi?<\/b><\/span><\/p>\n<p class=\"p1\"><span class=\"s1\"><i>\u00abPrima non c\u2019era Internet, s\u2019imparava per pratica nelle cucine dove i cuochi custodivano i loro segreti. Oggi le tecniche sono disponibili su YouTube, basta aver voglia d\u2019imparare. Purtroppo per\u00f2 la Tv sta dando un modello di chef falso, perch\u00e9 la cucina \u00e8 soprattutto fatica, determinazione, studio. Ha creato illusioni per i giovani, che pensano basti poco per arrivare alla cima. Cos\u00ec loro spesso iniziano e poi lasciano, perch\u00e9 questo \u00e8 un lavoro difficile e si lavora la sera e nei festivi: tutti i ristoranti che conosco non trovano personale esperto o che abbia voglia di imparare\u00bb<\/i>.<\/span><\/p>\n<p class=\"p1\"><span class=\"s1\"><b>Come si conciliano in cucina tradizione e innovazione?<\/b><\/span><\/p>\n<p class=\"p1\"><span class=\"s1\"><i>\u00abMi appassiona la tradizione nuova con contaminazione antica. Mixare ricette tradizionali tramite tecniche moderne. Sono i miei piatti che hanno avuto pi\u00f9 successo, esempio i Carciofi ritti ripieni con fonduta di Pecorino, oppure gli Gnudi di Ricotta con guazzetto di Cacciucco e il Pollo latte e miele fritto in pastella alle tre farine\u00bb<\/i>.<\/span><\/p>\n<p><a href=\"https:\/\/www.noidiqua.it\/Agliana\/wp-content\/uploads\/2023\/04\/chef-3.png\" rel=\"wp-prettyPhoto[8372]\"><img loading=\"lazy\" decoding=\"async\" class=\"aligncenter size-full wp-image-8375\" src=\"https:\/\/www.noidiqua.it\/Agliana\/wp-content\/uploads\/2023\/04\/chef-3.png\" alt=\"\" width=\"507\" height=\"375\" srcset=\"https:\/\/www.noidiqua.it\/Agliana\/wp-content\/uploads\/2023\/04\/chef-3.png 507w, https:\/\/www.noidiqua.it\/Agliana\/wp-content\/uploads\/2023\/04\/chef-3-300x222.png 300w\" sizes=\"auto, (max-width: 507px) 100vw, 507px\" \/><\/a><\/p>\n<p class=\"p1\"><span class=\"s1\"><b>E salute, gusto e sostenibilit\u00e0?<\/b><\/span><\/p>\n<p class=\"p1\"><span class=\"s1\"><i>\u00abVanno a braccetto. Oggi \u00e8 un must. Uso di prodotti sostenibili e nuove tecniche fanno un piatto goloso ma salutare\u00bb<\/i>.<\/span><\/p>\n<p class=\"p1\"><span class=\"s1\"><b>Parlando con lei appare chiaro che \u00e8 soddisfatto della sua professione. Ai giovani che consigli darebbe?<\/b><\/span><\/p>\n<p class=\"p1\"><span class=\"s1\"><i>\u00abS\u00ec, sono molto felice della scelta fatta. Ai giovani suggerisco di applicarsi, studiare, essere curiosi e determinati e, cosa fondamentale, lavorare con amore. Solo cos\u00ec si arriva a farsi strada nel mondo della cucina\u00bb<\/i>.<\/span><\/p>","protected":false},"excerpt":{"rendered":"<p>di Piera Salvi. Foto: Gabriele Bellini marzo 2023 Ha studiato ingegneria e ha fatto l\u2019allenatore di basket, poi ha seguito la sua vocazione di sempre: la cucina. E&#8217; diventato uno chef stellato e un consulente del gusto tra i pi\u00f9 stimati. E&#8217; il nostro concittadino doc, Pier [&hellip;]<\/p>","protected":false},"author":13,"featured_media":0,"comment_status":"open","ping_status":"open","sticky":false,"template":"","format":"standard","meta":{"footnotes":""},"categories":[2,3],"tags":[3555,46,3549,3553,1640,3550,3552,3548,3554,3551,3556],"class_list":["post-8372","post","type-post","status-publish","format-standard","hentry","category-ag","category-arte-artigianato-qt","tag-arte-e-artigianato","tag-basket","tag-chef-stellato","tag-clara-agnelli","tag-cucina","tag-curriculum","tag-gambero-rosso","tag-ingegneria","tag-pier-angelo-barontini","tag-pollo-latte-e-miele","tag-top"],"yoast_head":"<!-- This site is optimized with the Yoast SEO plugin v25.5 - https:\/\/yoast.com\/wordpress\/plugins\/seo\/ -->\n<title>Pier Angelo Barontini - Chef stellato - Noi di Qua Testata giornalistica e di attualit\u00e0 di Agliana, Montale e Quarrata.<\/title>\n<meta name=\"robots\" content=\"index, follow, max-snippet:-1, max-image-preview:large, max-video-preview:-1\" \/>\n<link rel=\"canonical\" href=\"https:\/\/www.noidiqua.it\/Agliana\/pier-angelo-barontini-chef-stellato\/\" \/>\n<meta property=\"og:locale\" content=\"it_IT\" \/>\n<meta property=\"og:type\" content=\"article\" \/>\n<meta property=\"og:title\" content=\"Pier Angelo Barontini - Chef stellato - Noi di Qua Testata giornalistica e di attualit\u00e0 di Agliana, Montale e Quarrata.\" \/>\n<meta property=\"og:description\" content=\"di Piera Salvi. Foto: Gabriele Bellini marzo 2023 Ha studiato ingegneria e ha fatto l\u2019allenatore di basket, poi ha seguito la sua vocazione di sempre: la cucina. E&#8217; diventato uno chef stellato e un consulente del gusto tra i pi\u00f9 stimati. E&#8217; il nostro concittadino doc, Pier [&hellip;]\" \/>\n<meta property=\"og:url\" content=\"https:\/\/www.noidiqua.it\/Agliana\/pier-angelo-barontini-chef-stellato\/\" \/>\n<meta property=\"og:site_name\" content=\"Noi di Qua Testata giornalistica e di attualit\u00e0 di Agliana, Montale e Quarrata.\" \/>\n<meta property=\"article:publisher\" content=\"https:\/\/www.facebook.com\/noidiqua.trimestrale\/\" \/>\n<meta property=\"article:published_time\" content=\"2023-03-13T12:14:35+00:00\" \/>\n<meta property=\"article:modified_time\" content=\"2023-07-14T11:01:43+00:00\" \/>\n<meta property=\"og:image\" content=\"https:\/\/www.noidiqua.it\/Agliana\/wp-content\/uploads\/2023\/04\/chef-2.png\" \/>\n<meta name=\"author\" content=\"Piera Salvi\" \/>\n<meta name=\"twitter:label1\" content=\"Scritto da\" \/>\n\t<meta name=\"twitter:data1\" content=\"Piera Salvi\" \/>\n\t<meta name=\"twitter:label2\" content=\"Tempo di lettura stimato\" \/>\n\t<meta name=\"twitter:data2\" content=\"4 minuti\" \/>\n<script type=\"application\/ld+json\" class=\"yoast-schema-graph\">{\"@context\":\"https:\/\/schema.org\",\"@graph\":[{\"@type\":\"WebPage\",\"@id\":\"https:\/\/www.noidiqua.it\/Agliana\/pier-angelo-barontini-chef-stellato\/\",\"url\":\"https:\/\/www.noidiqua.it\/Agliana\/pier-angelo-barontini-chef-stellato\/\",\"name\":\"Pier Angelo Barontini - Chef stellato - Noi di Qua Testata giornalistica e di attualit\u00e0 di Agliana, Montale e Quarrata.\",\"isPartOf\":{\"@id\":\"https:\/\/www.noidiqua.it\/Agliana\/#website\"},\"primaryImageOfPage\":{\"@id\":\"https:\/\/www.noidiqua.it\/Agliana\/pier-angelo-barontini-chef-stellato\/#primaryimage\"},\"image\":{\"@id\":\"https:\/\/www.noidiqua.it\/Agliana\/pier-angelo-barontini-chef-stellato\/#primaryimage\"},\"thumbnailUrl\":\"https:\/\/www.noidiqua.it\/Agliana\/wp-content\/uploads\/2023\/04\/chef-2.png\",\"datePublished\":\"2023-03-13T12:14:35+00:00\",\"dateModified\":\"2023-07-14T11:01:43+00:00\",\"author\":{\"@id\":\"https:\/\/www.noidiqua.it\/Agliana\/#\/schema\/person\/bb7515c2330bb1137f247276096fa7dc\"},\"breadcrumb\":{\"@id\":\"https:\/\/www.noidiqua.it\/Agliana\/pier-angelo-barontini-chef-stellato\/#breadcrumb\"},\"inLanguage\":\"it-IT\",\"potentialAction\":[{\"@type\":\"ReadAction\",\"target\":[\"https:\/\/www.noidiqua.it\/Agliana\/pier-angelo-barontini-chef-stellato\/\"]}]},{\"@type\":\"ImageObject\",\"inLanguage\":\"it-IT\",\"@id\":\"https:\/\/www.noidiqua.it\/Agliana\/pier-angelo-barontini-chef-stellato\/#primaryimage\",\"url\":\"https:\/\/www.noidiqua.it\/Agliana\/wp-content\/uploads\/2023\/04\/chef-2.png\",\"contentUrl\":\"https:\/\/www.noidiqua.it\/Agliana\/wp-content\/uploads\/2023\/04\/chef-2.png\",\"width\":506,\"height\":359},{\"@type\":\"BreadcrumbList\",\"@id\":\"https:\/\/www.noidiqua.it\/Agliana\/pier-angelo-barontini-chef-stellato\/#breadcrumb\",\"itemListElement\":[{\"@type\":\"ListItem\",\"position\":1,\"name\":\"Home\",\"item\":\"https:\/\/www.noidiqua.it\/Agliana\/\"},{\"@type\":\"ListItem\",\"position\":2,\"name\":\"Pier Angelo Barontini &#8211; Chef stellato\"}]},{\"@type\":\"WebSite\",\"@id\":\"https:\/\/www.noidiqua.it\/Agliana\/#website\",\"url\":\"https:\/\/www.noidiqua.it\/Agliana\/\",\"name\":\"Noi di Qua Testata giornalistica e di attualit\u00e0 di Agliana, Montale e Quarrata.\",\"description\":\"Testata Giornalistica Quarrata Montale Agliana\",\"potentialAction\":[{\"@type\":\"SearchAction\",\"target\":{\"@type\":\"EntryPoint\",\"urlTemplate\":\"https:\/\/www.noidiqua.it\/Agliana\/?s={search_term_string}\"},\"query-input\":{\"@type\":\"PropertyValueSpecification\",\"valueRequired\":true,\"valueName\":\"search_term_string\"}}],\"inLanguage\":\"it-IT\"},{\"@type\":\"Person\",\"@id\":\"https:\/\/www.noidiqua.it\/Agliana\/#\/schema\/person\/bb7515c2330bb1137f247276096fa7dc\",\"name\":\"Piera Salvi\",\"image\":{\"@type\":\"ImageObject\",\"inLanguage\":\"it-IT\",\"@id\":\"https:\/\/www.noidiqua.it\/Agliana\/#\/schema\/person\/image\/\",\"url\":\"https:\/\/secure.gravatar.com\/avatar\/2f9b1fb6e13f3b3e63bde435d999a73be036e320f7a0f5f32f9ac21859d999cd?s=96&d=mm&r=g\",\"contentUrl\":\"https:\/\/secure.gravatar.com\/avatar\/2f9b1fb6e13f3b3e63bde435d999a73be036e320f7a0f5f32f9ac21859d999cd?s=96&d=mm&r=g\",\"caption\":\"Piera Salvi\"},\"url\":\"https:\/\/www.noidiqua.it\/Agliana\/author\/piera-salvi\/\"}]}<\/script>\n<!-- \/ Yoast SEO plugin. -->","yoast_head_json":{"title":"Pier Angelo Barontini - Chef stellato - Noi di Qua Testata giornalistica e di attualit\u00e0 di Agliana, Montale e Quarrata.","robots":{"index":"index","follow":"follow","max-snippet":"max-snippet:-1","max-image-preview":"max-image-preview:large","max-video-preview":"max-video-preview:-1"},"canonical":"https:\/\/www.noidiqua.it\/Agliana\/pier-angelo-barontini-chef-stellato\/","og_locale":"it_IT","og_type":"article","og_title":"Pier Angelo Barontini - Chef stellato - Noi di Qua Testata giornalistica e di attualit\u00e0 di Agliana, Montale e Quarrata.","og_description":"di Piera Salvi. Foto: Gabriele Bellini marzo 2023 Ha studiato ingegneria e ha fatto l\u2019allenatore di basket, poi ha seguito la sua vocazione di sempre: la cucina. E&#8217; diventato uno chef stellato e un consulente del gusto tra i pi\u00f9 stimati. E&#8217; il nostro concittadino doc, Pier [&hellip;]","og_url":"https:\/\/www.noidiqua.it\/Agliana\/pier-angelo-barontini-chef-stellato\/","og_site_name":"Noi di Qua Testata giornalistica e di attualit\u00e0 di Agliana, Montale e Quarrata.","article_publisher":"https:\/\/www.facebook.com\/noidiqua.trimestrale\/","article_published_time":"2023-03-13T12:14:35+00:00","article_modified_time":"2023-07-14T11:01:43+00:00","og_image":[{"url":"https:\/\/www.noidiqua.it\/Agliana\/wp-content\/uploads\/2023\/04\/chef-2.png","type":"","width":"","height":""}],"author":"Piera Salvi","twitter_misc":{"Scritto da":"Piera Salvi","Tempo di lettura stimato":"4 minuti"},"schema":{"@context":"https:\/\/schema.org","@graph":[{"@type":"WebPage","@id":"https:\/\/www.noidiqua.it\/Agliana\/pier-angelo-barontini-chef-stellato\/","url":"https:\/\/www.noidiqua.it\/Agliana\/pier-angelo-barontini-chef-stellato\/","name":"Pier Angelo Barontini - Chef stellato - Noi di Qua Testata giornalistica e di attualit\u00e0 di Agliana, Montale e Quarrata.","isPartOf":{"@id":"https:\/\/www.noidiqua.it\/Agliana\/#website"},"primaryImageOfPage":{"@id":"https:\/\/www.noidiqua.it\/Agliana\/pier-angelo-barontini-chef-stellato\/#primaryimage"},"image":{"@id":"https:\/\/www.noidiqua.it\/Agliana\/pier-angelo-barontini-chef-stellato\/#primaryimage"},"thumbnailUrl":"https:\/\/www.noidiqua.it\/Agliana\/wp-content\/uploads\/2023\/04\/chef-2.png","datePublished":"2023-03-13T12:14:35+00:00","dateModified":"2023-07-14T11:01:43+00:00","author":{"@id":"https:\/\/www.noidiqua.it\/Agliana\/#\/schema\/person\/bb7515c2330bb1137f247276096fa7dc"},"breadcrumb":{"@id":"https:\/\/www.noidiqua.it\/Agliana\/pier-angelo-barontini-chef-stellato\/#breadcrumb"},"inLanguage":"it-IT","potentialAction":[{"@type":"ReadAction","target":["https:\/\/www.noidiqua.it\/Agliana\/pier-angelo-barontini-chef-stellato\/"]}]},{"@type":"ImageObject","inLanguage":"it-IT","@id":"https:\/\/www.noidiqua.it\/Agliana\/pier-angelo-barontini-chef-stellato\/#primaryimage","url":"https:\/\/www.noidiqua.it\/Agliana\/wp-content\/uploads\/2023\/04\/chef-2.png","contentUrl":"https:\/\/www.noidiqua.it\/Agliana\/wp-content\/uploads\/2023\/04\/chef-2.png","width":506,"height":359},{"@type":"BreadcrumbList","@id":"https:\/\/www.noidiqua.it\/Agliana\/pier-angelo-barontini-chef-stellato\/#breadcrumb","itemListElement":[{"@type":"ListItem","position":1,"name":"Home","item":"https:\/\/www.noidiqua.it\/Agliana\/"},{"@type":"ListItem","position":2,"name":"Pier Angelo Barontini &#8211; Chef stellato"}]},{"@type":"WebSite","@id":"https:\/\/www.noidiqua.it\/Agliana\/#website","url":"https:\/\/www.noidiqua.it\/Agliana\/","name":"Noi di Qua Testata giornalistica e di attualit\u00e0 di Agliana, Montale e Quarrata.","description":"Testata Giornalistica Quarrata Montale Agliana","potentialAction":[{"@type":"SearchAction","target":{"@type":"EntryPoint","urlTemplate":"https:\/\/www.noidiqua.it\/Agliana\/?s={search_term_string}"},"query-input":{"@type":"PropertyValueSpecification","valueRequired":true,"valueName":"search_term_string"}}],"inLanguage":"it-IT"},{"@type":"Person","@id":"https:\/\/www.noidiqua.it\/Agliana\/#\/schema\/person\/bb7515c2330bb1137f247276096fa7dc","name":"Piera Salvi","image":{"@type":"ImageObject","inLanguage":"it-IT","@id":"https:\/\/www.noidiqua.it\/Agliana\/#\/schema\/person\/image\/","url":"https:\/\/secure.gravatar.com\/avatar\/2f9b1fb6e13f3b3e63bde435d999a73be036e320f7a0f5f32f9ac21859d999cd?s=96&d=mm&r=g","contentUrl":"https:\/\/secure.gravatar.com\/avatar\/2f9b1fb6e13f3b3e63bde435d999a73be036e320f7a0f5f32f9ac21859d999cd?s=96&d=mm&r=g","caption":"Piera Salvi"},"url":"https:\/\/www.noidiqua.it\/Agliana\/author\/piera-salvi\/"}]}},"_links":{"self":[{"href":"https:\/\/www.noidiqua.it\/Agliana\/wp-json\/wp\/v2\/posts\/8372","targetHints":{"allow":["GET"]}}],"collection":[{"href":"https:\/\/www.noidiqua.it\/Agliana\/wp-json\/wp\/v2\/posts"}],"about":[{"href":"https:\/\/www.noidiqua.it\/Agliana\/wp-json\/wp\/v2\/types\/post"}],"author":[{"embeddable":true,"href":"https:\/\/www.noidiqua.it\/Agliana\/wp-json\/wp\/v2\/users\/13"}],"replies":[{"embeddable":true,"href":"https:\/\/www.noidiqua.it\/Agliana\/wp-json\/wp\/v2\/comments?post=8372"}],"version-history":[{"count":2,"href":"https:\/\/www.noidiqua.it\/Agliana\/wp-json\/wp\/v2\/posts\/8372\/revisions"}],"predecessor-version":[{"id":8440,"href":"https:\/\/www.noidiqua.it\/Agliana\/wp-json\/wp\/v2\/posts\/8372\/revisions\/8440"}],"wp:attachment":[{"href":"https:\/\/www.noidiqua.it\/Agliana\/wp-json\/wp\/v2\/media?parent=8372"}],"wp:term":[{"taxonomy":"category","embeddable":true,"href":"https:\/\/www.noidiqua.it\/Agliana\/wp-json\/wp\/v2\/categories?post=8372"},{"taxonomy":"post_tag","embeddable":true,"href":"https:\/\/www.noidiqua.it\/Agliana\/wp-json\/wp\/v2\/tags?post=8372"}],"curies":[{"name":"wp","href":"https:\/\/api.w.org\/{rel}","templated":true}]}}