{"id":8444,"date":"2023-06-12T15:53:15","date_gmt":"2023-06-12T13:53:15","guid":{"rendered":"https:\/\/www.noidiqua.it\/Agliana\/?p=8444"},"modified":"2023-07-14T10:05:16","modified_gmt":"2023-07-14T08:05:16","slug":"storia-di-unamicizia-finita-male","status":"publish","type":"post","link":"https:\/\/www.noidiqua.it\/Agliana\/storia-di-unamicizia-finita-male\/","title":{"rendered":"Storia di un&#8217;amicizia finita male"},"content":{"rendered":"<p><em>di Giacomo Bini<\/em><\/p>\r\n\r\n\r\n\r\n<p><em>giugno 2023<\/em> <a href=\"https:\/\/www.noidiqua.it\/Agliana\/wp-content\/uploads\/2023\/07\/appunti.png\" rel=\"wp-prettyPhoto[8444]\"><img loading=\"lazy\" decoding=\"async\" class=\"aligncenter size-full wp-image-8445\" src=\"https:\/\/www.noidiqua.it\/Agliana\/wp-content\/uploads\/2023\/07\/appunti.png\" alt=\"\" width=\"509\" height=\"332\" srcset=\"https:\/\/www.noidiqua.it\/Agliana\/wp-content\/uploads\/2023\/07\/appunti.png 509w, https:\/\/www.noidiqua.it\/Agliana\/wp-content\/uploads\/2023\/07\/appunti-300x196.png 300w\" sizes=\"auto, (max-width: 509px) 100vw, 509px\" \/><\/a><\/p>\r\n\r\n<p>Nelle<strong> librerie<\/strong> c\u2019\u00e8 un libro da non perdere, che riguarda i fiumi. L\u2019autore \u00e8 <strong>Stefano Fenoglio<\/strong> e il titolo \u00e8 tutto un programma: \u201c<strong>Uomini e fiumi<\/strong>, <strong>storia di un\u2019amicizia finita male\u201d<\/strong>. Mentre anche nel nostro territorio si riscoprono i \u201ccammini dell\u2019acqua\u201d anche grazie a Publiacqua e ad alcune associazioni locali (si pensi al percorso delle Agne a Montale o a quello di Bagnolo a Montemurlo) la lettura del libro di Fenoglio aiuta a riscoprire una relazione, quella con i nostri fiumi, che abbiamo trascurato. Ci ricordiamo di loro solo quando ci impressiona la <strong>siccit\u00e0 <\/strong>oppure ci spaventa la possibilit\u00e0 di qualche <strong>inondazione<\/strong>. Per il resto, sembra che non ci siano. Li abbiamo cancellati perfino dalla vista.<\/p>\r\n\r\n\r\n\r\n<p>L\u2019autore fa notare infatti che mentre una volta quando si percorrevano i ponti era possibile vedere i fiumi ora, con i viadotti e tutto il resto, si passa sopra i fiumi e neanche ce ne accorgiamo. <em>\u00abQuando vado nelle scuole a parlare coi ragazzi\u00bb <\/em>ricorda Fenoglio <em>\u00abmi accorgo che sono appassionati dell\u2019ambiente e sanno dirmi molte cose di paesaggi lontani, conosciuti con le belle trasmissioni televisive sull\u2019ambiente, ma spesso non sanno dirmi il nome dei fiumi e dei torrenti che passano vicino a casa loro\u00bb<\/em>. Il libro parte da una verit\u00e0 che abbiamo spesso dimenticato, cio\u00e8 che la civilt\u00e0 della specie umana sorge intorno ai fiumi. <em>\u00abSiamo una specie fluviale\u00bb<\/em> dice l\u2019autore <em>\u00abI fiumi modellano il paesaggio ma anche il nostro paesaggio interiore\u00bb<\/em>. Dalla Mesopotamia alla <strong>civilt\u00e0<\/strong> egiziana e all\u2019impero romano tutto \u00e8 ruotato sempre intorno ai fiumi, dall\u2019economia alla politica, dalla cultura all\u2019immaginario collettivo. <em>\u00abAi fiumi si davano dei nomi fin dall\u2019antichit\u00e0\u00bb<\/em> ricorda Fenoglio <em>\u00abmentre non si nominavano le montagne, gli uomini passarono da uno stadio nomade a uno sedentario grazie ai fiumi, con delle civilt\u00e0 idrauliche. Chi dominava le acque governava il mondo\u00bb<\/em>. Anche la tecnologia \u00e8 nata grazie ai fiumi dalle norie ai mulini, dalle turbine al <em>\u00abvapore bianco\u00bb<\/em> delle filande, dall\u2019illuminazione pubblica ai trasporti. \u00e9 stata un\u2019amicizia lunga e feconda quella tra la nostra specie e i fiumi, poi <em>\u00abqualcosa \u00e8 andato storto\u00bb<\/em>. Abbiamo sempre <strong>canalizzato<\/strong> e orientato l\u2019acqua, <em>\u00abche non sta mai ferma\u00bb<\/em>, ma ad un certo punto abbiamo preteso di raddrizzare i fiumi, di fare perfino argini di cemento, di costruire nel loro alveo, di scavarli con le scavatrici.<\/p>\r\n\r\n\r\n\r\n<p>Ma soprattutto per Fenoglio la causa di tutti i mali \u00e8 la perdita della <strong>conoscenza<\/strong>. Non sappiamo pi\u00f9 nulla dei nostri fiumi, non li frequentiamo e quindi siamo diventati estranei, come degli amici che non si frequentano pi\u00f9 da troppo tempo e finiscono per non riconoscersi. Per esempio non conosciamo pi\u00f9 l\u2019enorme quantit\u00e0 di specie che vivono nei corsi d&#8217;acqua. E non sono solo pesci, ma anche funghi e una biodiversit\u00e0 infinita. Nascono anche mille pregiudizi. Per esempio quello che sulle loro sponde non debbano esserci piante. Dipende, fa notare Fenoglio, perch\u00e9 ci sono <strong>piante<\/strong> idrofile, amiche dei fiumi che \u00e8 bene che ci siano. E&#8217; un libro da leggere, per<strong> imparare <\/strong>a ritrovare degli amici perduti, che, sebbene dimenticati, sono ancora al nostro fianco e non ci devono spaventare.<\/p>","protected":false},"excerpt":{"rendered":"<p>di Giacomo Bini giugno 2023 Nelle librerie c\u2019\u00e8 un libro da non perdere, che riguarda i fiumi. L\u2019autore \u00e8 Stefano Fenoglio e il titolo \u00e8 tutto un programma: \u201cUomini e fiumi, storia di un\u2019amicizia finita male\u201d. Mentre anche nel nostro territorio si riscoprono i \u201ccammini dell\u2019acqua\u201d anche [&hellip;]<\/p>","protected":false},"author":12,"featured_media":0,"comment_status":"open","ping_status":"open","sticky":false,"template":"","format":"standard","meta":{"footnotes":""},"categories":[2,25],"tags":[3663,3662,3664,3665,3661,3656,1726,3660,3657,3659,3658],"class_list":["post-8444","post","type-post","status-publish","format-standard","hentry","category-ag","category-appuntired","tag-canalizzato","tag-civilta","tag-conoscenza","tag-imparare","tag-inondazione","tag-librerie","tag-piante","tag-siccita","tag-stefano-fenoglio","tag-storia-di-unamicizia-finita-male","tag-uomini-e-fiumi"],"yoast_head":"<!-- This site is optimized with the Yoast SEO plugin v25.5 - https:\/\/yoast.com\/wordpress\/plugins\/seo\/ -->\n<title>Storia di un&#039;amicizia finita male - Noi di Qua Testata giornalistica e di attualit\u00e0 di Agliana, Montale e Quarrata.<\/title>\n<meta name=\"robots\" content=\"index, follow, max-snippet:-1, max-image-preview:large, max-video-preview:-1\" \/>\n<link rel=\"canonical\" href=\"https:\/\/www.noidiqua.it\/Agliana\/storia-di-unamicizia-finita-male\/\" \/>\n<meta property=\"og:locale\" content=\"it_IT\" \/>\n<meta property=\"og:type\" content=\"article\" \/>\n<meta property=\"og:title\" content=\"Storia di un&#039;amicizia finita male - Noi di Qua Testata giornalistica e di attualit\u00e0 di Agliana, Montale e Quarrata.\" \/>\n<meta property=\"og:description\" content=\"di Giacomo Bini giugno 2023 Nelle librerie c\u2019\u00e8 un libro da non perdere, che riguarda i fiumi. L\u2019autore \u00e8 Stefano Fenoglio e il titolo \u00e8 tutto un programma: \u201cUomini e fiumi, storia di un\u2019amicizia finita male\u201d. Mentre anche nel nostro territorio si riscoprono i \u201ccammini dell\u2019acqua\u201d anche [&hellip;]\" \/>\n<meta property=\"og:url\" content=\"https:\/\/www.noidiqua.it\/Agliana\/storia-di-unamicizia-finita-male\/\" \/>\n<meta property=\"og:site_name\" content=\"Noi di Qua Testata giornalistica e di attualit\u00e0 di Agliana, Montale e Quarrata.\" \/>\n<meta property=\"article:publisher\" content=\"https:\/\/www.facebook.com\/noidiqua.trimestrale\/\" \/>\n<meta property=\"article:published_time\" content=\"2023-06-12T13:53:15+00:00\" \/>\n<meta property=\"article:modified_time\" content=\"2023-07-14T08:05:16+00:00\" \/>\n<meta property=\"og:image\" content=\"https:\/\/www.noidiqua.it\/Agliana\/wp-content\/uploads\/2023\/07\/appunti.png\" \/>\n<meta name=\"author\" content=\"Giacomo Bini\" \/>\n<meta name=\"twitter:label1\" content=\"Scritto da\" \/>\n\t<meta name=\"twitter:data1\" content=\"Giacomo Bini\" \/>\n\t<meta name=\"twitter:label2\" content=\"Tempo di lettura stimato\" \/>\n\t<meta name=\"twitter:data2\" content=\"3 minuti\" \/>\n<script type=\"application\/ld+json\" class=\"yoast-schema-graph\">{\"@context\":\"https:\/\/schema.org\",\"@graph\":[{\"@type\":\"WebPage\",\"@id\":\"https:\/\/www.noidiqua.it\/Agliana\/storia-di-unamicizia-finita-male\/\",\"url\":\"https:\/\/www.noidiqua.it\/Agliana\/storia-di-unamicizia-finita-male\/\",\"name\":\"Storia di un'amicizia finita male - Noi di Qua Testata giornalistica e di attualit\u00e0 di Agliana, Montale e Quarrata.\",\"isPartOf\":{\"@id\":\"https:\/\/www.noidiqua.it\/Agliana\/#website\"},\"primaryImageOfPage\":{\"@id\":\"https:\/\/www.noidiqua.it\/Agliana\/storia-di-unamicizia-finita-male\/#primaryimage\"},\"image\":{\"@id\":\"https:\/\/www.noidiqua.it\/Agliana\/storia-di-unamicizia-finita-male\/#primaryimage\"},\"thumbnailUrl\":\"https:\/\/www.noidiqua.it\/Agliana\/wp-content\/uploads\/2023\/07\/appunti.png\",\"datePublished\":\"2023-06-12T13:53:15+00:00\",\"dateModified\":\"2023-07-14T08:05:16+00:00\",\"author\":{\"@id\":\"https:\/\/www.noidiqua.it\/Agliana\/#\/schema\/person\/e2e6f44da50af0dae9c90ad168e471a4\"},\"breadcrumb\":{\"@id\":\"https:\/\/www.noidiqua.it\/Agliana\/storia-di-unamicizia-finita-male\/#breadcrumb\"},\"inLanguage\":\"it-IT\",\"potentialAction\":[{\"@type\":\"ReadAction\",\"target\":[\"https:\/\/www.noidiqua.it\/Agliana\/storia-di-unamicizia-finita-male\/\"]}]},{\"@type\":\"ImageObject\",\"inLanguage\":\"it-IT\",\"@id\":\"https:\/\/www.noidiqua.it\/Agliana\/storia-di-unamicizia-finita-male\/#primaryimage\",\"url\":\"https:\/\/www.noidiqua.it\/Agliana\/wp-content\/uploads\/2023\/07\/appunti.png\",\"contentUrl\":\"https:\/\/www.noidiqua.it\/Agliana\/wp-content\/uploads\/2023\/07\/appunti.png\",\"width\":509,\"height\":332},{\"@type\":\"BreadcrumbList\",\"@id\":\"https:\/\/www.noidiqua.it\/Agliana\/storia-di-unamicizia-finita-male\/#breadcrumb\",\"itemListElement\":[{\"@type\":\"ListItem\",\"position\":1,\"name\":\"Home\",\"item\":\"https:\/\/www.noidiqua.it\/Agliana\/\"},{\"@type\":\"ListItem\",\"position\":2,\"name\":\"Storia di un&#8217;amicizia finita male\"}]},{\"@type\":\"WebSite\",\"@id\":\"https:\/\/www.noidiqua.it\/Agliana\/#website\",\"url\":\"https:\/\/www.noidiqua.it\/Agliana\/\",\"name\":\"Noi di Qua Testata giornalistica e di attualit\u00e0 di Agliana, Montale e Quarrata.\",\"description\":\"Testata Giornalistica Quarrata Montale Agliana\",\"potentialAction\":[{\"@type\":\"SearchAction\",\"target\":{\"@type\":\"EntryPoint\",\"urlTemplate\":\"https:\/\/www.noidiqua.it\/Agliana\/?s={search_term_string}\"},\"query-input\":{\"@type\":\"PropertyValueSpecification\",\"valueRequired\":true,\"valueName\":\"search_term_string\"}}],\"inLanguage\":\"it-IT\"},{\"@type\":\"Person\",\"@id\":\"https:\/\/www.noidiqua.it\/Agliana\/#\/schema\/person\/e2e6f44da50af0dae9c90ad168e471a4\",\"name\":\"Giacomo Bini\",\"image\":{\"@type\":\"ImageObject\",\"inLanguage\":\"it-IT\",\"@id\":\"https:\/\/www.noidiqua.it\/Agliana\/#\/schema\/person\/image\/\",\"url\":\"https:\/\/secure.gravatar.com\/avatar\/e5c18ae41df5ae37397358f2c6046696187d51a120c5d0b8f0c49f7b606f46f4?s=96&d=mm&r=g\",\"contentUrl\":\"https:\/\/secure.gravatar.com\/avatar\/e5c18ae41df5ae37397358f2c6046696187d51a120c5d0b8f0c49f7b606f46f4?s=96&d=mm&r=g\",\"caption\":\"Giacomo Bini\"},\"url\":\"https:\/\/www.noidiqua.it\/Agliana\/author\/giacomo-bini\/\"}]}<\/script>\n<!-- \/ Yoast SEO plugin. -->","yoast_head_json":{"title":"Storia di un'amicizia finita male - Noi di Qua Testata giornalistica e di attualit\u00e0 di Agliana, Montale e Quarrata.","robots":{"index":"index","follow":"follow","max-snippet":"max-snippet:-1","max-image-preview":"max-image-preview:large","max-video-preview":"max-video-preview:-1"},"canonical":"https:\/\/www.noidiqua.it\/Agliana\/storia-di-unamicizia-finita-male\/","og_locale":"it_IT","og_type":"article","og_title":"Storia di un'amicizia finita male - Noi di Qua Testata giornalistica e di attualit\u00e0 di Agliana, Montale e Quarrata.","og_description":"di Giacomo Bini giugno 2023 Nelle librerie c\u2019\u00e8 un libro da non perdere, che riguarda i fiumi. L\u2019autore \u00e8 Stefano Fenoglio e il titolo \u00e8 tutto un programma: \u201cUomini e fiumi, storia di un\u2019amicizia finita male\u201d. Mentre anche nel nostro territorio si riscoprono i \u201ccammini dell\u2019acqua\u201d anche [&hellip;]","og_url":"https:\/\/www.noidiqua.it\/Agliana\/storia-di-unamicizia-finita-male\/","og_site_name":"Noi di Qua Testata giornalistica e di attualit\u00e0 di Agliana, Montale e Quarrata.","article_publisher":"https:\/\/www.facebook.com\/noidiqua.trimestrale\/","article_published_time":"2023-06-12T13:53:15+00:00","article_modified_time":"2023-07-14T08:05:16+00:00","og_image":[{"url":"https:\/\/www.noidiqua.it\/Agliana\/wp-content\/uploads\/2023\/07\/appunti.png","type":"","width":"","height":""}],"author":"Giacomo Bini","twitter_misc":{"Scritto da":"Giacomo Bini","Tempo di lettura stimato":"3 minuti"},"schema":{"@context":"https:\/\/schema.org","@graph":[{"@type":"WebPage","@id":"https:\/\/www.noidiqua.it\/Agliana\/storia-di-unamicizia-finita-male\/","url":"https:\/\/www.noidiqua.it\/Agliana\/storia-di-unamicizia-finita-male\/","name":"Storia di un'amicizia finita male - Noi di Qua Testata giornalistica e di attualit\u00e0 di Agliana, Montale e Quarrata.","isPartOf":{"@id":"https:\/\/www.noidiqua.it\/Agliana\/#website"},"primaryImageOfPage":{"@id":"https:\/\/www.noidiqua.it\/Agliana\/storia-di-unamicizia-finita-male\/#primaryimage"},"image":{"@id":"https:\/\/www.noidiqua.it\/Agliana\/storia-di-unamicizia-finita-male\/#primaryimage"},"thumbnailUrl":"https:\/\/www.noidiqua.it\/Agliana\/wp-content\/uploads\/2023\/07\/appunti.png","datePublished":"2023-06-12T13:53:15+00:00","dateModified":"2023-07-14T08:05:16+00:00","author":{"@id":"https:\/\/www.noidiqua.it\/Agliana\/#\/schema\/person\/e2e6f44da50af0dae9c90ad168e471a4"},"breadcrumb":{"@id":"https:\/\/www.noidiqua.it\/Agliana\/storia-di-unamicizia-finita-male\/#breadcrumb"},"inLanguage":"it-IT","potentialAction":[{"@type":"ReadAction","target":["https:\/\/www.noidiqua.it\/Agliana\/storia-di-unamicizia-finita-male\/"]}]},{"@type":"ImageObject","inLanguage":"it-IT","@id":"https:\/\/www.noidiqua.it\/Agliana\/storia-di-unamicizia-finita-male\/#primaryimage","url":"https:\/\/www.noidiqua.it\/Agliana\/wp-content\/uploads\/2023\/07\/appunti.png","contentUrl":"https:\/\/www.noidiqua.it\/Agliana\/wp-content\/uploads\/2023\/07\/appunti.png","width":509,"height":332},{"@type":"BreadcrumbList","@id":"https:\/\/www.noidiqua.it\/Agliana\/storia-di-unamicizia-finita-male\/#breadcrumb","itemListElement":[{"@type":"ListItem","position":1,"name":"Home","item":"https:\/\/www.noidiqua.it\/Agliana\/"},{"@type":"ListItem","position":2,"name":"Storia di un&#8217;amicizia finita male"}]},{"@type":"WebSite","@id":"https:\/\/www.noidiqua.it\/Agliana\/#website","url":"https:\/\/www.noidiqua.it\/Agliana\/","name":"Noi di Qua Testata giornalistica e di attualit\u00e0 di Agliana, Montale e Quarrata.","description":"Testata Giornalistica Quarrata Montale Agliana","potentialAction":[{"@type":"SearchAction","target":{"@type":"EntryPoint","urlTemplate":"https:\/\/www.noidiqua.it\/Agliana\/?s={search_term_string}"},"query-input":{"@type":"PropertyValueSpecification","valueRequired":true,"valueName":"search_term_string"}}],"inLanguage":"it-IT"},{"@type":"Person","@id":"https:\/\/www.noidiqua.it\/Agliana\/#\/schema\/person\/e2e6f44da50af0dae9c90ad168e471a4","name":"Giacomo Bini","image":{"@type":"ImageObject","inLanguage":"it-IT","@id":"https:\/\/www.noidiqua.it\/Agliana\/#\/schema\/person\/image\/","url":"https:\/\/secure.gravatar.com\/avatar\/e5c18ae41df5ae37397358f2c6046696187d51a120c5d0b8f0c49f7b606f46f4?s=96&d=mm&r=g","contentUrl":"https:\/\/secure.gravatar.com\/avatar\/e5c18ae41df5ae37397358f2c6046696187d51a120c5d0b8f0c49f7b606f46f4?s=96&d=mm&r=g","caption":"Giacomo Bini"},"url":"https:\/\/www.noidiqua.it\/Agliana\/author\/giacomo-bini\/"}]}},"_links":{"self":[{"href":"https:\/\/www.noidiqua.it\/Agliana\/wp-json\/wp\/v2\/posts\/8444","targetHints":{"allow":["GET"]}}],"collection":[{"href":"https:\/\/www.noidiqua.it\/Agliana\/wp-json\/wp\/v2\/posts"}],"about":[{"href":"https:\/\/www.noidiqua.it\/Agliana\/wp-json\/wp\/v2\/types\/post"}],"author":[{"embeddable":true,"href":"https:\/\/www.noidiqua.it\/Agliana\/wp-json\/wp\/v2\/users\/12"}],"replies":[{"embeddable":true,"href":"https:\/\/www.noidiqua.it\/Agliana\/wp-json\/wp\/v2\/comments?post=8444"}],"version-history":[{"count":3,"href":"https:\/\/www.noidiqua.it\/Agliana\/wp-json\/wp\/v2\/posts\/8444\/revisions"}],"predecessor-version":[{"id":8480,"href":"https:\/\/www.noidiqua.it\/Agliana\/wp-json\/wp\/v2\/posts\/8444\/revisions\/8480"}],"wp:attachment":[{"href":"https:\/\/www.noidiqua.it\/Agliana\/wp-json\/wp\/v2\/media?parent=8444"}],"wp:term":[{"taxonomy":"category","embeddable":true,"href":"https:\/\/www.noidiqua.it\/Agliana\/wp-json\/wp\/v2\/categories?post=8444"},{"taxonomy":"post_tag","embeddable":true,"href":"https:\/\/www.noidiqua.it\/Agliana\/wp-json\/wp\/v2\/tags?post=8444"}],"curies":[{"name":"wp","href":"https:\/\/api.w.org\/{rel}","templated":true}]}}