{"id":8450,"date":"2023-06-12T17:12:50","date_gmt":"2023-06-12T15:12:50","guid":{"rendered":"https:\/\/www.noidiqua.it\/Agliana\/?p=8450"},"modified":"2023-10-18T15:47:38","modified_gmt":"2023-10-18T13:47:38","slug":"francesco-fabbri-il-nuovo-mister-del-quarrata-olympia-fra-sport-e-musica","status":"publish","type":"post","link":"https:\/\/www.noidiqua.it\/Agliana\/francesco-fabbri-il-nuovo-mister-del-quarrata-olympia-fra-sport-e-musica\/","title":{"rendered":"Francesco Fabbri &#8211; il nuovo mister del Quarrata Olympia fra sport e musica"},"content":{"rendered":"<p><em>di Piera Salvi<\/em><\/p>\r\n\r\n\r\n\r\n<p><em>giugno 2023<\/em><\/p>\r\n<p><a href=\"https:\/\/www.noidiqua.it\/Agliana\/wp-content\/uploads\/2023\/06\/fabbri-2.png\" rel=\"wp-prettyPhoto[8450]\"><img loading=\"lazy\" decoding=\"async\" class=\"aligncenter size-full wp-image-8457\" src=\"https:\/\/www.noidiqua.it\/Agliana\/wp-content\/uploads\/2023\/06\/fabbri-2.png\" alt=\"\" width=\"508\" height=\"400\" srcset=\"https:\/\/www.noidiqua.it\/Agliana\/wp-content\/uploads\/2023\/06\/fabbri-2.png 508w, https:\/\/www.noidiqua.it\/Agliana\/wp-content\/uploads\/2023\/06\/fabbri-2-300x236.png 300w\" sizes=\"auto, (max-width: 508px) 100vw, 508px\" \/><\/a><\/p>\r\n\r\n<p class=\"p1\">Quarant\u2019anni e due grandi passioni: lo sport e la musica. Francesco Fabbri, ex bomber dilettante, responsabile marketing del Pistoia basket, dalla prossima stagione mister del Quarrata Olimpia, ha iniziato come giocatore nelle giovanili dell\u2019Aglianese calcio, passando poi a Scandicci, Sestese, Vernio, Quarrata, Borgo a Buggiano, Montemurlo. Per 18 stagioni \u00e8 stato in campo come attaccante, dalle giovanili fino alla serie D. Nel 2019 il debutto come allenatore, ma anche giocatore, nel Maliseti.<\/p>\r\n<p class=\"p1\"><b>Come si concilia questo doppio ruolo?<\/b><\/p>\r\n<p class=\"p1\"><i>\u00abL\u2019ho fatto per un anno ma sono due ruoli impossibili da conciliare, almeno per la mia esperienza, anche se \u00e8 andata bene\u00bb.<\/i><\/p>\r\n<p class=\"p1\"><span class=\"s1\"><b>Nel 2020, dunque, sei rimasto al Maliseti (in promozione) ma solo come allenatore?<\/b><\/span><\/p>\r\n<p class=\"p1\"><i>\u00abS\u00ec, sono rimasto per due anni, ottenendo buoni risultati. Poi c\u2019\u00e8 stata una decisione consensuale di lasciare il Maliseti. Mi ha cercato la prima squadra del Quarrata Olimpia, del presidente Vasco Gori e il ds Riccardo Agostiniani, che \u00e8 retrocessa in prima categoria, auspicando il rilancio\u00bb<\/i>.<\/p>\r\n<p class=\"p1\"><b>A proposito di rilancio, proprio quest\u2019anno hai rilanciato il Torneo Giugno aglianese di calcio a 5, interrotto dal 2012. Come \u00e8 nata l\u2019idea?<\/b><\/p>\r\n<p class=\"p1\"><i>\u00abVisto che il Torneo dei rioni per ora \u00e8 fermo ho pensato di far ripartire il Torneo Giugno aglianese ed ho trovato un grande sostegno da parte di Gabriele Giusti, della ditta Doni Aldo per l\u2019illuminazione, della cooperativa Gulliver per la sistemazione del campo e del terreno di gioco e di tantissimi sponsor. Ringrazio di cuore tutti, in particolare i primi, che mi hanno consentito di partire. Ho pensato di dedicare il Torneo a Vannino, in accordo con la sua famiglia, perch\u00e9 sia ricordato. \u00e8 stato un personaggio che, anche senza volere, ci ha dato un grande segnale: si pu\u00f2 fare a meno di tante cose. Abbiamo messo in campo 17 squadre, con giocatori dai 16 ai 40 anni. \u00e8 un torneo goliardico ma giocato con agonismo e ha il patrocinio del comune di Agliana. Un\u2019occasione per tutti gli appassionati di sport di stare in compagnia. Per la comunit\u00e0 \u00e8 un\u2019opportunit\u00e0 d\u2019incontro\u00bb<\/i>.<\/p>\r\n<p><a href=\"https:\/\/www.noidiqua.it\/Agliana\/wp-content\/uploads\/2023\/07\/fabbri-3.png\" rel=\"wp-prettyPhoto[8450]\"><img loading=\"lazy\" decoding=\"async\" class=\"aligncenter size-full wp-image-8452\" src=\"https:\/\/www.noidiqua.it\/Agliana\/wp-content\/uploads\/2023\/07\/fabbri-3.png\" alt=\"\" width=\"503\" height=\"377\" srcset=\"https:\/\/www.noidiqua.it\/Agliana\/wp-content\/uploads\/2023\/07\/fabbri-3.png 503w, https:\/\/www.noidiqua.it\/Agliana\/wp-content\/uploads\/2023\/07\/fabbri-3-300x225.png 300w\" sizes=\"auto, (max-width: 503px) 100vw, 503px\" \/><\/a><\/p>\r\n<p class=\"p1\"><b>Il torneo valorizza anche il campo intitolato a Edoardo Baldi, indimenticato allenatore di calcio\u2026<\/b><\/p>\r\n<p class=\"p1\"><i>\u00abS\u00ec, giocare qui il Torneo ha lo scopo di valorizzare quest\u2019area sportiva, intitolata a Edoardo Baldi nel gennaio 2022 e mai utilizzata. Abbiamo fatto un grande lavoro per sistemarla\u00bb. <\/i><\/p>\r\n<p class=\"p1\"><b>Passiamo alla musica: dicono che sei uno scopritore di band emergenti finlandesi. \u00e8 vero?<\/b><\/p>\r\n<p class=\"p1\"><i>\u00ab\u00e8 una goliardata\u00bb<\/i> dice ridendo. <i>\u00abPer\u00f2 \u00e8 vero che mi piace ricercare musica non commerciale, su Internet, su riviste specializzate o tramite amici: ma siamo pochi. Il mio interesse non \u00e8 solo per le band finlandesi, ma di tutti i Paesi europei, compresa l\u2019Italia, anzi di tutto il mondo\u00bb<\/i>.<\/p>\r\n<p class=\"p1\"><b>Dove e quando ascolti musica?<\/b><\/p>\r\n<p class=\"p1\"><i>\u00abIn macchina e, se posso, la sera a casa. La musica mi emoziona, mi carica, mi d\u00e0 energia positiva. La musica \u00e8 arte, \u00e8 un sottofondo che vorrei sempre. L\u2019ho voluta anche come sottofondo al Torneo Giugno aglianese, con una selezione musicale scelta insieme a Sara, la mia ragazza\u00bb<\/i>.<\/p>\r\n<p class=\"p1\"><b>Tra musica e sport, cosa ami di pi\u00f9?<\/b><\/p>\r\n<p class=\"p1\"><i>\u00abLo sport \u00e8 stress positivo, mi riempie la vita, \u00e8 l\u2019obiettivo da raggiungere. \u00e8 stress ed emozione: l\u2019emozione pi\u00f9 grande \u00e8 quella del goal. Come allenatore non devi pensare solo a te stesso ma a 360 gradi. La musica per me \u00e8 rilassante, perch\u00e9 non devo ottenere risultati. Comunque tutte le passioni sono importanti, sono lo stimolo della vita. Oggi tra i giovanissimi si riscontra una carenza di passioni. Per esempio sono poche le squadre di adolescenti nel Torneo Giugno aglianese\u00bb<\/i>.<\/p>\r\n<p><a href=\"https:\/\/www.noidiqua.it\/Agliana\/wp-content\/uploads\/2023\/07\/fabbri-1.png\" rel=\"wp-prettyPhoto[8450]\"><img loading=\"lazy\" decoding=\"async\" class=\"aligncenter size-full wp-image-8453\" src=\"https:\/\/www.noidiqua.it\/Agliana\/wp-content\/uploads\/2023\/07\/fabbri-1.png\" alt=\"\" width=\"500\" height=\"403\" srcset=\"https:\/\/www.noidiqua.it\/Agliana\/wp-content\/uploads\/2023\/07\/fabbri-1.png 500w, https:\/\/www.noidiqua.it\/Agliana\/wp-content\/uploads\/2023\/07\/fabbri-1-300x242.png 300w\" sizes=\"auto, (max-width: 500px) 100vw, 500px\" \/><\/a><\/p>","protected":false},"excerpt":{"rendered":"<p>di Piera Salvi giugno 2023 Quarant\u2019anni e due grandi passioni: lo sport e la musica. Francesco Fabbri, ex bomber dilettante, responsabile marketing del Pistoia basket, dalla prossima stagione mister del Quarrata Olimpia, ha iniziato come giocatore nelle giovanili dell\u2019Aglianese calcio, passando poi a Scandicci, Sestese, Vernio, Quarrata, [&hellip;]<\/p>","protected":false},"author":13,"featured_media":0,"comment_status":"open","ping_status":"open","sticky":false,"template":"","format":"standard","meta":{"footnotes":""},"categories":[2,144],"tags":[1048,38,2940,608,3674,2819,3675,3679,94,3676,125,3677,3678,268],"class_list":["post-8450","post","type-post","status-publish","format-standard","hentry","category-ag","category-lo-sport-di-qua","tag-ac-aglianese","tag-aglianese","tag-allenatore","tag-arte","tag-band-emergenti","tag-edoardo-baldi","tag-finlandesi","tag-francesco-fabbri","tag-musica","tag-quarrata-olimpia","tag-sport","tag-vannino","tag-vasco-gori","tag-torneo-giugno-aglianese"],"yoast_head":"<!-- This site is optimized with the Yoast SEO plugin v25.5 - https:\/\/yoast.com\/wordpress\/plugins\/seo\/ -->\n<title>Francesco Fabbri - il nuovo mister del Quarrata Olympia fra sport e musica - Noi di Qua Testata giornalistica e di attualit\u00e0 di Agliana, Montale e Quarrata.<\/title>\n<meta name=\"robots\" content=\"index, follow, max-snippet:-1, max-image-preview:large, max-video-preview:-1\" \/>\n<link rel=\"canonical\" href=\"https:\/\/www.noidiqua.it\/Agliana\/francesco-fabbri-il-nuovo-mister-del-quarrata-olympia-fra-sport-e-musica\/\" \/>\n<meta property=\"og:locale\" content=\"it_IT\" \/>\n<meta property=\"og:type\" content=\"article\" \/>\n<meta property=\"og:title\" content=\"Francesco Fabbri - il nuovo mister del Quarrata Olympia fra sport e musica - Noi di Qua Testata giornalistica e di attualit\u00e0 di Agliana, Montale e Quarrata.\" \/>\n<meta property=\"og:description\" content=\"di Piera Salvi giugno 2023 Quarant\u2019anni e due grandi passioni: lo sport e la musica. Francesco Fabbri, ex bomber dilettante, responsabile marketing del Pistoia basket, dalla prossima stagione mister del Quarrata Olimpia, ha iniziato come giocatore nelle giovanili dell\u2019Aglianese calcio, passando poi a Scandicci, Sestese, Vernio, Quarrata, [&hellip;]\" \/>\n<meta property=\"og:url\" content=\"https:\/\/www.noidiqua.it\/Agliana\/francesco-fabbri-il-nuovo-mister-del-quarrata-olympia-fra-sport-e-musica\/\" \/>\n<meta property=\"og:site_name\" content=\"Noi di Qua Testata giornalistica e di attualit\u00e0 di Agliana, Montale e Quarrata.\" \/>\n<meta property=\"article:publisher\" content=\"https:\/\/www.facebook.com\/noidiqua.trimestrale\/\" \/>\n<meta property=\"article:published_time\" content=\"2023-06-12T15:12:50+00:00\" \/>\n<meta property=\"article:modified_time\" content=\"2023-10-18T13:47:38+00:00\" \/>\n<meta property=\"og:image\" content=\"https:\/\/www.noidiqua.it\/Agliana\/wp-content\/uploads\/2023\/06\/fabbri-2.png\" \/>\n<meta name=\"author\" content=\"Piera Salvi\" \/>\n<meta name=\"twitter:label1\" content=\"Scritto da\" \/>\n\t<meta name=\"twitter:data1\" content=\"Piera Salvi\" \/>\n\t<meta name=\"twitter:label2\" content=\"Tempo di lettura stimato\" \/>\n\t<meta name=\"twitter:data2\" content=\"4 minuti\" \/>\n<script type=\"application\/ld+json\" class=\"yoast-schema-graph\">{\"@context\":\"https:\/\/schema.org\",\"@graph\":[{\"@type\":\"WebPage\",\"@id\":\"https:\/\/www.noidiqua.it\/Agliana\/francesco-fabbri-il-nuovo-mister-del-quarrata-olympia-fra-sport-e-musica\/\",\"url\":\"https:\/\/www.noidiqua.it\/Agliana\/francesco-fabbri-il-nuovo-mister-del-quarrata-olympia-fra-sport-e-musica\/\",\"name\":\"Francesco Fabbri - il nuovo mister del Quarrata Olympia fra sport e musica - Noi di Qua Testata giornalistica e di attualit\u00e0 di Agliana, Montale e Quarrata.\",\"isPartOf\":{\"@id\":\"https:\/\/www.noidiqua.it\/Agliana\/#website\"},\"primaryImageOfPage\":{\"@id\":\"https:\/\/www.noidiqua.it\/Agliana\/francesco-fabbri-il-nuovo-mister-del-quarrata-olympia-fra-sport-e-musica\/#primaryimage\"},\"image\":{\"@id\":\"https:\/\/www.noidiqua.it\/Agliana\/francesco-fabbri-il-nuovo-mister-del-quarrata-olympia-fra-sport-e-musica\/#primaryimage\"},\"thumbnailUrl\":\"https:\/\/www.noidiqua.it\/Agliana\/wp-content\/uploads\/2023\/06\/fabbri-2.png\",\"datePublished\":\"2023-06-12T15:12:50+00:00\",\"dateModified\":\"2023-10-18T13:47:38+00:00\",\"author\":{\"@id\":\"https:\/\/www.noidiqua.it\/Agliana\/#\/schema\/person\/bb7515c2330bb1137f247276096fa7dc\"},\"breadcrumb\":{\"@id\":\"https:\/\/www.noidiqua.it\/Agliana\/francesco-fabbri-il-nuovo-mister-del-quarrata-olympia-fra-sport-e-musica\/#breadcrumb\"},\"inLanguage\":\"it-IT\",\"potentialAction\":[{\"@type\":\"ReadAction\",\"target\":[\"https:\/\/www.noidiqua.it\/Agliana\/francesco-fabbri-il-nuovo-mister-del-quarrata-olympia-fra-sport-e-musica\/\"]}]},{\"@type\":\"ImageObject\",\"inLanguage\":\"it-IT\",\"@id\":\"https:\/\/www.noidiqua.it\/Agliana\/francesco-fabbri-il-nuovo-mister-del-quarrata-olympia-fra-sport-e-musica\/#primaryimage\",\"url\":\"https:\/\/www.noidiqua.it\/Agliana\/wp-content\/uploads\/2023\/06\/fabbri-2.png\",\"contentUrl\":\"https:\/\/www.noidiqua.it\/Agliana\/wp-content\/uploads\/2023\/06\/fabbri-2.png\",\"width\":508,\"height\":400},{\"@type\":\"BreadcrumbList\",\"@id\":\"https:\/\/www.noidiqua.it\/Agliana\/francesco-fabbri-il-nuovo-mister-del-quarrata-olympia-fra-sport-e-musica\/#breadcrumb\",\"itemListElement\":[{\"@type\":\"ListItem\",\"position\":1,\"name\":\"Home\",\"item\":\"https:\/\/www.noidiqua.it\/Agliana\/\"},{\"@type\":\"ListItem\",\"position\":2,\"name\":\"Francesco Fabbri &#8211; il nuovo mister del Quarrata Olympia fra sport e musica\"}]},{\"@type\":\"WebSite\",\"@id\":\"https:\/\/www.noidiqua.it\/Agliana\/#website\",\"url\":\"https:\/\/www.noidiqua.it\/Agliana\/\",\"name\":\"Noi di Qua Testata giornalistica e di attualit\u00e0 di Agliana, Montale e Quarrata.\",\"description\":\"Testata Giornalistica Quarrata Montale Agliana\",\"potentialAction\":[{\"@type\":\"SearchAction\",\"target\":{\"@type\":\"EntryPoint\",\"urlTemplate\":\"https:\/\/www.noidiqua.it\/Agliana\/?s={search_term_string}\"},\"query-input\":{\"@type\":\"PropertyValueSpecification\",\"valueRequired\":true,\"valueName\":\"search_term_string\"}}],\"inLanguage\":\"it-IT\"},{\"@type\":\"Person\",\"@id\":\"https:\/\/www.noidiqua.it\/Agliana\/#\/schema\/person\/bb7515c2330bb1137f247276096fa7dc\",\"name\":\"Piera Salvi\",\"image\":{\"@type\":\"ImageObject\",\"inLanguage\":\"it-IT\",\"@id\":\"https:\/\/www.noidiqua.it\/Agliana\/#\/schema\/person\/image\/\",\"url\":\"https:\/\/secure.gravatar.com\/avatar\/2f9b1fb6e13f3b3e63bde435d999a73be036e320f7a0f5f32f9ac21859d999cd?s=96&d=mm&r=g\",\"contentUrl\":\"https:\/\/secure.gravatar.com\/avatar\/2f9b1fb6e13f3b3e63bde435d999a73be036e320f7a0f5f32f9ac21859d999cd?s=96&d=mm&r=g\",\"caption\":\"Piera Salvi\"},\"url\":\"https:\/\/www.noidiqua.it\/Agliana\/author\/piera-salvi\/\"}]}<\/script>\n<!-- \/ Yoast SEO plugin. -->","yoast_head_json":{"title":"Francesco Fabbri - il nuovo mister del Quarrata Olympia fra sport e musica - Noi di Qua Testata giornalistica e di attualit\u00e0 di Agliana, Montale e Quarrata.","robots":{"index":"index","follow":"follow","max-snippet":"max-snippet:-1","max-image-preview":"max-image-preview:large","max-video-preview":"max-video-preview:-1"},"canonical":"https:\/\/www.noidiqua.it\/Agliana\/francesco-fabbri-il-nuovo-mister-del-quarrata-olympia-fra-sport-e-musica\/","og_locale":"it_IT","og_type":"article","og_title":"Francesco Fabbri - il nuovo mister del Quarrata Olympia fra sport e musica - Noi di Qua Testata giornalistica e di attualit\u00e0 di Agliana, Montale e Quarrata.","og_description":"di Piera Salvi giugno 2023 Quarant\u2019anni e due grandi passioni: lo sport e la musica. Francesco Fabbri, ex bomber dilettante, responsabile marketing del Pistoia basket, dalla prossima stagione mister del Quarrata Olimpia, ha iniziato come giocatore nelle giovanili dell\u2019Aglianese calcio, passando poi a Scandicci, Sestese, Vernio, Quarrata, [&hellip;]","og_url":"https:\/\/www.noidiqua.it\/Agliana\/francesco-fabbri-il-nuovo-mister-del-quarrata-olympia-fra-sport-e-musica\/","og_site_name":"Noi di Qua Testata giornalistica e di attualit\u00e0 di Agliana, Montale e Quarrata.","article_publisher":"https:\/\/www.facebook.com\/noidiqua.trimestrale\/","article_published_time":"2023-06-12T15:12:50+00:00","article_modified_time":"2023-10-18T13:47:38+00:00","og_image":[{"url":"https:\/\/www.noidiqua.it\/Agliana\/wp-content\/uploads\/2023\/06\/fabbri-2.png","type":"","width":"","height":""}],"author":"Piera Salvi","twitter_misc":{"Scritto da":"Piera Salvi","Tempo di lettura stimato":"4 minuti"},"schema":{"@context":"https:\/\/schema.org","@graph":[{"@type":"WebPage","@id":"https:\/\/www.noidiqua.it\/Agliana\/francesco-fabbri-il-nuovo-mister-del-quarrata-olympia-fra-sport-e-musica\/","url":"https:\/\/www.noidiqua.it\/Agliana\/francesco-fabbri-il-nuovo-mister-del-quarrata-olympia-fra-sport-e-musica\/","name":"Francesco Fabbri - il nuovo mister del Quarrata Olympia fra sport e musica - Noi di Qua Testata giornalistica e di attualit\u00e0 di Agliana, Montale e Quarrata.","isPartOf":{"@id":"https:\/\/www.noidiqua.it\/Agliana\/#website"},"primaryImageOfPage":{"@id":"https:\/\/www.noidiqua.it\/Agliana\/francesco-fabbri-il-nuovo-mister-del-quarrata-olympia-fra-sport-e-musica\/#primaryimage"},"image":{"@id":"https:\/\/www.noidiqua.it\/Agliana\/francesco-fabbri-il-nuovo-mister-del-quarrata-olympia-fra-sport-e-musica\/#primaryimage"},"thumbnailUrl":"https:\/\/www.noidiqua.it\/Agliana\/wp-content\/uploads\/2023\/06\/fabbri-2.png","datePublished":"2023-06-12T15:12:50+00:00","dateModified":"2023-10-18T13:47:38+00:00","author":{"@id":"https:\/\/www.noidiqua.it\/Agliana\/#\/schema\/person\/bb7515c2330bb1137f247276096fa7dc"},"breadcrumb":{"@id":"https:\/\/www.noidiqua.it\/Agliana\/francesco-fabbri-il-nuovo-mister-del-quarrata-olympia-fra-sport-e-musica\/#breadcrumb"},"inLanguage":"it-IT","potentialAction":[{"@type":"ReadAction","target":["https:\/\/www.noidiqua.it\/Agliana\/francesco-fabbri-il-nuovo-mister-del-quarrata-olympia-fra-sport-e-musica\/"]}]},{"@type":"ImageObject","inLanguage":"it-IT","@id":"https:\/\/www.noidiqua.it\/Agliana\/francesco-fabbri-il-nuovo-mister-del-quarrata-olympia-fra-sport-e-musica\/#primaryimage","url":"https:\/\/www.noidiqua.it\/Agliana\/wp-content\/uploads\/2023\/06\/fabbri-2.png","contentUrl":"https:\/\/www.noidiqua.it\/Agliana\/wp-content\/uploads\/2023\/06\/fabbri-2.png","width":508,"height":400},{"@type":"BreadcrumbList","@id":"https:\/\/www.noidiqua.it\/Agliana\/francesco-fabbri-il-nuovo-mister-del-quarrata-olympia-fra-sport-e-musica\/#breadcrumb","itemListElement":[{"@type":"ListItem","position":1,"name":"Home","item":"https:\/\/www.noidiqua.it\/Agliana\/"},{"@type":"ListItem","position":2,"name":"Francesco Fabbri &#8211; il nuovo mister del Quarrata Olympia fra sport e musica"}]},{"@type":"WebSite","@id":"https:\/\/www.noidiqua.it\/Agliana\/#website","url":"https:\/\/www.noidiqua.it\/Agliana\/","name":"Noi di Qua Testata giornalistica e di attualit\u00e0 di Agliana, Montale e Quarrata.","description":"Testata Giornalistica Quarrata Montale Agliana","potentialAction":[{"@type":"SearchAction","target":{"@type":"EntryPoint","urlTemplate":"https:\/\/www.noidiqua.it\/Agliana\/?s={search_term_string}"},"query-input":{"@type":"PropertyValueSpecification","valueRequired":true,"valueName":"search_term_string"}}],"inLanguage":"it-IT"},{"@type":"Person","@id":"https:\/\/www.noidiqua.it\/Agliana\/#\/schema\/person\/bb7515c2330bb1137f247276096fa7dc","name":"Piera Salvi","image":{"@type":"ImageObject","inLanguage":"it-IT","@id":"https:\/\/www.noidiqua.it\/Agliana\/#\/schema\/person\/image\/","url":"https:\/\/secure.gravatar.com\/avatar\/2f9b1fb6e13f3b3e63bde435d999a73be036e320f7a0f5f32f9ac21859d999cd?s=96&d=mm&r=g","contentUrl":"https:\/\/secure.gravatar.com\/avatar\/2f9b1fb6e13f3b3e63bde435d999a73be036e320f7a0f5f32f9ac21859d999cd?s=96&d=mm&r=g","caption":"Piera Salvi"},"url":"https:\/\/www.noidiqua.it\/Agliana\/author\/piera-salvi\/"}]}},"_links":{"self":[{"href":"https:\/\/www.noidiqua.it\/Agliana\/wp-json\/wp\/v2\/posts\/8450","targetHints":{"allow":["GET"]}}],"collection":[{"href":"https:\/\/www.noidiqua.it\/Agliana\/wp-json\/wp\/v2\/posts"}],"about":[{"href":"https:\/\/www.noidiqua.it\/Agliana\/wp-json\/wp\/v2\/types\/post"}],"author":[{"embeddable":true,"href":"https:\/\/www.noidiqua.it\/Agliana\/wp-json\/wp\/v2\/users\/13"}],"replies":[{"embeddable":true,"href":"https:\/\/www.noidiqua.it\/Agliana\/wp-json\/wp\/v2\/comments?post=8450"}],"version-history":[{"count":5,"href":"https:\/\/www.noidiqua.it\/Agliana\/wp-json\/wp\/v2\/posts\/8450\/revisions"}],"predecessor-version":[{"id":8458,"href":"https:\/\/www.noidiqua.it\/Agliana\/wp-json\/wp\/v2\/posts\/8450\/revisions\/8458"}],"wp:attachment":[{"href":"https:\/\/www.noidiqua.it\/Agliana\/wp-json\/wp\/v2\/media?parent=8450"}],"wp:term":[{"taxonomy":"category","embeddable":true,"href":"https:\/\/www.noidiqua.it\/Agliana\/wp-json\/wp\/v2\/categories?post=8450"},{"taxonomy":"post_tag","embeddable":true,"href":"https:\/\/www.noidiqua.it\/Agliana\/wp-json\/wp\/v2\/tags?post=8450"}],"curies":[{"name":"wp","href":"https:\/\/api.w.org\/{rel}","templated":true}]}}