{"id":8487,"date":"2023-06-12T10:23:32","date_gmt":"2023-06-12T08:23:32","guid":{"rendered":"https:\/\/www.noidiqua.it\/Agliana\/?p=8487"},"modified":"2025-01-15T10:36:22","modified_gmt":"2025-01-15T09:36:22","slug":"le-patologie-del-fegato","status":"publish","type":"post","link":"https:\/\/www.noidiqua.it\/Agliana\/le-patologie-del-fegato\/","title":{"rendered":"Le patologie del fegato"},"content":{"rendered":"<p><em>di Sandro Giannessi<\/em><\/p>\n<p><em>giugno 2023<\/em><\/p>\n<p><a href=\"https:\/\/www.noidiqua.it\/Agliana\/wp-content\/uploads\/2023\/07\/guardiamoci-dentro.png\" rel=\"wp-prettyPhoto[8487]\"><img loading=\"lazy\" decoding=\"async\" class=\"aligncenter size-full wp-image-8488\" src=\"https:\/\/www.noidiqua.it\/Agliana\/wp-content\/uploads\/2023\/07\/guardiamoci-dentro.png\" alt=\"\" width=\"504\" height=\"355\" srcset=\"https:\/\/www.noidiqua.it\/Agliana\/wp-content\/uploads\/2023\/07\/guardiamoci-dentro.png 504w, https:\/\/www.noidiqua.it\/Agliana\/wp-content\/uploads\/2023\/07\/guardiamoci-dentro-300x211.png 300w\" sizes=\"auto, (max-width: 504px) 100vw, 504px\" \/><\/a><\/p>\n<p>il fegato pu\u00f2 essere sede di diverse patologie sia benigne sia oncologiche, queste ultime si dividono in \u201cprimitive\u201d, ossia che originano dal fegato stesso e \u201csecondarie\u201d, vale a dire metastasi da tumori insorti in altri organi.<\/p>\n<p>Le\u00a0<strong>neoplasie primitive<\/strong>\u00a0del fegato sono principalmente l\u2019epatocarcinoma (HCC) \u2013 il pi\u00f9 comune, che origina dagli epatociti, e il colangiocarcinoma, un tumore delle vie biliari.\u00a0L\u2019eziologia dell\u2019epatocarcinoma \u00e8 strettamente correlata ad epatopatie croniche, infezioni da epatite B ed epatite C, cirrosi. Altri fattori di rischio sono il consumo eccessivo di alcol, abitudini che favoriscono il sovrappeso e l\u2019obesit\u00e0, alterazioni del metabolismo.<\/p>\n<p><strong>Le neoplasie pi\u00f9 frequenti che colpiscono il fegato sono per\u00f2 quelle secondarie<\/strong>, ossia metastasi che originano da tumori in altri organi lontani (es. intestino, pancreas, stomaco, mammella etc.). Un sintomo precoce \u00e8 il dolore persistente nel quadrante destro superiore dell\u2019addome. Possono riscontrarsi perdita di peso e dell\u2019appetito, debolezza, anemia; spesso compaiono l\u2019ittero (il colore giallo della cute) e la colorazione scura delle urine. La diagnosi di cancro al fegato si basa essenzialmente su esami di laboratorio e radiologici: Ecografia, TC e risonanza magnetica sono le indagini strumentali essenziali per valutare l\u2019estensione della neoplasia e determinare l\u2019eventuale possibilit\u00e0 di asportazione chirurgica.\u00a0<strong>E\u2019 molto importante la diagnosi precoce e che i pazienti con patologia cronica del fegato\u00a0<\/strong>(epatiti, cirrosi) siano seguiti con esami periodici al fine di scoprire un eventuale nodulo nelle fasi iniziali.<\/p>\n<p><strong>I tumori del fegato sono complessi da curare e possono essere affrontati in diversi modi.<\/strong>\u00a0Per questo \u00e8 importante che la decisione terapeutica venga presa con un approccio multidisciplinare in centri di provata esperienza, e che il malato sia informato correttamente e sia parte attiva nelle decisioni che lo riguardano: la CHIRURGIA del fegato \u00e8 certamente una delle opzioni principali!\u00a0<strong>A tal proposito, nell\u2019USL Toscana Centro esiste un percorso dedicato alle neoplasie epatobiliari<\/strong>, in cui i pazienti vengono valutati da un gruppo multidisciplinare costituito da diversi specialisti, come epatologi, chirurghi, oncologi, anestesisti, radiologi, radiologi interventisti, radioterapisti, medici nucleari, endoscopisti, anatomopatologi, infermieri in riunioni dedicate che avvengono a cadenza settimanale.\u00a0Grazie alla multidisciplinariet\u00e0, il caso di ogni singolo paziente pu\u00f2 essere gestito in maniera eccellente. I pazienti da sottoporre ad intervento chirurgico vengono poi centralizzati presso l\u2019Ospedale di Pistoia, che \u00e8 Centro di riferimento per la Chirurgia epatobiliare. \u00c8 stato istituito anche un ambulatorio dedicato, cui il paziente viene indirizzato tramite il Medico Curante; \u00e8 possibile inoltre inviare una mail a:\u00a0<strong>chirurgiaepaticapistoia@gmail.com<\/strong><\/p>","protected":false},"excerpt":{"rendered":"<p>di Sandro Giannessi giugno 2023 il fegato pu\u00f2 essere sede di diverse patologie sia benigne sia oncologiche, queste ultime si dividono in \u201cprimitive\u201d, ossia che originano dal fegato stesso e \u201csecondarie\u201d, vale a dire metastasi da tumori insorti in altri organi. Le\u00a0neoplasie primitive\u00a0del fegato sono principalmente l\u2019epatocarcinoma [&hellip;]<\/p>","protected":false},"author":101017,"featured_media":0,"comment_status":"open","ping_status":"open","sticky":false,"template":"","format":"standard","meta":{"footnotes":""},"categories":[2,4679],"tags":[3705,3711,3709,3703,3704,3710,3702,3706,3708,3712,3707,3424],"class_list":["post-8487","post","type-post","status-publish","format-standard","hentry","category-ag","category-guardiamoci-dentro","tag-benigne","tag-chirurgia","tag-colangiocarcinoma","tag-epatocarcinoma","tag-epatociti","tag-multidisciplinarieta","tag-neoplasie-primitive","tag-oncologiche","tag-patologia-cronica","tag-sandro-giannessi","tag-tumori","tag-usl-toscana-centro"],"yoast_head":"<!-- This site is optimized with the Yoast SEO plugin v25.5 - https:\/\/yoast.com\/wordpress\/plugins\/seo\/ -->\n<title>Le patologie del fegato - Noi di Qua Testata giornalistica e di attualit\u00e0 di Agliana, Montale e Quarrata.<\/title>\n<meta name=\"robots\" content=\"index, follow, max-snippet:-1, max-image-preview:large, max-video-preview:-1\" \/>\n<link rel=\"canonical\" href=\"https:\/\/www.noidiqua.it\/Agliana\/le-patologie-del-fegato\/\" \/>\n<meta property=\"og:locale\" content=\"it_IT\" \/>\n<meta property=\"og:type\" content=\"article\" \/>\n<meta property=\"og:title\" content=\"Le patologie del fegato - Noi di Qua Testata giornalistica e di attualit\u00e0 di Agliana, Montale e Quarrata.\" \/>\n<meta property=\"og:description\" content=\"di Sandro Giannessi giugno 2023 il fegato pu\u00f2 essere sede di diverse patologie sia benigne sia oncologiche, queste ultime si dividono in \u201cprimitive\u201d, ossia che originano dal fegato stesso e \u201csecondarie\u201d, vale a dire metastasi da tumori insorti in altri organi. Le\u00a0neoplasie primitive\u00a0del fegato sono principalmente l\u2019epatocarcinoma [&hellip;]\" \/>\n<meta property=\"og:url\" content=\"https:\/\/www.noidiqua.it\/Agliana\/le-patologie-del-fegato\/\" \/>\n<meta property=\"og:site_name\" content=\"Noi di Qua Testata giornalistica e di attualit\u00e0 di Agliana, Montale e Quarrata.\" \/>\n<meta property=\"article:publisher\" content=\"https:\/\/www.facebook.com\/noidiqua.trimestrale\/\" \/>\n<meta property=\"article:published_time\" content=\"2023-06-12T08:23:32+00:00\" \/>\n<meta property=\"article:modified_time\" content=\"2025-01-15T09:36:22+00:00\" \/>\n<meta property=\"og:image\" content=\"https:\/\/www.noidiqua.it\/Agliana\/wp-content\/uploads\/2023\/07\/guardiamoci-dentro.png\" \/>\n<meta name=\"author\" content=\"Sandro Giannessi\" \/>\n<meta name=\"twitter:label1\" content=\"Scritto da\" \/>\n\t<meta name=\"twitter:data1\" content=\"Sandro Giannessi\" \/>\n\t<meta name=\"twitter:label2\" content=\"Tempo di lettura stimato\" \/>\n\t<meta name=\"twitter:data2\" content=\"2 minuti\" \/>\n<script type=\"application\/ld+json\" class=\"yoast-schema-graph\">{\"@context\":\"https:\/\/schema.org\",\"@graph\":[{\"@type\":\"WebPage\",\"@id\":\"https:\/\/www.noidiqua.it\/Agliana\/le-patologie-del-fegato\/\",\"url\":\"https:\/\/www.noidiqua.it\/Agliana\/le-patologie-del-fegato\/\",\"name\":\"Le patologie del fegato - Noi di Qua Testata giornalistica e di attualit\u00e0 di Agliana, Montale e Quarrata.\",\"isPartOf\":{\"@id\":\"https:\/\/www.noidiqua.it\/Agliana\/#website\"},\"primaryImageOfPage\":{\"@id\":\"https:\/\/www.noidiqua.it\/Agliana\/le-patologie-del-fegato\/#primaryimage\"},\"image\":{\"@id\":\"https:\/\/www.noidiqua.it\/Agliana\/le-patologie-del-fegato\/#primaryimage\"},\"thumbnailUrl\":\"https:\/\/www.noidiqua.it\/Agliana\/wp-content\/uploads\/2023\/07\/guardiamoci-dentro.png\",\"datePublished\":\"2023-06-12T08:23:32+00:00\",\"dateModified\":\"2025-01-15T09:36:22+00:00\",\"author\":{\"@id\":\"https:\/\/www.noidiqua.it\/Agliana\/#\/schema\/person\/7cd258ff38a35274f96c8fb598ae3356\"},\"breadcrumb\":{\"@id\":\"https:\/\/www.noidiqua.it\/Agliana\/le-patologie-del-fegato\/#breadcrumb\"},\"inLanguage\":\"it-IT\",\"potentialAction\":[{\"@type\":\"ReadAction\",\"target\":[\"https:\/\/www.noidiqua.it\/Agliana\/le-patologie-del-fegato\/\"]}]},{\"@type\":\"ImageObject\",\"inLanguage\":\"it-IT\",\"@id\":\"https:\/\/www.noidiqua.it\/Agliana\/le-patologie-del-fegato\/#primaryimage\",\"url\":\"https:\/\/www.noidiqua.it\/Agliana\/wp-content\/uploads\/2023\/07\/guardiamoci-dentro.png\",\"contentUrl\":\"https:\/\/www.noidiqua.it\/Agliana\/wp-content\/uploads\/2023\/07\/guardiamoci-dentro.png\",\"width\":504,\"height\":355},{\"@type\":\"BreadcrumbList\",\"@id\":\"https:\/\/www.noidiqua.it\/Agliana\/le-patologie-del-fegato\/#breadcrumb\",\"itemListElement\":[{\"@type\":\"ListItem\",\"position\":1,\"name\":\"Home\",\"item\":\"https:\/\/www.noidiqua.it\/Agliana\/\"},{\"@type\":\"ListItem\",\"position\":2,\"name\":\"Le patologie del fegato\"}]},{\"@type\":\"WebSite\",\"@id\":\"https:\/\/www.noidiqua.it\/Agliana\/#website\",\"url\":\"https:\/\/www.noidiqua.it\/Agliana\/\",\"name\":\"Noi di Qua Testata giornalistica e di attualit\u00e0 di Agliana, Montale e Quarrata.\",\"description\":\"Testata Giornalistica Quarrata Montale Agliana\",\"potentialAction\":[{\"@type\":\"SearchAction\",\"target\":{\"@type\":\"EntryPoint\",\"urlTemplate\":\"https:\/\/www.noidiqua.it\/Agliana\/?s={search_term_string}\"},\"query-input\":{\"@type\":\"PropertyValueSpecification\",\"valueRequired\":true,\"valueName\":\"search_term_string\"}}],\"inLanguage\":\"it-IT\"},{\"@type\":\"Person\",\"@id\":\"https:\/\/www.noidiqua.it\/Agliana\/#\/schema\/person\/7cd258ff38a35274f96c8fb598ae3356\",\"name\":\"Sandro Giannessi\",\"image\":{\"@type\":\"ImageObject\",\"inLanguage\":\"it-IT\",\"@id\":\"https:\/\/www.noidiqua.it\/Agliana\/#\/schema\/person\/image\/\",\"url\":\"https:\/\/secure.gravatar.com\/avatar\/4afd1fa6223137cbcf664644ca2a52d8d836901a546ac408d8a6e144b1df62d2?s=96&d=mm&r=g\",\"contentUrl\":\"https:\/\/secure.gravatar.com\/avatar\/4afd1fa6223137cbcf664644ca2a52d8d836901a546ac408d8a6e144b1df62d2?s=96&d=mm&r=g\",\"caption\":\"Sandro Giannessi\"},\"url\":\"https:\/\/www.noidiqua.it\/Agliana\/author\/sandro-giannessi\/\"}]}<\/script>\n<!-- \/ Yoast SEO plugin. -->","yoast_head_json":{"title":"Le patologie del fegato - Noi di Qua Testata giornalistica e di attualit\u00e0 di Agliana, Montale e Quarrata.","robots":{"index":"index","follow":"follow","max-snippet":"max-snippet:-1","max-image-preview":"max-image-preview:large","max-video-preview":"max-video-preview:-1"},"canonical":"https:\/\/www.noidiqua.it\/Agliana\/le-patologie-del-fegato\/","og_locale":"it_IT","og_type":"article","og_title":"Le patologie del fegato - Noi di Qua Testata giornalistica e di attualit\u00e0 di Agliana, Montale e Quarrata.","og_description":"di Sandro Giannessi giugno 2023 il fegato pu\u00f2 essere sede di diverse patologie sia benigne sia oncologiche, queste ultime si dividono in \u201cprimitive\u201d, ossia che originano dal fegato stesso e \u201csecondarie\u201d, vale a dire metastasi da tumori insorti in altri organi. Le\u00a0neoplasie primitive\u00a0del fegato sono principalmente l\u2019epatocarcinoma [&hellip;]","og_url":"https:\/\/www.noidiqua.it\/Agliana\/le-patologie-del-fegato\/","og_site_name":"Noi di Qua Testata giornalistica e di attualit\u00e0 di Agliana, Montale e Quarrata.","article_publisher":"https:\/\/www.facebook.com\/noidiqua.trimestrale\/","article_published_time":"2023-06-12T08:23:32+00:00","article_modified_time":"2025-01-15T09:36:22+00:00","og_image":[{"url":"https:\/\/www.noidiqua.it\/Agliana\/wp-content\/uploads\/2023\/07\/guardiamoci-dentro.png","type":"","width":"","height":""}],"author":"Sandro Giannessi","twitter_misc":{"Scritto da":"Sandro Giannessi","Tempo di lettura stimato":"2 minuti"},"schema":{"@context":"https:\/\/schema.org","@graph":[{"@type":"WebPage","@id":"https:\/\/www.noidiqua.it\/Agliana\/le-patologie-del-fegato\/","url":"https:\/\/www.noidiqua.it\/Agliana\/le-patologie-del-fegato\/","name":"Le patologie del fegato - Noi di Qua Testata giornalistica e di attualit\u00e0 di Agliana, Montale e Quarrata.","isPartOf":{"@id":"https:\/\/www.noidiqua.it\/Agliana\/#website"},"primaryImageOfPage":{"@id":"https:\/\/www.noidiqua.it\/Agliana\/le-patologie-del-fegato\/#primaryimage"},"image":{"@id":"https:\/\/www.noidiqua.it\/Agliana\/le-patologie-del-fegato\/#primaryimage"},"thumbnailUrl":"https:\/\/www.noidiqua.it\/Agliana\/wp-content\/uploads\/2023\/07\/guardiamoci-dentro.png","datePublished":"2023-06-12T08:23:32+00:00","dateModified":"2025-01-15T09:36:22+00:00","author":{"@id":"https:\/\/www.noidiqua.it\/Agliana\/#\/schema\/person\/7cd258ff38a35274f96c8fb598ae3356"},"breadcrumb":{"@id":"https:\/\/www.noidiqua.it\/Agliana\/le-patologie-del-fegato\/#breadcrumb"},"inLanguage":"it-IT","potentialAction":[{"@type":"ReadAction","target":["https:\/\/www.noidiqua.it\/Agliana\/le-patologie-del-fegato\/"]}]},{"@type":"ImageObject","inLanguage":"it-IT","@id":"https:\/\/www.noidiqua.it\/Agliana\/le-patologie-del-fegato\/#primaryimage","url":"https:\/\/www.noidiqua.it\/Agliana\/wp-content\/uploads\/2023\/07\/guardiamoci-dentro.png","contentUrl":"https:\/\/www.noidiqua.it\/Agliana\/wp-content\/uploads\/2023\/07\/guardiamoci-dentro.png","width":504,"height":355},{"@type":"BreadcrumbList","@id":"https:\/\/www.noidiqua.it\/Agliana\/le-patologie-del-fegato\/#breadcrumb","itemListElement":[{"@type":"ListItem","position":1,"name":"Home","item":"https:\/\/www.noidiqua.it\/Agliana\/"},{"@type":"ListItem","position":2,"name":"Le patologie del fegato"}]},{"@type":"WebSite","@id":"https:\/\/www.noidiqua.it\/Agliana\/#website","url":"https:\/\/www.noidiqua.it\/Agliana\/","name":"Noi di Qua Testata giornalistica e di attualit\u00e0 di Agliana, Montale e Quarrata.","description":"Testata Giornalistica Quarrata Montale Agliana","potentialAction":[{"@type":"SearchAction","target":{"@type":"EntryPoint","urlTemplate":"https:\/\/www.noidiqua.it\/Agliana\/?s={search_term_string}"},"query-input":{"@type":"PropertyValueSpecification","valueRequired":true,"valueName":"search_term_string"}}],"inLanguage":"it-IT"},{"@type":"Person","@id":"https:\/\/www.noidiqua.it\/Agliana\/#\/schema\/person\/7cd258ff38a35274f96c8fb598ae3356","name":"Sandro Giannessi","image":{"@type":"ImageObject","inLanguage":"it-IT","@id":"https:\/\/www.noidiqua.it\/Agliana\/#\/schema\/person\/image\/","url":"https:\/\/secure.gravatar.com\/avatar\/4afd1fa6223137cbcf664644ca2a52d8d836901a546ac408d8a6e144b1df62d2?s=96&d=mm&r=g","contentUrl":"https:\/\/secure.gravatar.com\/avatar\/4afd1fa6223137cbcf664644ca2a52d8d836901a546ac408d8a6e144b1df62d2?s=96&d=mm&r=g","caption":"Sandro Giannessi"},"url":"https:\/\/www.noidiqua.it\/Agliana\/author\/sandro-giannessi\/"}]}},"_links":{"self":[{"href":"https:\/\/www.noidiqua.it\/Agliana\/wp-json\/wp\/v2\/posts\/8487","targetHints":{"allow":["GET"]}}],"collection":[{"href":"https:\/\/www.noidiqua.it\/Agliana\/wp-json\/wp\/v2\/posts"}],"about":[{"href":"https:\/\/www.noidiqua.it\/Agliana\/wp-json\/wp\/v2\/types\/post"}],"author":[{"embeddable":true,"href":"https:\/\/www.noidiqua.it\/Agliana\/wp-json\/wp\/v2\/users\/101017"}],"replies":[{"embeddable":true,"href":"https:\/\/www.noidiqua.it\/Agliana\/wp-json\/wp\/v2\/comments?post=8487"}],"version-history":[{"count":1,"href":"https:\/\/www.noidiqua.it\/Agliana\/wp-json\/wp\/v2\/posts\/8487\/revisions"}],"predecessor-version":[{"id":8489,"href":"https:\/\/www.noidiqua.it\/Agliana\/wp-json\/wp\/v2\/posts\/8487\/revisions\/8489"}],"wp:attachment":[{"href":"https:\/\/www.noidiqua.it\/Agliana\/wp-json\/wp\/v2\/media?parent=8487"}],"wp:term":[{"taxonomy":"category","embeddable":true,"href":"https:\/\/www.noidiqua.it\/Agliana\/wp-json\/wp\/v2\/categories?post=8487"},{"taxonomy":"post_tag","embeddable":true,"href":"https:\/\/www.noidiqua.it\/Agliana\/wp-json\/wp\/v2\/tags?post=8487"}],"curies":[{"name":"wp","href":"https:\/\/api.w.org\/{rel}","templated":true}]}}