{"id":8538,"date":"2023-06-12T12:58:34","date_gmt":"2023-06-12T10:58:34","guid":{"rendered":"https:\/\/www.noidiqua.it\/Agliana\/?p=8538"},"modified":"2023-07-31T09:14:43","modified_gmt":"2023-07-31T07:14:43","slug":"ma-per-fortuna-che-ce-il-riccardo","status":"publish","type":"post","link":"https:\/\/www.noidiqua.it\/Agliana\/ma-per-fortuna-che-ce-il-riccardo\/","title":{"rendered":"\u2026\u201cMa per fortuna che c\u2019\u00e8 il Riccardo\u201d\u2026"},"content":{"rendered":"<p><em>di Massimo Cappelli<\/em><\/p>\n<p><em>giugno 2023<\/em><\/p>\n<p><a href=\"https:\/\/www.noidiqua.it\/Agliana\/wp-content\/uploads\/2023\/07\/CAPPELLI-BERTI.png\" rel=\"wp-prettyPhoto[8538]\"><img loading=\"lazy\" decoding=\"async\" class=\"aligncenter size-full wp-image-8540\" src=\"https:\/\/www.noidiqua.it\/Agliana\/wp-content\/uploads\/2023\/07\/CAPPELLI-BERTI.png\" alt=\"\" width=\"505\" height=\"391\" srcset=\"https:\/\/www.noidiqua.it\/Agliana\/wp-content\/uploads\/2023\/07\/CAPPELLI-BERTI.png 505w, https:\/\/www.noidiqua.it\/Agliana\/wp-content\/uploads\/2023\/07\/CAPPELLI-BERTI-300x232.png 300w\" sizes=\"auto, (max-width: 505px) 100vw, 505px\" \/><\/a><\/p>\n<p class=\"p1\">Ho conosciuto Riccardo Berti nel lontano 1990, quando entrambi facevamo parte della divisione commerciale di Publiaudio (attuale Media Hit) la concessionaria di pubblicit\u00e0 dell\u2019allora giovane Radio Cuore. Quel periodo per entrambi \u00e8 stato l\u2019inizio della formazione nell\u2019ambito del marketing e della comunicazione. In tempi economicamente incerti come questo, in un mercato ogni giorno pi\u00f9 strano dove la concorrenza delle aziende meglio strutturate si fa sempre pi\u00f9 insidiosa e la domanda sembra essere rivolta, con la complicit\u00e0 della Rete, solo ai colossi, quello che fa la differenza per il successo di un\u2019azienda, sono le intuizioni, le scelte, la programmazione. Molto spesso gli imprenditori hanno bisogno di supporto e di conferme, per far fronte, per esempio, ai propri coinvolgimenti emotivi che possono essere un grosso ostacolo per il raggiungimento degli obiettivi. In questi casi soltanto qualcuno dall\u2019esterno all\u2019azienda pu\u00f2 essere di forte aiuto. Riccardo Berti di mestiere fa questo: il consulente di marketing, o per dirlo con altre parole\u2026 \u201cil fabbricante di successi\u201d. L\u2019ho invitato in redazione per farmi raccontare la sua storia direttamente da lui.<\/p>\n<p><strong>Molti anni fa mi dicesti: \u201cCon la conoscenza acquisita e la passione che mettiamo nel nostro lavoro, spesso, ci sfuggono molte informazioni del tutto gratuite\u201d. \u00c8 stato l\u00ec che hai deciso di fare il consulente?<\/strong><\/p>\n<p><em>Questo non me lo ricordo. Mi ricordo invece di averti conosciuto quando tu ti portavi dietro una \u201ccabina telefonica\u201d, della quale restai affascinato, da allora la mia passione per la tecnologia non mi ha pi\u00f9 abbandonato.Ricordo anche le nostre esperienze condivise, come \u201c4Food\u201d, e di quando, grazie a quel progetto, facevamo delle ricche abbuffate nei ristoranti al top della zona, che tempi.<\/em><\/p>\n<p>E qui ci vuole la spiegazione: Riccardo nella prima parte fa riferimento al mio primo telefono cellulare del 1989 che avevo installato in auto, ma che si poteva estrarre e portare come una valigetta. Mi hanno preso in giro per molto tempo, lui a capofila, si arruffianavano soltanto quando avevano bisogno di telefonare.\u00a0<em>\u201c4Food\u201d<\/em>\u00a0invece fu per un periodo una divisione aziendale dell\u2019agenzia, rivolta, appunto, al food, e a tutte quelle aziende che avevano a che fare con il cibo come prodotto. In quel periodo ideammo, insieme a Maria Stefania Bardi Tesi, la rassegna gastronomica \u201c<em>Icch\u00e9 bolle in pentola<\/em>\u201d, una sfida fra persone comuni che cucinavano ricette della tradizione toscana nei ristoranti pi\u00f9 in voga della zona. Ne uscimmo con quattro o cinque chili in pi\u00f9.<\/p>\n<p><strong>Quali sono state le aziende pi\u00f9 significative che hai seguito, gli eventi pi\u00f9 gratificanti, e in tutti questi anni qual\u2019\u00e8 stata la pi\u00f9 grande soddisfazione?<\/strong><\/p>\n<p><em>Per raccontarvi le esperienze vissute sul campo occorrerebbe un numero speciale di NoiDiQua, perch\u00e9 gli aneddoti e i racconti dei tanti imprenditori con i quali ho avuto il piacere di collaborare e contribuire allo sviluppo dei loro progetti, sono veramente unici. Come sai benissimo, Massimo, nel nostro lavoro capita spesso di instaurare rapporti che vanno molto al di l\u00e0 della professione, la stima reciproca \u00e8 il vero valore aggiunto che purtroppo, per effetto della \u201cdigitalizzazione\u201d oggi si rischia di perdere.<\/em><\/p>\n<p><strong>A proposito, come vedi il futuro delle imprese?<\/strong><\/p>\n<p><em>Oggi spesso si sente dire: \u201cBisogna reinventarsi\u201d per stare al passo con i tempi. Questo \u00e8 vero, ma oltre ad innovarsi bisogna essere capaci di \u201cmixare\u201d, come avrebbe fatto il compianto Riccardo Cioni (idolo di uno splendido periodo della mia vita) ovvero unire agli strumenti attuali le esperienze che in passato hanno dato grandi soddisfazioni. Il mondo cambia inesorabilmente e le scelte, le idee che hanno fatto la fortuna di un\u2019azienda per cinquant\u2019anni, non \u00e8 detto che non vadano riviste per metterle a frutto anche per il futuro; la cosa fondamentale, per\u00f2, \u00e8 quella di mantenere sempre una forte identit\u00e0\u201d.<\/em><\/p>\n<p><strong>Il nostro giornale entra in oltre ventimila case, che consiglio vuoi dare ai giovani che vogliono diventare imprenditori?<\/strong><\/p>\n<p><em>NoiDiQua \u00e8 un mezzo che sento anche un po\u2019 mio. Nella fase progettuale ricordo che non eri molto convinto di intraprendere l\u2019attivit\u00e0 editoriale, e che non fu facile convincerti, ma i risultati di oggi sono sotto gli occhi di tutti. Mi raccomando non fermarti qui! Comunque sia abbiamo ancora il piacere di condividere questa amicizia che ci fa fare tante sane risate ricordando i vecchi tempi ma pianificando anche nuovi progetti, in realt\u00e0, in fondo in fondo siamo \u201cgiovanissimi di spirito\u201d. Per quanto riguarda il consiglio da dare ai giovani lo hanno gi\u00e0 fatto molte persone pi\u00f9 autorevoli di me. Ma se devo proprio pronunciarmi verso i ragazzi, vorrei allacciarmi a ci\u00f2 che disse Steve Jobs nel suo famosissimo discorso ai giovani laureati dell\u2019universit\u00e0 di Stanford nel 2005 (\u00e8 facile trovarlo nella rete) l\u2019intervento dur\u00f2 solo quindici minuti ma con concetti talmente profondi da poter essere inserito direttamente nei libri di Storia, cercatelo. Per Jobs la differenza sta nelle visioni che ogni giovane deve assolutamente avere, nell\u2019inseguire i propri sogni senza mai arrendersi, avendo cura del valore del tempo e della vita. Da quel discorso scatur\u00ec il famoso aforisma colmo di una grande carica morale \u2018Siate affamati, siate folli\u201d.<\/em><\/p>\n<p><a href=\"https:\/\/www.noidiqua.it\/Agliana\/wp-content\/uploads\/2023\/07\/gaber.png\" rel=\"wp-prettyPhoto[8538]\"><img loading=\"lazy\" decoding=\"async\" class=\"aligncenter size-full wp-image-8539\" src=\"https:\/\/www.noidiqua.it\/Agliana\/wp-content\/uploads\/2023\/07\/gaber.png\" alt=\"\" width=\"336\" height=\"399\" srcset=\"https:\/\/www.noidiqua.it\/Agliana\/wp-content\/uploads\/2023\/07\/gaber.png 336w, https:\/\/www.noidiqua.it\/Agliana\/wp-content\/uploads\/2023\/07\/gaber-253x300.png 253w\" sizes=\"auto, (max-width: 336px) 100vw, 336px\" \/><\/a><\/p>\n<p>In una sua vecchia canzone, Giorgio Gaber cantava:\u00a0<em>Per fortuna che c\u2019\u00e8 il Riccardo che da solo gioca a biliardo non \u00e8 di grande compagnia, ma \u00e8 il pi\u00f9 simpatico che ci sia.<\/em>\u00a0Anche il nostro Riccardo \u00e8 simpatico e a differenza di quello di Gaber \u00e8 pure di grande compagnia. E\u2019 un eccellente cuoco, esperto di vini e accreditato sommelier, ha da sempre la passione per la pesca e da qualche anno anche per la bicicletta. Gli piacciono ancora moltissimo le donne\u2026 ma non si ricorda perch\u00e9. Onestamente non so se ha mai giocato a biliardo, ma sono sicuro che le palle, spesso, le ha fatte girare lo stesso\u2026 s\u00ec, le ha fatte girare ai concorrenti delle aziende per le quali ha svolto il suo lavoro.<\/p>\n<p>&nbsp;<\/p>","protected":false},"excerpt":{"rendered":"<p>di Massimo Cappelli giugno 2023 Ho conosciuto Riccardo Berti nel lontano 1990, quando entrambi facevamo parte della divisione commerciale di Publiaudio (attuale Media Hit) la concessionaria di pubblicit\u00e0 dell\u2019allora giovane Radio Cuore. Quel periodo per entrambi \u00e8 stato l\u2019inizio della formazione nell\u2019ambito del marketing e della comunicazione. [&hellip;]<\/p>","protected":false},"author":7,"featured_media":0,"comment_status":"open","ping_status":"open","sticky":false,"template":"","format":"standard","meta":{"footnotes":""},"categories":[2,5],"tags":[3794,3795,3796,3798,888,3800,3797,3801,3799,3802],"class_list":["post-8538","post","type-post","status-publish","format-standard","hentry","category-ag","category-concludendo-qt","tag-4food","tag-agenzia","tag-cabina-telefonica","tag-digitalizzazione","tag-giorgio-gaber","tag-grande-soddisfazione","tag-icche-bolle-in-pentola","tag-imprenditori","tag-riccardo-cioni","tag-siate-affamati"],"yoast_head":"<!-- This site is optimized with the Yoast SEO plugin v25.5 - https:\/\/yoast.com\/wordpress\/plugins\/seo\/ -->\n<title>\u2026\u201cMa per fortuna che c\u2019\u00e8 il Riccardo\u201d\u2026 - Noi di Qua Testata giornalistica e di attualit\u00e0 di Agliana, Montale e Quarrata.<\/title>\n<meta name=\"robots\" content=\"index, follow, max-snippet:-1, max-image-preview:large, max-video-preview:-1\" \/>\n<link rel=\"canonical\" href=\"https:\/\/www.noidiqua.it\/Agliana\/ma-per-fortuna-che-ce-il-riccardo\/\" \/>\n<meta property=\"og:locale\" content=\"it_IT\" \/>\n<meta property=\"og:type\" content=\"article\" \/>\n<meta property=\"og:title\" content=\"\u2026\u201cMa per fortuna che c\u2019\u00e8 il Riccardo\u201d\u2026 - Noi di Qua Testata giornalistica e di attualit\u00e0 di Agliana, Montale e Quarrata.\" \/>\n<meta property=\"og:description\" content=\"di Massimo Cappelli giugno 2023 Ho conosciuto Riccardo Berti nel lontano 1990, quando entrambi facevamo parte della divisione commerciale di Publiaudio (attuale Media Hit) la concessionaria di pubblicit\u00e0 dell\u2019allora giovane Radio Cuore. Quel periodo per entrambi \u00e8 stato l\u2019inizio della formazione nell\u2019ambito del marketing e della comunicazione. [&hellip;]\" \/>\n<meta property=\"og:url\" content=\"https:\/\/www.noidiqua.it\/Agliana\/ma-per-fortuna-che-ce-il-riccardo\/\" \/>\n<meta property=\"og:site_name\" content=\"Noi di Qua Testata giornalistica e di attualit\u00e0 di Agliana, Montale e Quarrata.\" \/>\n<meta property=\"article:publisher\" content=\"https:\/\/www.facebook.com\/noidiqua.trimestrale\/\" \/>\n<meta property=\"article:published_time\" content=\"2023-06-12T10:58:34+00:00\" \/>\n<meta property=\"article:modified_time\" content=\"2023-07-31T07:14:43+00:00\" \/>\n<meta property=\"og:image\" content=\"https:\/\/www.noidiqua.it\/Agliana\/wp-content\/uploads\/2023\/07\/CAPPELLI-BERTI.png\" \/>\n<meta name=\"author\" content=\"Massimo Cappelli\" \/>\n<meta name=\"twitter:label1\" content=\"Scritto da\" \/>\n\t<meta name=\"twitter:data1\" content=\"Massimo Cappelli\" \/>\n\t<meta name=\"twitter:label2\" content=\"Tempo di lettura stimato\" \/>\n\t<meta name=\"twitter:data2\" content=\"5 minuti\" \/>\n<script type=\"application\/ld+json\" class=\"yoast-schema-graph\">{\"@context\":\"https:\/\/schema.org\",\"@graph\":[{\"@type\":\"WebPage\",\"@id\":\"https:\/\/www.noidiqua.it\/Agliana\/ma-per-fortuna-che-ce-il-riccardo\/\",\"url\":\"https:\/\/www.noidiqua.it\/Agliana\/ma-per-fortuna-che-ce-il-riccardo\/\",\"name\":\"\u2026\u201cMa per fortuna che c\u2019\u00e8 il Riccardo\u201d\u2026 - Noi di Qua Testata giornalistica e di attualit\u00e0 di Agliana, Montale e Quarrata.\",\"isPartOf\":{\"@id\":\"https:\/\/www.noidiqua.it\/Agliana\/#website\"},\"primaryImageOfPage\":{\"@id\":\"https:\/\/www.noidiqua.it\/Agliana\/ma-per-fortuna-che-ce-il-riccardo\/#primaryimage\"},\"image\":{\"@id\":\"https:\/\/www.noidiqua.it\/Agliana\/ma-per-fortuna-che-ce-il-riccardo\/#primaryimage\"},\"thumbnailUrl\":\"https:\/\/www.noidiqua.it\/Agliana\/wp-content\/uploads\/2023\/07\/CAPPELLI-BERTI.png\",\"datePublished\":\"2023-06-12T10:58:34+00:00\",\"dateModified\":\"2023-07-31T07:14:43+00:00\",\"author\":{\"@id\":\"https:\/\/www.noidiqua.it\/Agliana\/#\/schema\/person\/858b1b9db61101126e5ded39f94daedb\"},\"breadcrumb\":{\"@id\":\"https:\/\/www.noidiqua.it\/Agliana\/ma-per-fortuna-che-ce-il-riccardo\/#breadcrumb\"},\"inLanguage\":\"it-IT\",\"potentialAction\":[{\"@type\":\"ReadAction\",\"target\":[\"https:\/\/www.noidiqua.it\/Agliana\/ma-per-fortuna-che-ce-il-riccardo\/\"]}]},{\"@type\":\"ImageObject\",\"inLanguage\":\"it-IT\",\"@id\":\"https:\/\/www.noidiqua.it\/Agliana\/ma-per-fortuna-che-ce-il-riccardo\/#primaryimage\",\"url\":\"https:\/\/www.noidiqua.it\/Agliana\/wp-content\/uploads\/2023\/07\/CAPPELLI-BERTI.png\",\"contentUrl\":\"https:\/\/www.noidiqua.it\/Agliana\/wp-content\/uploads\/2023\/07\/CAPPELLI-BERTI.png\",\"width\":505,\"height\":391},{\"@type\":\"BreadcrumbList\",\"@id\":\"https:\/\/www.noidiqua.it\/Agliana\/ma-per-fortuna-che-ce-il-riccardo\/#breadcrumb\",\"itemListElement\":[{\"@type\":\"ListItem\",\"position\":1,\"name\":\"Home\",\"item\":\"https:\/\/www.noidiqua.it\/Agliana\/\"},{\"@type\":\"ListItem\",\"position\":2,\"name\":\"\u2026\u201cMa per fortuna che c\u2019\u00e8 il Riccardo\u201d\u2026\"}]},{\"@type\":\"WebSite\",\"@id\":\"https:\/\/www.noidiqua.it\/Agliana\/#website\",\"url\":\"https:\/\/www.noidiqua.it\/Agliana\/\",\"name\":\"Noi di Qua Testata giornalistica e di attualit\u00e0 di Agliana, Montale e Quarrata.\",\"description\":\"Testata Giornalistica Quarrata Montale Agliana\",\"potentialAction\":[{\"@type\":\"SearchAction\",\"target\":{\"@type\":\"EntryPoint\",\"urlTemplate\":\"https:\/\/www.noidiqua.it\/Agliana\/?s={search_term_string}\"},\"query-input\":{\"@type\":\"PropertyValueSpecification\",\"valueRequired\":true,\"valueName\":\"search_term_string\"}}],\"inLanguage\":\"it-IT\"},{\"@type\":\"Person\",\"@id\":\"https:\/\/www.noidiqua.it\/Agliana\/#\/schema\/person\/858b1b9db61101126e5ded39f94daedb\",\"name\":\"Massimo Cappelli\",\"image\":{\"@type\":\"ImageObject\",\"inLanguage\":\"it-IT\",\"@id\":\"https:\/\/www.noidiqua.it\/Agliana\/#\/schema\/person\/image\/\",\"url\":\"https:\/\/secure.gravatar.com\/avatar\/0e7261535228aa9bb0417ab8f42f3fadaf8ce23bdfde46c689c43410a676cfa9?s=96&d=mm&r=g\",\"contentUrl\":\"https:\/\/secure.gravatar.com\/avatar\/0e7261535228aa9bb0417ab8f42f3fadaf8ce23bdfde46c689c43410a676cfa9?s=96&d=mm&r=g\",\"caption\":\"Massimo Cappelli\"},\"url\":\"https:\/\/www.noidiqua.it\/Agliana\/author\/massimo-cappelli\/\"}]}<\/script>\n<!-- \/ Yoast SEO plugin. -->","yoast_head_json":{"title":"\u2026\u201cMa per fortuna che c\u2019\u00e8 il Riccardo\u201d\u2026 - Noi di Qua Testata giornalistica e di attualit\u00e0 di Agliana, Montale e Quarrata.","robots":{"index":"index","follow":"follow","max-snippet":"max-snippet:-1","max-image-preview":"max-image-preview:large","max-video-preview":"max-video-preview:-1"},"canonical":"https:\/\/www.noidiqua.it\/Agliana\/ma-per-fortuna-che-ce-il-riccardo\/","og_locale":"it_IT","og_type":"article","og_title":"\u2026\u201cMa per fortuna che c\u2019\u00e8 il Riccardo\u201d\u2026 - Noi di Qua Testata giornalistica e di attualit\u00e0 di Agliana, Montale e Quarrata.","og_description":"di Massimo Cappelli giugno 2023 Ho conosciuto Riccardo Berti nel lontano 1990, quando entrambi facevamo parte della divisione commerciale di Publiaudio (attuale Media Hit) la concessionaria di pubblicit\u00e0 dell\u2019allora giovane Radio Cuore. Quel periodo per entrambi \u00e8 stato l\u2019inizio della formazione nell\u2019ambito del marketing e della comunicazione. [&hellip;]","og_url":"https:\/\/www.noidiqua.it\/Agliana\/ma-per-fortuna-che-ce-il-riccardo\/","og_site_name":"Noi di Qua Testata giornalistica e di attualit\u00e0 di Agliana, Montale e Quarrata.","article_publisher":"https:\/\/www.facebook.com\/noidiqua.trimestrale\/","article_published_time":"2023-06-12T10:58:34+00:00","article_modified_time":"2023-07-31T07:14:43+00:00","og_image":[{"url":"https:\/\/www.noidiqua.it\/Agliana\/wp-content\/uploads\/2023\/07\/CAPPELLI-BERTI.png","type":"","width":"","height":""}],"author":"Massimo Cappelli","twitter_misc":{"Scritto da":"Massimo Cappelli","Tempo di lettura stimato":"5 minuti"},"schema":{"@context":"https:\/\/schema.org","@graph":[{"@type":"WebPage","@id":"https:\/\/www.noidiqua.it\/Agliana\/ma-per-fortuna-che-ce-il-riccardo\/","url":"https:\/\/www.noidiqua.it\/Agliana\/ma-per-fortuna-che-ce-il-riccardo\/","name":"\u2026\u201cMa per fortuna che c\u2019\u00e8 il Riccardo\u201d\u2026 - Noi di Qua Testata giornalistica e di attualit\u00e0 di Agliana, Montale e Quarrata.","isPartOf":{"@id":"https:\/\/www.noidiqua.it\/Agliana\/#website"},"primaryImageOfPage":{"@id":"https:\/\/www.noidiqua.it\/Agliana\/ma-per-fortuna-che-ce-il-riccardo\/#primaryimage"},"image":{"@id":"https:\/\/www.noidiqua.it\/Agliana\/ma-per-fortuna-che-ce-il-riccardo\/#primaryimage"},"thumbnailUrl":"https:\/\/www.noidiqua.it\/Agliana\/wp-content\/uploads\/2023\/07\/CAPPELLI-BERTI.png","datePublished":"2023-06-12T10:58:34+00:00","dateModified":"2023-07-31T07:14:43+00:00","author":{"@id":"https:\/\/www.noidiqua.it\/Agliana\/#\/schema\/person\/858b1b9db61101126e5ded39f94daedb"},"breadcrumb":{"@id":"https:\/\/www.noidiqua.it\/Agliana\/ma-per-fortuna-che-ce-il-riccardo\/#breadcrumb"},"inLanguage":"it-IT","potentialAction":[{"@type":"ReadAction","target":["https:\/\/www.noidiqua.it\/Agliana\/ma-per-fortuna-che-ce-il-riccardo\/"]}]},{"@type":"ImageObject","inLanguage":"it-IT","@id":"https:\/\/www.noidiqua.it\/Agliana\/ma-per-fortuna-che-ce-il-riccardo\/#primaryimage","url":"https:\/\/www.noidiqua.it\/Agliana\/wp-content\/uploads\/2023\/07\/CAPPELLI-BERTI.png","contentUrl":"https:\/\/www.noidiqua.it\/Agliana\/wp-content\/uploads\/2023\/07\/CAPPELLI-BERTI.png","width":505,"height":391},{"@type":"BreadcrumbList","@id":"https:\/\/www.noidiqua.it\/Agliana\/ma-per-fortuna-che-ce-il-riccardo\/#breadcrumb","itemListElement":[{"@type":"ListItem","position":1,"name":"Home","item":"https:\/\/www.noidiqua.it\/Agliana\/"},{"@type":"ListItem","position":2,"name":"\u2026\u201cMa per fortuna che c\u2019\u00e8 il Riccardo\u201d\u2026"}]},{"@type":"WebSite","@id":"https:\/\/www.noidiqua.it\/Agliana\/#website","url":"https:\/\/www.noidiqua.it\/Agliana\/","name":"Noi di Qua Testata giornalistica e di attualit\u00e0 di Agliana, Montale e Quarrata.","description":"Testata Giornalistica Quarrata Montale Agliana","potentialAction":[{"@type":"SearchAction","target":{"@type":"EntryPoint","urlTemplate":"https:\/\/www.noidiqua.it\/Agliana\/?s={search_term_string}"},"query-input":{"@type":"PropertyValueSpecification","valueRequired":true,"valueName":"search_term_string"}}],"inLanguage":"it-IT"},{"@type":"Person","@id":"https:\/\/www.noidiqua.it\/Agliana\/#\/schema\/person\/858b1b9db61101126e5ded39f94daedb","name":"Massimo Cappelli","image":{"@type":"ImageObject","inLanguage":"it-IT","@id":"https:\/\/www.noidiqua.it\/Agliana\/#\/schema\/person\/image\/","url":"https:\/\/secure.gravatar.com\/avatar\/0e7261535228aa9bb0417ab8f42f3fadaf8ce23bdfde46c689c43410a676cfa9?s=96&d=mm&r=g","contentUrl":"https:\/\/secure.gravatar.com\/avatar\/0e7261535228aa9bb0417ab8f42f3fadaf8ce23bdfde46c689c43410a676cfa9?s=96&d=mm&r=g","caption":"Massimo Cappelli"},"url":"https:\/\/www.noidiqua.it\/Agliana\/author\/massimo-cappelli\/"}]}},"_links":{"self":[{"href":"https:\/\/www.noidiqua.it\/Agliana\/wp-json\/wp\/v2\/posts\/8538","targetHints":{"allow":["GET"]}}],"collection":[{"href":"https:\/\/www.noidiqua.it\/Agliana\/wp-json\/wp\/v2\/posts"}],"about":[{"href":"https:\/\/www.noidiqua.it\/Agliana\/wp-json\/wp\/v2\/types\/post"}],"author":[{"embeddable":true,"href":"https:\/\/www.noidiqua.it\/Agliana\/wp-json\/wp\/v2\/users\/7"}],"replies":[{"embeddable":true,"href":"https:\/\/www.noidiqua.it\/Agliana\/wp-json\/wp\/v2\/comments?post=8538"}],"version-history":[{"count":3,"href":"https:\/\/www.noidiqua.it\/Agliana\/wp-json\/wp\/v2\/posts\/8538\/revisions"}],"predecessor-version":[{"id":8635,"href":"https:\/\/www.noidiqua.it\/Agliana\/wp-json\/wp\/v2\/posts\/8538\/revisions\/8635"}],"wp:attachment":[{"href":"https:\/\/www.noidiqua.it\/Agliana\/wp-json\/wp\/v2\/media?parent=8538"}],"wp:term":[{"taxonomy":"category","embeddable":true,"href":"https:\/\/www.noidiqua.it\/Agliana\/wp-json\/wp\/v2\/categories?post=8538"},{"taxonomy":"post_tag","embeddable":true,"href":"https:\/\/www.noidiqua.it\/Agliana\/wp-json\/wp\/v2\/tags?post=8538"}],"curies":[{"name":"wp","href":"https:\/\/api.w.org\/{rel}","templated":true}]}}