{"id":8818,"date":"2023-09-05T15:54:26","date_gmt":"2023-09-05T13:54:26","guid":{"rendered":"https:\/\/www.noidiqua.it\/Agliana\/?p=8818"},"modified":"2023-12-21T09:30:11","modified_gmt":"2023-12-21T08:30:11","slug":"il-nostro-ricordo-del-dottor-guido-pastacaldi","status":"publish","type":"post","link":"https:\/\/www.noidiqua.it\/Agliana\/il-nostro-ricordo-del-dottor-guido-pastacaldi\/","title":{"rendered":"il nostro ricordo del dottor Guido Pastacaldi"},"content":{"rendered":"<p style=\"text-align: justify;\"><em>di Piera Salvi<\/em><\/p>\n<p style=\"text-align: justify;\"><em>settembre 2023<\/em><\/p>\n<p style=\"text-align: justify;\"><a href=\"https:\/\/www.noidiqua.it\/Agliana\/wp-content\/uploads\/2023\/10\/pastacaldi_.png\" rel=\"wp-prettyPhoto[8818]\"><img loading=\"lazy\" decoding=\"async\" class=\"aligncenter size-full wp-image-8819\" src=\"https:\/\/www.noidiqua.it\/Agliana\/wp-content\/uploads\/2023\/10\/pastacaldi_.png\" alt=\"\" width=\"502\" height=\"401\" srcset=\"https:\/\/www.noidiqua.it\/Agliana\/wp-content\/uploads\/2023\/10\/pastacaldi_.png 502w, https:\/\/www.noidiqua.it\/Agliana\/wp-content\/uploads\/2023\/10\/pastacaldi_-300x240.png 300w\" sizes=\"auto, (max-width: 502px) 100vw, 502px\" \/><\/a><\/p>\n<p class=\"p1\" style=\"text-align: justify;\">Cordoglio infinito nella comunit\u00e0 aglianese e oltre per la scomparsa del <strong>dottor Guido Pastacaldi<\/strong>, avvenuta il 3 agosto scorso all\u2019ospedale fiorentino di Careggi, dove era ricoverato in seguito alla grave malattia che l\u2019aveva colpito. Il noto e stimato medico aveva 69 anni ed era in pensione da appena un anno. Alle cappelle del commiato della Misericordia di Agliana, dove era allestita la camera ardente, c\u2019\u00e8 stato un vero pellegrinaggio di tante persone, per condividere il dolore con i familiari, ma anche per esprimere la riconoscenza dei suoi tantissimi ex assistiti, dei colleghi e di tanti che l\u2019hanno conosciuto e apprezzato. Il dottor Pastacaldi ha lasciato un grande dolore nella sua famiglia: la moglie <strong>Cosetta Pasticci<\/strong> (anche lei stimato medico di famiglia) i figli Sandro (medico di base specializzato in radiologia) e Paolo (informatico), i fratelli Marco e Roberto. Tra i colleghi Pastacaldi \u00e8 ricordato come <i>\u00abUn amico e maestro prezioso, un medico eccezionale che ha donato tutta la sua vita a chi soffre, con grande cuore e grandi qualit\u00e0\u00bb<\/i>. Era andato in pensione il 30 luglio 2022, dopo quarant\u2019anni di servizio come medico di base ad Agliana, con competenza, umanit\u00e0 e passione. Era stato coordinatore dell\u2019<strong>Aggregazione funzionale territoriale<\/strong> Agliana-Montale, animatore di formazione della Regione Toscana, tutor per la formazione specifica in medicina generale. Pochi giorni dopo il pensionamento ci aveva detto: <i>\u00abE&#8217; un dispiacere grande avere lasciato i miei assistiti. Ringrazio tutti per l\u2019affetto e la gratitudine che mi hanno dimostrato. Il medico di famiglia entra nella vita e nelle case delle persone, \u00e8 insostituibile nel territorio, \u00e8 l\u2019interconnessione con altri servizi che garantiscono la salute\u00bb<\/i>.<\/p>\n<p class=\"p1\" style=\"text-align: justify;\">Il 2 giugno 2022 aveva ricevuto l\u2019onorificenza di <strong>Cavaliere al merito<\/strong> della Repubblica italiana per l\u2019impegno profuso con abnegazione nella sua professione. Per l\u2019ultimo saluto, la chiesa di San Piero ad Agliana era gremita e c\u2019erano tante persone anche fuori, a dimostrazione dell\u2019affetto e della gratitudine di una intera comunit\u00e0. <i>\u00abOgni uomo semplice porta in cuore un sogno, con amore ed umilt\u00e0 potr\u00e0 costruirlo\u00bb<\/i>, queste le parole della preghiera di San Damiano, intonata dal coro parrocchiale di San Piero per accogliere l\u2019ingresso in chiesa del feretro del dottor Guido Pastacaldi. Perch\u00e9 lui era cos\u00ec: un<strong> uomo eccezionale<\/strong> ma semplice che con umilt\u00e0 ha messo la sua esperienza a disposizione degli altri. Ed \u00e8 sicuramente per questo che la sua scomparsa ha generato una vera ondata di affetto e riconoscenza.<\/p>\n<p class=\"p1\" style=\"text-align: justify;\">Il parroco di San Piero, <strong>don Paolo Tofani<\/strong>, che era anche amico e un suo assistito, ha ricordato la disponibilit\u00e0 verso gli altri che ha sempre distinto Pastacaldi. <i>\u00abE&#8217; stato un servitore della comunit\u00e0\u00bb<\/i> ha detto don Paolo, <i>\u00abcon coraggio e coerenza ha dato tutto s\u00e9 stesso. Lascia un vuoto nel territorio. Dobbiamo essere vicini alla sua famiglia. Ho conosciuto Guido quando era studente universitario e faceva servizio volontario in un brefotrofio. Gi\u00e0 allora c\u2019era nel suo animo lo stimolo all\u2019impegno per gli altri, che \u00e8 rimasto per sempre. Il medico \u00e8 uno spaccato importante nella vita delle persone, oltre la terapia. Lo sguardo di un medico ci fa capire che condivide la sofferenza. Oggi in particolare \u00e8 molto difficile fare il medico di base ma \u00e8 una figura fondamentale. E il dottor Pastacaldi \u00e8 stato prezioso. Il suo credo \u00e8 stato il servizio, anche agli ultimi per i quali ha sempre avuto un\u2019attenzione particolare e per la famiglia che ha profondamente amato\u00bb<\/i>.<\/p>\n<p class=\"p1\" style=\"text-align: justify;\">Pastacaldi era aglianese ed ha sempre esercitato la professione ad <strong>Agliana<\/strong>, anche se diversi anni fa si era trasferito con la famiglia a Montale. Riposa nel cimitero Il Giardino di Agliana. La famiglia ha ringraziato commossa per l\u2019intensa e inaspettata dimostrazione di affetto. Sicuramente la ricompensa pi\u00f9 grande per lui, <strong>medico<\/strong> che curava con i farmaci ma anche con le parole e gli abbracci, rassicurando i pazienti.<\/p>","protected":false},"excerpt":{"rendered":"<p>di Piera Salvi settembre 2023 Cordoglio infinito nella comunit\u00e0 aglianese e oltre per la scomparsa del dottor Guido Pastacaldi, avvenuta il 3 agosto scorso all\u2019ospedale fiorentino di Careggi, dove era ricoverato in seguito alla grave malattia che l\u2019aveva colpito. Il noto e stimato medico aveva 69 anni [&hellip;]<\/p>","protected":false},"author":13,"featured_media":0,"comment_status":"open","ping_status":"open","sticky":false,"template":"","format":"standard","meta":{"footnotes":""},"categories":[2,24,143],"tags":[3906,37,3907,3905,66,3904,3429,3908],"class_list":["post-8818","post","type-post","status-publish","format-standard","hentry","category-ag","category-personaggi-qt","category-persone-e-personaggi","tag-aggregazione-funzionale-territoriale","tag-ag-ag","tag-cavaliere-al-merito","tag-cosetta-pasticci","tag-don-paolo-tofani","tag-dottor-guido-pastacaldi","tag-medico","tag-uomo-eccezionale"],"yoast_head":"<!-- This site is optimized with the Yoast SEO plugin v25.5 - https:\/\/yoast.com\/wordpress\/plugins\/seo\/ -->\n<title>il nostro ricordo del dottor Guido Pastacaldi - Noi di Qua Testata giornalistica e di attualit\u00e0 di Agliana, Montale e Quarrata.<\/title>\n<meta name=\"robots\" content=\"index, follow, max-snippet:-1, max-image-preview:large, max-video-preview:-1\" \/>\n<link rel=\"canonical\" href=\"https:\/\/www.noidiqua.it\/Agliana\/il-nostro-ricordo-del-dottor-guido-pastacaldi\/\" \/>\n<meta property=\"og:locale\" content=\"it_IT\" \/>\n<meta property=\"og:type\" content=\"article\" \/>\n<meta property=\"og:title\" content=\"il nostro ricordo del dottor Guido Pastacaldi - Noi di Qua Testata giornalistica e di attualit\u00e0 di Agliana, Montale e Quarrata.\" \/>\n<meta property=\"og:description\" content=\"di Piera Salvi settembre 2023 Cordoglio infinito nella comunit\u00e0 aglianese e oltre per la scomparsa del dottor Guido Pastacaldi, avvenuta il 3 agosto scorso all\u2019ospedale fiorentino di Careggi, dove era ricoverato in seguito alla grave malattia che l\u2019aveva colpito. Il noto e stimato medico aveva 69 anni [&hellip;]\" \/>\n<meta property=\"og:url\" content=\"https:\/\/www.noidiqua.it\/Agliana\/il-nostro-ricordo-del-dottor-guido-pastacaldi\/\" \/>\n<meta property=\"og:site_name\" content=\"Noi di Qua Testata giornalistica e di attualit\u00e0 di Agliana, Montale e Quarrata.\" \/>\n<meta property=\"article:publisher\" content=\"https:\/\/www.facebook.com\/noidiqua.trimestrale\/\" \/>\n<meta property=\"article:published_time\" content=\"2023-09-05T13:54:26+00:00\" \/>\n<meta property=\"article:modified_time\" content=\"2023-12-21T08:30:11+00:00\" \/>\n<meta property=\"og:image\" content=\"https:\/\/www.noidiqua.it\/Agliana\/wp-content\/uploads\/2023\/10\/pastacaldi_.png\" \/>\n<meta name=\"author\" content=\"Piera Salvi\" \/>\n<meta name=\"twitter:label1\" content=\"Scritto da\" \/>\n\t<meta name=\"twitter:data1\" content=\"Piera Salvi\" \/>\n\t<meta name=\"twitter:label2\" content=\"Tempo di lettura stimato\" \/>\n\t<meta name=\"twitter:data2\" content=\"3 minuti\" \/>\n<script type=\"application\/ld+json\" class=\"yoast-schema-graph\">{\"@context\":\"https:\/\/schema.org\",\"@graph\":[{\"@type\":\"WebPage\",\"@id\":\"https:\/\/www.noidiqua.it\/Agliana\/il-nostro-ricordo-del-dottor-guido-pastacaldi\/\",\"url\":\"https:\/\/www.noidiqua.it\/Agliana\/il-nostro-ricordo-del-dottor-guido-pastacaldi\/\",\"name\":\"il nostro ricordo del dottor Guido Pastacaldi - Noi di Qua Testata giornalistica e di attualit\u00e0 di Agliana, Montale e Quarrata.\",\"isPartOf\":{\"@id\":\"https:\/\/www.noidiqua.it\/Agliana\/#website\"},\"primaryImageOfPage\":{\"@id\":\"https:\/\/www.noidiqua.it\/Agliana\/il-nostro-ricordo-del-dottor-guido-pastacaldi\/#primaryimage\"},\"image\":{\"@id\":\"https:\/\/www.noidiqua.it\/Agliana\/il-nostro-ricordo-del-dottor-guido-pastacaldi\/#primaryimage\"},\"thumbnailUrl\":\"https:\/\/www.noidiqua.it\/Agliana\/wp-content\/uploads\/2023\/10\/pastacaldi_.png\",\"datePublished\":\"2023-09-05T13:54:26+00:00\",\"dateModified\":\"2023-12-21T08:30:11+00:00\",\"author\":{\"@id\":\"https:\/\/www.noidiqua.it\/Agliana\/#\/schema\/person\/bb7515c2330bb1137f247276096fa7dc\"},\"breadcrumb\":{\"@id\":\"https:\/\/www.noidiqua.it\/Agliana\/il-nostro-ricordo-del-dottor-guido-pastacaldi\/#breadcrumb\"},\"inLanguage\":\"it-IT\",\"potentialAction\":[{\"@type\":\"ReadAction\",\"target\":[\"https:\/\/www.noidiqua.it\/Agliana\/il-nostro-ricordo-del-dottor-guido-pastacaldi\/\"]}]},{\"@type\":\"ImageObject\",\"inLanguage\":\"it-IT\",\"@id\":\"https:\/\/www.noidiqua.it\/Agliana\/il-nostro-ricordo-del-dottor-guido-pastacaldi\/#primaryimage\",\"url\":\"https:\/\/www.noidiqua.it\/Agliana\/wp-content\/uploads\/2023\/10\/pastacaldi_.png\",\"contentUrl\":\"https:\/\/www.noidiqua.it\/Agliana\/wp-content\/uploads\/2023\/10\/pastacaldi_.png\",\"width\":502,\"height\":401},{\"@type\":\"BreadcrumbList\",\"@id\":\"https:\/\/www.noidiqua.it\/Agliana\/il-nostro-ricordo-del-dottor-guido-pastacaldi\/#breadcrumb\",\"itemListElement\":[{\"@type\":\"ListItem\",\"position\":1,\"name\":\"Home\",\"item\":\"https:\/\/www.noidiqua.it\/Agliana\/\"},{\"@type\":\"ListItem\",\"position\":2,\"name\":\"il nostro ricordo del dottor Guido Pastacaldi\"}]},{\"@type\":\"WebSite\",\"@id\":\"https:\/\/www.noidiqua.it\/Agliana\/#website\",\"url\":\"https:\/\/www.noidiqua.it\/Agliana\/\",\"name\":\"Noi di Qua Testata giornalistica e di attualit\u00e0 di Agliana, Montale e Quarrata.\",\"description\":\"Testata Giornalistica Quarrata Montale Agliana\",\"potentialAction\":[{\"@type\":\"SearchAction\",\"target\":{\"@type\":\"EntryPoint\",\"urlTemplate\":\"https:\/\/www.noidiqua.it\/Agliana\/?s={search_term_string}\"},\"query-input\":{\"@type\":\"PropertyValueSpecification\",\"valueRequired\":true,\"valueName\":\"search_term_string\"}}],\"inLanguage\":\"it-IT\"},{\"@type\":\"Person\",\"@id\":\"https:\/\/www.noidiqua.it\/Agliana\/#\/schema\/person\/bb7515c2330bb1137f247276096fa7dc\",\"name\":\"Piera Salvi\",\"image\":{\"@type\":\"ImageObject\",\"inLanguage\":\"it-IT\",\"@id\":\"https:\/\/www.noidiqua.it\/Agliana\/#\/schema\/person\/image\/\",\"url\":\"https:\/\/secure.gravatar.com\/avatar\/2f9b1fb6e13f3b3e63bde435d999a73be036e320f7a0f5f32f9ac21859d999cd?s=96&d=mm&r=g\",\"contentUrl\":\"https:\/\/secure.gravatar.com\/avatar\/2f9b1fb6e13f3b3e63bde435d999a73be036e320f7a0f5f32f9ac21859d999cd?s=96&d=mm&r=g\",\"caption\":\"Piera Salvi\"},\"url\":\"https:\/\/www.noidiqua.it\/Agliana\/author\/piera-salvi\/\"}]}<\/script>\n<!-- \/ Yoast SEO plugin. -->","yoast_head_json":{"title":"il nostro ricordo del dottor Guido Pastacaldi - Noi di Qua Testata giornalistica e di attualit\u00e0 di Agliana, Montale e Quarrata.","robots":{"index":"index","follow":"follow","max-snippet":"max-snippet:-1","max-image-preview":"max-image-preview:large","max-video-preview":"max-video-preview:-1"},"canonical":"https:\/\/www.noidiqua.it\/Agliana\/il-nostro-ricordo-del-dottor-guido-pastacaldi\/","og_locale":"it_IT","og_type":"article","og_title":"il nostro ricordo del dottor Guido Pastacaldi - Noi di Qua Testata giornalistica e di attualit\u00e0 di Agliana, Montale e Quarrata.","og_description":"di Piera Salvi settembre 2023 Cordoglio infinito nella comunit\u00e0 aglianese e oltre per la scomparsa del dottor Guido Pastacaldi, avvenuta il 3 agosto scorso all\u2019ospedale fiorentino di Careggi, dove era ricoverato in seguito alla grave malattia che l\u2019aveva colpito. Il noto e stimato medico aveva 69 anni [&hellip;]","og_url":"https:\/\/www.noidiqua.it\/Agliana\/il-nostro-ricordo-del-dottor-guido-pastacaldi\/","og_site_name":"Noi di Qua Testata giornalistica e di attualit\u00e0 di Agliana, Montale e Quarrata.","article_publisher":"https:\/\/www.facebook.com\/noidiqua.trimestrale\/","article_published_time":"2023-09-05T13:54:26+00:00","article_modified_time":"2023-12-21T08:30:11+00:00","og_image":[{"url":"https:\/\/www.noidiqua.it\/Agliana\/wp-content\/uploads\/2023\/10\/pastacaldi_.png","type":"","width":"","height":""}],"author":"Piera Salvi","twitter_misc":{"Scritto da":"Piera Salvi","Tempo di lettura stimato":"3 minuti"},"schema":{"@context":"https:\/\/schema.org","@graph":[{"@type":"WebPage","@id":"https:\/\/www.noidiqua.it\/Agliana\/il-nostro-ricordo-del-dottor-guido-pastacaldi\/","url":"https:\/\/www.noidiqua.it\/Agliana\/il-nostro-ricordo-del-dottor-guido-pastacaldi\/","name":"il nostro ricordo del dottor Guido Pastacaldi - Noi di Qua Testata giornalistica e di attualit\u00e0 di Agliana, Montale e Quarrata.","isPartOf":{"@id":"https:\/\/www.noidiqua.it\/Agliana\/#website"},"primaryImageOfPage":{"@id":"https:\/\/www.noidiqua.it\/Agliana\/il-nostro-ricordo-del-dottor-guido-pastacaldi\/#primaryimage"},"image":{"@id":"https:\/\/www.noidiqua.it\/Agliana\/il-nostro-ricordo-del-dottor-guido-pastacaldi\/#primaryimage"},"thumbnailUrl":"https:\/\/www.noidiqua.it\/Agliana\/wp-content\/uploads\/2023\/10\/pastacaldi_.png","datePublished":"2023-09-05T13:54:26+00:00","dateModified":"2023-12-21T08:30:11+00:00","author":{"@id":"https:\/\/www.noidiqua.it\/Agliana\/#\/schema\/person\/bb7515c2330bb1137f247276096fa7dc"},"breadcrumb":{"@id":"https:\/\/www.noidiqua.it\/Agliana\/il-nostro-ricordo-del-dottor-guido-pastacaldi\/#breadcrumb"},"inLanguage":"it-IT","potentialAction":[{"@type":"ReadAction","target":["https:\/\/www.noidiqua.it\/Agliana\/il-nostro-ricordo-del-dottor-guido-pastacaldi\/"]}]},{"@type":"ImageObject","inLanguage":"it-IT","@id":"https:\/\/www.noidiqua.it\/Agliana\/il-nostro-ricordo-del-dottor-guido-pastacaldi\/#primaryimage","url":"https:\/\/www.noidiqua.it\/Agliana\/wp-content\/uploads\/2023\/10\/pastacaldi_.png","contentUrl":"https:\/\/www.noidiqua.it\/Agliana\/wp-content\/uploads\/2023\/10\/pastacaldi_.png","width":502,"height":401},{"@type":"BreadcrumbList","@id":"https:\/\/www.noidiqua.it\/Agliana\/il-nostro-ricordo-del-dottor-guido-pastacaldi\/#breadcrumb","itemListElement":[{"@type":"ListItem","position":1,"name":"Home","item":"https:\/\/www.noidiqua.it\/Agliana\/"},{"@type":"ListItem","position":2,"name":"il nostro ricordo del dottor Guido Pastacaldi"}]},{"@type":"WebSite","@id":"https:\/\/www.noidiqua.it\/Agliana\/#website","url":"https:\/\/www.noidiqua.it\/Agliana\/","name":"Noi di Qua Testata giornalistica e di attualit\u00e0 di Agliana, Montale e Quarrata.","description":"Testata Giornalistica Quarrata Montale Agliana","potentialAction":[{"@type":"SearchAction","target":{"@type":"EntryPoint","urlTemplate":"https:\/\/www.noidiqua.it\/Agliana\/?s={search_term_string}"},"query-input":{"@type":"PropertyValueSpecification","valueRequired":true,"valueName":"search_term_string"}}],"inLanguage":"it-IT"},{"@type":"Person","@id":"https:\/\/www.noidiqua.it\/Agliana\/#\/schema\/person\/bb7515c2330bb1137f247276096fa7dc","name":"Piera Salvi","image":{"@type":"ImageObject","inLanguage":"it-IT","@id":"https:\/\/www.noidiqua.it\/Agliana\/#\/schema\/person\/image\/","url":"https:\/\/secure.gravatar.com\/avatar\/2f9b1fb6e13f3b3e63bde435d999a73be036e320f7a0f5f32f9ac21859d999cd?s=96&d=mm&r=g","contentUrl":"https:\/\/secure.gravatar.com\/avatar\/2f9b1fb6e13f3b3e63bde435d999a73be036e320f7a0f5f32f9ac21859d999cd?s=96&d=mm&r=g","caption":"Piera Salvi"},"url":"https:\/\/www.noidiqua.it\/Agliana\/author\/piera-salvi\/"}]}},"_links":{"self":[{"href":"https:\/\/www.noidiqua.it\/Agliana\/wp-json\/wp\/v2\/posts\/8818","targetHints":{"allow":["GET"]}}],"collection":[{"href":"https:\/\/www.noidiqua.it\/Agliana\/wp-json\/wp\/v2\/posts"}],"about":[{"href":"https:\/\/www.noidiqua.it\/Agliana\/wp-json\/wp\/v2\/types\/post"}],"author":[{"embeddable":true,"href":"https:\/\/www.noidiqua.it\/Agliana\/wp-json\/wp\/v2\/users\/13"}],"replies":[{"embeddable":true,"href":"https:\/\/www.noidiqua.it\/Agliana\/wp-json\/wp\/v2\/comments?post=8818"}],"version-history":[{"count":2,"href":"https:\/\/www.noidiqua.it\/Agliana\/wp-json\/wp\/v2\/posts\/8818\/revisions"}],"predecessor-version":[{"id":8824,"href":"https:\/\/www.noidiqua.it\/Agliana\/wp-json\/wp\/v2\/posts\/8818\/revisions\/8824"}],"wp:attachment":[{"href":"https:\/\/www.noidiqua.it\/Agliana\/wp-json\/wp\/v2\/media?parent=8818"}],"wp:term":[{"taxonomy":"category","embeddable":true,"href":"https:\/\/www.noidiqua.it\/Agliana\/wp-json\/wp\/v2\/categories?post=8818"},{"taxonomy":"post_tag","embeddable":true,"href":"https:\/\/www.noidiqua.it\/Agliana\/wp-json\/wp\/v2\/tags?post=8818"}],"curies":[{"name":"wp","href":"https:\/\/api.w.org\/{rel}","templated":true}]}}