{"id":9132,"date":"2024-03-13T17:33:26","date_gmt":"2024-03-13T16:33:26","guid":{"rendered":"https:\/\/www.noidiqua.it\/Agliana\/?p=9132"},"modified":"2024-12-18T17:21:15","modified_gmt":"2024-12-18T16:21:15","slug":"renzo-toci-il-nostro-ricordo","status":"publish","type":"post","link":"https:\/\/www.noidiqua.it\/Agliana\/renzo-toci-il-nostro-ricordo\/","title":{"rendered":"Renzo Toci &#8211; il nostro ricordo"},"content":{"rendered":"<p><em>di Piera Salvi<\/em><\/p>\n<p><em>marzo 2024<\/em><\/p>\n<p><a href=\"https:\/\/www.noidiqua.it\/Agliana\/wp-content\/uploads\/2024\/04\/toci.png\" rel=\"wp-prettyPhoto[9132]\"><img loading=\"lazy\" decoding=\"async\" class=\"aligncenter size-full wp-image-9133\" src=\"https:\/\/www.noidiqua.it\/Agliana\/wp-content\/uploads\/2024\/04\/toci.png\" alt=\"\" width=\"353\" height=\"296\" srcset=\"https:\/\/www.noidiqua.it\/Agliana\/wp-content\/uploads\/2024\/04\/toci.png 353w, https:\/\/www.noidiqua.it\/Agliana\/wp-content\/uploads\/2024\/04\/toci-300x252.png 300w\" sizes=\"auto, (max-width: 353px) 100vw, 353px\" \/><\/a><\/p>\n<p class=\"p1\">Il 13 dicembre 2023 si \u00e8 spento all\u2019ospedale San Jacopo di Pistoia <strong>Renzo Toci<\/strong>, ex <strong>imprenditore edile<\/strong> molto conosciuto ad Agliana e oltre i confini comunali. Aveva 87 anni e problemi cardiaci. La salma \u00e8 stata composta alle cappelle del commiato della Misericordia di Agliana, dove tantissime persone gli hanno reso omaggio ed hanno espresso vicinanza alla famiglia. Il funerale si \u00e8 svolto nella chiesa di San Piero.<\/p>\n<p class=\"p1\">Grande il cordoglio nella <strong>comunit\u00e0 aglianese<\/strong> per la perdita di un pilastro nel settore dell\u2019edilizia e della storia di Agliana, un uomo che aveva un grande spirito d\u2019iniziativa. Renzo aveva seguito le orme del padre. Era figlio di Umberto Toci, all\u2019epoca abilissimo muratore di fiducia della fattoria Baldi, in un periodo in cui la propriet\u00e0 comprendeva pi\u00f9 di trenta poderi. Renzo apr\u00ec la sua impresa edile negli anni Sessanta, dopo un\u2019esperienza maturata come dipendente nel settore dell\u2019<strong>edilizia<\/strong>. E&#8217; stato un imprenditore edile con grande competenza e intuizioni innovative, anche se ha sempre amato definirsi un artigiano. Tra gli edifici realizzati ad Agliana, circa negli anni Ottanta, ricordiamo l\u2019immobile a San Michele che \u00e8 stato sede della <strong>Banca di credito Cooperativo di Vignole<\/strong> (poi Banca Alta Toscana) e l\u2019edificio in via Goldoni dove apr\u00ec il <strong>supermercato Conad<\/strong> con bar annesso (ad Agliana all\u2019epoca una novit\u00e0 per un supermercato) e uffici al piano superiore. Cos\u00ec l\u2019ha ricordato l\u2019ex sindaco di Agliana <strong>Marco Giunti<\/strong>: <i>\u00abRenzo Toci \u00e8 stato uno degli artefici dello sviluppo di Agliana nel dopoguerra. Dotato di notevoli capacit\u00e0 tecniche ed imprenditoriali, tutte acquisite con l&#8217;esperienza, nonch\u00e9 di onest\u00e0 e un esemplare rispetto della parola data. La sua morte rappresenta ancora oggi una gravissima perdita\u00bb<\/i>.<\/p>\n<p><a href=\"https:\/\/www.noidiqua.it\/Agliana\/wp-content\/uploads\/2022\/01\/RENZO-TOCI-6.png\" rel=\"wp-prettyPhoto[9132]\"><img loading=\"lazy\" decoding=\"async\" class=\"aligncenter size-full wp-image-6411\" src=\"https:\/\/www.noidiqua.it\/Agliana\/wp-content\/uploads\/2022\/01\/RENZO-TOCI-6.png\" alt=\"\" width=\"191\" height=\"380\" srcset=\"https:\/\/www.noidiqua.it\/Agliana\/wp-content\/uploads\/2022\/01\/RENZO-TOCI-6.png 191w, https:\/\/www.noidiqua.it\/Agliana\/wp-content\/uploads\/2022\/01\/RENZO-TOCI-6-151x300.png 151w\" sizes=\"auto, (max-width: 191px) 100vw, 191px\" \/><\/a><\/p>\n<p>Renzo ha lasciato nel dolore le figlie Catia (psicologa ed ex assessore nel comune di Agliana) e Claudia (grafica pubblicitaria) e i suoi adorati nipoti Silvia, Giulio e Alessandro. La moglie Anna, con la quale aveva vissuto quasi sessant\u2019anni, era morta a marzo 2021 e per lui perdere l\u2019amata compagna di una vita era stato un duro colpo. <i>\u00abPer noi figlie \u00e8 stato un grande insegnamento\u00bb<\/i> ha ricordato commossa <strong>Catia Toci<\/strong> \u00ab<i>era onesto, poliedrico, curioso, amava viaggiare e conoscere\u00bb<\/i>.<\/p>\n<p>Toci si era particolarmente dedicato anche allo sport (era stato attivo nell\u2019<strong>Aglianese ciclismo<\/strong>) e alla politica, come segretario della sezione aglianese del <strong>Psi<\/strong>. Amava il calcio ed era tifoso della Fiorentina.<\/p>\n<p>&nbsp;<\/p>","protected":false},"excerpt":{"rendered":"<p>di Piera Salvi marzo 2024 Il 13 dicembre 2023 si \u00e8 spento all\u2019ospedale San Jacopo di Pistoia Renzo Toci, ex imprenditore edile molto conosciuto ad Agliana e oltre i confini comunali. Aveva 87 anni e problemi cardiaci. La salma \u00e8 stata composta alle cappelle del commiato della [&hellip;]<\/p>","protected":false},"author":13,"featured_media":0,"comment_status":"open","ping_status":"open","sticky":false,"template":"","format":"standard","meta":{"footnotes":""},"categories":[2,24,143],"tags":[4175,4172,4174,3697,4171,4170,244,4176,2873,4173],"class_list":["post-9132","post","type-post","status-publish","format-standard","hentry","category-ag","category-personaggi-qt","category-persone-e-personaggi","tag-aglianese-ciclismo","tag-banca-di-credito-cooperativo-di-vignole","tag-catia-toci","tag-comunita-aglianese","tag-edilizia","tag-imprenditore-edile","tag-marco-giunti","tag-psi","tag-renzo-toci","tag-supermercato-conad"],"yoast_head":"<!-- This site is optimized with the Yoast SEO plugin v25.5 - https:\/\/yoast.com\/wordpress\/plugins\/seo\/ -->\n<title>Renzo Toci - il nostro ricordo - Noi di Qua Testata giornalistica e di attualit\u00e0 di Agliana, Montale e Quarrata.<\/title>\n<meta name=\"robots\" content=\"index, follow, max-snippet:-1, max-image-preview:large, max-video-preview:-1\" \/>\n<link rel=\"canonical\" href=\"https:\/\/www.noidiqua.it\/Agliana\/renzo-toci-il-nostro-ricordo\/\" \/>\n<meta property=\"og:locale\" content=\"it_IT\" \/>\n<meta property=\"og:type\" content=\"article\" \/>\n<meta property=\"og:title\" content=\"Renzo Toci - il nostro ricordo - Noi di Qua Testata giornalistica e di attualit\u00e0 di Agliana, Montale e Quarrata.\" \/>\n<meta property=\"og:description\" content=\"di Piera Salvi marzo 2024 Il 13 dicembre 2023 si \u00e8 spento all\u2019ospedale San Jacopo di Pistoia Renzo Toci, ex imprenditore edile molto conosciuto ad Agliana e oltre i confini comunali. Aveva 87 anni e problemi cardiaci. La salma \u00e8 stata composta alle cappelle del commiato della [&hellip;]\" \/>\n<meta property=\"og:url\" content=\"https:\/\/www.noidiqua.it\/Agliana\/renzo-toci-il-nostro-ricordo\/\" \/>\n<meta property=\"og:site_name\" content=\"Noi di Qua Testata giornalistica e di attualit\u00e0 di Agliana, Montale e Quarrata.\" \/>\n<meta property=\"article:publisher\" content=\"https:\/\/www.facebook.com\/noidiqua.trimestrale\/\" \/>\n<meta property=\"article:published_time\" content=\"2024-03-13T16:33:26+00:00\" \/>\n<meta property=\"article:modified_time\" content=\"2024-12-18T16:21:15+00:00\" \/>\n<meta property=\"og:image\" content=\"https:\/\/www.noidiqua.it\/Agliana\/wp-content\/uploads\/2024\/04\/toci.png\" \/>\n<meta name=\"author\" content=\"Piera Salvi\" \/>\n<meta name=\"twitter:label1\" content=\"Scritto da\" \/>\n\t<meta name=\"twitter:data1\" content=\"Piera Salvi\" \/>\n\t<meta name=\"twitter:label2\" content=\"Tempo di lettura stimato\" \/>\n\t<meta name=\"twitter:data2\" content=\"3 minuti\" \/>\n<script type=\"application\/ld+json\" class=\"yoast-schema-graph\">{\"@context\":\"https:\/\/schema.org\",\"@graph\":[{\"@type\":\"WebPage\",\"@id\":\"https:\/\/www.noidiqua.it\/Agliana\/renzo-toci-il-nostro-ricordo\/\",\"url\":\"https:\/\/www.noidiqua.it\/Agliana\/renzo-toci-il-nostro-ricordo\/\",\"name\":\"Renzo Toci - il nostro ricordo - Noi di Qua Testata giornalistica e di attualit\u00e0 di Agliana, Montale e Quarrata.\",\"isPartOf\":{\"@id\":\"https:\/\/www.noidiqua.it\/Agliana\/#website\"},\"primaryImageOfPage\":{\"@id\":\"https:\/\/www.noidiqua.it\/Agliana\/renzo-toci-il-nostro-ricordo\/#primaryimage\"},\"image\":{\"@id\":\"https:\/\/www.noidiqua.it\/Agliana\/renzo-toci-il-nostro-ricordo\/#primaryimage\"},\"thumbnailUrl\":\"https:\/\/www.noidiqua.it\/Agliana\/wp-content\/uploads\/2024\/04\/toci.png\",\"datePublished\":\"2024-03-13T16:33:26+00:00\",\"dateModified\":\"2024-12-18T16:21:15+00:00\",\"author\":{\"@id\":\"https:\/\/www.noidiqua.it\/Agliana\/#\/schema\/person\/bb7515c2330bb1137f247276096fa7dc\"},\"breadcrumb\":{\"@id\":\"https:\/\/www.noidiqua.it\/Agliana\/renzo-toci-il-nostro-ricordo\/#breadcrumb\"},\"inLanguage\":\"it-IT\",\"potentialAction\":[{\"@type\":\"ReadAction\",\"target\":[\"https:\/\/www.noidiqua.it\/Agliana\/renzo-toci-il-nostro-ricordo\/\"]}]},{\"@type\":\"ImageObject\",\"inLanguage\":\"it-IT\",\"@id\":\"https:\/\/www.noidiqua.it\/Agliana\/renzo-toci-il-nostro-ricordo\/#primaryimage\",\"url\":\"https:\/\/www.noidiqua.it\/Agliana\/wp-content\/uploads\/2024\/04\/toci.png\",\"contentUrl\":\"https:\/\/www.noidiqua.it\/Agliana\/wp-content\/uploads\/2024\/04\/toci.png\",\"width\":353,\"height\":296},{\"@type\":\"BreadcrumbList\",\"@id\":\"https:\/\/www.noidiqua.it\/Agliana\/renzo-toci-il-nostro-ricordo\/#breadcrumb\",\"itemListElement\":[{\"@type\":\"ListItem\",\"position\":1,\"name\":\"Home\",\"item\":\"https:\/\/www.noidiqua.it\/Agliana\/\"},{\"@type\":\"ListItem\",\"position\":2,\"name\":\"Renzo Toci &#8211; il nostro ricordo\"}]},{\"@type\":\"WebSite\",\"@id\":\"https:\/\/www.noidiqua.it\/Agliana\/#website\",\"url\":\"https:\/\/www.noidiqua.it\/Agliana\/\",\"name\":\"Noi di Qua Testata giornalistica e di attualit\u00e0 di Agliana, Montale e Quarrata.\",\"description\":\"Testata Giornalistica Quarrata Montale Agliana\",\"potentialAction\":[{\"@type\":\"SearchAction\",\"target\":{\"@type\":\"EntryPoint\",\"urlTemplate\":\"https:\/\/www.noidiqua.it\/Agliana\/?s={search_term_string}\"},\"query-input\":{\"@type\":\"PropertyValueSpecification\",\"valueRequired\":true,\"valueName\":\"search_term_string\"}}],\"inLanguage\":\"it-IT\"},{\"@type\":\"Person\",\"@id\":\"https:\/\/www.noidiqua.it\/Agliana\/#\/schema\/person\/bb7515c2330bb1137f247276096fa7dc\",\"name\":\"Piera Salvi\",\"image\":{\"@type\":\"ImageObject\",\"inLanguage\":\"it-IT\",\"@id\":\"https:\/\/www.noidiqua.it\/Agliana\/#\/schema\/person\/image\/\",\"url\":\"https:\/\/secure.gravatar.com\/avatar\/2f9b1fb6e13f3b3e63bde435d999a73be036e320f7a0f5f32f9ac21859d999cd?s=96&d=mm&r=g\",\"contentUrl\":\"https:\/\/secure.gravatar.com\/avatar\/2f9b1fb6e13f3b3e63bde435d999a73be036e320f7a0f5f32f9ac21859d999cd?s=96&d=mm&r=g\",\"caption\":\"Piera Salvi\"},\"url\":\"https:\/\/www.noidiqua.it\/Agliana\/author\/piera-salvi\/\"}]}<\/script>\n<!-- \/ Yoast SEO plugin. -->","yoast_head_json":{"title":"Renzo Toci - il nostro ricordo - Noi di Qua Testata giornalistica e di attualit\u00e0 di Agliana, Montale e Quarrata.","robots":{"index":"index","follow":"follow","max-snippet":"max-snippet:-1","max-image-preview":"max-image-preview:large","max-video-preview":"max-video-preview:-1"},"canonical":"https:\/\/www.noidiqua.it\/Agliana\/renzo-toci-il-nostro-ricordo\/","og_locale":"it_IT","og_type":"article","og_title":"Renzo Toci - il nostro ricordo - Noi di Qua Testata giornalistica e di attualit\u00e0 di Agliana, Montale e Quarrata.","og_description":"di Piera Salvi marzo 2024 Il 13 dicembre 2023 si \u00e8 spento all\u2019ospedale San Jacopo di Pistoia Renzo Toci, ex imprenditore edile molto conosciuto ad Agliana e oltre i confini comunali. Aveva 87 anni e problemi cardiaci. La salma \u00e8 stata composta alle cappelle del commiato della [&hellip;]","og_url":"https:\/\/www.noidiqua.it\/Agliana\/renzo-toci-il-nostro-ricordo\/","og_site_name":"Noi di Qua Testata giornalistica e di attualit\u00e0 di Agliana, Montale e Quarrata.","article_publisher":"https:\/\/www.facebook.com\/noidiqua.trimestrale\/","article_published_time":"2024-03-13T16:33:26+00:00","article_modified_time":"2024-12-18T16:21:15+00:00","og_image":[{"url":"https:\/\/www.noidiqua.it\/Agliana\/wp-content\/uploads\/2024\/04\/toci.png","type":"","width":"","height":""}],"author":"Piera Salvi","twitter_misc":{"Scritto da":"Piera Salvi","Tempo di lettura stimato":"3 minuti"},"schema":{"@context":"https:\/\/schema.org","@graph":[{"@type":"WebPage","@id":"https:\/\/www.noidiqua.it\/Agliana\/renzo-toci-il-nostro-ricordo\/","url":"https:\/\/www.noidiqua.it\/Agliana\/renzo-toci-il-nostro-ricordo\/","name":"Renzo Toci - il nostro ricordo - Noi di Qua Testata giornalistica e di attualit\u00e0 di Agliana, Montale e Quarrata.","isPartOf":{"@id":"https:\/\/www.noidiqua.it\/Agliana\/#website"},"primaryImageOfPage":{"@id":"https:\/\/www.noidiqua.it\/Agliana\/renzo-toci-il-nostro-ricordo\/#primaryimage"},"image":{"@id":"https:\/\/www.noidiqua.it\/Agliana\/renzo-toci-il-nostro-ricordo\/#primaryimage"},"thumbnailUrl":"https:\/\/www.noidiqua.it\/Agliana\/wp-content\/uploads\/2024\/04\/toci.png","datePublished":"2024-03-13T16:33:26+00:00","dateModified":"2024-12-18T16:21:15+00:00","author":{"@id":"https:\/\/www.noidiqua.it\/Agliana\/#\/schema\/person\/bb7515c2330bb1137f247276096fa7dc"},"breadcrumb":{"@id":"https:\/\/www.noidiqua.it\/Agliana\/renzo-toci-il-nostro-ricordo\/#breadcrumb"},"inLanguage":"it-IT","potentialAction":[{"@type":"ReadAction","target":["https:\/\/www.noidiqua.it\/Agliana\/renzo-toci-il-nostro-ricordo\/"]}]},{"@type":"ImageObject","inLanguage":"it-IT","@id":"https:\/\/www.noidiqua.it\/Agliana\/renzo-toci-il-nostro-ricordo\/#primaryimage","url":"https:\/\/www.noidiqua.it\/Agliana\/wp-content\/uploads\/2024\/04\/toci.png","contentUrl":"https:\/\/www.noidiqua.it\/Agliana\/wp-content\/uploads\/2024\/04\/toci.png","width":353,"height":296},{"@type":"BreadcrumbList","@id":"https:\/\/www.noidiqua.it\/Agliana\/renzo-toci-il-nostro-ricordo\/#breadcrumb","itemListElement":[{"@type":"ListItem","position":1,"name":"Home","item":"https:\/\/www.noidiqua.it\/Agliana\/"},{"@type":"ListItem","position":2,"name":"Renzo Toci &#8211; il nostro ricordo"}]},{"@type":"WebSite","@id":"https:\/\/www.noidiqua.it\/Agliana\/#website","url":"https:\/\/www.noidiqua.it\/Agliana\/","name":"Noi di Qua Testata giornalistica e di attualit\u00e0 di Agliana, Montale e Quarrata.","description":"Testata Giornalistica Quarrata Montale Agliana","potentialAction":[{"@type":"SearchAction","target":{"@type":"EntryPoint","urlTemplate":"https:\/\/www.noidiqua.it\/Agliana\/?s={search_term_string}"},"query-input":{"@type":"PropertyValueSpecification","valueRequired":true,"valueName":"search_term_string"}}],"inLanguage":"it-IT"},{"@type":"Person","@id":"https:\/\/www.noidiqua.it\/Agliana\/#\/schema\/person\/bb7515c2330bb1137f247276096fa7dc","name":"Piera Salvi","image":{"@type":"ImageObject","inLanguage":"it-IT","@id":"https:\/\/www.noidiqua.it\/Agliana\/#\/schema\/person\/image\/","url":"https:\/\/secure.gravatar.com\/avatar\/2f9b1fb6e13f3b3e63bde435d999a73be036e320f7a0f5f32f9ac21859d999cd?s=96&d=mm&r=g","contentUrl":"https:\/\/secure.gravatar.com\/avatar\/2f9b1fb6e13f3b3e63bde435d999a73be036e320f7a0f5f32f9ac21859d999cd?s=96&d=mm&r=g","caption":"Piera Salvi"},"url":"https:\/\/www.noidiqua.it\/Agliana\/author\/piera-salvi\/"}]}},"_links":{"self":[{"href":"https:\/\/www.noidiqua.it\/Agliana\/wp-json\/wp\/v2\/posts\/9132","targetHints":{"allow":["GET"]}}],"collection":[{"href":"https:\/\/www.noidiqua.it\/Agliana\/wp-json\/wp\/v2\/posts"}],"about":[{"href":"https:\/\/www.noidiqua.it\/Agliana\/wp-json\/wp\/v2\/types\/post"}],"author":[{"embeddable":true,"href":"https:\/\/www.noidiqua.it\/Agliana\/wp-json\/wp\/v2\/users\/13"}],"replies":[{"embeddable":true,"href":"https:\/\/www.noidiqua.it\/Agliana\/wp-json\/wp\/v2\/comments?post=9132"}],"version-history":[{"count":2,"href":"https:\/\/www.noidiqua.it\/Agliana\/wp-json\/wp\/v2\/posts\/9132\/revisions"}],"predecessor-version":[{"id":9135,"href":"https:\/\/www.noidiqua.it\/Agliana\/wp-json\/wp\/v2\/posts\/9132\/revisions\/9135"}],"wp:attachment":[{"href":"https:\/\/www.noidiqua.it\/Agliana\/wp-json\/wp\/v2\/media?parent=9132"}],"wp:term":[{"taxonomy":"category","embeddable":true,"href":"https:\/\/www.noidiqua.it\/Agliana\/wp-json\/wp\/v2\/categories?post=9132"},{"taxonomy":"post_tag","embeddable":true,"href":"https:\/\/www.noidiqua.it\/Agliana\/wp-json\/wp\/v2\/tags?post=9132"}],"curies":[{"name":"wp","href":"https:\/\/api.w.org\/{rel}","templated":true}]}}