{"id":9145,"date":"2024-03-13T09:50:20","date_gmt":"2024-03-13T08:50:20","guid":{"rendered":"https:\/\/www.noidiqua.it\/Agliana\/?p=9145"},"modified":"2024-04-22T09:50:35","modified_gmt":"2024-04-22T07:50:35","slug":"i-brevi-di-noidiqua-36","status":"publish","type":"post","link":"https:\/\/www.noidiqua.it\/Agliana\/i-brevi-di-noidiqua-36\/","title":{"rendered":"I brevi di Noidiqua"},"content":{"rendered":"<p><em>di Redazione<\/em><\/p>\n<p><em>marzo 2024<\/em><\/p>\n<p><a href=\"https:\/\/www.noidiqua.it\/Agliana\/wp-content\/uploads\/2021\/04\/brevi.png\" rel=\"wp-prettyPhoto[9145]\"><img loading=\"lazy\" decoding=\"async\" class=\"aligncenter size-full wp-image-5751\" src=\"https:\/\/www.noidiqua.it\/Agliana\/wp-content\/uploads\/2021\/04\/brevi.png\" alt=\"\" width=\"473\" height=\"291\" srcset=\"https:\/\/www.noidiqua.it\/Agliana\/wp-content\/uploads\/2021\/04\/brevi.png 473w, https:\/\/www.noidiqua.it\/Agliana\/wp-content\/uploads\/2021\/04\/brevi-300x185.png 300w\" sizes=\"auto, (max-width: 473px) 100vw, 473px\" \/><\/a><\/p>\n<p class=\"p1\"><b>Carlo Rossetti: <\/b><b>un pezzo da novanta!<\/b><\/p>\n<p class=\"p1\">Questo modo di dire proviene dal gergo militare, il \u201cpezzo\u201d indica un cannone e \u201cnovanta\u201d il calibro della bocca di fuoco. Viene usato comunemente per rappresentare una persona molto importante e noi lo abbiamo preso per comunicare lo spessore dell\u2019amico Carlo Rossetti ed evocarne quindi tutte le qualit\u00e0 di uomo e artista poliedrico. <b>Calza a pennello perch\u00e9 Carlo, il 30 marzo scorso, ha compiuto la bella et\u00e0 di novant\u2019anni<\/b>. Lui \u00e8 scrittore, reporter, attore, musicista, vignettista e molto altro. Da molti decenni, con estro, fantasia e con la sua scanzonata ironia allieta le nostre vite, dapprima con il teatro, poi con Tele Quarrata, con molte collaborazioni a pubblicazioni locali, e infine con NoiDiQua, narrando di personaggi e storie di paese, o improbabili racconti di fantasia con bizzarre situazioni ambientate nella vita quotidiana e accompagnate dalle sue simpatiche illustrazioni. Negli anni Sessanta \u00e8 stato anche un operatore reporter della Rai per la provincia di Pistoia. Allora Buon Compleanno Carlo, da tutta la redazione, augurandoti di poter \u201csparare\u201d ancora tanti colpi spargendo tanta allegria e provocando tanti sorrisi, anche perch\u00e9, specialmente di questi tempi, ce n\u2019\u00e8 sempre pi\u00f9 bisogno.<\/p>\n<p>&nbsp;<\/p>\n<p class=\"p1\"><span class=\"s1\"><b>Un assegno da 300 euro per Giulio Calistri della squadra Under 17 White, e un assegnp da 200 euro per Ul Haq Waleed, della formazione Under 17 Black.<\/b><\/span><\/p>\n<p class=\"p1\"><span class=\"s1\">Sono i due ragazzi, entrambi aglianesi, vincitori dell&#8217;edizioni 2023 delle due borse di studio erogate dalla Pallacanestro Agliana 2000, premiati nella sala consiliare del comune di Agliana in presenza del sindaco Luca Benesperi. Un incentivo di non poco conto quello che la societ\u00e0 del presidente Simone Caramelli consegna da diversi anni agli studenti e giocatori che meglio conciliano le due attivit\u00e0. Un aiuto concreto per le famiglie e un attestato di stima e fiducia per gli atleti, affinch\u00e9 proseguano sulla strada intrapresa. Il sistema per calcolare i due migliori \u00e8 molto dettagliato e pondera la media scolastica con i meriti sportivi (presenza agli allenamenti, lealt\u00e0 verso compagni e avversari, miglioramenti nel corso della stagione) e il parere dei rispettivi allenatori. <\/span><span class=\"s1\">Il presidente Simone Caramelli ha dichiarato: <i>\u00abSiamo strafelici di portare avanti questa iniziativa. Siamo soddisfatti, non solo perch\u00e9 siamo una delle poche societ\u00e0 a proporre questo progetto, ma perch\u00e9 cerchiamo di non promuovere solo la parte giocata. Agliana non guarda solo alla pallacanestro, ma anche allo studio, fondamentale per la crescita dei ragazzi. Devono studiare e divertirsi, e crescendo diventare sempre pi\u00f9 padroni di loro stessi\u00bb<\/i>.<\/span><\/p>\n<p>&nbsp;<\/p>\n<p class=\"p1\"><span class=\"s1\"><b>L\u2019aglianese Tamara Mati \u00e8 campionessa italiana di ginnastica ritmica. <\/b><\/span><\/p>\n<p class=\"p1\"><span class=\"s1\">La giovane ginnasta dell\u2019Asd Corallo ha partecipato al Campionato nazionale di ginnastica ritmica Fgi Silver Winter edition 2023, che si \u00e8 svolto a Rimini dal 7 al 10 dicembre scorso. La Asd Corallo ha partecipato a questa importante competizione con trentasei ginnaste, raccogliendo numerosi risultati di cui il pi\u00f9 prestigioso \u00e8 quello di Tamara Mati che si \u00e8 classificata prima nella specialit\u00e0 Nastro nella categoria J3 \u2013 livello LE, che rappresenta il livello Fgi Silver pi\u00f9 alto. Tamara Mati, ginnasta classe 2008, \u00e8 entrata a far parte della Asd Corallo nel 2019. Una ragazza seria, che si allena con molto impegno ed ha sempre dimostrato tanta passione verso questa disciplina sportiva.<span class=\"Apple-converted-space\">\u00a0 <\/span><i>\u00abSi allena a Bagnolo nel gruppo agonistico cinque giorni alla settimana, dalle tre alle cinque ore per allenamento\u00bb<\/i> riferiscono dalla Asd Corallo. <i>\u00abPraticare un\u2019attivit\u00e0 agonistica richiede tanta costanza e spirito di sacrificio sostenuti, appunto, da una grandissima passione che ti porta ad organizzare la tua vita in relazione a questa scelta cos\u00ec importante. Come staff siamo molto soddisfatti per il risultato raggiunto da Tamara, poich\u00e9 gratifica naturalmente anche tutto l\u2019impegno dei tecnici che la seguono ed in modo particolare quello di Beatrice Mattei, che la segue fin da quando ha iniziato a fare questo sport\u00bb<\/i><b>. <\/b><\/span><span class=\"s1\">La Asd Corallo \u00e8 una giovane associazione nata sul territorio montemurlese nel 2015, affiliata alla Fgi e riconosciuta dal Coni. Oltre alla ginnastica ritmica, che rappresenta il punto di forza, tiene anche altri corsi. Responsabile tecnico \u00e8 Patrizia Iovine.<\/span><\/p>\n<p>&nbsp;<\/p>\n<p class=\"p1\"><span class=\"s1\"><b>Inaugurata la nuova pista ciclabile in via Mallemort de Provence, intitolata all\u2019indimenticato Luca Baccini, ultramaratoneta e calciatore, presidente della Podistica aglianese dal 2020 fino alla sua prematura scomparsa, avvenuta l\u20198 aprile 2022, a 56 anni. <\/b><\/span><\/p>\n<p class=\"p1\"><span class=\"s1\">Il percorso \u00e8 adiacente all\u2019area sportiva ed \u00e8 stato intitolato a Baccini, perch\u00e9 era un aglianese appassionato di calcio, sempre attivo nello sport e con eccellenti risultati nel podismo: aveva partecipato a 169 maratone e 45 ultramaratone. Inizialmente si era dedicato al calcio, distinguendosi nelle squadre giovanili e dilettantistiche. Poi i grandi successi nel podismo, tagliando ben sette volte il traguardo finale della Nove Colli di Cesenatico (ultramaratona di 202,3 km) e conquistando l\u2019undicesimo posto nella classifica dei finisher. I suoi successi sono ricordati in una targa apposta lungo la ciclabile. <\/span><span class=\"s1\">Il sindaco ha annunciato che sar\u00e0 presto completato l\u2019ultimo tratto che collegher\u00e0 la pista al percorso Fabrizio Fabbri.<\/span><\/p>\n<p>&nbsp;<\/p>\n<p class=\"p1\"><span class=\"s1\"><b>Inaugurata una fontana pubblica intitolata a Giacomo Di Napoli, il 20 gennaio scorso, giorno in cui il giovane avrebbe compiuto 22 anni. <\/b><\/span><\/p>\n<p class=\"p1\"><span class=\"s1\">Una cerimonia bella e commovente, condotta da Vittoriana Gariboldi dell\u2019associazione \u201cGiak nuotatore volante\u201d. La fontana \u201cA casa di Giacomo\u201d \u00e8 davanti al condominio dove Giak, il pi\u00f9 giovane pluripilota di tutti i tempi e campione italiano di volo acrobatico in aliante, aveva vissuto dal 2004 (quando aveva due anni) fino all\u201911 luglio 2022, giorno di quel terribile incidente in aliante a Castel Viscardo (Terni) che spezz\u00f2 la sua vita terrena ma non la catena di amore, impegno e solidariet\u00e0 che avevano animato la sua breve vita. Tante persone e numerose autorit\u00e0 si sono riunite attorno ai genitori del ragazzo. La fontana \u00e8 stata voluta dall\u2019associazione \u201cGiak nuotatore volante\u201d (fondata dagli straordinari genitori di questo ragazzo eccezionale, Gennaro e Cristina), su un\u2019area pubblica dove c\u2019era l\u2019isola ecologia per la raccolta dei rifiuti, da tempo inutilizzata. Con delibera della giunta aglianese, nei mesi scorsi \u00e8 stata autorizzata l\u2019installazione della fontana in memoria di Giak, a carico di privati. <\/span><span class=\"s1\">Sull\u2019apice del muretto il suo motto:<i> \u201cNella vita come nello sport, o si vince o si impara, non si perde mai<\/i>\u201d. Incorniciano la fontana tre simboli in arte topiaria: un aereo e un elicottero, un grande cuore a rappresentare l\u2019amore eterno che lega Giacomo ai suoi genitori e alle persone che hanno condiviso con lui il suo travolgente amore per la vita. La fontana \u00e8 stata benedetta da don Salvatore, cappellano dell\u2019Aeronautica di Firenze. L\u201911 marzo l\u2019associazione ha ricordato 20 mesi senza Giak, come i suoi 20 anni quando ci ha lasciato, pubblicando un reel con alcune immagini inedite in preparazione ai mondiali 2022 e con la sua famiglia. <\/span><\/p>","protected":false},"excerpt":{"rendered":"<p>di Redazione marzo 2024 Carlo Rossetti: un pezzo da novanta! Questo modo di dire proviene dal gergo militare, il \u201cpezzo\u201d indica un cannone e \u201cnovanta\u201d il calibro della bocca di fuoco. Viene usato comunemente per rappresentare una persona molto importante e noi lo abbiamo preso per comunicare [&hellip;]<\/p>","protected":false},"author":11,"featured_media":0,"comment_status":"open","ping_status":"open","sticky":false,"template":"","format":"standard","meta":{"footnotes":""},"categories":[2,14],"tags":[1703,547,2224,3386,4195,1818,4197,4194,4196,4198],"class_list":["post-9145","post","type-post","status-publish","format-standard","hentry","category-ag","category-brevi-ndq-qt","tag-brevi","tag-carlo-rossetti","tag-giacomo-di-napoli","tag-giak-nuotatore-volante","tag-giulio-calistri","tag-luca-baccini","tag-tamara-mati","tag-tele-quarrata","tag-ul-haq-waleed","tag-ultramaratoneta"],"yoast_head":"<!-- This site is optimized with the Yoast SEO plugin v25.5 - https:\/\/yoast.com\/wordpress\/plugins\/seo\/ -->\n<title>I brevi di Noidiqua - Noi di Qua Testata giornalistica e di attualit\u00e0 di Agliana, Montale e Quarrata.<\/title>\n<meta name=\"robots\" content=\"index, follow, max-snippet:-1, max-image-preview:large, max-video-preview:-1\" \/>\n<link rel=\"canonical\" href=\"https:\/\/www.noidiqua.it\/Agliana\/i-brevi-di-noidiqua-36\/\" \/>\n<meta property=\"og:locale\" content=\"it_IT\" \/>\n<meta property=\"og:type\" content=\"article\" \/>\n<meta property=\"og:title\" content=\"I brevi di Noidiqua - Noi di Qua Testata giornalistica e di attualit\u00e0 di Agliana, Montale e Quarrata.\" \/>\n<meta property=\"og:description\" content=\"di Redazione marzo 2024 Carlo Rossetti: un pezzo da novanta! Questo modo di dire proviene dal gergo militare, il \u201cpezzo\u201d indica un cannone e \u201cnovanta\u201d il calibro della bocca di fuoco. Viene usato comunemente per rappresentare una persona molto importante e noi lo abbiamo preso per comunicare [&hellip;]\" \/>\n<meta property=\"og:url\" content=\"https:\/\/www.noidiqua.it\/Agliana\/i-brevi-di-noidiqua-36\/\" \/>\n<meta property=\"og:site_name\" content=\"Noi di Qua Testata giornalistica e di attualit\u00e0 di Agliana, Montale e Quarrata.\" \/>\n<meta property=\"article:publisher\" content=\"https:\/\/www.facebook.com\/noidiqua.trimestrale\/\" \/>\n<meta property=\"article:published_time\" content=\"2024-03-13T08:50:20+00:00\" \/>\n<meta property=\"article:modified_time\" content=\"2024-04-22T07:50:35+00:00\" \/>\n<meta property=\"og:image\" content=\"https:\/\/www.noidiqua.it\/Agliana\/wp-content\/uploads\/2021\/04\/brevi.png\" \/>\n<meta name=\"author\" content=\"Noidiqua\" \/>\n<meta name=\"twitter:label1\" content=\"Scritto da\" \/>\n\t<meta name=\"twitter:data1\" content=\"Noidiqua\" \/>\n\t<meta name=\"twitter:label2\" content=\"Tempo di lettura stimato\" \/>\n\t<meta name=\"twitter:data2\" content=\"6 minuti\" \/>\n<script type=\"application\/ld+json\" class=\"yoast-schema-graph\">{\"@context\":\"https:\/\/schema.org\",\"@graph\":[{\"@type\":\"WebPage\",\"@id\":\"https:\/\/www.noidiqua.it\/Agliana\/i-brevi-di-noidiqua-36\/\",\"url\":\"https:\/\/www.noidiqua.it\/Agliana\/i-brevi-di-noidiqua-36\/\",\"name\":\"I brevi di Noidiqua - Noi di Qua Testata giornalistica e di attualit\u00e0 di Agliana, Montale e Quarrata.\",\"isPartOf\":{\"@id\":\"https:\/\/www.noidiqua.it\/Agliana\/#website\"},\"primaryImageOfPage\":{\"@id\":\"https:\/\/www.noidiqua.it\/Agliana\/i-brevi-di-noidiqua-36\/#primaryimage\"},\"image\":{\"@id\":\"https:\/\/www.noidiqua.it\/Agliana\/i-brevi-di-noidiqua-36\/#primaryimage\"},\"thumbnailUrl\":\"https:\/\/www.noidiqua.it\/Agliana\/wp-content\/uploads\/2021\/04\/brevi.png\",\"datePublished\":\"2024-03-13T08:50:20+00:00\",\"dateModified\":\"2024-04-22T07:50:35+00:00\",\"author\":{\"@id\":\"https:\/\/www.noidiqua.it\/Agliana\/#\/schema\/person\/514fd9b1d14a0c719d001900ccd198a0\"},\"breadcrumb\":{\"@id\":\"https:\/\/www.noidiqua.it\/Agliana\/i-brevi-di-noidiqua-36\/#breadcrumb\"},\"inLanguage\":\"it-IT\",\"potentialAction\":[{\"@type\":\"ReadAction\",\"target\":[\"https:\/\/www.noidiqua.it\/Agliana\/i-brevi-di-noidiqua-36\/\"]}]},{\"@type\":\"ImageObject\",\"inLanguage\":\"it-IT\",\"@id\":\"https:\/\/www.noidiqua.it\/Agliana\/i-brevi-di-noidiqua-36\/#primaryimage\",\"url\":\"https:\/\/www.noidiqua.it\/Agliana\/wp-content\/uploads\/2021\/04\/brevi.png\",\"contentUrl\":\"https:\/\/www.noidiqua.it\/Agliana\/wp-content\/uploads\/2021\/04\/brevi.png\",\"width\":473,\"height\":291},{\"@type\":\"BreadcrumbList\",\"@id\":\"https:\/\/www.noidiqua.it\/Agliana\/i-brevi-di-noidiqua-36\/#breadcrumb\",\"itemListElement\":[{\"@type\":\"ListItem\",\"position\":1,\"name\":\"Home\",\"item\":\"https:\/\/www.noidiqua.it\/Agliana\/\"},{\"@type\":\"ListItem\",\"position\":2,\"name\":\"I brevi di Noidiqua\"}]},{\"@type\":\"WebSite\",\"@id\":\"https:\/\/www.noidiqua.it\/Agliana\/#website\",\"url\":\"https:\/\/www.noidiqua.it\/Agliana\/\",\"name\":\"Noi di Qua Testata giornalistica e di attualit\u00e0 di Agliana, Montale e Quarrata.\",\"description\":\"Testata Giornalistica Quarrata Montale Agliana\",\"potentialAction\":[{\"@type\":\"SearchAction\",\"target\":{\"@type\":\"EntryPoint\",\"urlTemplate\":\"https:\/\/www.noidiqua.it\/Agliana\/?s={search_term_string}\"},\"query-input\":{\"@type\":\"PropertyValueSpecification\",\"valueRequired\":true,\"valueName\":\"search_term_string\"}}],\"inLanguage\":\"it-IT\"},{\"@type\":\"Person\",\"@id\":\"https:\/\/www.noidiqua.it\/Agliana\/#\/schema\/person\/514fd9b1d14a0c719d001900ccd198a0\",\"name\":\"Noidiqua\",\"image\":{\"@type\":\"ImageObject\",\"inLanguage\":\"it-IT\",\"@id\":\"https:\/\/www.noidiqua.it\/Agliana\/#\/schema\/person\/image\/\",\"url\":\"https:\/\/secure.gravatar.com\/avatar\/57c38c8013923f27f46e913d45f086e963a1448a954bfc93d80df0ae6017f8ba?s=96&d=mm&r=g\",\"contentUrl\":\"https:\/\/secure.gravatar.com\/avatar\/57c38c8013923f27f46e913d45f086e963a1448a954bfc93d80df0ae6017f8ba?s=96&d=mm&r=g\",\"caption\":\"Noidiqua\"},\"url\":\"https:\/\/www.noidiqua.it\/Agliana\/author\/redazioneag\/\"}]}<\/script>\n<!-- \/ Yoast SEO plugin. -->","yoast_head_json":{"title":"I brevi di Noidiqua - Noi di Qua Testata giornalistica e di attualit\u00e0 di Agliana, Montale e Quarrata.","robots":{"index":"index","follow":"follow","max-snippet":"max-snippet:-1","max-image-preview":"max-image-preview:large","max-video-preview":"max-video-preview:-1"},"canonical":"https:\/\/www.noidiqua.it\/Agliana\/i-brevi-di-noidiqua-36\/","og_locale":"it_IT","og_type":"article","og_title":"I brevi di Noidiqua - Noi di Qua Testata giornalistica e di attualit\u00e0 di Agliana, Montale e Quarrata.","og_description":"di Redazione marzo 2024 Carlo Rossetti: un pezzo da novanta! Questo modo di dire proviene dal gergo militare, il \u201cpezzo\u201d indica un cannone e \u201cnovanta\u201d il calibro della bocca di fuoco. Viene usato comunemente per rappresentare una persona molto importante e noi lo abbiamo preso per comunicare [&hellip;]","og_url":"https:\/\/www.noidiqua.it\/Agliana\/i-brevi-di-noidiqua-36\/","og_site_name":"Noi di Qua Testata giornalistica e di attualit\u00e0 di Agliana, Montale e Quarrata.","article_publisher":"https:\/\/www.facebook.com\/noidiqua.trimestrale\/","article_published_time":"2024-03-13T08:50:20+00:00","article_modified_time":"2024-04-22T07:50:35+00:00","og_image":[{"url":"https:\/\/www.noidiqua.it\/Agliana\/wp-content\/uploads\/2021\/04\/brevi.png","type":"","width":"","height":""}],"author":"Noidiqua","twitter_misc":{"Scritto da":"Noidiqua","Tempo di lettura stimato":"6 minuti"},"schema":{"@context":"https:\/\/schema.org","@graph":[{"@type":"WebPage","@id":"https:\/\/www.noidiqua.it\/Agliana\/i-brevi-di-noidiqua-36\/","url":"https:\/\/www.noidiqua.it\/Agliana\/i-brevi-di-noidiqua-36\/","name":"I brevi di Noidiqua - Noi di Qua Testata giornalistica e di attualit\u00e0 di Agliana, Montale e Quarrata.","isPartOf":{"@id":"https:\/\/www.noidiqua.it\/Agliana\/#website"},"primaryImageOfPage":{"@id":"https:\/\/www.noidiqua.it\/Agliana\/i-brevi-di-noidiqua-36\/#primaryimage"},"image":{"@id":"https:\/\/www.noidiqua.it\/Agliana\/i-brevi-di-noidiqua-36\/#primaryimage"},"thumbnailUrl":"https:\/\/www.noidiqua.it\/Agliana\/wp-content\/uploads\/2021\/04\/brevi.png","datePublished":"2024-03-13T08:50:20+00:00","dateModified":"2024-04-22T07:50:35+00:00","author":{"@id":"https:\/\/www.noidiqua.it\/Agliana\/#\/schema\/person\/514fd9b1d14a0c719d001900ccd198a0"},"breadcrumb":{"@id":"https:\/\/www.noidiqua.it\/Agliana\/i-brevi-di-noidiqua-36\/#breadcrumb"},"inLanguage":"it-IT","potentialAction":[{"@type":"ReadAction","target":["https:\/\/www.noidiqua.it\/Agliana\/i-brevi-di-noidiqua-36\/"]}]},{"@type":"ImageObject","inLanguage":"it-IT","@id":"https:\/\/www.noidiqua.it\/Agliana\/i-brevi-di-noidiqua-36\/#primaryimage","url":"https:\/\/www.noidiqua.it\/Agliana\/wp-content\/uploads\/2021\/04\/brevi.png","contentUrl":"https:\/\/www.noidiqua.it\/Agliana\/wp-content\/uploads\/2021\/04\/brevi.png","width":473,"height":291},{"@type":"BreadcrumbList","@id":"https:\/\/www.noidiqua.it\/Agliana\/i-brevi-di-noidiqua-36\/#breadcrumb","itemListElement":[{"@type":"ListItem","position":1,"name":"Home","item":"https:\/\/www.noidiqua.it\/Agliana\/"},{"@type":"ListItem","position":2,"name":"I brevi di Noidiqua"}]},{"@type":"WebSite","@id":"https:\/\/www.noidiqua.it\/Agliana\/#website","url":"https:\/\/www.noidiqua.it\/Agliana\/","name":"Noi di Qua Testata giornalistica e di attualit\u00e0 di Agliana, Montale e Quarrata.","description":"Testata Giornalistica Quarrata Montale Agliana","potentialAction":[{"@type":"SearchAction","target":{"@type":"EntryPoint","urlTemplate":"https:\/\/www.noidiqua.it\/Agliana\/?s={search_term_string}"},"query-input":{"@type":"PropertyValueSpecification","valueRequired":true,"valueName":"search_term_string"}}],"inLanguage":"it-IT"},{"@type":"Person","@id":"https:\/\/www.noidiqua.it\/Agliana\/#\/schema\/person\/514fd9b1d14a0c719d001900ccd198a0","name":"Noidiqua","image":{"@type":"ImageObject","inLanguage":"it-IT","@id":"https:\/\/www.noidiqua.it\/Agliana\/#\/schema\/person\/image\/","url":"https:\/\/secure.gravatar.com\/avatar\/57c38c8013923f27f46e913d45f086e963a1448a954bfc93d80df0ae6017f8ba?s=96&d=mm&r=g","contentUrl":"https:\/\/secure.gravatar.com\/avatar\/57c38c8013923f27f46e913d45f086e963a1448a954bfc93d80df0ae6017f8ba?s=96&d=mm&r=g","caption":"Noidiqua"},"url":"https:\/\/www.noidiqua.it\/Agliana\/author\/redazioneag\/"}]}},"_links":{"self":[{"href":"https:\/\/www.noidiqua.it\/Agliana\/wp-json\/wp\/v2\/posts\/9145","targetHints":{"allow":["GET"]}}],"collection":[{"href":"https:\/\/www.noidiqua.it\/Agliana\/wp-json\/wp\/v2\/posts"}],"about":[{"href":"https:\/\/www.noidiqua.it\/Agliana\/wp-json\/wp\/v2\/types\/post"}],"author":[{"embeddable":true,"href":"https:\/\/www.noidiqua.it\/Agliana\/wp-json\/wp\/v2\/users\/11"}],"replies":[{"embeddable":true,"href":"https:\/\/www.noidiqua.it\/Agliana\/wp-json\/wp\/v2\/comments?post=9145"}],"version-history":[{"count":1,"href":"https:\/\/www.noidiqua.it\/Agliana\/wp-json\/wp\/v2\/posts\/9145\/revisions"}],"predecessor-version":[{"id":9146,"href":"https:\/\/www.noidiqua.it\/Agliana\/wp-json\/wp\/v2\/posts\/9145\/revisions\/9146"}],"wp:attachment":[{"href":"https:\/\/www.noidiqua.it\/Agliana\/wp-json\/wp\/v2\/media?parent=9145"}],"wp:term":[{"taxonomy":"category","embeddable":true,"href":"https:\/\/www.noidiqua.it\/Agliana\/wp-json\/wp\/v2\/categories?post=9145"},{"taxonomy":"post_tag","embeddable":true,"href":"https:\/\/www.noidiqua.it\/Agliana\/wp-json\/wp\/v2\/tags?post=9145"}],"curies":[{"name":"wp","href":"https:\/\/api.w.org\/{rel}","templated":true}]}}