{"id":9167,"date":"2024-06-12T09:30:50","date_gmt":"2024-06-12T07:30:50","guid":{"rendered":"https:\/\/www.noidiqua.it\/Agliana\/?p=9167"},"modified":"2024-07-17T15:50:30","modified_gmt":"2024-07-17T13:50:30","slug":"tasse-redditi-e-doveri","status":"publish","type":"post","link":"https:\/\/www.noidiqua.it\/Agliana\/tasse-redditi-e-doveri\/","title":{"rendered":"Tasse&#8230; redditi e doveri"},"content":{"rendered":"<p><em>di Giacomo Bini<\/em><\/p>\n<p><em>giugno 2024<\/em><\/p>\n<p><a href=\"https:\/\/www.noidiqua.it\/Agliana\/wp-content\/uploads\/2024\/07\/appunti_.png\" rel=\"wp-prettyPhoto[9167]\"><img loading=\"lazy\" decoding=\"async\" class=\"aligncenter size-full wp-image-9168\" src=\"https:\/\/www.noidiqua.it\/Agliana\/wp-content\/uploads\/2024\/07\/appunti_.png\" alt=\"\" width=\"502\" height=\"334\" srcset=\"https:\/\/www.noidiqua.it\/Agliana\/wp-content\/uploads\/2024\/07\/appunti_.png 502w, https:\/\/www.noidiqua.it\/Agliana\/wp-content\/uploads\/2024\/07\/appunti_-300x200.png 300w\" sizes=\"auto, (max-width: 502px) 100vw, 502px\" \/><\/a><\/p>\n<p class=\"p1\"><span class=\"s1\">In tempo di scadenze fiscali e dichiarazioni dei redditi pensiamo di fare cosa utile riportando alcuni dati sulle dichiarazioni dei redditi dell\u2019anno scorso resi noti dal Ministero dell\u2019Economia e delle Finanze. Nel mare magnum dei dati, delle tabelle e delle statistiche vorremmo richiamare l\u2019attenzione su pochi numeri che crediamo sia bene tenere a mente quando parliamo di spesa pubblica per i servizi come sanit\u00e0, scuola, sicurezza, che sono pagati con i soldi ricavati dalle tasse. <\/span><\/p>\n<p class=\"p1\"><span class=\"s1\"><b>Il primo dato che proponiamo \u00e8 che il 40% circa dei contribuenti dichiara meno di 15mila euro lordi l\u2019anno<\/b>. Hanno presentato la dichiarazione dei redditi 42 milioni di contribuenti e ben 17 milioni sono sotto la soglia dei 15mila euro lordi l\u2019anno. Il reddito medio di questa ampia fetta di contribuenti \u00e8 pari a 7.100 euro lordi all\u2019anno. In sostanza quelli con reddito basso sono tanti. <\/span><\/p>\n<p class=\"p1\"><span class=\"s1\"><b>Il secondo dato riguarda invece i redditi dichiarati pi\u00f9 alti<\/b>: sopra i 75mila euro lordi all\u2019anno si collocano le dichiarazioni di un milione e 300mila contribuenti pari a circa il 3% del totale dei dichiaranti. Le dichiarazioni sopra i 120mila euro lordi sono appena 700mila pari all\u2019 1,6 per cento. <\/span><\/p>\n<p class=\"p3\"><span class=\"s2\"><b>Terzo dato: i redditi dichiarati sopra la soglia dei 35mila euro sono poco pi\u00f9 di sei milioni su 42 milioni quindi in percentuale si attestano sul 14% del totale<\/b>. <\/span><\/p>\n<p class=\"p1\"><span class=\"s1\">Per completezza riportiamo anche i dati dei redditi intermedi. Il 29 per cento, pari 12,3 milioni di contribuenti, dichiara tra 15mila e 26mila euro lordi l\u2019anno (reddito medio 19.800 euro). Il 15 per cento, cio\u00e8 6,4 milioni, dichiara dai 26mila ai 35mila euro. Il 9,76 per cento, cio\u00e8 4 milioni e 100mila dichiara fra 35mila e 55mila euro. In sostanza il 70% dei contribuenti dichiara meno di 26mila euro. L\u2019anno scorso i 42 milioni di contribuenti italiani hanno pagato 174 miliardi di euro di Irpef (Imposta sui redditi delle persone fisiche). Essendo l\u2019Irpef un\u2019imposta progressiva, cio\u00e8 con aliquote di prelievo fiscale crescenti al crescere del reddito, il risultato dei dati sopra esposti \u00e8 che i contribuenti che dichiarano fino a 15mila euro pagano il 3,2% del\u2019Irpef totale, i contribuenti tra i 15 e i 26mila euro versano il 15,7% del complesso del gettito Irpef e questo significa che il 70% dei contribuenti paga il 18,9% del totale e che il 40% delle imposte \u00e8 sostenuto dal 26% dei contribuenti, quelli che dichiarano tra i 26mila e i 55mila euro lordi l\u2019anno. <\/span><\/p>\n<p class=\"p1\"><span class=\"s1\"><b>A proposito delle tasse, l\u2019articolo 53 della Costituzione recita cos\u00ec: <i>\u201cTutti sono tenuti a concorrere alle spese pubbliche in ragione della loro capacit\u00e0 contributiva. Il sistema tributario \u00e8 informato a criteri di progressivit\u00e0\u201d<\/i><\/b>. Sappiamo tutti che avvicinare la realt\u00e0 dei fatti ai principi ideali, anche a quelli sanciti dalla Costituzione, \u00e8 tutt\u2019altro che facile. E&#8217; uno sforzo dei governi nazionali e locali ma \u00e8 anche uno sforzo di noi cittadini a partire dal dovere di pagare le tasse. <b>Infatti l\u2019articolo 2 della Costituzione, che siamo spesso pronti a citare solo per i nostri diritti, ci richiama anche ai nostri doveri fin dall\u2019articolo 2:<i> \u201cLa Repubblica riconosce e garantisce i diritti inviolabili dell&#8217;uomo, sia come singolo, sia nelle formazioni sociali ove si svolge la sua personalit\u00e0, e richiede l&#8217;adempimento dei doveri inderogabili di solidariet\u00e0 politica, economica e sociale\u201d<\/i><\/b>.<\/span><\/p>","protected":false},"excerpt":{"rendered":"<p>di Giacomo Bini giugno 2024 In tempo di scadenze fiscali e dichiarazioni dei redditi pensiamo di fare cosa utile riportando alcuni dati sulle dichiarazioni dei redditi dell\u2019anno scorso resi noti dal Ministero dell\u2019Economia e delle Finanze. Nel mare magnum dei dati, delle tabelle e delle statistiche vorremmo [&hellip;]<\/p>","protected":false},"author":12,"featured_media":0,"comment_status":"open","ping_status":"open","sticky":false,"template":"","format":"standard","meta":{"footnotes":""},"categories":[2,25],"tags":[4223,4217,4222,4221,1402,4216,4220,4218,4219],"class_list":["post-9167","post","type-post","status-publish","format-standard","hentry","category-ag","category-appuntired","tag-costituzione","tag-dichiarazioni-dei-redditi","tag-redditi-dichiarati","tag-reddito-medio","tag-repubblica","tag-scadenze-fiscali","tag-spesa-pubblica","tag-statistiche","tag-tabelle"],"yoast_head":"<!-- This site is optimized with the Yoast SEO plugin v25.5 - https:\/\/yoast.com\/wordpress\/plugins\/seo\/ -->\n<title>Tasse... redditi e doveri - Noi di Qua Testata giornalistica e di attualit\u00e0 di Agliana, Montale e Quarrata.<\/title>\n<meta name=\"robots\" content=\"index, follow, max-snippet:-1, max-image-preview:large, max-video-preview:-1\" \/>\n<link rel=\"canonical\" href=\"https:\/\/www.noidiqua.it\/Agliana\/tasse-redditi-e-doveri\/\" \/>\n<meta property=\"og:locale\" content=\"it_IT\" \/>\n<meta property=\"og:type\" content=\"article\" \/>\n<meta property=\"og:title\" content=\"Tasse... redditi e doveri - Noi di Qua Testata giornalistica e di attualit\u00e0 di Agliana, Montale e Quarrata.\" \/>\n<meta property=\"og:description\" content=\"di Giacomo Bini giugno 2024 In tempo di scadenze fiscali e dichiarazioni dei redditi pensiamo di fare cosa utile riportando alcuni dati sulle dichiarazioni dei redditi dell\u2019anno scorso resi noti dal Ministero dell\u2019Economia e delle Finanze. Nel mare magnum dei dati, delle tabelle e delle statistiche vorremmo [&hellip;]\" \/>\n<meta property=\"og:url\" content=\"https:\/\/www.noidiqua.it\/Agliana\/tasse-redditi-e-doveri\/\" \/>\n<meta property=\"og:site_name\" content=\"Noi di Qua Testata giornalistica e di attualit\u00e0 di Agliana, Montale e Quarrata.\" \/>\n<meta property=\"article:publisher\" content=\"https:\/\/www.facebook.com\/noidiqua.trimestrale\/\" \/>\n<meta property=\"article:published_time\" content=\"2024-06-12T07:30:50+00:00\" \/>\n<meta property=\"article:modified_time\" content=\"2024-07-17T13:50:30+00:00\" \/>\n<meta property=\"og:image\" content=\"https:\/\/www.noidiqua.it\/Agliana\/wp-content\/uploads\/2024\/07\/appunti_.png\" \/>\n<meta name=\"author\" content=\"Giacomo Bini\" \/>\n<meta name=\"twitter:label1\" content=\"Scritto da\" \/>\n\t<meta name=\"twitter:data1\" content=\"Giacomo Bini\" \/>\n\t<meta name=\"twitter:label2\" content=\"Tempo di lettura stimato\" \/>\n\t<meta name=\"twitter:data2\" content=\"3 minuti\" \/>\n<script type=\"application\/ld+json\" class=\"yoast-schema-graph\">{\"@context\":\"https:\/\/schema.org\",\"@graph\":[{\"@type\":\"WebPage\",\"@id\":\"https:\/\/www.noidiqua.it\/Agliana\/tasse-redditi-e-doveri\/\",\"url\":\"https:\/\/www.noidiqua.it\/Agliana\/tasse-redditi-e-doveri\/\",\"name\":\"Tasse... redditi e doveri - Noi di Qua Testata giornalistica e di attualit\u00e0 di Agliana, Montale e Quarrata.\",\"isPartOf\":{\"@id\":\"https:\/\/www.noidiqua.it\/Agliana\/#website\"},\"primaryImageOfPage\":{\"@id\":\"https:\/\/www.noidiqua.it\/Agliana\/tasse-redditi-e-doveri\/#primaryimage\"},\"image\":{\"@id\":\"https:\/\/www.noidiqua.it\/Agliana\/tasse-redditi-e-doveri\/#primaryimage\"},\"thumbnailUrl\":\"https:\/\/www.noidiqua.it\/Agliana\/wp-content\/uploads\/2024\/07\/appunti_.png\",\"datePublished\":\"2024-06-12T07:30:50+00:00\",\"dateModified\":\"2024-07-17T13:50:30+00:00\",\"author\":{\"@id\":\"https:\/\/www.noidiqua.it\/Agliana\/#\/schema\/person\/e2e6f44da50af0dae9c90ad168e471a4\"},\"breadcrumb\":{\"@id\":\"https:\/\/www.noidiqua.it\/Agliana\/tasse-redditi-e-doveri\/#breadcrumb\"},\"inLanguage\":\"it-IT\",\"potentialAction\":[{\"@type\":\"ReadAction\",\"target\":[\"https:\/\/www.noidiqua.it\/Agliana\/tasse-redditi-e-doveri\/\"]}]},{\"@type\":\"ImageObject\",\"inLanguage\":\"it-IT\",\"@id\":\"https:\/\/www.noidiqua.it\/Agliana\/tasse-redditi-e-doveri\/#primaryimage\",\"url\":\"https:\/\/www.noidiqua.it\/Agliana\/wp-content\/uploads\/2024\/07\/appunti_.png\",\"contentUrl\":\"https:\/\/www.noidiqua.it\/Agliana\/wp-content\/uploads\/2024\/07\/appunti_.png\",\"width\":502,\"height\":334},{\"@type\":\"BreadcrumbList\",\"@id\":\"https:\/\/www.noidiqua.it\/Agliana\/tasse-redditi-e-doveri\/#breadcrumb\",\"itemListElement\":[{\"@type\":\"ListItem\",\"position\":1,\"name\":\"Home\",\"item\":\"https:\/\/www.noidiqua.it\/Agliana\/\"},{\"@type\":\"ListItem\",\"position\":2,\"name\":\"Tasse&#8230; redditi e doveri\"}]},{\"@type\":\"WebSite\",\"@id\":\"https:\/\/www.noidiqua.it\/Agliana\/#website\",\"url\":\"https:\/\/www.noidiqua.it\/Agliana\/\",\"name\":\"Noi di Qua Testata giornalistica e di attualit\u00e0 di Agliana, Montale e Quarrata.\",\"description\":\"Testata Giornalistica Quarrata Montale Agliana\",\"potentialAction\":[{\"@type\":\"SearchAction\",\"target\":{\"@type\":\"EntryPoint\",\"urlTemplate\":\"https:\/\/www.noidiqua.it\/Agliana\/?s={search_term_string}\"},\"query-input\":{\"@type\":\"PropertyValueSpecification\",\"valueRequired\":true,\"valueName\":\"search_term_string\"}}],\"inLanguage\":\"it-IT\"},{\"@type\":\"Person\",\"@id\":\"https:\/\/www.noidiqua.it\/Agliana\/#\/schema\/person\/e2e6f44da50af0dae9c90ad168e471a4\",\"name\":\"Giacomo Bini\",\"image\":{\"@type\":\"ImageObject\",\"inLanguage\":\"it-IT\",\"@id\":\"https:\/\/www.noidiqua.it\/Agliana\/#\/schema\/person\/image\/\",\"url\":\"https:\/\/secure.gravatar.com\/avatar\/e5c18ae41df5ae37397358f2c6046696187d51a120c5d0b8f0c49f7b606f46f4?s=96&d=mm&r=g\",\"contentUrl\":\"https:\/\/secure.gravatar.com\/avatar\/e5c18ae41df5ae37397358f2c6046696187d51a120c5d0b8f0c49f7b606f46f4?s=96&d=mm&r=g\",\"caption\":\"Giacomo Bini\"},\"url\":\"https:\/\/www.noidiqua.it\/Agliana\/author\/giacomo-bini\/\"}]}<\/script>\n<!-- \/ Yoast SEO plugin. -->","yoast_head_json":{"title":"Tasse... redditi e doveri - Noi di Qua Testata giornalistica e di attualit\u00e0 di Agliana, Montale e Quarrata.","robots":{"index":"index","follow":"follow","max-snippet":"max-snippet:-1","max-image-preview":"max-image-preview:large","max-video-preview":"max-video-preview:-1"},"canonical":"https:\/\/www.noidiqua.it\/Agliana\/tasse-redditi-e-doveri\/","og_locale":"it_IT","og_type":"article","og_title":"Tasse... redditi e doveri - Noi di Qua Testata giornalistica e di attualit\u00e0 di Agliana, Montale e Quarrata.","og_description":"di Giacomo Bini giugno 2024 In tempo di scadenze fiscali e dichiarazioni dei redditi pensiamo di fare cosa utile riportando alcuni dati sulle dichiarazioni dei redditi dell\u2019anno scorso resi noti dal Ministero dell\u2019Economia e delle Finanze. Nel mare magnum dei dati, delle tabelle e delle statistiche vorremmo [&hellip;]","og_url":"https:\/\/www.noidiqua.it\/Agliana\/tasse-redditi-e-doveri\/","og_site_name":"Noi di Qua Testata giornalistica e di attualit\u00e0 di Agliana, Montale e Quarrata.","article_publisher":"https:\/\/www.facebook.com\/noidiqua.trimestrale\/","article_published_time":"2024-06-12T07:30:50+00:00","article_modified_time":"2024-07-17T13:50:30+00:00","og_image":[{"url":"https:\/\/www.noidiqua.it\/Agliana\/wp-content\/uploads\/2024\/07\/appunti_.png","type":"","width":"","height":""}],"author":"Giacomo Bini","twitter_misc":{"Scritto da":"Giacomo Bini","Tempo di lettura stimato":"3 minuti"},"schema":{"@context":"https:\/\/schema.org","@graph":[{"@type":"WebPage","@id":"https:\/\/www.noidiqua.it\/Agliana\/tasse-redditi-e-doveri\/","url":"https:\/\/www.noidiqua.it\/Agliana\/tasse-redditi-e-doveri\/","name":"Tasse... redditi e doveri - Noi di Qua Testata giornalistica e di attualit\u00e0 di Agliana, Montale e Quarrata.","isPartOf":{"@id":"https:\/\/www.noidiqua.it\/Agliana\/#website"},"primaryImageOfPage":{"@id":"https:\/\/www.noidiqua.it\/Agliana\/tasse-redditi-e-doveri\/#primaryimage"},"image":{"@id":"https:\/\/www.noidiqua.it\/Agliana\/tasse-redditi-e-doveri\/#primaryimage"},"thumbnailUrl":"https:\/\/www.noidiqua.it\/Agliana\/wp-content\/uploads\/2024\/07\/appunti_.png","datePublished":"2024-06-12T07:30:50+00:00","dateModified":"2024-07-17T13:50:30+00:00","author":{"@id":"https:\/\/www.noidiqua.it\/Agliana\/#\/schema\/person\/e2e6f44da50af0dae9c90ad168e471a4"},"breadcrumb":{"@id":"https:\/\/www.noidiqua.it\/Agliana\/tasse-redditi-e-doveri\/#breadcrumb"},"inLanguage":"it-IT","potentialAction":[{"@type":"ReadAction","target":["https:\/\/www.noidiqua.it\/Agliana\/tasse-redditi-e-doveri\/"]}]},{"@type":"ImageObject","inLanguage":"it-IT","@id":"https:\/\/www.noidiqua.it\/Agliana\/tasse-redditi-e-doveri\/#primaryimage","url":"https:\/\/www.noidiqua.it\/Agliana\/wp-content\/uploads\/2024\/07\/appunti_.png","contentUrl":"https:\/\/www.noidiqua.it\/Agliana\/wp-content\/uploads\/2024\/07\/appunti_.png","width":502,"height":334},{"@type":"BreadcrumbList","@id":"https:\/\/www.noidiqua.it\/Agliana\/tasse-redditi-e-doveri\/#breadcrumb","itemListElement":[{"@type":"ListItem","position":1,"name":"Home","item":"https:\/\/www.noidiqua.it\/Agliana\/"},{"@type":"ListItem","position":2,"name":"Tasse&#8230; redditi e doveri"}]},{"@type":"WebSite","@id":"https:\/\/www.noidiqua.it\/Agliana\/#website","url":"https:\/\/www.noidiqua.it\/Agliana\/","name":"Noi di Qua Testata giornalistica e di attualit\u00e0 di Agliana, Montale e Quarrata.","description":"Testata Giornalistica Quarrata Montale Agliana","potentialAction":[{"@type":"SearchAction","target":{"@type":"EntryPoint","urlTemplate":"https:\/\/www.noidiqua.it\/Agliana\/?s={search_term_string}"},"query-input":{"@type":"PropertyValueSpecification","valueRequired":true,"valueName":"search_term_string"}}],"inLanguage":"it-IT"},{"@type":"Person","@id":"https:\/\/www.noidiqua.it\/Agliana\/#\/schema\/person\/e2e6f44da50af0dae9c90ad168e471a4","name":"Giacomo Bini","image":{"@type":"ImageObject","inLanguage":"it-IT","@id":"https:\/\/www.noidiqua.it\/Agliana\/#\/schema\/person\/image\/","url":"https:\/\/secure.gravatar.com\/avatar\/e5c18ae41df5ae37397358f2c6046696187d51a120c5d0b8f0c49f7b606f46f4?s=96&d=mm&r=g","contentUrl":"https:\/\/secure.gravatar.com\/avatar\/e5c18ae41df5ae37397358f2c6046696187d51a120c5d0b8f0c49f7b606f46f4?s=96&d=mm&r=g","caption":"Giacomo Bini"},"url":"https:\/\/www.noidiqua.it\/Agliana\/author\/giacomo-bini\/"}]}},"_links":{"self":[{"href":"https:\/\/www.noidiqua.it\/Agliana\/wp-json\/wp\/v2\/posts\/9167","targetHints":{"allow":["GET"]}}],"collection":[{"href":"https:\/\/www.noidiqua.it\/Agliana\/wp-json\/wp\/v2\/posts"}],"about":[{"href":"https:\/\/www.noidiqua.it\/Agliana\/wp-json\/wp\/v2\/types\/post"}],"author":[{"embeddable":true,"href":"https:\/\/www.noidiqua.it\/Agliana\/wp-json\/wp\/v2\/users\/12"}],"replies":[{"embeddable":true,"href":"https:\/\/www.noidiqua.it\/Agliana\/wp-json\/wp\/v2\/comments?post=9167"}],"version-history":[{"count":1,"href":"https:\/\/www.noidiqua.it\/Agliana\/wp-json\/wp\/v2\/posts\/9167\/revisions"}],"predecessor-version":[{"id":9169,"href":"https:\/\/www.noidiqua.it\/Agliana\/wp-json\/wp\/v2\/posts\/9167\/revisions\/9169"}],"wp:attachment":[{"href":"https:\/\/www.noidiqua.it\/Agliana\/wp-json\/wp\/v2\/media?parent=9167"}],"wp:term":[{"taxonomy":"category","embeddable":true,"href":"https:\/\/www.noidiqua.it\/Agliana\/wp-json\/wp\/v2\/categories?post=9167"},{"taxonomy":"post_tag","embeddable":true,"href":"https:\/\/www.noidiqua.it\/Agliana\/wp-json\/wp\/v2\/tags?post=9167"}],"curies":[{"name":"wp","href":"https:\/\/api.w.org\/{rel}","templated":true}]}}