{"id":9215,"date":"2024-06-12T11:51:07","date_gmt":"2024-06-12T09:51:07","guid":{"rendered":"https:\/\/www.noidiqua.it\/Agliana\/?p=9215"},"modified":"2024-07-17T15:46:10","modified_gmt":"2024-07-17T13:46:10","slug":"il-sole-fa-bene-o-male","status":"publish","type":"post","link":"https:\/\/www.noidiqua.it\/Agliana\/il-sole-fa-bene-o-male\/","title":{"rendered":"il sole fa bene o male?"},"content":{"rendered":"<p><em>di Paola Maria Mandelli<\/em><\/p>\n<p><em>giugno 2024<\/em><\/p>\n<p><a href=\"https:\/\/www.noidiqua.it\/Agliana\/wp-content\/uploads\/2024\/07\/una-mela-al-giorno-estate.png\" rel=\"wp-prettyPhoto[9215]\"><img loading=\"lazy\" decoding=\"async\" class=\"aligncenter size-full wp-image-9217\" src=\"https:\/\/www.noidiqua.it\/Agliana\/wp-content\/uploads\/2024\/07\/una-mela-al-giorno-estate.png\" alt=\"\" width=\"499\" height=\"333\" srcset=\"https:\/\/www.noidiqua.it\/Agliana\/wp-content\/uploads\/2024\/07\/una-mela-al-giorno-estate.png 499w, https:\/\/www.noidiqua.it\/Agliana\/wp-content\/uploads\/2024\/07\/una-mela-al-giorno-estate-300x200.png 300w\" sizes=\"auto, (max-width: 499px) 100vw, 499px\" \/><\/a><\/p>\n<p class=\"p1\"><span class=\"s1\">Se da un lato il sole \u00e8 un alleato della salute, dall&#8217;altro si pu\u00f2 trasformare in un nemico, specialmente per la pelle.<\/span><\/p>\n<p class=\"p3\"><span class=\"s1\"><b>Quali sono i benefici di una abbronzatura con esposizione diretta al sole?<\/b><\/span><\/p>\n<p class=\"p1\"><span class=\"s1\">Le radiazioni ultraviolette favoriscono la sintesi di vitamina D, necessaria per una corretta mineralizzazione delle ossa, ed ha effetti favorevoli sul sistema immunitario. La luce del sole influisce positivamente sull&#8217;organismo anche alleviando i dolori articolari e stimolando il rilascio di neurotrasmettitori cerebrali, come serotonina e dopamina, che agiscono come &#8220;antidepressivi&#8221; naturali, favorendo il buon umore e regolando i ritmi del sonno. Il sole stimola la produzione di alcune sostanze antiossidanti e protettive a livello cutaneo con una certa attivit\u00e0 filtrante nei confronti delle stesse radiazioni UV. Inoltre, una moderata esposizione, agisce migliorando alcune malattie dermatologiche, come l&#8217;acne, l&#8217;eczema, la dermatite seborroica e la psoriasi.<\/span><\/p>\n<p class=\"p3\"><span class=\"s1\"><b>Gli effetti negativi?<\/b><\/span><\/p>\n<p class=\"p1\"><span class=\"s1\">Non manca il rovescio della medaglia, ossia i danni che possono derivare da un&#8217;esposizione solare eccessiva. Primo fra tutti l\u2019effetto carcinogenico legato alle frequenti scottature, in particolare durante l&#8217;infanzia e l&#8217;adolescenza, che possono portare ad un marcato aumento del rischio di cancro alla pelle nell&#8217;arco della vita. Non proteggere adeguatamente la pelle significa quindi incorrere in una serie di reazioni fotobiologiche responsabili di effetti dannosi acuti (come eritemi e scottature) o cronici (il gi\u00e0 citato rischio di sviluppare tumori della pelle). I raggi ultravioletti hanno la capacit\u00e0 di generare radicali liberi, responsabili dello stress ossidativo che favorisce l&#8217;invecchiamento precoce della pelle e la disidratazione delle cellule cutanee, da cui conseguono alterazioni del film idrolipidico che normalmente protegge la pelle, oltre ad alterazioni della melanogenesi con formazione di macchie scure. Ci\u00f2 significa che dovremmo preoccuparci dell&#8217;esposizione al sole tutto l&#8217;anno, e non soltanto quando arriva l&#8217;estate. <\/span><\/p>\n<p class=\"p3\"><span class=\"s1\"><b>Come proteggersi?<\/b><\/span><\/p>\n<p class=\"p1\"><span class=\"s1\">Al di l\u00e0 del fototipo bisogna ricordare l\u2019importanza dell&#8217;ora del giorno in cui ci si espone: tra le 10 e le 16, il sole \u00e8 pi\u00f9 pericoloso, soprattutto laddove siano presenti superfici riflettenti la luce, come neve, specchi d&#8217;acqua e sabbia. Utilizzare la giusta protezione solare, anche se gi\u00e0 abbronzati, e spalmarla un quarto d&#8217;ora prima dell&#8217;esposizione al sole, meglio se con un fattore di protezione superiore a 15, e ripetere l&#8217;applicazione ogni due ore e ogni volta che si fa il bagno o si pratica sport. Inoltre va evitato l&#8217;utilizzo della crema dell&#8217;anno precedente. Indossare un cappello e soprattutto occhiali da sole che proteggano adeguatamente sia da raggi UVA che dagli UVB. Stare all&#8217;ombra nelle ore del mezzogiorno.<\/span><\/p>\n<p class=\"p1\"><span class=\"s1\">Fare attenzione se si stanno assumendo farmaci particolari, detti &#8220;fotosensibilizzanti&#8221;, perch\u00e9 possono aumentare la sensibilit\u00e0 alle radiazioni solari. Evitare lampade e lettini abbronzanti perch\u00e9 possono aumentare il rischio di contrarre tumori della pelle, pu\u00f2 invecchiarla prematuramente e contribuire allo sviluppo delle macchie solari. In sostanza, le lampade tendono a riprodurre le radiazioni solari, con tutti i rischi ad esse correlate.<\/span><\/p>","protected":false},"excerpt":{"rendered":"<p>di Paola Maria Mandelli giugno 2024 Se da un lato il sole \u00e8 un alleato della salute, dall&#8217;altro si pu\u00f2 trasformare in un nemico, specialmente per la pelle. Quali sono i benefici di una abbronzatura con esposizione diretta al sole? Le radiazioni ultraviolette favoriscono la sintesi di [&hellip;]<\/p>","protected":false},"author":101014,"featured_media":0,"comment_status":"open","ping_status":"open","sticky":false,"template":"","format":"standard","meta":{"footnotes":""},"categories":[2,31],"tags":[4312,4303,4308,4309,4304,4314,4306,4315,4313,4307,4310,4305,4311],"class_list":["post-9215","post","type-post","status-publish","format-standard","hentry","category-ag","category-una-mela-al-giorno-qt","tag-a-melanogenesi","tag-abbronzatura","tag-effetto-carcinogenico","tag-eritemi","tag-esposizione-diretta","tag-fotosensibilizzanti","tag-neurotrasmettitori-cerebrali","tag-pelle","tag-protezione-solare","tag-psoriasi","tag-scottature","tag-sole","tag-tumori-della-pelle"],"yoast_head":"<!-- This site is optimized with the Yoast SEO plugin v25.5 - https:\/\/yoast.com\/wordpress\/plugins\/seo\/ -->\n<title>il sole fa bene o male? - Noi di Qua Testata giornalistica e di attualit\u00e0 di Agliana, Montale e Quarrata.<\/title>\n<meta name=\"robots\" content=\"index, follow, max-snippet:-1, max-image-preview:large, max-video-preview:-1\" \/>\n<link rel=\"canonical\" href=\"https:\/\/www.noidiqua.it\/Agliana\/il-sole-fa-bene-o-male\/\" \/>\n<meta property=\"og:locale\" content=\"it_IT\" \/>\n<meta property=\"og:type\" content=\"article\" \/>\n<meta property=\"og:title\" content=\"il sole fa bene o male? - Noi di Qua Testata giornalistica e di attualit\u00e0 di Agliana, Montale e Quarrata.\" \/>\n<meta property=\"og:description\" content=\"di Paola Maria Mandelli giugno 2024 Se da un lato il sole \u00e8 un alleato della salute, dall&#8217;altro si pu\u00f2 trasformare in un nemico, specialmente per la pelle. Quali sono i benefici di una abbronzatura con esposizione diretta al sole? Le radiazioni ultraviolette favoriscono la sintesi di [&hellip;]\" \/>\n<meta property=\"og:url\" content=\"https:\/\/www.noidiqua.it\/Agliana\/il-sole-fa-bene-o-male\/\" \/>\n<meta property=\"og:site_name\" content=\"Noi di Qua Testata giornalistica e di attualit\u00e0 di Agliana, Montale e Quarrata.\" \/>\n<meta property=\"article:publisher\" content=\"https:\/\/www.facebook.com\/noidiqua.trimestrale\/\" \/>\n<meta property=\"article:published_time\" content=\"2024-06-12T09:51:07+00:00\" \/>\n<meta property=\"article:modified_time\" content=\"2024-07-17T13:46:10+00:00\" \/>\n<meta property=\"og:image\" content=\"https:\/\/www.noidiqua.it\/Agliana\/wp-content\/uploads\/2024\/07\/una-mela-al-giorno-estate.png\" \/>\n<meta name=\"author\" content=\"Paola Maria Mandelli\" \/>\n<meta name=\"twitter:label1\" content=\"Scritto da\" \/>\n\t<meta name=\"twitter:data1\" content=\"Paola Maria Mandelli\" \/>\n\t<meta name=\"twitter:label2\" content=\"Tempo di lettura stimato\" \/>\n\t<meta name=\"twitter:data2\" content=\"3 minuti\" \/>\n<script type=\"application\/ld+json\" class=\"yoast-schema-graph\">{\"@context\":\"https:\/\/schema.org\",\"@graph\":[{\"@type\":\"WebPage\",\"@id\":\"https:\/\/www.noidiqua.it\/Agliana\/il-sole-fa-bene-o-male\/\",\"url\":\"https:\/\/www.noidiqua.it\/Agliana\/il-sole-fa-bene-o-male\/\",\"name\":\"il sole fa bene o male? - Noi di Qua Testata giornalistica e di attualit\u00e0 di Agliana, Montale e Quarrata.\",\"isPartOf\":{\"@id\":\"https:\/\/www.noidiqua.it\/Agliana\/#website\"},\"primaryImageOfPage\":{\"@id\":\"https:\/\/www.noidiqua.it\/Agliana\/il-sole-fa-bene-o-male\/#primaryimage\"},\"image\":{\"@id\":\"https:\/\/www.noidiqua.it\/Agliana\/il-sole-fa-bene-o-male\/#primaryimage\"},\"thumbnailUrl\":\"https:\/\/www.noidiqua.it\/Agliana\/wp-content\/uploads\/2024\/07\/una-mela-al-giorno-estate.png\",\"datePublished\":\"2024-06-12T09:51:07+00:00\",\"dateModified\":\"2024-07-17T13:46:10+00:00\",\"author\":{\"@id\":\"https:\/\/www.noidiqua.it\/Agliana\/#\/schema\/person\/648f75ce7c013c638265e4752ded135c\"},\"breadcrumb\":{\"@id\":\"https:\/\/www.noidiqua.it\/Agliana\/il-sole-fa-bene-o-male\/#breadcrumb\"},\"inLanguage\":\"it-IT\",\"potentialAction\":[{\"@type\":\"ReadAction\",\"target\":[\"https:\/\/www.noidiqua.it\/Agliana\/il-sole-fa-bene-o-male\/\"]}]},{\"@type\":\"ImageObject\",\"inLanguage\":\"it-IT\",\"@id\":\"https:\/\/www.noidiqua.it\/Agliana\/il-sole-fa-bene-o-male\/#primaryimage\",\"url\":\"https:\/\/www.noidiqua.it\/Agliana\/wp-content\/uploads\/2024\/07\/una-mela-al-giorno-estate.png\",\"contentUrl\":\"https:\/\/www.noidiqua.it\/Agliana\/wp-content\/uploads\/2024\/07\/una-mela-al-giorno-estate.png\",\"width\":499,\"height\":333},{\"@type\":\"BreadcrumbList\",\"@id\":\"https:\/\/www.noidiqua.it\/Agliana\/il-sole-fa-bene-o-male\/#breadcrumb\",\"itemListElement\":[{\"@type\":\"ListItem\",\"position\":1,\"name\":\"Home\",\"item\":\"https:\/\/www.noidiqua.it\/Agliana\/\"},{\"@type\":\"ListItem\",\"position\":2,\"name\":\"il sole fa bene o male?\"}]},{\"@type\":\"WebSite\",\"@id\":\"https:\/\/www.noidiqua.it\/Agliana\/#website\",\"url\":\"https:\/\/www.noidiqua.it\/Agliana\/\",\"name\":\"Noi di Qua Testata giornalistica e di attualit\u00e0 di Agliana, Montale e Quarrata.\",\"description\":\"Testata Giornalistica Quarrata Montale Agliana\",\"potentialAction\":[{\"@type\":\"SearchAction\",\"target\":{\"@type\":\"EntryPoint\",\"urlTemplate\":\"https:\/\/www.noidiqua.it\/Agliana\/?s={search_term_string}\"},\"query-input\":{\"@type\":\"PropertyValueSpecification\",\"valueRequired\":true,\"valueName\":\"search_term_string\"}}],\"inLanguage\":\"it-IT\"},{\"@type\":\"Person\",\"@id\":\"https:\/\/www.noidiqua.it\/Agliana\/#\/schema\/person\/648f75ce7c013c638265e4752ded135c\",\"name\":\"Paola Maria Mandelli\",\"image\":{\"@type\":\"ImageObject\",\"inLanguage\":\"it-IT\",\"@id\":\"https:\/\/www.noidiqua.it\/Agliana\/#\/schema\/person\/image\/\",\"url\":\"https:\/\/secure.gravatar.com\/avatar\/36a1604078ac68a02457b1c1830174c74a01009237fc4b38945230bcad46ebfa?s=96&d=mm&r=g\",\"contentUrl\":\"https:\/\/secure.gravatar.com\/avatar\/36a1604078ac68a02457b1c1830174c74a01009237fc4b38945230bcad46ebfa?s=96&d=mm&r=g\",\"caption\":\"Paola Maria Mandelli\"},\"url\":\"https:\/\/www.noidiqua.it\/Agliana\/author\/paola-maria-mandelli\/\"}]}<\/script>\n<!-- \/ Yoast SEO plugin. -->","yoast_head_json":{"title":"il sole fa bene o male? - Noi di Qua Testata giornalistica e di attualit\u00e0 di Agliana, Montale e Quarrata.","robots":{"index":"index","follow":"follow","max-snippet":"max-snippet:-1","max-image-preview":"max-image-preview:large","max-video-preview":"max-video-preview:-1"},"canonical":"https:\/\/www.noidiqua.it\/Agliana\/il-sole-fa-bene-o-male\/","og_locale":"it_IT","og_type":"article","og_title":"il sole fa bene o male? - Noi di Qua Testata giornalistica e di attualit\u00e0 di Agliana, Montale e Quarrata.","og_description":"di Paola Maria Mandelli giugno 2024 Se da un lato il sole \u00e8 un alleato della salute, dall&#8217;altro si pu\u00f2 trasformare in un nemico, specialmente per la pelle. Quali sono i benefici di una abbronzatura con esposizione diretta al sole? Le radiazioni ultraviolette favoriscono la sintesi di [&hellip;]","og_url":"https:\/\/www.noidiqua.it\/Agliana\/il-sole-fa-bene-o-male\/","og_site_name":"Noi di Qua Testata giornalistica e di attualit\u00e0 di Agliana, Montale e Quarrata.","article_publisher":"https:\/\/www.facebook.com\/noidiqua.trimestrale\/","article_published_time":"2024-06-12T09:51:07+00:00","article_modified_time":"2024-07-17T13:46:10+00:00","og_image":[{"url":"https:\/\/www.noidiqua.it\/Agliana\/wp-content\/uploads\/2024\/07\/una-mela-al-giorno-estate.png","type":"","width":"","height":""}],"author":"Paola Maria Mandelli","twitter_misc":{"Scritto da":"Paola Maria Mandelli","Tempo di lettura stimato":"3 minuti"},"schema":{"@context":"https:\/\/schema.org","@graph":[{"@type":"WebPage","@id":"https:\/\/www.noidiqua.it\/Agliana\/il-sole-fa-bene-o-male\/","url":"https:\/\/www.noidiqua.it\/Agliana\/il-sole-fa-bene-o-male\/","name":"il sole fa bene o male? - Noi di Qua Testata giornalistica e di attualit\u00e0 di Agliana, Montale e Quarrata.","isPartOf":{"@id":"https:\/\/www.noidiqua.it\/Agliana\/#website"},"primaryImageOfPage":{"@id":"https:\/\/www.noidiqua.it\/Agliana\/il-sole-fa-bene-o-male\/#primaryimage"},"image":{"@id":"https:\/\/www.noidiqua.it\/Agliana\/il-sole-fa-bene-o-male\/#primaryimage"},"thumbnailUrl":"https:\/\/www.noidiqua.it\/Agliana\/wp-content\/uploads\/2024\/07\/una-mela-al-giorno-estate.png","datePublished":"2024-06-12T09:51:07+00:00","dateModified":"2024-07-17T13:46:10+00:00","author":{"@id":"https:\/\/www.noidiqua.it\/Agliana\/#\/schema\/person\/648f75ce7c013c638265e4752ded135c"},"breadcrumb":{"@id":"https:\/\/www.noidiqua.it\/Agliana\/il-sole-fa-bene-o-male\/#breadcrumb"},"inLanguage":"it-IT","potentialAction":[{"@type":"ReadAction","target":["https:\/\/www.noidiqua.it\/Agliana\/il-sole-fa-bene-o-male\/"]}]},{"@type":"ImageObject","inLanguage":"it-IT","@id":"https:\/\/www.noidiqua.it\/Agliana\/il-sole-fa-bene-o-male\/#primaryimage","url":"https:\/\/www.noidiqua.it\/Agliana\/wp-content\/uploads\/2024\/07\/una-mela-al-giorno-estate.png","contentUrl":"https:\/\/www.noidiqua.it\/Agliana\/wp-content\/uploads\/2024\/07\/una-mela-al-giorno-estate.png","width":499,"height":333},{"@type":"BreadcrumbList","@id":"https:\/\/www.noidiqua.it\/Agliana\/il-sole-fa-bene-o-male\/#breadcrumb","itemListElement":[{"@type":"ListItem","position":1,"name":"Home","item":"https:\/\/www.noidiqua.it\/Agliana\/"},{"@type":"ListItem","position":2,"name":"il sole fa bene o male?"}]},{"@type":"WebSite","@id":"https:\/\/www.noidiqua.it\/Agliana\/#website","url":"https:\/\/www.noidiqua.it\/Agliana\/","name":"Noi di Qua Testata giornalistica e di attualit\u00e0 di Agliana, Montale e Quarrata.","description":"Testata Giornalistica Quarrata Montale Agliana","potentialAction":[{"@type":"SearchAction","target":{"@type":"EntryPoint","urlTemplate":"https:\/\/www.noidiqua.it\/Agliana\/?s={search_term_string}"},"query-input":{"@type":"PropertyValueSpecification","valueRequired":true,"valueName":"search_term_string"}}],"inLanguage":"it-IT"},{"@type":"Person","@id":"https:\/\/www.noidiqua.it\/Agliana\/#\/schema\/person\/648f75ce7c013c638265e4752ded135c","name":"Paola Maria Mandelli","image":{"@type":"ImageObject","inLanguage":"it-IT","@id":"https:\/\/www.noidiqua.it\/Agliana\/#\/schema\/person\/image\/","url":"https:\/\/secure.gravatar.com\/avatar\/36a1604078ac68a02457b1c1830174c74a01009237fc4b38945230bcad46ebfa?s=96&d=mm&r=g","contentUrl":"https:\/\/secure.gravatar.com\/avatar\/36a1604078ac68a02457b1c1830174c74a01009237fc4b38945230bcad46ebfa?s=96&d=mm&r=g","caption":"Paola Maria Mandelli"},"url":"https:\/\/www.noidiqua.it\/Agliana\/author\/paola-maria-mandelli\/"}]}},"_links":{"self":[{"href":"https:\/\/www.noidiqua.it\/Agliana\/wp-json\/wp\/v2\/posts\/9215","targetHints":{"allow":["GET"]}}],"collection":[{"href":"https:\/\/www.noidiqua.it\/Agliana\/wp-json\/wp\/v2\/posts"}],"about":[{"href":"https:\/\/www.noidiqua.it\/Agliana\/wp-json\/wp\/v2\/types\/post"}],"author":[{"embeddable":true,"href":"https:\/\/www.noidiqua.it\/Agliana\/wp-json\/wp\/v2\/users\/101014"}],"replies":[{"embeddable":true,"href":"https:\/\/www.noidiqua.it\/Agliana\/wp-json\/wp\/v2\/comments?post=9215"}],"version-history":[{"count":2,"href":"https:\/\/www.noidiqua.it\/Agliana\/wp-json\/wp\/v2\/posts\/9215\/revisions"}],"predecessor-version":[{"id":9247,"href":"https:\/\/www.noidiqua.it\/Agliana\/wp-json\/wp\/v2\/posts\/9215\/revisions\/9247"}],"wp:attachment":[{"href":"https:\/\/www.noidiqua.it\/Agliana\/wp-json\/wp\/v2\/media?parent=9215"}],"wp:term":[{"taxonomy":"category","embeddable":true,"href":"https:\/\/www.noidiqua.it\/Agliana\/wp-json\/wp\/v2\/categories?post=9215"},{"taxonomy":"post_tag","embeddable":true,"href":"https:\/\/www.noidiqua.it\/Agliana\/wp-json\/wp\/v2\/tags?post=9215"}],"curies":[{"name":"wp","href":"https:\/\/api.w.org\/{rel}","templated":true}]}}