{"id":9219,"date":"2024-06-12T12:13:41","date_gmt":"2024-06-12T10:13:41","guid":{"rendered":"https:\/\/www.noidiqua.it\/Agliana\/?p=9219"},"modified":"2024-07-17T15:44:31","modified_gmt":"2024-07-17T13:44:31","slug":"i-brevi-di-noidiqua-37","status":"publish","type":"post","link":"https:\/\/www.noidiqua.it\/Agliana\/i-brevi-di-noidiqua-37\/","title":{"rendered":"I brevi di Noidiqua"},"content":{"rendered":"<p><em>di Redazione<\/em><\/p>\n<p><em>giugno 2024<\/em><\/p>\n<p><a href=\"https:\/\/www.noidiqua.it\/Agliana\/wp-content\/uploads\/2021\/04\/brevi.png\" rel=\"wp-prettyPhoto[9219]\"><img loading=\"lazy\" decoding=\"async\" class=\"aligncenter size-full wp-image-5751\" src=\"https:\/\/www.noidiqua.it\/Agliana\/wp-content\/uploads\/2021\/04\/brevi.png\" alt=\"\" width=\"473\" height=\"291\" srcset=\"https:\/\/www.noidiqua.it\/Agliana\/wp-content\/uploads\/2021\/04\/brevi.png 473w, https:\/\/www.noidiqua.it\/Agliana\/wp-content\/uploads\/2021\/04\/brevi-300x185.png 300w\" sizes=\"auto, (max-width: 473px) 100vw, 473px\" \/><\/a><\/p>\n<p class=\"p1\"><b>Il 19 maggio scorso si sono svolte le elezioni per il rinnovo delle cariche associative nei vari Comitati territoriali della Croce Rossa Italiana.<\/b><\/p>\n<p class=\"p1\">Nel Comitato della Piana Pistoiese sono risultati eletti come Presidente Gino Giuntini e come consiglieri Paola Giacomelli, nominata poi Vicepresidente, Federica Bargiacchi, Maurizio Bellini e Matteo Latini, Vicepresidente e Consigliere rappresentante del Gruppo Giovani. Gino Giuntini, 70 anni, \u00e8 residente a Lucciano: ricopre importanti incarichi nel mondo dello sport (Dany Basket), e della cooperazione (da sempre \u00e8 alla guida del Consorzio Leonardo Servizi).<i> <\/i>Per i prossimi quattro anni di mandato presso il Comitato di Piana Pistoiese ha individuato, insieme alla sua squadra, diversi progetti e servizi. <i>\u00abLavoreremo anche per la riduzione dei costi energetici della sede del Comitato in via Bocca di Gora e Tinaia\u00bb<\/i> ha detto il neo Presidente Giuntini<i> \u00abgrazie ad una ristrutturazione dell&#8217;edificio, all&#8217;ottimizzazione degli spazi disponibili e al ripristino del parcheggio esterno. Abbiamo poi intenzione di potenziare i servizi per la comunit\u00e0, con l\u2019attivazione di convenzioni con medici dello sport e l&#8217;apertura di un ambulatorio per visite medico sportive, anche agonistiche, ambulatori di medici specialistici privati e in convenzione ed un punto prelievi. <\/i><b><i>Cos\u00ec come \u00e8 nostra intenzione aprire sedi del Comitato nei Comuni di Montale e Agliana, aumentando la disponibilit\u00e0 di servizio anche su questi territori<\/i><\/b><i>. Un obiettivo importante su cui ci concentreremo sar\u00e0 la trasparenza, che si esplicher\u00e0 in consigli direttivi frequenti con la partecipazione dei delegati tecnici dei vari ambiti (salute, sociale, emergenza, principi, volontariato, giovani) per accogliere e considerare le proposte e i suggerimenti dei volontari. Saranno programmate assemblee aperte a tutti i volontari, durante le quali sar\u00e0 condiviso il lavoro svolto, dando anche la possibilit\u00e0 a tutti i nostri soci di valutare il grado di soddisfazione nel raggiungimento degli obiettivi\u00bb<\/i>.<\/p>\n<p>&nbsp;<\/p>\n<p class=\"p1\"><span class=\"s1\"><b>\u201cCorner book\u201d al parco Pertini, dove ognuno pu\u00f2 prendere o lasciare un libro. Una nuova opportunit\u00e0, per stimolare la lettura. <\/b><\/span><\/p>\n<p class=\"p1\"><span class=\"s1\">Nel mese di maggio \u00e8 stata inaugurata la prima \u201ccasetta\u201d contenente libri, nella parte nord del parco Pertini, tra l\u2019area giochi e la sede del Servizio volontario di protezione civile. L\u2019iniziativa nasce da una mozione approvata in consiglio comunale su proposta della consigliera Elena Innocenti. Libri in movimento, libri che viaggiano e possono trasformare la citt\u00e0, perch\u00e9 leggere aiuta a capire il mondo, a stimolare la fantasia, a emozionare e dovrebbe essere un\u2019attivit\u00e0 a cui tutti possono avere accesso. E&#8217; questo lo scopo del piccolo scaffale. Questa prima \u201ccasetta\u201d , fa parte di un progetto che prevede molteplici \u201cBiblioteche nomadi\u2019\u2019 in tutto il territorio di Agliana, con la finalit\u00e0 di rigenerare anche qualche spazio rimasto un po\u2019 pi\u00f9 abbandonato.<\/span><\/p>\n<p>&nbsp;<\/p>\n<p class=\"p1\"><span class=\"s1\"><b>Nell\u2019ambito della \u201cFesta del donatore\u201d, domenica 16 giugno, il gruppo donatori di sangue Fratres di Agliana ha inaugurato la \u201cPanchina del donatore\u201d collocata, in collaborazione con il comune di Agliana, sulla pista ciclopedonale in via Mallemort de Provence. <\/b><\/span><\/p>\n<p class=\"p1\"><span class=\"s1\">\u201c<i>Una goccia del mio sangue per un palpito del tuo cuore<\/i>\u201d \u00e8 la frase riportata sulla panchina per ricordare, ai passanti e a chi vorr\u00e0 sedersi per un momento di relax, l\u2019importanza fondamentale della donazione di sangue per salvare vite umane. La festa \u00e8 iniziata alle 17.30 con la santa messa celebrata nella chiesa di San Piero ed \u00e8 proseguita con l\u2019inaugurazione della panchina. Poi i donatori si sono riuniti al Lago 1\u00b0 Maggio, per un momento conviviale, con cena e premiazione dei donatori pi\u00f9 attivi. <\/span><\/p>\n<p>&nbsp;<\/p>\n<p class=\"p1\"><b>La biblioteca comunale \u201cAngela Marcesini\u201d ha deciso di proseguire all\u2019esterno i laboratori per bambini e ragazzi che si sono tenuti in inverno all\u2019interno della struttura. <\/b><\/p>\n<p class=\"p1\">Cos\u00ec per i piccoli utenti ci sar\u00e0 un modo nuovo di esplorare luoghi che possono far decollare la fantasia. Si tratta del progetto \u201cIstruzioni di volo\u201d, letture e laboratori per far volare la fantasia, che dopo il successo ottenuto in biblioteca si sposta nel Giardino della multicultura (adiacente alla scuola primaria Rodari, accesso da via Puccini) e al parco di Carabattole, nell\u2019ambito del \u201cCarabattole love park\u201d. L\u2019attivit\u00e0 \u00e8 dal 12 giugno al 30 luglio. A Carabattole, gli incontri si terranno ogni mercoled\u00ec alle 20.30 dal 12 giugno fino al 17 luglio. Al Giardino della multicultura, gli incontri saranno ogni marted\u00ec pomeriggio alle ore 17, dal 18 giugno fino al 30 luglio. Per partecipare \u00e8 necessaria la prenotazione: 0574. 678444, mail: biblioteca@comune.agliana.pt.it.<\/p>\n<p>&nbsp;<\/p>\n<p class=\"p1\"><b>In via Berlinguer \u00e8 aperto il nuovo Centro medico multispecialistico San Jacopo. <\/b><\/p>\n<p class=\"p1\">Una struttura privata dove sono presenti trenta branche specialistiche della medicina. La direttrice \u00e8 Cristiana Baldi, l\u2019amministratore Paolo Guarnieri, mentre il direttore sanitario \u00e8 la dottoressa Letizia Guarducci. <i>\u00abAbbiamo precedenti esperienze in strutture omologhe nella sanit\u00e0 privata\u00bb<\/i> ha spiegato la direttrice Cristiana Baldi. <i>\u00abIl centro dispone di specialistica, diagnostica, punto prelievi e odontoiatria ed \u00e8 in grado di rispondere alle necessit\u00e0 dei pazienti in tempi brevi, a prezzi modici e con specialisti di alto livello. Abbiamo scelto Agliana perch\u00e9 \u00e8 una localit\u00e0 baricentrica e pu\u00f2 servire tutta la Piana\u00bb.<\/i> L\u2019amministratore Paolo Guarnieri ha aggiunto: <i>\u00abAbbiamo apparecchiature elettromedicali di nuova generazione\u00bb.<\/i> Tante le persone presenti all\u2019inaugurazione, non solo aglianesi. Lo stabile si trova nelle adiacenze del centro commerciale di via Belinguer e della farmacia di Spedalino, \u00e8 facilmente accessibile ed \u00e8 dotato di ampio parcheggio. I locali sono accoglienti e confortevoli, con pi\u00f9 di venti ambulatori. Oltre alla presenza di numerosi specialisti, dispone di un importante servizio di radiodiagnostica: ecografia, Moc, Opt, risonanza magnetica, radiografia. Il centro medico San Jacopo \u00e8 aperto anche il sabato mattina.<\/p>\n<p>&nbsp;<\/p>\n<p class=\"p1\"><span class=\"s1\"><b>E&#8217; uscito il libro sul progetto Arboreo, il cui scopo \u00e8 stato quello di piantare moltissimi alberi nei comuni di Quarrata, Montale e Agliana, oltre che stimolare capillarmente, a partire dalle scuole, una sensibilit\u00e0 maggiore su l\u2019importanza delle piante per salvaguardare la salute del pianeta. <\/b><\/span><\/p>\n<p class=\"p1\"><span class=\"s1\">Il libro, molto curato dal punto di vista grafico da Caterina Bracali e Gerardo Paoletti, contiene la documentazione dei tanti laboratori che si sono svolti nelle scuole della piana e anche tante informazioni tecniche: dai vari tipi di semi a come si piantano, fino alla cura delle piante. Uno degli aspetti pi\u00f9 interessanti del progetto \u00e8 stato la capacit\u00e0 di dare un\u2019identit\u00e0 e un nome agli alberi, perch\u00e9 i ragazzi delle scuole abbiano la consapevolezza che ogni individuo vivente ha un suo ciclo di vita che va rispettato. <\/span><span class=\"s1\">Il volume \u00e8 stato presentato a Montale dall\u2019artista Gerardo Paoletti e dal naturalista Massimiliano Petrolo, insieme alle insegnanti Caterina Bracali e Donatella Giammichele che si sono impegnate moltissimo nel condurre i laboratori nelle scuole. Durante l&#8217;evento Petrolo ha messo in evidenza come, fin dall\u2019et\u00e0 giovanile, occorra diffondere una conoscenza degli alberi e della vita che pulsa nella natura. <i>\u00abAbbiamo iniziato dai semi\u00bb<\/i> dice Petrolo<i> \u00abe abbiamo scelto alberi che appartengono alla nostra zona. Piantare un albero \u00e8 un atto che scatena una serie di reazioni, di cura, di conoscenza che sono straordinariamente importanti dal punto di vista culturale\u00bb<\/i>. Il progetto ha coinvolto tantissimi volontari sia nel momento in cui gli alberi sono stati piantati sia soprattutto nella fase successiva, quando c\u2019\u00e8 stato da curare e innaffiare le piante. <\/span><span class=\"s1\">La sperimentazione di Arboreo \u00e8 in parte consultabile nel sito www.arboreo.info, mentre il libro pu\u00f2 essere acquistato alla libreria Bacaro di Pistoia, in via Curtatone e Montanara.<\/span><\/p>\n<p>&nbsp;<\/p>\n<p class=\"p1\"><b>Anche eccellenze del nostro territorio in esposizione alla mostra \u201cArtigianato, cuore del Made in Italy\u201d, allestita nell\u2019atrio principale del palazzo Piacentini a Roma, sede del Ministero delle Imprese del Made in Italy, dal 14 maggio al 14 giugno. <\/b><\/p>\n<p class=\"p1\">Si tratta del robot sottomarino Zeno Auv e della boa intelligente Circe, progettati e realizzati dall\u2019azienda pistoiese Mdm Team, il cui amministratore unico \u00e8 l\u2019ingegnere aglianese Lorenzo Marini. Zeno \u00e8 un veicolo subacqueo autonomo, perfetto ausilio tecnologico per la maggior parte dei servizi che caratterizzano la underwater blue economy. La boa sensorizzata Circe \u00e8 un sistema modulare di corpi galleggianti sviluppato da Mdm Team all\u2019interno del progetto Rhe-MeDiation. Circe \u00e8 una componente basilare per tutti i sistemi pi\u00f9 complessi, capace di acquisire dati di qualit\u00e0 delle acque e presenza di inquinanti tramite apposite sonde che la possono equipaggiare. L\u2019esemplare \u00e8 reduce da una campagna di test nell\u2019ambito del progetto Horizon Rhe-MeDiation (finanziato dall&#8217;Unione europea). Mdm Team, spin-off riconosciuto dell\u2019Universit\u00e0 di Firenze, si occupa di ricerca e sviluppo industriale nella meccanica, meccatronica, robotica, ingegneria ferroviaria ed energetica. Negli ultimi anni, pur mantenendo attivi i rami di azienda storici, ha effettuato importanti investimenti nell\u2019ambito della robotica sottomarina. Mdm Team ha partecipato all\u2019Expo di Dubai tra una decine di piccole imprese innovative italiane ed \u00e8 stata ospite della trasmissione Rai \u201cLinea Verde Life\u201d.<\/p>","protected":false},"excerpt":{"rendered":"<p>di Redazione giugno 2024 Il 19 maggio scorso si sono svolte le elezioni per il rinnovo delle cariche associative nei vari Comitati territoriali della Croce Rossa Italiana. Nel Comitato della Piana Pistoiese sono risultati eletti come Presidente Gino Giuntini e come consiglieri Paola Giacomelli, nominata poi Vicepresidente, [&hellip;]<\/p>","protected":false},"author":11,"featured_media":0,"comment_status":"open","ping_status":"open","sticky":false,"template":"","format":"standard","meta":{"footnotes":""},"categories":[2,14],"tags":[4325,230,4328,4323,4318,4316,4326,4319,4322,4317,4321,4329,4320,393,4324,3605,4327],"class_list":["post-9219","post","type-post","status-publish","format-standard","hentry","category-ag","category-brevi-ndq-qt","tag-artigianato","tag-biblioteca-comunale","tag-boa-intelligente-circe","tag-centro-medico-multispecialistico-san-jacopo","tag-corner-book","tag-croce-rossa-italiana","tag-cuore-del-made-in-italy","tag-festa-del-donatore","tag-giardino-della-multicultura","tag-gino-giuntini","tag-istruzioni-di-volo","tag-lorenzo-marini","tag-panchina-del-donatore","tag-parco-pertini","tag-piantare-moltissimi-alberi","tag-progetto-arboreo","tag-zeno-auv"],"yoast_head":"<!-- This site is optimized with the Yoast SEO plugin v25.5 - https:\/\/yoast.com\/wordpress\/plugins\/seo\/ -->\n<title>I brevi di Noidiqua - Noi di Qua Testata giornalistica e di attualit\u00e0 di Agliana, Montale e Quarrata.<\/title>\n<meta name=\"robots\" content=\"index, follow, max-snippet:-1, max-image-preview:large, max-video-preview:-1\" \/>\n<link rel=\"canonical\" href=\"https:\/\/www.noidiqua.it\/Agliana\/i-brevi-di-noidiqua-37\/\" \/>\n<meta property=\"og:locale\" content=\"it_IT\" \/>\n<meta property=\"og:type\" content=\"article\" \/>\n<meta property=\"og:title\" content=\"I brevi di Noidiqua - Noi di Qua Testata giornalistica e di attualit\u00e0 di Agliana, Montale e Quarrata.\" \/>\n<meta property=\"og:description\" content=\"di Redazione giugno 2024 Il 19 maggio scorso si sono svolte le elezioni per il rinnovo delle cariche associative nei vari Comitati territoriali della Croce Rossa Italiana. Nel Comitato della Piana Pistoiese sono risultati eletti come Presidente Gino Giuntini e come consiglieri Paola Giacomelli, nominata poi Vicepresidente, [&hellip;]\" \/>\n<meta property=\"og:url\" content=\"https:\/\/www.noidiqua.it\/Agliana\/i-brevi-di-noidiqua-37\/\" \/>\n<meta property=\"og:site_name\" content=\"Noi di Qua Testata giornalistica e di attualit\u00e0 di Agliana, Montale e Quarrata.\" \/>\n<meta property=\"article:publisher\" content=\"https:\/\/www.facebook.com\/noidiqua.trimestrale\/\" \/>\n<meta property=\"article:published_time\" content=\"2024-06-12T10:13:41+00:00\" \/>\n<meta property=\"article:modified_time\" content=\"2024-07-17T13:44:31+00:00\" \/>\n<meta property=\"og:image\" content=\"https:\/\/www.noidiqua.it\/Agliana\/wp-content\/uploads\/2021\/04\/brevi.png\" \/>\n<meta name=\"author\" content=\"Noidiqua\" \/>\n<meta name=\"twitter:label1\" content=\"Scritto da\" \/>\n\t<meta name=\"twitter:data1\" content=\"Noidiqua\" \/>\n\t<meta name=\"twitter:label2\" content=\"Tempo di lettura stimato\" \/>\n\t<meta name=\"twitter:data2\" content=\"7 minuti\" \/>\n<script type=\"application\/ld+json\" class=\"yoast-schema-graph\">{\"@context\":\"https:\/\/schema.org\",\"@graph\":[{\"@type\":\"WebPage\",\"@id\":\"https:\/\/www.noidiqua.it\/Agliana\/i-brevi-di-noidiqua-37\/\",\"url\":\"https:\/\/www.noidiqua.it\/Agliana\/i-brevi-di-noidiqua-37\/\",\"name\":\"I brevi di Noidiqua - Noi di Qua Testata giornalistica e di attualit\u00e0 di Agliana, Montale e Quarrata.\",\"isPartOf\":{\"@id\":\"https:\/\/www.noidiqua.it\/Agliana\/#website\"},\"primaryImageOfPage\":{\"@id\":\"https:\/\/www.noidiqua.it\/Agliana\/i-brevi-di-noidiqua-37\/#primaryimage\"},\"image\":{\"@id\":\"https:\/\/www.noidiqua.it\/Agliana\/i-brevi-di-noidiqua-37\/#primaryimage\"},\"thumbnailUrl\":\"https:\/\/www.noidiqua.it\/Agliana\/wp-content\/uploads\/2021\/04\/brevi.png\",\"datePublished\":\"2024-06-12T10:13:41+00:00\",\"dateModified\":\"2024-07-17T13:44:31+00:00\",\"author\":{\"@id\":\"https:\/\/www.noidiqua.it\/Agliana\/#\/schema\/person\/514fd9b1d14a0c719d001900ccd198a0\"},\"breadcrumb\":{\"@id\":\"https:\/\/www.noidiqua.it\/Agliana\/i-brevi-di-noidiqua-37\/#breadcrumb\"},\"inLanguage\":\"it-IT\",\"potentialAction\":[{\"@type\":\"ReadAction\",\"target\":[\"https:\/\/www.noidiqua.it\/Agliana\/i-brevi-di-noidiqua-37\/\"]}]},{\"@type\":\"ImageObject\",\"inLanguage\":\"it-IT\",\"@id\":\"https:\/\/www.noidiqua.it\/Agliana\/i-brevi-di-noidiqua-37\/#primaryimage\",\"url\":\"https:\/\/www.noidiqua.it\/Agliana\/wp-content\/uploads\/2021\/04\/brevi.png\",\"contentUrl\":\"https:\/\/www.noidiqua.it\/Agliana\/wp-content\/uploads\/2021\/04\/brevi.png\",\"width\":473,\"height\":291},{\"@type\":\"BreadcrumbList\",\"@id\":\"https:\/\/www.noidiqua.it\/Agliana\/i-brevi-di-noidiqua-37\/#breadcrumb\",\"itemListElement\":[{\"@type\":\"ListItem\",\"position\":1,\"name\":\"Home\",\"item\":\"https:\/\/www.noidiqua.it\/Agliana\/\"},{\"@type\":\"ListItem\",\"position\":2,\"name\":\"I brevi di Noidiqua\"}]},{\"@type\":\"WebSite\",\"@id\":\"https:\/\/www.noidiqua.it\/Agliana\/#website\",\"url\":\"https:\/\/www.noidiqua.it\/Agliana\/\",\"name\":\"Noi di Qua Testata giornalistica e di attualit\u00e0 di Agliana, Montale e Quarrata.\",\"description\":\"Testata Giornalistica Quarrata Montale Agliana\",\"potentialAction\":[{\"@type\":\"SearchAction\",\"target\":{\"@type\":\"EntryPoint\",\"urlTemplate\":\"https:\/\/www.noidiqua.it\/Agliana\/?s={search_term_string}\"},\"query-input\":{\"@type\":\"PropertyValueSpecification\",\"valueRequired\":true,\"valueName\":\"search_term_string\"}}],\"inLanguage\":\"it-IT\"},{\"@type\":\"Person\",\"@id\":\"https:\/\/www.noidiqua.it\/Agliana\/#\/schema\/person\/514fd9b1d14a0c719d001900ccd198a0\",\"name\":\"Noidiqua\",\"image\":{\"@type\":\"ImageObject\",\"inLanguage\":\"it-IT\",\"@id\":\"https:\/\/www.noidiqua.it\/Agliana\/#\/schema\/person\/image\/\",\"url\":\"https:\/\/secure.gravatar.com\/avatar\/57c38c8013923f27f46e913d45f086e963a1448a954bfc93d80df0ae6017f8ba?s=96&d=mm&r=g\",\"contentUrl\":\"https:\/\/secure.gravatar.com\/avatar\/57c38c8013923f27f46e913d45f086e963a1448a954bfc93d80df0ae6017f8ba?s=96&d=mm&r=g\",\"caption\":\"Noidiqua\"},\"url\":\"https:\/\/www.noidiqua.it\/Agliana\/author\/redazioneag\/\"}]}<\/script>\n<!-- \/ Yoast SEO plugin. -->","yoast_head_json":{"title":"I brevi di Noidiqua - Noi di Qua Testata giornalistica e di attualit\u00e0 di Agliana, Montale e Quarrata.","robots":{"index":"index","follow":"follow","max-snippet":"max-snippet:-1","max-image-preview":"max-image-preview:large","max-video-preview":"max-video-preview:-1"},"canonical":"https:\/\/www.noidiqua.it\/Agliana\/i-brevi-di-noidiqua-37\/","og_locale":"it_IT","og_type":"article","og_title":"I brevi di Noidiqua - Noi di Qua Testata giornalistica e di attualit\u00e0 di Agliana, Montale e Quarrata.","og_description":"di Redazione giugno 2024 Il 19 maggio scorso si sono svolte le elezioni per il rinnovo delle cariche associative nei vari Comitati territoriali della Croce Rossa Italiana. Nel Comitato della Piana Pistoiese sono risultati eletti come Presidente Gino Giuntini e come consiglieri Paola Giacomelli, nominata poi Vicepresidente, [&hellip;]","og_url":"https:\/\/www.noidiqua.it\/Agliana\/i-brevi-di-noidiqua-37\/","og_site_name":"Noi di Qua Testata giornalistica e di attualit\u00e0 di Agliana, Montale e Quarrata.","article_publisher":"https:\/\/www.facebook.com\/noidiqua.trimestrale\/","article_published_time":"2024-06-12T10:13:41+00:00","article_modified_time":"2024-07-17T13:44:31+00:00","og_image":[{"url":"https:\/\/www.noidiqua.it\/Agliana\/wp-content\/uploads\/2021\/04\/brevi.png","type":"","width":"","height":""}],"author":"Noidiqua","twitter_misc":{"Scritto da":"Noidiqua","Tempo di lettura stimato":"7 minuti"},"schema":{"@context":"https:\/\/schema.org","@graph":[{"@type":"WebPage","@id":"https:\/\/www.noidiqua.it\/Agliana\/i-brevi-di-noidiqua-37\/","url":"https:\/\/www.noidiqua.it\/Agliana\/i-brevi-di-noidiqua-37\/","name":"I brevi di Noidiqua - Noi di Qua Testata giornalistica e di attualit\u00e0 di Agliana, Montale e Quarrata.","isPartOf":{"@id":"https:\/\/www.noidiqua.it\/Agliana\/#website"},"primaryImageOfPage":{"@id":"https:\/\/www.noidiqua.it\/Agliana\/i-brevi-di-noidiqua-37\/#primaryimage"},"image":{"@id":"https:\/\/www.noidiqua.it\/Agliana\/i-brevi-di-noidiqua-37\/#primaryimage"},"thumbnailUrl":"https:\/\/www.noidiqua.it\/Agliana\/wp-content\/uploads\/2021\/04\/brevi.png","datePublished":"2024-06-12T10:13:41+00:00","dateModified":"2024-07-17T13:44:31+00:00","author":{"@id":"https:\/\/www.noidiqua.it\/Agliana\/#\/schema\/person\/514fd9b1d14a0c719d001900ccd198a0"},"breadcrumb":{"@id":"https:\/\/www.noidiqua.it\/Agliana\/i-brevi-di-noidiqua-37\/#breadcrumb"},"inLanguage":"it-IT","potentialAction":[{"@type":"ReadAction","target":["https:\/\/www.noidiqua.it\/Agliana\/i-brevi-di-noidiqua-37\/"]}]},{"@type":"ImageObject","inLanguage":"it-IT","@id":"https:\/\/www.noidiqua.it\/Agliana\/i-brevi-di-noidiqua-37\/#primaryimage","url":"https:\/\/www.noidiqua.it\/Agliana\/wp-content\/uploads\/2021\/04\/brevi.png","contentUrl":"https:\/\/www.noidiqua.it\/Agliana\/wp-content\/uploads\/2021\/04\/brevi.png","width":473,"height":291},{"@type":"BreadcrumbList","@id":"https:\/\/www.noidiqua.it\/Agliana\/i-brevi-di-noidiqua-37\/#breadcrumb","itemListElement":[{"@type":"ListItem","position":1,"name":"Home","item":"https:\/\/www.noidiqua.it\/Agliana\/"},{"@type":"ListItem","position":2,"name":"I brevi di Noidiqua"}]},{"@type":"WebSite","@id":"https:\/\/www.noidiqua.it\/Agliana\/#website","url":"https:\/\/www.noidiqua.it\/Agliana\/","name":"Noi di Qua Testata giornalistica e di attualit\u00e0 di Agliana, Montale e Quarrata.","description":"Testata Giornalistica Quarrata Montale Agliana","potentialAction":[{"@type":"SearchAction","target":{"@type":"EntryPoint","urlTemplate":"https:\/\/www.noidiqua.it\/Agliana\/?s={search_term_string}"},"query-input":{"@type":"PropertyValueSpecification","valueRequired":true,"valueName":"search_term_string"}}],"inLanguage":"it-IT"},{"@type":"Person","@id":"https:\/\/www.noidiqua.it\/Agliana\/#\/schema\/person\/514fd9b1d14a0c719d001900ccd198a0","name":"Noidiqua","image":{"@type":"ImageObject","inLanguage":"it-IT","@id":"https:\/\/www.noidiqua.it\/Agliana\/#\/schema\/person\/image\/","url":"https:\/\/secure.gravatar.com\/avatar\/57c38c8013923f27f46e913d45f086e963a1448a954bfc93d80df0ae6017f8ba?s=96&d=mm&r=g","contentUrl":"https:\/\/secure.gravatar.com\/avatar\/57c38c8013923f27f46e913d45f086e963a1448a954bfc93d80df0ae6017f8ba?s=96&d=mm&r=g","caption":"Noidiqua"},"url":"https:\/\/www.noidiqua.it\/Agliana\/author\/redazioneag\/"}]}},"_links":{"self":[{"href":"https:\/\/www.noidiqua.it\/Agliana\/wp-json\/wp\/v2\/posts\/9219","targetHints":{"allow":["GET"]}}],"collection":[{"href":"https:\/\/www.noidiqua.it\/Agliana\/wp-json\/wp\/v2\/posts"}],"about":[{"href":"https:\/\/www.noidiqua.it\/Agliana\/wp-json\/wp\/v2\/types\/post"}],"author":[{"embeddable":true,"href":"https:\/\/www.noidiqua.it\/Agliana\/wp-json\/wp\/v2\/users\/11"}],"replies":[{"embeddable":true,"href":"https:\/\/www.noidiqua.it\/Agliana\/wp-json\/wp\/v2\/comments?post=9219"}],"version-history":[{"count":4,"href":"https:\/\/www.noidiqua.it\/Agliana\/wp-json\/wp\/v2\/posts\/9219\/revisions"}],"predecessor-version":[{"id":9223,"href":"https:\/\/www.noidiqua.it\/Agliana\/wp-json\/wp\/v2\/posts\/9219\/revisions\/9223"}],"wp:attachment":[{"href":"https:\/\/www.noidiqua.it\/Agliana\/wp-json\/wp\/v2\/media?parent=9219"}],"wp:term":[{"taxonomy":"category","embeddable":true,"href":"https:\/\/www.noidiqua.it\/Agliana\/wp-json\/wp\/v2\/categories?post=9219"},{"taxonomy":"post_tag","embeddable":true,"href":"https:\/\/www.noidiqua.it\/Agliana\/wp-json\/wp\/v2\/tags?post=9219"}],"curies":[{"name":"wp","href":"https:\/\/api.w.org\/{rel}","templated":true}]}}