{"id":9264,"date":"2024-09-05T11:09:47","date_gmt":"2024-09-05T09:09:47","guid":{"rendered":"https:\/\/www.noidiqua.it\/Agliana\/?p=9264"},"modified":"2024-10-23T15:38:40","modified_gmt":"2024-10-23T13:38:40","slug":"alluvione-un-anno-dopo-cosa-e-cambiato","status":"publish","type":"post","link":"https:\/\/www.noidiqua.it\/Agliana\/alluvione-un-anno-dopo-cosa-e-cambiato\/","title":{"rendered":"Alluvione un anno dopo: cosa \u00e8 cambiato?"},"content":{"rendered":"<p><em>di Giacomo Bini. Foto: <a href=\"http:\/\/www.bellinigabriele.it\">Gabriele Bellini<\/a><\/em><\/p>\n<p><em>settembre 2024<\/em><\/p>\n<p><a href=\"https:\/\/www.noidiqua.it\/Agliana\/wp-content\/uploads\/2023\/12\/alluvione-2-1.png\" rel=\"wp-prettyPhoto[9264]\"><img loading=\"lazy\" decoding=\"async\" class=\"aligncenter size-full wp-image-8934\" src=\"https:\/\/www.noidiqua.it\/Agliana\/wp-content\/uploads\/2023\/12\/alluvione-2-1.png\" alt=\"\" width=\"499\" height=\"333\" srcset=\"https:\/\/www.noidiqua.it\/Agliana\/wp-content\/uploads\/2023\/12\/alluvione-2-1.png 499w, https:\/\/www.noidiqua.it\/Agliana\/wp-content\/uploads\/2023\/12\/alluvione-2-1-300x200.png 300w\" sizes=\"auto, (max-width: 499px) 100vw, 499px\" \/><\/a><\/p>\n<p class=\"p1\"><span class=\"s1\">Tra poche settimane sar\u00e0 un anno dall\u2019<strong>alluvione<\/strong> del 2 novembre 2023 e le notizie e le immagini che vengono dall\u2019Emilia Romagna fanno paura. In quei territori a noi non lontani si \u00e8 ripetuta una disastrosa alluvione a distanza di soli 16 mesi. Le televisioni trasmettono scene che sembrano di <strong>guerra<\/strong>: case distrutte, gente sfollata, strade deserte, rabbia e disperazione nei residenti. Come dopo un bombardamento. Gli abitanti della zona, che sono coraggiosamente adoperati per <strong>ricostruire<\/strong> case e negozi dopo l\u2019alluvione del maggio 2023 ora si trovano di nuovo travolti dal <strong>fango<\/strong>. Avevano rimesso a posto le loro case a proprie spese, contraendo <strong>mutui<\/strong>, caricandosi di debiti e di rate da pagare, perch\u00e9 i risarcimenti non ci sono stati se non in misura irrisoria. Ma gli emiliani e i romagnoli non hanno chiesto elemosine, si sono frugati nelle tasche e si sono rimessi in piedi. E&#8217; gente a cui non piace lamentarsi vanamente e sono abituati a <strong>lavorare sodo<\/strong>, contando sulle proprie forze e sulle risorse della solidariet\u00e0 e del volontariato. Ora hanno preso un\u2019altra batosta e si guardano attorno per capire cosa le istituzioni abbiano fatto in 16 mesi e cosa intendano fare ora. Al momento vedono solo il rimpallo delle responsabilit\u00e0, un deplorevole sciacallaggio politico su quanto \u00e8 avvenuto. Si sono rimessi a spalare, a ripulire, a tentare di riprendersi, sempre e solo a proprie spese. <\/span><\/p>\n<p class=\"p1\"><span class=\"s1\">Quanto potranno resistere? Mentre ci facciamo questa domanda ne nasce un\u2019altra ancora pi\u00f9 angosciosa: e se ricapitasse anche qui, anche nella nostra piana, un\u2019alluvione come quella del <strong>2 novembre 2023<\/strong>? Le nostre zone sono pi\u00f9 sicure di un anno fa? Degli interventi sono stati fatti, altri sono stati progettati, ma \u00e8 difficile sostenere che il grado di rischio sia diminuito in modo significativo. Prendiamo il caso del <strong>torrente Agna<\/strong> a Montale, il cui argine si \u00e8 rotto per circa cento metri il 2 novembre. Il letto del torrente \u00e8 stato dragato per circa due chilometri, per livellarlo meglio e renderlo pi\u00f9 \u201c<strong>pensile<\/strong>\u201d, di quanto non fosse prima. Ma l\u2019<strong>argine<\/strong> \u00e8 lo stesso. Alcuni residenti della zona indicano con preoccupazione un paio di tratti poco pi\u00f9 a valle del punto della rottura dello scorso anno, dove scorgono una maggiore fragilit\u00e0. Dell\u2019intervento di rafforzamento dell\u2019argine, uno di quelli indicati come prioritari dalla Regione, non si conoscono <strong>progetti<\/strong>, tempistiche e soprattutto non ci sono i soldi. I fossi secondari della zona di Stazione a Montale sono rimasti ostruiti per diversi mesi e solo da qualche settimana si vedono dei mezzi al lavoro. <\/span><\/p>\n<p class=\"p1\"><span class=\"s1\">In occasione dell\u2019ultima <strong>allerta arancione<\/strong> gli abitanti delle zone alluvionate erano terrorizzati, si sono muniti di paratie alle porte e hanno chiesto sacchi di sabbia alla protezione civile. Anche loro hanno rimesso a posto le loro case a spese proprie, accendendo mutui per diverse decine di migliaia di euro per: mobili, impianti, intonacature e automobili. Hanno dato fondo a tutte le loro risorse economiche, fisiche e anche psicologiche, perch\u00e9 il <strong>trauma<\/strong> dell\u2019alluvione resta nell\u2019animo di chi l\u2019ha subito per lungo tempo. <\/span><\/p>\n<p class=\"p1\"><span class=\"s1\">E&#8217; la stessa situazione degli abitanti dell\u2019<strong>Emilia Romagna<\/strong> a cui guardiamo tutti con apprensione oltre che con ammirazione. Anche qui, come nella regione a noi vicina, non si pretende la soluzione immediata, ma si pretende un impegno adeguato ai tempi, uno sforzo almeno paragonabile a quello compiuto dalle persone coinvolte. Quello che \u00e8 stato fatto finora \u00e8 troppo poco.<\/span><\/p>","protected":false},"excerpt":{"rendered":"<p>di Giacomo Bini. Foto: Gabriele Bellini settembre 2024 Tra poche settimane sar\u00e0 un anno dall\u2019alluvione del 2 novembre 2023 e le notizie e le immagini che vengono dall\u2019Emilia Romagna fanno paura. In quei territori a noi non lontani si \u00e8 ripetuta una disastrosa alluvione a distanza di [&hellip;]<\/p>","protected":false},"author":12,"featured_media":0,"comment_status":"open","ping_status":"open","sticky":false,"template":"","format":"standard","meta":{"footnotes":""},"categories":[2,25],"tags":[4372,4376,3938,1417,4378,4370,3044,4371,2248,4374,4375,4369,4373,4377],"class_list":["post-9264","post","type-post","status-publish","format-standard","hentry","category-ag","category-appuntired","tag-2-novembre-2023","tag-allerta-arancione","tag-alluvione","tag-argine","tag-emilia-romagna","tag-fango","tag-guerra","tag-lavorare-sodo","tag-mutui","tag-pensile","tag-progetti","tag-ricostruire","tag-torrente-agna","tag-trauma"],"yoast_head":"<!-- This site is optimized with the Yoast SEO plugin v25.5 - https:\/\/yoast.com\/wordpress\/plugins\/seo\/ -->\n<title>Alluvione un anno dopo: cosa \u00e8 cambiato? - Noi di Qua Testata giornalistica e di attualit\u00e0 di Agliana, Montale e Quarrata.<\/title>\n<meta name=\"robots\" content=\"index, follow, max-snippet:-1, max-image-preview:large, max-video-preview:-1\" \/>\n<link rel=\"canonical\" href=\"https:\/\/www.noidiqua.it\/Agliana\/alluvione-un-anno-dopo-cosa-e-cambiato\/\" \/>\n<meta property=\"og:locale\" content=\"it_IT\" \/>\n<meta property=\"og:type\" content=\"article\" \/>\n<meta property=\"og:title\" content=\"Alluvione un anno dopo: cosa \u00e8 cambiato? - Noi di Qua Testata giornalistica e di attualit\u00e0 di Agliana, Montale e Quarrata.\" \/>\n<meta property=\"og:description\" content=\"di Giacomo Bini. Foto: Gabriele Bellini settembre 2024 Tra poche settimane sar\u00e0 un anno dall\u2019alluvione del 2 novembre 2023 e le notizie e le immagini che vengono dall\u2019Emilia Romagna fanno paura. In quei territori a noi non lontani si \u00e8 ripetuta una disastrosa alluvione a distanza di [&hellip;]\" \/>\n<meta property=\"og:url\" content=\"https:\/\/www.noidiqua.it\/Agliana\/alluvione-un-anno-dopo-cosa-e-cambiato\/\" \/>\n<meta property=\"og:site_name\" content=\"Noi di Qua Testata giornalistica e di attualit\u00e0 di Agliana, Montale e Quarrata.\" \/>\n<meta property=\"article:publisher\" content=\"https:\/\/www.facebook.com\/noidiqua.trimestrale\/\" \/>\n<meta property=\"article:published_time\" content=\"2024-09-05T09:09:47+00:00\" \/>\n<meta property=\"article:modified_time\" content=\"2024-10-23T13:38:40+00:00\" \/>\n<meta property=\"og:image\" content=\"https:\/\/www.noidiqua.it\/Agliana\/wp-content\/uploads\/2023\/12\/alluvione-2-1.png\" \/>\n<meta name=\"author\" content=\"Giacomo Bini\" \/>\n<meta name=\"twitter:label1\" content=\"Scritto da\" \/>\n\t<meta name=\"twitter:data1\" content=\"Giacomo Bini\" \/>\n\t<meta name=\"twitter:label2\" content=\"Tempo di lettura stimato\" \/>\n\t<meta name=\"twitter:data2\" content=\"3 minuti\" \/>\n<script type=\"application\/ld+json\" class=\"yoast-schema-graph\">{\"@context\":\"https:\/\/schema.org\",\"@graph\":[{\"@type\":\"WebPage\",\"@id\":\"https:\/\/www.noidiqua.it\/Agliana\/alluvione-un-anno-dopo-cosa-e-cambiato\/\",\"url\":\"https:\/\/www.noidiqua.it\/Agliana\/alluvione-un-anno-dopo-cosa-e-cambiato\/\",\"name\":\"Alluvione un anno dopo: cosa \u00e8 cambiato? - Noi di Qua Testata giornalistica e di attualit\u00e0 di Agliana, Montale e Quarrata.\",\"isPartOf\":{\"@id\":\"https:\/\/www.noidiqua.it\/Agliana\/#website\"},\"primaryImageOfPage\":{\"@id\":\"https:\/\/www.noidiqua.it\/Agliana\/alluvione-un-anno-dopo-cosa-e-cambiato\/#primaryimage\"},\"image\":{\"@id\":\"https:\/\/www.noidiqua.it\/Agliana\/alluvione-un-anno-dopo-cosa-e-cambiato\/#primaryimage\"},\"thumbnailUrl\":\"https:\/\/www.noidiqua.it\/Agliana\/wp-content\/uploads\/2023\/12\/alluvione-2-1.png\",\"datePublished\":\"2024-09-05T09:09:47+00:00\",\"dateModified\":\"2024-10-23T13:38:40+00:00\",\"author\":{\"@id\":\"https:\/\/www.noidiqua.it\/Agliana\/#\/schema\/person\/e2e6f44da50af0dae9c90ad168e471a4\"},\"breadcrumb\":{\"@id\":\"https:\/\/www.noidiqua.it\/Agliana\/alluvione-un-anno-dopo-cosa-e-cambiato\/#breadcrumb\"},\"inLanguage\":\"it-IT\",\"potentialAction\":[{\"@type\":\"ReadAction\",\"target\":[\"https:\/\/www.noidiqua.it\/Agliana\/alluvione-un-anno-dopo-cosa-e-cambiato\/\"]}]},{\"@type\":\"ImageObject\",\"inLanguage\":\"it-IT\",\"@id\":\"https:\/\/www.noidiqua.it\/Agliana\/alluvione-un-anno-dopo-cosa-e-cambiato\/#primaryimage\",\"url\":\"https:\/\/www.noidiqua.it\/Agliana\/wp-content\/uploads\/2023\/12\/alluvione-2-1.png\",\"contentUrl\":\"https:\/\/www.noidiqua.it\/Agliana\/wp-content\/uploads\/2023\/12\/alluvione-2-1.png\",\"width\":499,\"height\":333},{\"@type\":\"BreadcrumbList\",\"@id\":\"https:\/\/www.noidiqua.it\/Agliana\/alluvione-un-anno-dopo-cosa-e-cambiato\/#breadcrumb\",\"itemListElement\":[{\"@type\":\"ListItem\",\"position\":1,\"name\":\"Home\",\"item\":\"https:\/\/www.noidiqua.it\/Agliana\/\"},{\"@type\":\"ListItem\",\"position\":2,\"name\":\"Alluvione un anno dopo: cosa \u00e8 cambiato?\"}]},{\"@type\":\"WebSite\",\"@id\":\"https:\/\/www.noidiqua.it\/Agliana\/#website\",\"url\":\"https:\/\/www.noidiqua.it\/Agliana\/\",\"name\":\"Noi di Qua Testata giornalistica e di attualit\u00e0 di Agliana, Montale e Quarrata.\",\"description\":\"Testata Giornalistica Quarrata Montale Agliana\",\"potentialAction\":[{\"@type\":\"SearchAction\",\"target\":{\"@type\":\"EntryPoint\",\"urlTemplate\":\"https:\/\/www.noidiqua.it\/Agliana\/?s={search_term_string}\"},\"query-input\":{\"@type\":\"PropertyValueSpecification\",\"valueRequired\":true,\"valueName\":\"search_term_string\"}}],\"inLanguage\":\"it-IT\"},{\"@type\":\"Person\",\"@id\":\"https:\/\/www.noidiqua.it\/Agliana\/#\/schema\/person\/e2e6f44da50af0dae9c90ad168e471a4\",\"name\":\"Giacomo Bini\",\"image\":{\"@type\":\"ImageObject\",\"inLanguage\":\"it-IT\",\"@id\":\"https:\/\/www.noidiqua.it\/Agliana\/#\/schema\/person\/image\/\",\"url\":\"https:\/\/secure.gravatar.com\/avatar\/e5c18ae41df5ae37397358f2c6046696187d51a120c5d0b8f0c49f7b606f46f4?s=96&d=mm&r=g\",\"contentUrl\":\"https:\/\/secure.gravatar.com\/avatar\/e5c18ae41df5ae37397358f2c6046696187d51a120c5d0b8f0c49f7b606f46f4?s=96&d=mm&r=g\",\"caption\":\"Giacomo Bini\"},\"url\":\"https:\/\/www.noidiqua.it\/Agliana\/author\/giacomo-bini\/\"}]}<\/script>\n<!-- \/ Yoast SEO plugin. -->","yoast_head_json":{"title":"Alluvione un anno dopo: cosa \u00e8 cambiato? - Noi di Qua Testata giornalistica e di attualit\u00e0 di Agliana, Montale e Quarrata.","robots":{"index":"index","follow":"follow","max-snippet":"max-snippet:-1","max-image-preview":"max-image-preview:large","max-video-preview":"max-video-preview:-1"},"canonical":"https:\/\/www.noidiqua.it\/Agliana\/alluvione-un-anno-dopo-cosa-e-cambiato\/","og_locale":"it_IT","og_type":"article","og_title":"Alluvione un anno dopo: cosa \u00e8 cambiato? - Noi di Qua Testata giornalistica e di attualit\u00e0 di Agliana, Montale e Quarrata.","og_description":"di Giacomo Bini. Foto: Gabriele Bellini settembre 2024 Tra poche settimane sar\u00e0 un anno dall\u2019alluvione del 2 novembre 2023 e le notizie e le immagini che vengono dall\u2019Emilia Romagna fanno paura. In quei territori a noi non lontani si \u00e8 ripetuta una disastrosa alluvione a distanza di [&hellip;]","og_url":"https:\/\/www.noidiqua.it\/Agliana\/alluvione-un-anno-dopo-cosa-e-cambiato\/","og_site_name":"Noi di Qua Testata giornalistica e di attualit\u00e0 di Agliana, Montale e Quarrata.","article_publisher":"https:\/\/www.facebook.com\/noidiqua.trimestrale\/","article_published_time":"2024-09-05T09:09:47+00:00","article_modified_time":"2024-10-23T13:38:40+00:00","og_image":[{"url":"https:\/\/www.noidiqua.it\/Agliana\/wp-content\/uploads\/2023\/12\/alluvione-2-1.png","type":"","width":"","height":""}],"author":"Giacomo Bini","twitter_misc":{"Scritto da":"Giacomo Bini","Tempo di lettura stimato":"3 minuti"},"schema":{"@context":"https:\/\/schema.org","@graph":[{"@type":"WebPage","@id":"https:\/\/www.noidiqua.it\/Agliana\/alluvione-un-anno-dopo-cosa-e-cambiato\/","url":"https:\/\/www.noidiqua.it\/Agliana\/alluvione-un-anno-dopo-cosa-e-cambiato\/","name":"Alluvione un anno dopo: cosa \u00e8 cambiato? - Noi di Qua Testata giornalistica e di attualit\u00e0 di Agliana, Montale e Quarrata.","isPartOf":{"@id":"https:\/\/www.noidiqua.it\/Agliana\/#website"},"primaryImageOfPage":{"@id":"https:\/\/www.noidiqua.it\/Agliana\/alluvione-un-anno-dopo-cosa-e-cambiato\/#primaryimage"},"image":{"@id":"https:\/\/www.noidiqua.it\/Agliana\/alluvione-un-anno-dopo-cosa-e-cambiato\/#primaryimage"},"thumbnailUrl":"https:\/\/www.noidiqua.it\/Agliana\/wp-content\/uploads\/2023\/12\/alluvione-2-1.png","datePublished":"2024-09-05T09:09:47+00:00","dateModified":"2024-10-23T13:38:40+00:00","author":{"@id":"https:\/\/www.noidiqua.it\/Agliana\/#\/schema\/person\/e2e6f44da50af0dae9c90ad168e471a4"},"breadcrumb":{"@id":"https:\/\/www.noidiqua.it\/Agliana\/alluvione-un-anno-dopo-cosa-e-cambiato\/#breadcrumb"},"inLanguage":"it-IT","potentialAction":[{"@type":"ReadAction","target":["https:\/\/www.noidiqua.it\/Agliana\/alluvione-un-anno-dopo-cosa-e-cambiato\/"]}]},{"@type":"ImageObject","inLanguage":"it-IT","@id":"https:\/\/www.noidiqua.it\/Agliana\/alluvione-un-anno-dopo-cosa-e-cambiato\/#primaryimage","url":"https:\/\/www.noidiqua.it\/Agliana\/wp-content\/uploads\/2023\/12\/alluvione-2-1.png","contentUrl":"https:\/\/www.noidiqua.it\/Agliana\/wp-content\/uploads\/2023\/12\/alluvione-2-1.png","width":499,"height":333},{"@type":"BreadcrumbList","@id":"https:\/\/www.noidiqua.it\/Agliana\/alluvione-un-anno-dopo-cosa-e-cambiato\/#breadcrumb","itemListElement":[{"@type":"ListItem","position":1,"name":"Home","item":"https:\/\/www.noidiqua.it\/Agliana\/"},{"@type":"ListItem","position":2,"name":"Alluvione un anno dopo: cosa \u00e8 cambiato?"}]},{"@type":"WebSite","@id":"https:\/\/www.noidiqua.it\/Agliana\/#website","url":"https:\/\/www.noidiqua.it\/Agliana\/","name":"Noi di Qua Testata giornalistica e di attualit\u00e0 di Agliana, Montale e Quarrata.","description":"Testata Giornalistica Quarrata Montale Agliana","potentialAction":[{"@type":"SearchAction","target":{"@type":"EntryPoint","urlTemplate":"https:\/\/www.noidiqua.it\/Agliana\/?s={search_term_string}"},"query-input":{"@type":"PropertyValueSpecification","valueRequired":true,"valueName":"search_term_string"}}],"inLanguage":"it-IT"},{"@type":"Person","@id":"https:\/\/www.noidiqua.it\/Agliana\/#\/schema\/person\/e2e6f44da50af0dae9c90ad168e471a4","name":"Giacomo Bini","image":{"@type":"ImageObject","inLanguage":"it-IT","@id":"https:\/\/www.noidiqua.it\/Agliana\/#\/schema\/person\/image\/","url":"https:\/\/secure.gravatar.com\/avatar\/e5c18ae41df5ae37397358f2c6046696187d51a120c5d0b8f0c49f7b606f46f4?s=96&d=mm&r=g","contentUrl":"https:\/\/secure.gravatar.com\/avatar\/e5c18ae41df5ae37397358f2c6046696187d51a120c5d0b8f0c49f7b606f46f4?s=96&d=mm&r=g","caption":"Giacomo Bini"},"url":"https:\/\/www.noidiqua.it\/Agliana\/author\/giacomo-bini\/"}]}},"_links":{"self":[{"href":"https:\/\/www.noidiqua.it\/Agliana\/wp-json\/wp\/v2\/posts\/9264","targetHints":{"allow":["GET"]}}],"collection":[{"href":"https:\/\/www.noidiqua.it\/Agliana\/wp-json\/wp\/v2\/posts"}],"about":[{"href":"https:\/\/www.noidiqua.it\/Agliana\/wp-json\/wp\/v2\/types\/post"}],"author":[{"embeddable":true,"href":"https:\/\/www.noidiqua.it\/Agliana\/wp-json\/wp\/v2\/users\/12"}],"replies":[{"embeddable":true,"href":"https:\/\/www.noidiqua.it\/Agliana\/wp-json\/wp\/v2\/comments?post=9264"}],"version-history":[{"count":2,"href":"https:\/\/www.noidiqua.it\/Agliana\/wp-json\/wp\/v2\/posts\/9264\/revisions"}],"predecessor-version":[{"id":9342,"href":"https:\/\/www.noidiqua.it\/Agliana\/wp-json\/wp\/v2\/posts\/9264\/revisions\/9342"}],"wp:attachment":[{"href":"https:\/\/www.noidiqua.it\/Agliana\/wp-json\/wp\/v2\/media?parent=9264"}],"wp:term":[{"taxonomy":"category","embeddable":true,"href":"https:\/\/www.noidiqua.it\/Agliana\/wp-json\/wp\/v2\/categories?post=9264"},{"taxonomy":"post_tag","embeddable":true,"href":"https:\/\/www.noidiqua.it\/Agliana\/wp-json\/wp\/v2\/tags?post=9264"}],"curies":[{"name":"wp","href":"https:\/\/api.w.org\/{rel}","templated":true}]}}