{"id":9319,"date":"2024-09-05T11:20:52","date_gmt":"2024-09-05T09:20:52","guid":{"rendered":"https:\/\/www.noidiqua.it\/Agliana\/?p=9319"},"modified":"2024-12-20T09:31:02","modified_gmt":"2024-12-20T08:31:02","slug":"lantico-corso-del-torrente-agna-a-cura-di-marco-giunti","status":"publish","type":"post","link":"https:\/\/www.noidiqua.it\/Agliana\/lantico-corso-del-torrente-agna-a-cura-di-marco-giunti\/","title":{"rendered":"L&#8217;antico corso del torrente Agna &#8211; a cura di Marco Giunti"},"content":{"rendered":"<p><em>di Redazione. Foto: <a href=\"https:\/\/www.noidiqua.it\/Montale\/riccardo-logli-le-foto-i-viaggi-e-tutte-le-passioni-di-un-uomo-infaticabile\/\">Riccardo Logli<\/a><\/em><\/p>\n<p><em>settembre 2024<\/em><\/p>\n<p><a href=\"https:\/\/www.noidiqua.it\/Agliana\/wp-content\/uploads\/2024\/10\/foto-fiumi.png\" rel=\"wp-prettyPhoto[9319]\"><img loading=\"lazy\" decoding=\"async\" class=\"aligncenter size-full wp-image-9320\" src=\"https:\/\/www.noidiqua.it\/Agliana\/wp-content\/uploads\/2024\/10\/foto-fiumi.png\" alt=\"\" width=\"500\" height=\"375\" srcset=\"https:\/\/www.noidiqua.it\/Agliana\/wp-content\/uploads\/2024\/10\/foto-fiumi.png 500w, https:\/\/www.noidiqua.it\/Agliana\/wp-content\/uploads\/2024\/10\/foto-fiumi-300x225.png 300w\" sizes=\"auto, (max-width: 500px) 100vw, 500px\" \/><\/a><\/p>\n<p class=\"p1\">A quasi un anno dalla rottura dell\u2019<strong>argine<\/strong> dell\u2019Agna, che tanti danni ha fatto il 2 novembre 2023, pubblichiamo un estratto di un interessante studio condotto da Marco Giunti, ex sindaco di Agliana e studioso di storia locale, che ricostruisce la vicenda dello spostamento del corso del torrente. Il testo \u00e8 tratto da \u201cLe strade di Agliana\u201d.<\/p>\n<p class=\"p1\"><span class=\"s1\"><i>Via Agna \u00e8 divisa in due parti, non pi\u00f9 collegate tra loro, poste a nord e a sud dell\u2019autostrada A11 Firenze \u2013 Mare. Lunga (virtualmente) 980 metri, direzione sud. I residenti sono 2<\/i>.<\/span><\/p>\n<p class=\"p1\"><span class=\"s1\">La prima parte inizia dalla via Ugo Foscolo (nel passato via<i> delle Storte<\/i>) e viene interrotta dopo meno di trecento metri dall\u2019autostrada, quest\u2019ultima costruita all\u2019inizio degli anni Trenta; per quanto sia ormai caduta in disuso e abbandonata, il tracciato della via <strong><i>Agna<\/i><\/strong> \u00e8 ancora facilmente individuabile ad est del lago artificiale e del parco<strong> <i>Primo Maggio<\/i><\/strong>. La seconda parte riprende dalla via <i>Vicinale dell\u2019Autostrada<\/i> e, dopo aver attraversato il fosso Settola, prosegue ancora \u2013 almeno catastalmente \u2013 fino al torrente Brana. Pur se interrotta dall\u2019autostrada da oltre trent\u2019anni, nell\u2019elenco delle Strade extra urbane approvato dal <strong>Comune<\/strong> nel 1966 venne ancora considerata nella sua interezza, con inizio dalla via Ugo Foscolo e termine al torrente Brana. <\/span><\/p>\n<p class=\"p1\"><span class=\"s1\">Questa la descrizione dell\u2019<i>Elenco delle Strade<\/i> (&#8230;) del 1825: <\/span><span class=\"s1\"><i>\u00abStrada detta all\u2019Agna \u2013 Si parte questa Strada dalla Via delle Storte e dirigendosi verso Mezzogiorno giunge al Fosso Settola ed alla casa Palandri, sempre di una sufficiente larghezza carreggiabile, e da questo punto fino al Torrente Brana va a terminare in un piccolo stradello largo M. 1,76. (Lunga Chilometri 0,969. Larga M. 2,92.)\u00bb<\/i><\/span><\/p>\n<p class=\"p1\"><span class=\"s1\">La via <b>Agna<\/b> (prosecuzione del <i>Viottolo delle Lame<\/i>) fino all\u2019inizio del secolo scorso si sviluppava dalla via <i>delle Storte<\/i> (l\u2019attuale via<i> Ugo Foscolo<\/i>) all\u2019argine del torrente <i>Brana<\/i> e in alcune carte \u00e8 chiamata <i>Strada dell\u2019Argine<\/i>. Si trova ad est dell\u2019antico alveo del torrente omonimo, quello esistente prima delle grandi opere di regimazione idraulica compiute dal comune di Pistoia tra il XII ed il XIII secolo nella piana dell\u2019Ombrone. Nel 1201 \u00e8 documentata come strada<strong> <i>Agnale vecchio<\/i> <\/strong>e nel 1335 Agne lectus antiquus.<span class=\"Apple-converted-space\">\u00a0 <\/span>L\u2019antico e non arginato corso naturale del torrente <i>Agna<\/i>, con area di divagazione larga oltre duecento metri, era ad est e ad ovest dalle attuali vie <i>del Serragliolo<\/i>, <i>Dante Alighieri<\/i>, <i>Travetta<\/i>, <i>Venti Settembre<\/i>, <i>Brana<\/i>, <i>Carbolinga<\/i>. Esso costituiva anche il confine civile e religioso tra i popoli di S. Niccol\u00f2 e S. Michele, che dipendevano dalla pieve di S. Ippolito in Strada (oggi Piazzanese) e quello di S. Piero, che dipendeva dalla pieve di S. Giovanni a Villiano (Montale). Una divisione che venne meno con le opere compiute tra il XII ed il XIII secolo ed il conseguente abbandono dell\u2019<strong>antico corso<\/strong> dell\u2019Agna, confluito nel nuovo alveo artificiale denominato <strong><i>Calice<\/i><\/strong>, ma con il permanere di forti rivalit\u00e0 campanilistiche, in particolare tra S. Piero e S. Niccol\u00f2, sopravvissute fino al secolo scorso. E forse non \u00e8 per caso che la sede del ricostituito comune di Agliana sorga nel paleoalveo dell\u2019Agna e che sia equidistante (circa 270 metri) tra i portali delle due chiese.<\/span><\/p>\n<p class=\"p1\"><span class=\"s1\">Fino al XIV secolo le questioni di confine legate al corso dell\u2019<i>Agna<\/i> avevano avuto notevole rilevanza anche nel territorio a nord del corso attuale del torrente <i>Bure<\/i>, sia nella porzione allora appartenente ad <strong>Agliana<\/strong> (fino all\u2019alveo abbandonato della <strong><i>Bura vetus<\/i><\/strong>) che in quella di Montale. <\/span><span class=\"s1\">Il confine di Agliana e Montale con Montemurlo \u2013 e quindi e soprattutto, di Pistoia con Firenze \u2013 per quanto i fiorentini stessero progressivamente assoggettando alla loro egemonia il territorio pistoiese, restava ancora un <strong>confine strategico<\/strong>. <\/span><\/p>\n<p class=\"p1\"><span class=\"s1\">Al comune di Pistoia, il <strong><i>Consiglio Generale<\/i><\/strong> si occup\u00f2 diverse volte della questione: il 6 luglio 1335 elesse una commissione composta da tre sindaci e un notaio incaricati di risolvere le controversie sorte in merito alla definizione dei confini dei comuni di Firenze e Montemurlo da una parte e di quelli di Montale e di Agliana dall\u2019altra, anche a seguito di uno straripamento dell\u2019Agna che ne aveva deviato il corso e suscitato grande preoccupazione; il successivo 21 luglio venne trovato l\u2019accordo tra pistoiesi e fiorentini per la definizione dei confini; il 26 dello stesso mese, impose ai comuni di<strong> Montale<\/strong> e di Agliana, sotto pena pecuniaria di 100 soldi, di effettuare i lavori di sistemazione del corso dell\u2019Agna, per costituire un confine riconosciuto e risolvere le frequenti dispute sorte fra Montemurlo e Firenze da una parte, e Pistoia, Montale e Agliana dall\u2019altra; nei mesi successivi, stanzi\u00f2 200 lire per i lavori di risistemazione e deviazione dell\u2019Agna e deliber\u00f2 di acquistare il terreno occorrente per realizzare il nuovo alveo dell\u2019Agna, per un importo di 125 lire; quasi mezzo secolo dopo, il 6 marzo 1380,<span class=\"Apple-converted-space\">\u00a0 <\/span>deliber\u00f2 la sistemazione, in tempi molto rapidi, degli argini e della chiusa del torrente Agna, confine fra <strong>Pistoia<\/strong> e Firenze, imponendo ai comuni di Agliana e di Montale, attraversati dal corso del detto torrente, di pagare le spese necessarie per i lavori.<\/span><\/p>\n<p class=\"p1\"><span class=\"s1\"><i>Agna<\/i> ed <i>Agliana<\/i> hanno in comune l\u2019origine del nome; dal Mille in poi si hanno in successione: Alina, Allina, Agna; Alina, Allina, Aliana (che compare per la prima volta in una cartula del gennaio 1022) Alliana (<i>Liber censuum<\/i>, 1335) Allana, Agliana (<i>Liber censuum<\/i>, 1382). Il nome deriva probabilmente dalla corruzione del toponimo<strong><i> Hellana<\/i><\/strong>, attribuito ad una stazione di tappa ubicata sulla via <i>Cassia<\/i>, che in epoca romana ed altomedievale seguiva una linea pedemontana coincidente \u2013 salvo poche varianti \u2013 con l\u2019attuale<i> <\/i>via <i>Montalese<\/i>, in corrispondenza con la valle dell\u2019Agna, anche se non sono da escludere ipotesi diverse quale, ad esempio, la possibile derivazione dal gentilizio latino<strong> <i>Praedia Alliana<\/i><\/strong>, cio\u00e8 poderi di Allio. Suggestivo, ma probabilmente privo di fondamento, il riferimento all\u2019aglio quale pianta propria delle paludi: la sua presenza nello stemma comunale \u00e8 ripreso dall\u2019Arme della Podesteria del Montale e di Agliana, risalente al XVII secolo, nella quale compaiono gli stemmi di entrambi i comuni, uguali a quelli di oggi.\u00a0<\/span><\/p>\n<p>&nbsp;<\/p>\n<p class=\"p1\"><i>Nella foto si vedono, partendo da sinistra, il fiume Bure, L&#8217;Agna e il Mendancione che confluiscono nel torrente Calice fra Agliana e Montale, Montemurlo e Prato.<\/i><\/p>","protected":false},"excerpt":{"rendered":"<p>di Redazione. Foto: Riccardo Logli settembre 2024 A quasi un anno dalla rottura dell\u2019argine dell\u2019Agna, che tanti danni ha fatto il 2 novembre 2023, pubblichiamo un estratto di un interessante studio condotto da Marco Giunti, ex sindaco di Agliana e studioso di storia locale, che ricostruisce la [&hellip;]<\/p>","protected":false},"author":11,"featured_media":0,"comment_status":"open","ping_status":"open","sticky":false,"template":"","format":"standard","meta":{"footnotes":""},"categories":[2,7],"tags":[37,435,4483,4484,1417,4485,4475,730,4486,4487,1179,1036,434,4488,4482],"class_list":["post-9319","post","type-post","status-publish","format-standard","hentry","category-ag","category-notizie-dal-passato","tag-ag-ag","tag-agna","tag-agnale-vecchio","tag-antico-corso","tag-argine","tag-bura-vetus","tag-calice","tag-comune","tag-confine-strategico","tag-consiglio-generale","tag-hellana","tag-mt","tag-pistoia","tag-praedia-alliana","tag-primo-maggio"],"yoast_head":"<!-- This site is optimized with the Yoast SEO plugin v25.5 - https:\/\/yoast.com\/wordpress\/plugins\/seo\/ -->\n<title>L&#039;antico corso del torrente Agna - a cura di Marco Giunti - Noi di Qua Testata giornalistica e di attualit\u00e0 di Agliana, Montale e Quarrata.<\/title>\n<meta name=\"robots\" content=\"index, follow, max-snippet:-1, max-image-preview:large, max-video-preview:-1\" \/>\n<link rel=\"canonical\" href=\"https:\/\/www.noidiqua.it\/Agliana\/lantico-corso-del-torrente-agna-a-cura-di-marco-giunti\/\" \/>\n<meta property=\"og:locale\" content=\"it_IT\" \/>\n<meta property=\"og:type\" content=\"article\" \/>\n<meta property=\"og:title\" content=\"L&#039;antico corso del torrente Agna - a cura di Marco Giunti - Noi di Qua Testata giornalistica e di attualit\u00e0 di Agliana, Montale e Quarrata.\" \/>\n<meta property=\"og:description\" content=\"di Redazione. Foto: Riccardo Logli settembre 2024 A quasi un anno dalla rottura dell\u2019argine dell\u2019Agna, che tanti danni ha fatto il 2 novembre 2023, pubblichiamo un estratto di un interessante studio condotto da Marco Giunti, ex sindaco di Agliana e studioso di storia locale, che ricostruisce la [&hellip;]\" \/>\n<meta property=\"og:url\" content=\"https:\/\/www.noidiqua.it\/Agliana\/lantico-corso-del-torrente-agna-a-cura-di-marco-giunti\/\" \/>\n<meta property=\"og:site_name\" content=\"Noi di Qua Testata giornalistica e di attualit\u00e0 di Agliana, Montale e Quarrata.\" \/>\n<meta property=\"article:publisher\" content=\"https:\/\/www.facebook.com\/noidiqua.trimestrale\/\" \/>\n<meta property=\"article:published_time\" content=\"2024-09-05T09:20:52+00:00\" \/>\n<meta property=\"article:modified_time\" content=\"2024-12-20T08:31:02+00:00\" \/>\n<meta property=\"og:image\" content=\"https:\/\/www.noidiqua.it\/Agliana\/wp-content\/uploads\/2024\/10\/foto-fiumi.png\" \/>\n<meta name=\"author\" content=\"Noidiqua\" \/>\n<meta name=\"twitter:label1\" content=\"Scritto da\" \/>\n\t<meta name=\"twitter:data1\" content=\"Noidiqua\" \/>\n\t<meta name=\"twitter:label2\" content=\"Tempo di lettura stimato\" \/>\n\t<meta name=\"twitter:data2\" content=\"5 minuti\" \/>\n<script type=\"application\/ld+json\" class=\"yoast-schema-graph\">{\"@context\":\"https:\/\/schema.org\",\"@graph\":[{\"@type\":\"WebPage\",\"@id\":\"https:\/\/www.noidiqua.it\/Agliana\/lantico-corso-del-torrente-agna-a-cura-di-marco-giunti\/\",\"url\":\"https:\/\/www.noidiqua.it\/Agliana\/lantico-corso-del-torrente-agna-a-cura-di-marco-giunti\/\",\"name\":\"L'antico corso del torrente Agna - a cura di Marco Giunti - Noi di Qua Testata giornalistica e di attualit\u00e0 di Agliana, Montale e Quarrata.\",\"isPartOf\":{\"@id\":\"https:\/\/www.noidiqua.it\/Agliana\/#website\"},\"primaryImageOfPage\":{\"@id\":\"https:\/\/www.noidiqua.it\/Agliana\/lantico-corso-del-torrente-agna-a-cura-di-marco-giunti\/#primaryimage\"},\"image\":{\"@id\":\"https:\/\/www.noidiqua.it\/Agliana\/lantico-corso-del-torrente-agna-a-cura-di-marco-giunti\/#primaryimage\"},\"thumbnailUrl\":\"https:\/\/www.noidiqua.it\/Agliana\/wp-content\/uploads\/2024\/10\/foto-fiumi.png\",\"datePublished\":\"2024-09-05T09:20:52+00:00\",\"dateModified\":\"2024-12-20T08:31:02+00:00\",\"author\":{\"@id\":\"https:\/\/www.noidiqua.it\/Agliana\/#\/schema\/person\/514fd9b1d14a0c719d001900ccd198a0\"},\"breadcrumb\":{\"@id\":\"https:\/\/www.noidiqua.it\/Agliana\/lantico-corso-del-torrente-agna-a-cura-di-marco-giunti\/#breadcrumb\"},\"inLanguage\":\"it-IT\",\"potentialAction\":[{\"@type\":\"ReadAction\",\"target\":[\"https:\/\/www.noidiqua.it\/Agliana\/lantico-corso-del-torrente-agna-a-cura-di-marco-giunti\/\"]}]},{\"@type\":\"ImageObject\",\"inLanguage\":\"it-IT\",\"@id\":\"https:\/\/www.noidiqua.it\/Agliana\/lantico-corso-del-torrente-agna-a-cura-di-marco-giunti\/#primaryimage\",\"url\":\"https:\/\/www.noidiqua.it\/Agliana\/wp-content\/uploads\/2024\/10\/foto-fiumi.png\",\"contentUrl\":\"https:\/\/www.noidiqua.it\/Agliana\/wp-content\/uploads\/2024\/10\/foto-fiumi.png\",\"width\":500,\"height\":375},{\"@type\":\"BreadcrumbList\",\"@id\":\"https:\/\/www.noidiqua.it\/Agliana\/lantico-corso-del-torrente-agna-a-cura-di-marco-giunti\/#breadcrumb\",\"itemListElement\":[{\"@type\":\"ListItem\",\"position\":1,\"name\":\"Home\",\"item\":\"https:\/\/www.noidiqua.it\/Agliana\/\"},{\"@type\":\"ListItem\",\"position\":2,\"name\":\"L&#8217;antico corso del torrente Agna &#8211; a cura di Marco Giunti\"}]},{\"@type\":\"WebSite\",\"@id\":\"https:\/\/www.noidiqua.it\/Agliana\/#website\",\"url\":\"https:\/\/www.noidiqua.it\/Agliana\/\",\"name\":\"Noi di Qua Testata giornalistica e di attualit\u00e0 di Agliana, Montale e Quarrata.\",\"description\":\"Testata Giornalistica Quarrata Montale Agliana\",\"potentialAction\":[{\"@type\":\"SearchAction\",\"target\":{\"@type\":\"EntryPoint\",\"urlTemplate\":\"https:\/\/www.noidiqua.it\/Agliana\/?s={search_term_string}\"},\"query-input\":{\"@type\":\"PropertyValueSpecification\",\"valueRequired\":true,\"valueName\":\"search_term_string\"}}],\"inLanguage\":\"it-IT\"},{\"@type\":\"Person\",\"@id\":\"https:\/\/www.noidiqua.it\/Agliana\/#\/schema\/person\/514fd9b1d14a0c719d001900ccd198a0\",\"name\":\"Noidiqua\",\"image\":{\"@type\":\"ImageObject\",\"inLanguage\":\"it-IT\",\"@id\":\"https:\/\/www.noidiqua.it\/Agliana\/#\/schema\/person\/image\/\",\"url\":\"https:\/\/secure.gravatar.com\/avatar\/57c38c8013923f27f46e913d45f086e963a1448a954bfc93d80df0ae6017f8ba?s=96&d=mm&r=g\",\"contentUrl\":\"https:\/\/secure.gravatar.com\/avatar\/57c38c8013923f27f46e913d45f086e963a1448a954bfc93d80df0ae6017f8ba?s=96&d=mm&r=g\",\"caption\":\"Noidiqua\"},\"url\":\"https:\/\/www.noidiqua.it\/Agliana\/author\/redazioneag\/\"}]}<\/script>\n<!-- \/ Yoast SEO plugin. -->","yoast_head_json":{"title":"L'antico corso del torrente Agna - a cura di Marco Giunti - Noi di Qua Testata giornalistica e di attualit\u00e0 di Agliana, Montale e Quarrata.","robots":{"index":"index","follow":"follow","max-snippet":"max-snippet:-1","max-image-preview":"max-image-preview:large","max-video-preview":"max-video-preview:-1"},"canonical":"https:\/\/www.noidiqua.it\/Agliana\/lantico-corso-del-torrente-agna-a-cura-di-marco-giunti\/","og_locale":"it_IT","og_type":"article","og_title":"L'antico corso del torrente Agna - a cura di Marco Giunti - Noi di Qua Testata giornalistica e di attualit\u00e0 di Agliana, Montale e Quarrata.","og_description":"di Redazione. Foto: Riccardo Logli settembre 2024 A quasi un anno dalla rottura dell\u2019argine dell\u2019Agna, che tanti danni ha fatto il 2 novembre 2023, pubblichiamo un estratto di un interessante studio condotto da Marco Giunti, ex sindaco di Agliana e studioso di storia locale, che ricostruisce la [&hellip;]","og_url":"https:\/\/www.noidiqua.it\/Agliana\/lantico-corso-del-torrente-agna-a-cura-di-marco-giunti\/","og_site_name":"Noi di Qua Testata giornalistica e di attualit\u00e0 di Agliana, Montale e Quarrata.","article_publisher":"https:\/\/www.facebook.com\/noidiqua.trimestrale\/","article_published_time":"2024-09-05T09:20:52+00:00","article_modified_time":"2024-12-20T08:31:02+00:00","og_image":[{"url":"https:\/\/www.noidiqua.it\/Agliana\/wp-content\/uploads\/2024\/10\/foto-fiumi.png","type":"","width":"","height":""}],"author":"Noidiqua","twitter_misc":{"Scritto da":"Noidiqua","Tempo di lettura stimato":"5 minuti"},"schema":{"@context":"https:\/\/schema.org","@graph":[{"@type":"WebPage","@id":"https:\/\/www.noidiqua.it\/Agliana\/lantico-corso-del-torrente-agna-a-cura-di-marco-giunti\/","url":"https:\/\/www.noidiqua.it\/Agliana\/lantico-corso-del-torrente-agna-a-cura-di-marco-giunti\/","name":"L'antico corso del torrente Agna - a cura di Marco Giunti - Noi di Qua Testata giornalistica e di attualit\u00e0 di Agliana, Montale e Quarrata.","isPartOf":{"@id":"https:\/\/www.noidiqua.it\/Agliana\/#website"},"primaryImageOfPage":{"@id":"https:\/\/www.noidiqua.it\/Agliana\/lantico-corso-del-torrente-agna-a-cura-di-marco-giunti\/#primaryimage"},"image":{"@id":"https:\/\/www.noidiqua.it\/Agliana\/lantico-corso-del-torrente-agna-a-cura-di-marco-giunti\/#primaryimage"},"thumbnailUrl":"https:\/\/www.noidiqua.it\/Agliana\/wp-content\/uploads\/2024\/10\/foto-fiumi.png","datePublished":"2024-09-05T09:20:52+00:00","dateModified":"2024-12-20T08:31:02+00:00","author":{"@id":"https:\/\/www.noidiqua.it\/Agliana\/#\/schema\/person\/514fd9b1d14a0c719d001900ccd198a0"},"breadcrumb":{"@id":"https:\/\/www.noidiqua.it\/Agliana\/lantico-corso-del-torrente-agna-a-cura-di-marco-giunti\/#breadcrumb"},"inLanguage":"it-IT","potentialAction":[{"@type":"ReadAction","target":["https:\/\/www.noidiqua.it\/Agliana\/lantico-corso-del-torrente-agna-a-cura-di-marco-giunti\/"]}]},{"@type":"ImageObject","inLanguage":"it-IT","@id":"https:\/\/www.noidiqua.it\/Agliana\/lantico-corso-del-torrente-agna-a-cura-di-marco-giunti\/#primaryimage","url":"https:\/\/www.noidiqua.it\/Agliana\/wp-content\/uploads\/2024\/10\/foto-fiumi.png","contentUrl":"https:\/\/www.noidiqua.it\/Agliana\/wp-content\/uploads\/2024\/10\/foto-fiumi.png","width":500,"height":375},{"@type":"BreadcrumbList","@id":"https:\/\/www.noidiqua.it\/Agliana\/lantico-corso-del-torrente-agna-a-cura-di-marco-giunti\/#breadcrumb","itemListElement":[{"@type":"ListItem","position":1,"name":"Home","item":"https:\/\/www.noidiqua.it\/Agliana\/"},{"@type":"ListItem","position":2,"name":"L&#8217;antico corso del torrente Agna &#8211; a cura di Marco Giunti"}]},{"@type":"WebSite","@id":"https:\/\/www.noidiqua.it\/Agliana\/#website","url":"https:\/\/www.noidiqua.it\/Agliana\/","name":"Noi di Qua Testata giornalistica e di attualit\u00e0 di Agliana, Montale e Quarrata.","description":"Testata Giornalistica Quarrata Montale Agliana","potentialAction":[{"@type":"SearchAction","target":{"@type":"EntryPoint","urlTemplate":"https:\/\/www.noidiqua.it\/Agliana\/?s={search_term_string}"},"query-input":{"@type":"PropertyValueSpecification","valueRequired":true,"valueName":"search_term_string"}}],"inLanguage":"it-IT"},{"@type":"Person","@id":"https:\/\/www.noidiqua.it\/Agliana\/#\/schema\/person\/514fd9b1d14a0c719d001900ccd198a0","name":"Noidiqua","image":{"@type":"ImageObject","inLanguage":"it-IT","@id":"https:\/\/www.noidiqua.it\/Agliana\/#\/schema\/person\/image\/","url":"https:\/\/secure.gravatar.com\/avatar\/57c38c8013923f27f46e913d45f086e963a1448a954bfc93d80df0ae6017f8ba?s=96&d=mm&r=g","contentUrl":"https:\/\/secure.gravatar.com\/avatar\/57c38c8013923f27f46e913d45f086e963a1448a954bfc93d80df0ae6017f8ba?s=96&d=mm&r=g","caption":"Noidiqua"},"url":"https:\/\/www.noidiqua.it\/Agliana\/author\/redazioneag\/"}]}},"_links":{"self":[{"href":"https:\/\/www.noidiqua.it\/Agliana\/wp-json\/wp\/v2\/posts\/9319","targetHints":{"allow":["GET"]}}],"collection":[{"href":"https:\/\/www.noidiqua.it\/Agliana\/wp-json\/wp\/v2\/posts"}],"about":[{"href":"https:\/\/www.noidiqua.it\/Agliana\/wp-json\/wp\/v2\/types\/post"}],"author":[{"embeddable":true,"href":"https:\/\/www.noidiqua.it\/Agliana\/wp-json\/wp\/v2\/users\/11"}],"replies":[{"embeddable":true,"href":"https:\/\/www.noidiqua.it\/Agliana\/wp-json\/wp\/v2\/comments?post=9319"}],"version-history":[{"count":2,"href":"https:\/\/www.noidiqua.it\/Agliana\/wp-json\/wp\/v2\/posts\/9319\/revisions"}],"predecessor-version":[{"id":9322,"href":"https:\/\/www.noidiqua.it\/Agliana\/wp-json\/wp\/v2\/posts\/9319\/revisions\/9322"}],"wp:attachment":[{"href":"https:\/\/www.noidiqua.it\/Agliana\/wp-json\/wp\/v2\/media?parent=9319"}],"wp:term":[{"taxonomy":"category","embeddable":true,"href":"https:\/\/www.noidiqua.it\/Agliana\/wp-json\/wp\/v2\/categories?post=9319"},{"taxonomy":"post_tag","embeddable":true,"href":"https:\/\/www.noidiqua.it\/Agliana\/wp-json\/wp\/v2\/tags?post=9319"}],"curies":[{"name":"wp","href":"https:\/\/api.w.org\/{rel}","templated":true}]}}