{"id":9327,"date":"2024-09-05T15:15:38","date_gmt":"2024-09-05T13:15:38","guid":{"rendered":"https:\/\/www.noidiqua.it\/Agliana\/?p=9327"},"modified":"2024-10-14T15:16:00","modified_gmt":"2024-10-14T13:16:00","slug":"lha-detto-la-televisione","status":"publish","type":"post","link":"https:\/\/www.noidiqua.it\/Agliana\/lha-detto-la-televisione\/","title":{"rendered":"L&#8217;ha detto la televisione"},"content":{"rendered":"<p><em>di Massimo Cappelli<\/em><\/p>\n<p><em>settembre 2024<\/em><\/p>\n<p><a href=\"https:\/\/www.noidiqua.it\/Agliana\/wp-content\/uploads\/2024\/10\/televisori-concludendo.png\" rel=\"wp-prettyPhoto[9327]\"><img loading=\"lazy\" decoding=\"async\" class=\"aligncenter size-full wp-image-9328\" src=\"https:\/\/www.noidiqua.it\/Agliana\/wp-content\/uploads\/2024\/10\/televisori-concludendo.png\" alt=\"\" width=\"504\" height=\"336\" srcset=\"https:\/\/www.noidiqua.it\/Agliana\/wp-content\/uploads\/2024\/10\/televisori-concludendo.png 504w, https:\/\/www.noidiqua.it\/Agliana\/wp-content\/uploads\/2024\/10\/televisori-concludendo-300x200.png 300w\" sizes=\"auto, (max-width: 504px) 100vw, 504px\" \/><\/a><\/p>\n<p class=\"p1\"><span class=\"s1\">Nella seconda met\u00e0 degli anni Sessanta, quando nelle case degli italiani entrarono le prime televisioni in bianco e nero, fu come se fosse entrato in casa l\u2019oracolo. Quello che \u201c<strong>diceva la televisione<\/strong>\u201d fu preso da subito con assoluta considerazione: dalle previsioni del tempo ai <strong>TG<\/strong>, dai giochi a quiz ai programmi di intrattenimento e i variet\u00e0 di prima serata. Bastava che durante la <strong>cena<\/strong> qualche conduttore desse una notizia interessante e qualcuno della famiglia in quel preciso istante chiedesse che gli fosse passato il sale, o l\u2019olio, parlando sopra allo speaker, che si scatenava il finimondo: <i>\u00abZi zi\u2026 zitto! Un s\u2019\u00e8 capito nulla, sempre i\u2019 tu\u2019 solito vizio, ovvia. Un tu ci fai mai cap\u00ec nulla\u00bb<\/i>. Poi invece, molti, una cosa la capirono, che durante la cena era meglio spengere la <strong>TV<\/strong>. <\/span><\/p>\n<p class=\"p1\"><span class=\"s1\">In quegli anni esisteva solo la Rai e il palinsesto non copriva ancora l\u2019intera giornata, i programmi all\u2019ora di pranzo non c\u2019erano ancora e le trasmissioni iniziavano nel pomeriggio con \u201c<strong>La TV dei ragazzi<\/strong>\u201d. Appena finiti i compiti, andavamo tutti davanti al televisore in attesa che sparisse il monoscopio e iniziassero \u201cRin tin tin\u201d, piuttosto che \u201cIl segno di Zorro\u201d, o \u201cFuria il Cavallo del west&#8221;, oppure \u201cPippi Calzelunghe\u201d. I dirigenti Rai non avevano ancora percepito la forza, il potere e l\u2019autorit\u00e0 della televisione, per cui questa veniva utilizzata solo per il mero intrattenimento. Ma un decennio pi\u00f9 avanti qualcuno si accorse che questo mezzo di comunicazione di massa, se fatto diventare uno strumento di persuasione e messo al servizio del<strong> marketing<\/strong>, sarebbe divenuto una gallina dalle uova d\u2019oro. Questo lo scoprirono sia la TV di Stato, sia il patron della neonata \u201cCanale 5\u201d, l\u2019imprenditore milanese <strong>Silvio Berlusconi<\/strong>, che con il presentatore Mike Buongiorno portato via alla concorrenza, importarono in Italia il modello americano di TV commerciale e dettero il via ad un polo concorrente alla Rai. <\/span><\/p>\n<p class=\"p1\"><span class=\"s1\">In questi settant\u2019anni, la TV, grazie ad una grande capacit\u00e0 di adattamento ai bisogni del suo pubblico, ha perseguito in egual misura intrattenimento e <strong>business<\/strong>, perdendo la genuinit\u00e0 dei programmi degli anni Cinquanta, attuando l\u2019approccio molto pi\u00f9 furbesco di oggi, che si rivolge ad un pubblico sempre pi\u00f9 erudito con trasmissioni studiate apposta per avere sempre pi\u00f9 gradimento. Le pi\u00f9 eclatanti sono quelle di approfondimento giornalistico, dove i conduttori, spesso, sostituendosi alla Magistratura ma centrando in pieno il favore dei telespettatori, disquisiscono su avvenimenti di cronaca nera senza considerare che fanno <strong>spettacolo<\/strong> su grandi e reali disgrazie; in certi casi continuando sull\u2019argomento anche per molte puntate e svariati mesi. Il bello \u00e8 che se si prova a cambiare canale i temi trattati sono sempre gli stessi. <\/span><\/p>\n<p class=\"p1\"><span class=\"s1\">Non star\u00f2 qui a fare un\u2019analisi sul piano antropologico o socio-culturale, onestamente non ne sarei all\u2019altezza, una considerazione personale per\u00f2 posso sempre farla: l\u2019intento degli autori dei programmi \u00e8 quello di agganciarsi al gradimento del <strong>pubblico<\/strong> (e in certi casi anche al suo desiderio morboso) perch\u00e9 ogni 60 minuti ce ne sono almeno 12 (ma anche di pi\u00f9) destinati a spazi pubblicitari, quindi, pi\u00f9 persone si acchiappano, e pi\u00f9 caro si vender\u00e0 il nostro 30 secondi. Questa \u00e8 la priorit\u00e0 di ogni TV commerciale e anche della Rai che si \u00e8 allineata sin dai primi anni Ottanta, da quando fu deciso di dare pi\u00f9 spazio alla pubblicit\u00e0 inserendo nel palinsesto tantissimi break dopo aver abolito \u201c<strong>Carosello<\/strong>\u201d, la rubrica pi\u00f9 amata dai bambini che veniva trasmessa alle nove della sera dopo il telegiornale. <\/span><\/p>\n<p class=\"p1\"><span class=\"s1\">Gi\u00e0 dalla fine degli anni Settanta, per tenere incollate le persone al video, furono ideati programmi leggeri e spensierati come \u201cNon Stop\u201d sulla Rai, che dette la prima visibilit\u00e0 a Carlo Verdone, a Francesco Nuti, a Massimo Troisi, a Beppe Grillo e a tanti altri personaggi oggi molto noti. Qualche anno dopo arriv\u00f2 anche la risposta della Fininvest con \u201cDrive In\u201d e con il successone di \u201cColpo Grosso\u201d, un piccante variet\u00e0 sessualmente spinto prodotto dal Gruppo di Berlusconi e mandato in onda sul circuito Italia 7, nelle varie emittenti locali italiane. Per vedere questa trasmissione i maschietti si radunavano nei<strong> Bar<\/strong>, perch\u00e9 magari a casa c\u2019erano i bambini o una moglie contrariata. Queste erano le strategie di allora per conquistare il consenso del pubblico in un\u2019Italia immersa in un grande <strong>benessere trasversale<\/strong> e con la voglia di ridere e divertirsi. <\/span><\/p>\n<p class=\"p1\"><span class=\"s1\">Oggi invece, sia su Rai che su Mediaset, ma anche nelle TV del terzo polo di Cairo, si parla solo di scandali, di persone smarrite, di famiglie sterminate, di<strong> femminicidi<\/strong>, senza pensare lontanamente (come spiegavo prima) alla spettacolarizzazione di una tragedia. Quindi, \u00e8 cambiata la televisione, o \u00e8 cambiata la societ\u00e0? Oppure il mezzo di comunicazione si \u00e8 adattato al cambiamento per favorire i suoi inserzionisti e farli vendere di pi\u00f9? La televisione, dopo settant\u2019anni dalla sua nascita, sembra non si sia concentrata a dare il proprio contributo per migliorare il mondo (o forse lo ha fatto solo in parte) \u00e8 diventata piuttosto la copia esatta della <strong>societ\u00e0<\/strong>, prendendone i vizi solo per azionare i \u201c<strong>neuroni specchio<\/strong>\u201d delle masse, inducendole sempre di pi\u00f9 ad un maggior consumo. <\/span><\/p>\n<p class=\"p1\"><span class=\"s1\">Mi domando come sar\u00e0 il mondo fra altri settanta o cento anni, quando, come cantavano i Nomadi, \u201cNoi non ci saremo\u201d. Chi lo sa? Una cosa \u00e8 certa, la nostra generazione \u00e8 stata senza dubbio la pi\u00f9 fortunata da quando \u00e8 arrivato l\u2019uomo sulla terra. A cavallo del millennio abbiamo raggiunto l\u2019apice dell\u2019agiatezza, il benessere non ha toccato solo l\u2019<strong>\u00e9lite<\/strong> ma anche gli strati sociali molto pi\u00f9 in basso, ma adesso, ahim\u00e8, sembra che tutto questo stia scomparendo, la distinzione sociale \u00e8 sempre pi\u00f9 netta e le classi si stanno sempre pi\u00f9 allontanando tra loro. In vetta alla piramide, pochissime persone al mondo, forse poche centinaia, sempre pi\u00f9 tanto (troppo) ricche. E alla base, invece, centinaia di migliaia, forse miliardi di individui sempre pi\u00f9 poveri, e questo avviene anche alla nostra latitudine portandoci ad un <strong>malessere collettivo<\/strong> e anche ad un impoverimento nei valori. <\/span><\/p>\n<p class=\"p1\"><span class=\"s1\">Tuttavia non bisogna mai smettere di pensare in positivo, mi piacerebbe poter arrivare a vedere cambiamento, e un giorno, poter sentir dire alla televisione che anche l\u2019ultima guerra al mondo \u00e8 finita, che le poche centinaia di persone pi\u00f9 ricche del pianeta hanno distribuito il novantacinque per cento del loro capitale in <strong>beneficenza<\/strong>, che l\u2019intera umanit\u00e0 basa la propria esistenza sulla condivisione e che finalmente \u00e8 finita l\u2019immigrazione. S\u00ec, finita l\u2019immigrazione, per il semplice fatto che il mondo non \u00e8 pi\u00f9 diviso in tanti Stati ma ce n\u2019\u00e8 solo uno: lo <strong>Stato Pangea<\/strong>, divinamente governato da qualcuno arrivato dal cielo. <\/span><\/p>\n<p class=\"p1\"><span class=\"s1\">Non ci credete? L\u2019ha detto la televisione!<\/span><\/p>","protected":false},"excerpt":{"rendered":"<p>di Massimo Cappelli settembre 2024 Nella seconda met\u00e0 degli anni Sessanta, quando nelle case degli italiani entrarono le prime televisioni in bianco e nero, fu come se fosse entrato in casa l\u2019oracolo. Quello che \u201cdiceva la televisione\u201d fu preso da subito con assoluta considerazione: dalle previsioni del [&hellip;]<\/p>","protected":false},"author":7,"featured_media":0,"comment_status":"open","ping_status":"open","sticky":false,"template":"","format":"standard","meta":{"footnotes":""},"categories":[2,5],"tags":[622,4496,4506,4505,1832,4500,4499,4509,4507,4503,4510,1825,4508,4504,124,4511,4501,4502],"class_list":["post-9327","post","type-post","status-publish","format-standard","hentry","category-ag","category-concludendo-qt","tag-bar","tag-beneficenza","tag-benessere-trasversale","tag-business","tag-carosello","tag-cena","tag-diceva-la-televisione","tag-elite","tag-femminicidi","tag-la-tv-dei-ragazzi","tag-malessere-collettivo","tag-marketing","tag-neuroni-specchio","tag-silvio-berlusconi","tag-spettacolo","tag-stato-pangea","tag-tg","tag-tv"],"yoast_head":"<!-- This site is optimized with the Yoast SEO plugin v25.5 - https:\/\/yoast.com\/wordpress\/plugins\/seo\/ -->\n<title>L&#039;ha detto la televisione - Noi di Qua Testata giornalistica e di attualit\u00e0 di Agliana, Montale e Quarrata.<\/title>\n<meta name=\"robots\" content=\"index, follow, max-snippet:-1, max-image-preview:large, max-video-preview:-1\" \/>\n<link rel=\"canonical\" href=\"https:\/\/www.noidiqua.it\/Agliana\/lha-detto-la-televisione\/\" \/>\n<meta property=\"og:locale\" content=\"it_IT\" \/>\n<meta property=\"og:type\" content=\"article\" \/>\n<meta property=\"og:title\" content=\"L&#039;ha detto la televisione - Noi di Qua Testata giornalistica e di attualit\u00e0 di Agliana, Montale e Quarrata.\" \/>\n<meta property=\"og:description\" content=\"di Massimo Cappelli settembre 2024 Nella seconda met\u00e0 degli anni Sessanta, quando nelle case degli italiani entrarono le prime televisioni in bianco e nero, fu come se fosse entrato in casa l\u2019oracolo. Quello che \u201cdiceva la televisione\u201d fu preso da subito con assoluta considerazione: dalle previsioni del [&hellip;]\" \/>\n<meta property=\"og:url\" content=\"https:\/\/www.noidiqua.it\/Agliana\/lha-detto-la-televisione\/\" \/>\n<meta property=\"og:site_name\" content=\"Noi di Qua Testata giornalistica e di attualit\u00e0 di Agliana, Montale e Quarrata.\" \/>\n<meta property=\"article:publisher\" content=\"https:\/\/www.facebook.com\/noidiqua.trimestrale\/\" \/>\n<meta property=\"article:published_time\" content=\"2024-09-05T13:15:38+00:00\" \/>\n<meta property=\"article:modified_time\" content=\"2024-10-14T13:16:00+00:00\" \/>\n<meta property=\"og:image\" content=\"https:\/\/www.noidiqua.it\/Agliana\/wp-content\/uploads\/2024\/10\/televisori-concludendo.png\" \/>\n<meta name=\"author\" content=\"Massimo Cappelli\" \/>\n<meta name=\"twitter:label1\" content=\"Scritto da\" \/>\n\t<meta name=\"twitter:data1\" content=\"Massimo Cappelli\" \/>\n\t<meta name=\"twitter:label2\" content=\"Tempo di lettura stimato\" \/>\n\t<meta name=\"twitter:data2\" content=\"5 minuti\" \/>\n<script type=\"application\/ld+json\" class=\"yoast-schema-graph\">{\"@context\":\"https:\/\/schema.org\",\"@graph\":[{\"@type\":\"WebPage\",\"@id\":\"https:\/\/www.noidiqua.it\/Agliana\/lha-detto-la-televisione\/\",\"url\":\"https:\/\/www.noidiqua.it\/Agliana\/lha-detto-la-televisione\/\",\"name\":\"L'ha detto la televisione - Noi di Qua Testata giornalistica e di attualit\u00e0 di Agliana, Montale e Quarrata.\",\"isPartOf\":{\"@id\":\"https:\/\/www.noidiqua.it\/Agliana\/#website\"},\"primaryImageOfPage\":{\"@id\":\"https:\/\/www.noidiqua.it\/Agliana\/lha-detto-la-televisione\/#primaryimage\"},\"image\":{\"@id\":\"https:\/\/www.noidiqua.it\/Agliana\/lha-detto-la-televisione\/#primaryimage\"},\"thumbnailUrl\":\"https:\/\/www.noidiqua.it\/Agliana\/wp-content\/uploads\/2024\/10\/televisori-concludendo.png\",\"datePublished\":\"2024-09-05T13:15:38+00:00\",\"dateModified\":\"2024-10-14T13:16:00+00:00\",\"author\":{\"@id\":\"https:\/\/www.noidiqua.it\/Agliana\/#\/schema\/person\/858b1b9db61101126e5ded39f94daedb\"},\"breadcrumb\":{\"@id\":\"https:\/\/www.noidiqua.it\/Agliana\/lha-detto-la-televisione\/#breadcrumb\"},\"inLanguage\":\"it-IT\",\"potentialAction\":[{\"@type\":\"ReadAction\",\"target\":[\"https:\/\/www.noidiqua.it\/Agliana\/lha-detto-la-televisione\/\"]}]},{\"@type\":\"ImageObject\",\"inLanguage\":\"it-IT\",\"@id\":\"https:\/\/www.noidiqua.it\/Agliana\/lha-detto-la-televisione\/#primaryimage\",\"url\":\"https:\/\/www.noidiqua.it\/Agliana\/wp-content\/uploads\/2024\/10\/televisori-concludendo.png\",\"contentUrl\":\"https:\/\/www.noidiqua.it\/Agliana\/wp-content\/uploads\/2024\/10\/televisori-concludendo.png\",\"width\":504,\"height\":336},{\"@type\":\"BreadcrumbList\",\"@id\":\"https:\/\/www.noidiqua.it\/Agliana\/lha-detto-la-televisione\/#breadcrumb\",\"itemListElement\":[{\"@type\":\"ListItem\",\"position\":1,\"name\":\"Home\",\"item\":\"https:\/\/www.noidiqua.it\/Agliana\/\"},{\"@type\":\"ListItem\",\"position\":2,\"name\":\"L&#8217;ha detto la televisione\"}]},{\"@type\":\"WebSite\",\"@id\":\"https:\/\/www.noidiqua.it\/Agliana\/#website\",\"url\":\"https:\/\/www.noidiqua.it\/Agliana\/\",\"name\":\"Noi di Qua Testata giornalistica e di attualit\u00e0 di Agliana, Montale e Quarrata.\",\"description\":\"Testata Giornalistica Quarrata Montale Agliana\",\"potentialAction\":[{\"@type\":\"SearchAction\",\"target\":{\"@type\":\"EntryPoint\",\"urlTemplate\":\"https:\/\/www.noidiqua.it\/Agliana\/?s={search_term_string}\"},\"query-input\":{\"@type\":\"PropertyValueSpecification\",\"valueRequired\":true,\"valueName\":\"search_term_string\"}}],\"inLanguage\":\"it-IT\"},{\"@type\":\"Person\",\"@id\":\"https:\/\/www.noidiqua.it\/Agliana\/#\/schema\/person\/858b1b9db61101126e5ded39f94daedb\",\"name\":\"Massimo Cappelli\",\"image\":{\"@type\":\"ImageObject\",\"inLanguage\":\"it-IT\",\"@id\":\"https:\/\/www.noidiqua.it\/Agliana\/#\/schema\/person\/image\/\",\"url\":\"https:\/\/secure.gravatar.com\/avatar\/0e7261535228aa9bb0417ab8f42f3fadaf8ce23bdfde46c689c43410a676cfa9?s=96&d=mm&r=g\",\"contentUrl\":\"https:\/\/secure.gravatar.com\/avatar\/0e7261535228aa9bb0417ab8f42f3fadaf8ce23bdfde46c689c43410a676cfa9?s=96&d=mm&r=g\",\"caption\":\"Massimo Cappelli\"},\"url\":\"https:\/\/www.noidiqua.it\/Agliana\/author\/massimo-cappelli\/\"}]}<\/script>\n<!-- \/ Yoast SEO plugin. -->","yoast_head_json":{"title":"L'ha detto la televisione - Noi di Qua Testata giornalistica e di attualit\u00e0 di Agliana, Montale e Quarrata.","robots":{"index":"index","follow":"follow","max-snippet":"max-snippet:-1","max-image-preview":"max-image-preview:large","max-video-preview":"max-video-preview:-1"},"canonical":"https:\/\/www.noidiqua.it\/Agliana\/lha-detto-la-televisione\/","og_locale":"it_IT","og_type":"article","og_title":"L'ha detto la televisione - Noi di Qua Testata giornalistica e di attualit\u00e0 di Agliana, Montale e Quarrata.","og_description":"di Massimo Cappelli settembre 2024 Nella seconda met\u00e0 degli anni Sessanta, quando nelle case degli italiani entrarono le prime televisioni in bianco e nero, fu come se fosse entrato in casa l\u2019oracolo. Quello che \u201cdiceva la televisione\u201d fu preso da subito con assoluta considerazione: dalle previsioni del [&hellip;]","og_url":"https:\/\/www.noidiqua.it\/Agliana\/lha-detto-la-televisione\/","og_site_name":"Noi di Qua Testata giornalistica e di attualit\u00e0 di Agliana, Montale e Quarrata.","article_publisher":"https:\/\/www.facebook.com\/noidiqua.trimestrale\/","article_published_time":"2024-09-05T13:15:38+00:00","article_modified_time":"2024-10-14T13:16:00+00:00","og_image":[{"url":"https:\/\/www.noidiqua.it\/Agliana\/wp-content\/uploads\/2024\/10\/televisori-concludendo.png","type":"","width":"","height":""}],"author":"Massimo Cappelli","twitter_misc":{"Scritto da":"Massimo Cappelli","Tempo di lettura stimato":"5 minuti"},"schema":{"@context":"https:\/\/schema.org","@graph":[{"@type":"WebPage","@id":"https:\/\/www.noidiqua.it\/Agliana\/lha-detto-la-televisione\/","url":"https:\/\/www.noidiqua.it\/Agliana\/lha-detto-la-televisione\/","name":"L'ha detto la televisione - Noi di Qua Testata giornalistica e di attualit\u00e0 di Agliana, Montale e Quarrata.","isPartOf":{"@id":"https:\/\/www.noidiqua.it\/Agliana\/#website"},"primaryImageOfPage":{"@id":"https:\/\/www.noidiqua.it\/Agliana\/lha-detto-la-televisione\/#primaryimage"},"image":{"@id":"https:\/\/www.noidiqua.it\/Agliana\/lha-detto-la-televisione\/#primaryimage"},"thumbnailUrl":"https:\/\/www.noidiqua.it\/Agliana\/wp-content\/uploads\/2024\/10\/televisori-concludendo.png","datePublished":"2024-09-05T13:15:38+00:00","dateModified":"2024-10-14T13:16:00+00:00","author":{"@id":"https:\/\/www.noidiqua.it\/Agliana\/#\/schema\/person\/858b1b9db61101126e5ded39f94daedb"},"breadcrumb":{"@id":"https:\/\/www.noidiqua.it\/Agliana\/lha-detto-la-televisione\/#breadcrumb"},"inLanguage":"it-IT","potentialAction":[{"@type":"ReadAction","target":["https:\/\/www.noidiqua.it\/Agliana\/lha-detto-la-televisione\/"]}]},{"@type":"ImageObject","inLanguage":"it-IT","@id":"https:\/\/www.noidiqua.it\/Agliana\/lha-detto-la-televisione\/#primaryimage","url":"https:\/\/www.noidiqua.it\/Agliana\/wp-content\/uploads\/2024\/10\/televisori-concludendo.png","contentUrl":"https:\/\/www.noidiqua.it\/Agliana\/wp-content\/uploads\/2024\/10\/televisori-concludendo.png","width":504,"height":336},{"@type":"BreadcrumbList","@id":"https:\/\/www.noidiqua.it\/Agliana\/lha-detto-la-televisione\/#breadcrumb","itemListElement":[{"@type":"ListItem","position":1,"name":"Home","item":"https:\/\/www.noidiqua.it\/Agliana\/"},{"@type":"ListItem","position":2,"name":"L&#8217;ha detto la televisione"}]},{"@type":"WebSite","@id":"https:\/\/www.noidiqua.it\/Agliana\/#website","url":"https:\/\/www.noidiqua.it\/Agliana\/","name":"Noi di Qua Testata giornalistica e di attualit\u00e0 di Agliana, Montale e Quarrata.","description":"Testata Giornalistica Quarrata Montale Agliana","potentialAction":[{"@type":"SearchAction","target":{"@type":"EntryPoint","urlTemplate":"https:\/\/www.noidiqua.it\/Agliana\/?s={search_term_string}"},"query-input":{"@type":"PropertyValueSpecification","valueRequired":true,"valueName":"search_term_string"}}],"inLanguage":"it-IT"},{"@type":"Person","@id":"https:\/\/www.noidiqua.it\/Agliana\/#\/schema\/person\/858b1b9db61101126e5ded39f94daedb","name":"Massimo Cappelli","image":{"@type":"ImageObject","inLanguage":"it-IT","@id":"https:\/\/www.noidiqua.it\/Agliana\/#\/schema\/person\/image\/","url":"https:\/\/secure.gravatar.com\/avatar\/0e7261535228aa9bb0417ab8f42f3fadaf8ce23bdfde46c689c43410a676cfa9?s=96&d=mm&r=g","contentUrl":"https:\/\/secure.gravatar.com\/avatar\/0e7261535228aa9bb0417ab8f42f3fadaf8ce23bdfde46c689c43410a676cfa9?s=96&d=mm&r=g","caption":"Massimo Cappelli"},"url":"https:\/\/www.noidiqua.it\/Agliana\/author\/massimo-cappelli\/"}]}},"_links":{"self":[{"href":"https:\/\/www.noidiqua.it\/Agliana\/wp-json\/wp\/v2\/posts\/9327","targetHints":{"allow":["GET"]}}],"collection":[{"href":"https:\/\/www.noidiqua.it\/Agliana\/wp-json\/wp\/v2\/posts"}],"about":[{"href":"https:\/\/www.noidiqua.it\/Agliana\/wp-json\/wp\/v2\/types\/post"}],"author":[{"embeddable":true,"href":"https:\/\/www.noidiqua.it\/Agliana\/wp-json\/wp\/v2\/users\/7"}],"replies":[{"embeddable":true,"href":"https:\/\/www.noidiqua.it\/Agliana\/wp-json\/wp\/v2\/comments?post=9327"}],"version-history":[{"count":1,"href":"https:\/\/www.noidiqua.it\/Agliana\/wp-json\/wp\/v2\/posts\/9327\/revisions"}],"predecessor-version":[{"id":9329,"href":"https:\/\/www.noidiqua.it\/Agliana\/wp-json\/wp\/v2\/posts\/9327\/revisions\/9329"}],"wp:attachment":[{"href":"https:\/\/www.noidiqua.it\/Agliana\/wp-json\/wp\/v2\/media?parent=9327"}],"wp:term":[{"taxonomy":"category","embeddable":true,"href":"https:\/\/www.noidiqua.it\/Agliana\/wp-json\/wp\/v2\/categories?post=9327"},{"taxonomy":"post_tag","embeddable":true,"href":"https:\/\/www.noidiqua.it\/Agliana\/wp-json\/wp\/v2\/tags?post=9327"}],"curies":[{"name":"wp","href":"https:\/\/api.w.org\/{rel}","templated":true}]}}