{"id":9520,"date":"2025-03-13T11:14:40","date_gmt":"2025-03-13T10:14:40","guid":{"rendered":"https:\/\/www.noidiqua.it\/Agliana\/?p=9520"},"modified":"2025-04-18T11:15:19","modified_gmt":"2025-04-18T09:15:19","slug":"gastrite-e-ulcera-di-cosa-parliamo","status":"publish","type":"post","link":"https:\/\/www.noidiqua.it\/Agliana\/gastrite-e-ulcera-di-cosa-parliamo\/","title":{"rendered":"Gastrite e ulcera: di cosa parliamo?"},"content":{"rendered":"<p><em>di Sandro Giannessi<\/em><\/p>\n<p><em>marzo 2025<\/em><\/p>\n<p><a href=\"https:\/\/www.noidiqua.it\/Agliana\/wp-content\/uploads\/2025\/04\/guardiamoci-dentro.png\" rel=\"wp-prettyPhoto[9520]\"><img loading=\"lazy\" decoding=\"async\" class=\"aligncenter size-full wp-image-9521\" src=\"https:\/\/www.noidiqua.it\/Agliana\/wp-content\/uploads\/2025\/04\/guardiamoci-dentro.png\" alt=\"\" width=\"496\" height=\"350\" srcset=\"https:\/\/www.noidiqua.it\/Agliana\/wp-content\/uploads\/2025\/04\/guardiamoci-dentro.png 496w, https:\/\/www.noidiqua.it\/Agliana\/wp-content\/uploads\/2025\/04\/guardiamoci-dentro-300x212.png 300w\" sizes=\"auto, (max-width: 496px) 100vw, 496px\" \/><\/a><\/p>\n<p><span class=\"s1\">Il mal di stomaco \u00e8 un disturbo molto comune, ma quando diventa persistente potrebbe essere segno di problemi pi\u00f9 seri, come la gastrite o l\u2019ulcera gastrica. Sapere di cosa si tratta, quali sono i sintomi e come prevenirli pu\u00f2 aiutare a migliorare la qualit\u00e0 della vita e a evitare complicazioni.<\/span><\/p>\n<p class=\"p3\"><span class=\"s1\"><b>Che cos\u2019\u00e8 la gastrite?<\/b><\/span><\/p>\n<p class=\"p1\"><span class=\"s1\">E\u2019 un\u2019infiammazione della mucosa dello stomaco, che pu\u00f2 essere acuta o cronica (pi\u00f9 duratura e progressiva).<\/span><\/p>\n<p class=\"p1\"><span class=\"s1\"><b>Cause della gastrite<\/b><\/span><\/p>\n<p class=\"p1\"><span class=\"s1\">Infezione da Helicobacter pylori, un batterio molto diffuso \u2013 uso eccessivo di farmaci antinfiammatori (FANS), come ibuprofene o aspirina \u2013 alcol e fumo \u2013 stress e cattiva alimentazione.<\/span><\/p>\n<p class=\"p1\"><span class=\"s1\"><b>Sintomi della gastrite<\/b><\/span><\/p>\n<p class=\"p1\"><span class=\"s1\">Bruciore o dolore allo stomaco \u2013 nausea o vomito \u2013 sensazione di pienezza dopo i pasti \u2013 difficolt\u00e0 nella digestione.<\/span><\/p>\n<p class=\"p3\"><span class=\"s1\"><b>Che cos\u2019\u00e8 l\u2019ulcera gastrica?<\/b><\/span><\/p>\n<p class=\"p1\"><span class=\"s1\">E\u2019 una lesione della parete dello stomaco o del duodeno. Spesso \u00e8 causata da un\u2019infiammazione non trattata o dall\u2019azione corrosiva dei succhi gastrici.<\/span><\/p>\n<p class=\"p1\"><span class=\"s1\"><b>Sintomi dell\u2019ulcera<\/b><\/span><\/p>\n<p class=\"p1\"><span class=\"s1\">Dolore addominale, spesso a digiuno o di notte \u2013 Bruciore di stomaco \u2013 Sangue nelle feci o nel vomito (nei casi pi\u00f9 gravi) \u2013 Perdita di peso inspiegabile.<\/span><\/p>\n<p class=\"p1\"><span class=\"s1\"><b>Come prevenire la gastrite e l\u2019ulcera<\/b><\/span><\/p>\n<p class=\"p1\"><span class=\"s1\">Mangiare in modo sano: limitare cibi troppo piccanti, grassi e fritti \u2013 Limitare uso di alcol e fumo \u2013 Evitare farmaci irritanti, o prenderli sotto controllo medico \u2013 Gestire lo stress \u2013 Fare controlli medici, soprattutto in caso di sintomi persistenti.<\/span><\/p>\n<p class=\"p1\"><span class=\"s1\"><b>Trattamento della gastrite e dell\u2019ulcera<\/b><\/span><\/p>\n<p class=\"p1\"><span class=\"s1\">Dipende dalla causa scatenante e dalla gravit\u00e0 della condizione. Si interviene prima con la terapia medica, mentre la chirurgia \u00e8 riservata ai casi pi\u00f9 gravi o complicati.<\/span><\/p>\n<p class=\"p1\"><span class=\"s1\"><b>Terapia Medica<\/b><\/span><\/p>\n<p class=\"p1\"><span class=\"s1\">La maggior parte dei casi di gastrite e ulcera pu\u00f2 essere trattata con farmaci e modifiche dello stile di vita.<\/span><\/p>\n<p class=\"p1\"><span class=\"s1\">Inibitori di Pompa Protonica (IPP): riducono la produzione di acido nello stomaco (es. omeprazolo, pantoprazolo) \u2013 Antiacidi: neutralizzano l\u2019acidit\u00e0 gastrica e alleviano il dolore \u2013 Protettori della mucosa: farmaci come il sucralfato aiutano a proteggere la parete dello stomaco \u2013 Antibiotici (se presente Helicobacter pylori): una combinazione di antibiotici con un inibitore di pompa \u2013 Sospensione dei farmaci dannosi: farmaci antinfiammatori (FANS), il medico potrebbe sostituirli con alternative meno aggressive per lo stomaco.<\/span><\/p>\n<p class=\"p1\"><span class=\"s1\"><b>Terapia Chirurgica<\/b><\/span><\/p>\n<p class=\"p1\"><span class=\"s1\">La chirurgia \u00e8 necessaria solo in casi particolari: ulcere complicate da sanguinamenti gravi, perforazione o ostruzione del tratto digestivo. Nella maggior parte dei casi, la terapia farmacologica \u00e8 sufficiente per guarire gastrite e ulcera, ma \u00e8 essenziale seguire le indicazioni mediche e adottare uno stile di vita sano. La chirurgia resta l\u2019ultima opzione, riservata a complicazioni gravi.<\/span><\/p>","protected":false},"excerpt":{"rendered":"<p>di Sandro Giannessi marzo 2025 Il mal di stomaco \u00e8 un disturbo molto comune, ma quando diventa persistente potrebbe essere segno di problemi pi\u00f9 seri, come la gastrite o l\u2019ulcera gastrica. Sapere di cosa si tratta, quali sono i sintomi e come prevenirli pu\u00f2 aiutare a migliorare [&hellip;]<\/p>","protected":false},"author":101017,"featured_media":0,"comment_status":"open","ping_status":"open","sticky":false,"template":"","format":"standard","meta":{"footnotes":""},"categories":[2,4679],"tags":[4783,4784,4780,4782,3712,3849,1432,2342,949,4781],"class_list":["post-9520","post","type-post","status-publish","format-standard","hentry","category-ag","category-guardiamoci-dentro","tag-gastrite","tag-guarire","tag-mal-di-stomaco","tag-qualita-della-vita","tag-sandro-giannessi","tag-sintomi","tag-terapia-chirurgica","tag-terapia-medica","tag-trattamento","tag-ulcera-gastrica"],"yoast_head":"<!-- This site is optimized with the Yoast SEO plugin v25.5 - https:\/\/yoast.com\/wordpress\/plugins\/seo\/ -->\n<title>Gastrite e ulcera: di cosa parliamo? - Noi di Qua Testata giornalistica e di attualit\u00e0 di Agliana, Montale e Quarrata.<\/title>\n<meta name=\"robots\" content=\"index, follow, max-snippet:-1, max-image-preview:large, max-video-preview:-1\" \/>\n<link rel=\"canonical\" href=\"https:\/\/www.noidiqua.it\/Agliana\/gastrite-e-ulcera-di-cosa-parliamo\/\" \/>\n<meta property=\"og:locale\" content=\"it_IT\" \/>\n<meta property=\"og:type\" content=\"article\" \/>\n<meta property=\"og:title\" content=\"Gastrite e ulcera: di cosa parliamo? - Noi di Qua Testata giornalistica e di attualit\u00e0 di Agliana, Montale e Quarrata.\" \/>\n<meta property=\"og:description\" content=\"di Sandro Giannessi marzo 2025 Il mal di stomaco \u00e8 un disturbo molto comune, ma quando diventa persistente potrebbe essere segno di problemi pi\u00f9 seri, come la gastrite o l\u2019ulcera gastrica. Sapere di cosa si tratta, quali sono i sintomi e come prevenirli pu\u00f2 aiutare a migliorare [&hellip;]\" \/>\n<meta property=\"og:url\" content=\"https:\/\/www.noidiqua.it\/Agliana\/gastrite-e-ulcera-di-cosa-parliamo\/\" \/>\n<meta property=\"og:site_name\" content=\"Noi di Qua Testata giornalistica e di attualit\u00e0 di Agliana, Montale e Quarrata.\" \/>\n<meta property=\"article:publisher\" content=\"https:\/\/www.facebook.com\/noidiqua.trimestrale\/\" \/>\n<meta property=\"article:published_time\" content=\"2025-03-13T10:14:40+00:00\" \/>\n<meta property=\"article:modified_time\" content=\"2025-04-18T09:15:19+00:00\" \/>\n<meta property=\"og:image\" content=\"https:\/\/www.noidiqua.it\/Agliana\/wp-content\/uploads\/2025\/04\/guardiamoci-dentro.png\" \/>\n<meta name=\"author\" content=\"Sandro Giannessi\" \/>\n<meta name=\"twitter:label1\" content=\"Scritto da\" \/>\n\t<meta name=\"twitter:data1\" content=\"Sandro Giannessi\" \/>\n\t<meta name=\"twitter:label2\" content=\"Tempo di lettura stimato\" \/>\n\t<meta name=\"twitter:data2\" content=\"2 minuti\" \/>\n<script type=\"application\/ld+json\" class=\"yoast-schema-graph\">{\"@context\":\"https:\/\/schema.org\",\"@graph\":[{\"@type\":\"WebPage\",\"@id\":\"https:\/\/www.noidiqua.it\/Agliana\/gastrite-e-ulcera-di-cosa-parliamo\/\",\"url\":\"https:\/\/www.noidiqua.it\/Agliana\/gastrite-e-ulcera-di-cosa-parliamo\/\",\"name\":\"Gastrite e ulcera: di cosa parliamo? - Noi di Qua Testata giornalistica e di attualit\u00e0 di Agliana, Montale e Quarrata.\",\"isPartOf\":{\"@id\":\"https:\/\/www.noidiqua.it\/Agliana\/#website\"},\"primaryImageOfPage\":{\"@id\":\"https:\/\/www.noidiqua.it\/Agliana\/gastrite-e-ulcera-di-cosa-parliamo\/#primaryimage\"},\"image\":{\"@id\":\"https:\/\/www.noidiqua.it\/Agliana\/gastrite-e-ulcera-di-cosa-parliamo\/#primaryimage\"},\"thumbnailUrl\":\"https:\/\/www.noidiqua.it\/Agliana\/wp-content\/uploads\/2025\/04\/guardiamoci-dentro.png\",\"datePublished\":\"2025-03-13T10:14:40+00:00\",\"dateModified\":\"2025-04-18T09:15:19+00:00\",\"author\":{\"@id\":\"https:\/\/www.noidiqua.it\/Agliana\/#\/schema\/person\/7cd258ff38a35274f96c8fb598ae3356\"},\"breadcrumb\":{\"@id\":\"https:\/\/www.noidiqua.it\/Agliana\/gastrite-e-ulcera-di-cosa-parliamo\/#breadcrumb\"},\"inLanguage\":\"it-IT\",\"potentialAction\":[{\"@type\":\"ReadAction\",\"target\":[\"https:\/\/www.noidiqua.it\/Agliana\/gastrite-e-ulcera-di-cosa-parliamo\/\"]}]},{\"@type\":\"ImageObject\",\"inLanguage\":\"it-IT\",\"@id\":\"https:\/\/www.noidiqua.it\/Agliana\/gastrite-e-ulcera-di-cosa-parliamo\/#primaryimage\",\"url\":\"https:\/\/www.noidiqua.it\/Agliana\/wp-content\/uploads\/2025\/04\/guardiamoci-dentro.png\",\"contentUrl\":\"https:\/\/www.noidiqua.it\/Agliana\/wp-content\/uploads\/2025\/04\/guardiamoci-dentro.png\",\"width\":496,\"height\":350},{\"@type\":\"BreadcrumbList\",\"@id\":\"https:\/\/www.noidiqua.it\/Agliana\/gastrite-e-ulcera-di-cosa-parliamo\/#breadcrumb\",\"itemListElement\":[{\"@type\":\"ListItem\",\"position\":1,\"name\":\"Home\",\"item\":\"https:\/\/www.noidiqua.it\/Agliana\/\"},{\"@type\":\"ListItem\",\"position\":2,\"name\":\"Gastrite e ulcera: di cosa parliamo?\"}]},{\"@type\":\"WebSite\",\"@id\":\"https:\/\/www.noidiqua.it\/Agliana\/#website\",\"url\":\"https:\/\/www.noidiqua.it\/Agliana\/\",\"name\":\"Noi di Qua Testata giornalistica e di attualit\u00e0 di Agliana, Montale e Quarrata.\",\"description\":\"Testata Giornalistica Quarrata Montale Agliana\",\"potentialAction\":[{\"@type\":\"SearchAction\",\"target\":{\"@type\":\"EntryPoint\",\"urlTemplate\":\"https:\/\/www.noidiqua.it\/Agliana\/?s={search_term_string}\"},\"query-input\":{\"@type\":\"PropertyValueSpecification\",\"valueRequired\":true,\"valueName\":\"search_term_string\"}}],\"inLanguage\":\"it-IT\"},{\"@type\":\"Person\",\"@id\":\"https:\/\/www.noidiqua.it\/Agliana\/#\/schema\/person\/7cd258ff38a35274f96c8fb598ae3356\",\"name\":\"Sandro Giannessi\",\"image\":{\"@type\":\"ImageObject\",\"inLanguage\":\"it-IT\",\"@id\":\"https:\/\/www.noidiqua.it\/Agliana\/#\/schema\/person\/image\/\",\"url\":\"https:\/\/secure.gravatar.com\/avatar\/4afd1fa6223137cbcf664644ca2a52d8d836901a546ac408d8a6e144b1df62d2?s=96&d=mm&r=g\",\"contentUrl\":\"https:\/\/secure.gravatar.com\/avatar\/4afd1fa6223137cbcf664644ca2a52d8d836901a546ac408d8a6e144b1df62d2?s=96&d=mm&r=g\",\"caption\":\"Sandro Giannessi\"},\"url\":\"https:\/\/www.noidiqua.it\/Agliana\/author\/sandro-giannessi\/\"}]}<\/script>\n<!-- \/ Yoast SEO plugin. -->","yoast_head_json":{"title":"Gastrite e ulcera: di cosa parliamo? - Noi di Qua Testata giornalistica e di attualit\u00e0 di Agliana, Montale e Quarrata.","robots":{"index":"index","follow":"follow","max-snippet":"max-snippet:-1","max-image-preview":"max-image-preview:large","max-video-preview":"max-video-preview:-1"},"canonical":"https:\/\/www.noidiqua.it\/Agliana\/gastrite-e-ulcera-di-cosa-parliamo\/","og_locale":"it_IT","og_type":"article","og_title":"Gastrite e ulcera: di cosa parliamo? - Noi di Qua Testata giornalistica e di attualit\u00e0 di Agliana, Montale e Quarrata.","og_description":"di Sandro Giannessi marzo 2025 Il mal di stomaco \u00e8 un disturbo molto comune, ma quando diventa persistente potrebbe essere segno di problemi pi\u00f9 seri, come la gastrite o l\u2019ulcera gastrica. Sapere di cosa si tratta, quali sono i sintomi e come prevenirli pu\u00f2 aiutare a migliorare [&hellip;]","og_url":"https:\/\/www.noidiqua.it\/Agliana\/gastrite-e-ulcera-di-cosa-parliamo\/","og_site_name":"Noi di Qua Testata giornalistica e di attualit\u00e0 di Agliana, Montale e Quarrata.","article_publisher":"https:\/\/www.facebook.com\/noidiqua.trimestrale\/","article_published_time":"2025-03-13T10:14:40+00:00","article_modified_time":"2025-04-18T09:15:19+00:00","og_image":[{"url":"https:\/\/www.noidiqua.it\/Agliana\/wp-content\/uploads\/2025\/04\/guardiamoci-dentro.png","type":"","width":"","height":""}],"author":"Sandro Giannessi","twitter_misc":{"Scritto da":"Sandro Giannessi","Tempo di lettura stimato":"2 minuti"},"schema":{"@context":"https:\/\/schema.org","@graph":[{"@type":"WebPage","@id":"https:\/\/www.noidiqua.it\/Agliana\/gastrite-e-ulcera-di-cosa-parliamo\/","url":"https:\/\/www.noidiqua.it\/Agliana\/gastrite-e-ulcera-di-cosa-parliamo\/","name":"Gastrite e ulcera: di cosa parliamo? - Noi di Qua Testata giornalistica e di attualit\u00e0 di Agliana, Montale e Quarrata.","isPartOf":{"@id":"https:\/\/www.noidiqua.it\/Agliana\/#website"},"primaryImageOfPage":{"@id":"https:\/\/www.noidiqua.it\/Agliana\/gastrite-e-ulcera-di-cosa-parliamo\/#primaryimage"},"image":{"@id":"https:\/\/www.noidiqua.it\/Agliana\/gastrite-e-ulcera-di-cosa-parliamo\/#primaryimage"},"thumbnailUrl":"https:\/\/www.noidiqua.it\/Agliana\/wp-content\/uploads\/2025\/04\/guardiamoci-dentro.png","datePublished":"2025-03-13T10:14:40+00:00","dateModified":"2025-04-18T09:15:19+00:00","author":{"@id":"https:\/\/www.noidiqua.it\/Agliana\/#\/schema\/person\/7cd258ff38a35274f96c8fb598ae3356"},"breadcrumb":{"@id":"https:\/\/www.noidiqua.it\/Agliana\/gastrite-e-ulcera-di-cosa-parliamo\/#breadcrumb"},"inLanguage":"it-IT","potentialAction":[{"@type":"ReadAction","target":["https:\/\/www.noidiqua.it\/Agliana\/gastrite-e-ulcera-di-cosa-parliamo\/"]}]},{"@type":"ImageObject","inLanguage":"it-IT","@id":"https:\/\/www.noidiqua.it\/Agliana\/gastrite-e-ulcera-di-cosa-parliamo\/#primaryimage","url":"https:\/\/www.noidiqua.it\/Agliana\/wp-content\/uploads\/2025\/04\/guardiamoci-dentro.png","contentUrl":"https:\/\/www.noidiqua.it\/Agliana\/wp-content\/uploads\/2025\/04\/guardiamoci-dentro.png","width":496,"height":350},{"@type":"BreadcrumbList","@id":"https:\/\/www.noidiqua.it\/Agliana\/gastrite-e-ulcera-di-cosa-parliamo\/#breadcrumb","itemListElement":[{"@type":"ListItem","position":1,"name":"Home","item":"https:\/\/www.noidiqua.it\/Agliana\/"},{"@type":"ListItem","position":2,"name":"Gastrite e ulcera: di cosa parliamo?"}]},{"@type":"WebSite","@id":"https:\/\/www.noidiqua.it\/Agliana\/#website","url":"https:\/\/www.noidiqua.it\/Agliana\/","name":"Noi di Qua Testata giornalistica e di attualit\u00e0 di Agliana, Montale e Quarrata.","description":"Testata Giornalistica Quarrata Montale Agliana","potentialAction":[{"@type":"SearchAction","target":{"@type":"EntryPoint","urlTemplate":"https:\/\/www.noidiqua.it\/Agliana\/?s={search_term_string}"},"query-input":{"@type":"PropertyValueSpecification","valueRequired":true,"valueName":"search_term_string"}}],"inLanguage":"it-IT"},{"@type":"Person","@id":"https:\/\/www.noidiqua.it\/Agliana\/#\/schema\/person\/7cd258ff38a35274f96c8fb598ae3356","name":"Sandro Giannessi","image":{"@type":"ImageObject","inLanguage":"it-IT","@id":"https:\/\/www.noidiqua.it\/Agliana\/#\/schema\/person\/image\/","url":"https:\/\/secure.gravatar.com\/avatar\/4afd1fa6223137cbcf664644ca2a52d8d836901a546ac408d8a6e144b1df62d2?s=96&d=mm&r=g","contentUrl":"https:\/\/secure.gravatar.com\/avatar\/4afd1fa6223137cbcf664644ca2a52d8d836901a546ac408d8a6e144b1df62d2?s=96&d=mm&r=g","caption":"Sandro Giannessi"},"url":"https:\/\/www.noidiqua.it\/Agliana\/author\/sandro-giannessi\/"}]}},"_links":{"self":[{"href":"https:\/\/www.noidiqua.it\/Agliana\/wp-json\/wp\/v2\/posts\/9520","targetHints":{"allow":["GET"]}}],"collection":[{"href":"https:\/\/www.noidiqua.it\/Agliana\/wp-json\/wp\/v2\/posts"}],"about":[{"href":"https:\/\/www.noidiqua.it\/Agliana\/wp-json\/wp\/v2\/types\/post"}],"author":[{"embeddable":true,"href":"https:\/\/www.noidiqua.it\/Agliana\/wp-json\/wp\/v2\/users\/101017"}],"replies":[{"embeddable":true,"href":"https:\/\/www.noidiqua.it\/Agliana\/wp-json\/wp\/v2\/comments?post=9520"}],"version-history":[{"count":1,"href":"https:\/\/www.noidiqua.it\/Agliana\/wp-json\/wp\/v2\/posts\/9520\/revisions"}],"predecessor-version":[{"id":9522,"href":"https:\/\/www.noidiqua.it\/Agliana\/wp-json\/wp\/v2\/posts\/9520\/revisions\/9522"}],"wp:attachment":[{"href":"https:\/\/www.noidiqua.it\/Agliana\/wp-json\/wp\/v2\/media?parent=9520"}],"wp:term":[{"taxonomy":"category","embeddable":true,"href":"https:\/\/www.noidiqua.it\/Agliana\/wp-json\/wp\/v2\/categories?post=9520"},{"taxonomy":"post_tag","embeddable":true,"href":"https:\/\/www.noidiqua.it\/Agliana\/wp-json\/wp\/v2\/tags?post=9520"}],"curies":[{"name":"wp","href":"https:\/\/api.w.org\/{rel}","templated":true}]}}