{"id":9535,"date":"2025-03-13T11:44:16","date_gmt":"2025-03-13T10:44:16","guid":{"rendered":"https:\/\/www.noidiqua.it\/Agliana\/?p=9535"},"modified":"2025-04-18T11:57:45","modified_gmt":"2025-04-18T09:57:45","slug":"i-brevi-di-noidiqua-40","status":"publish","type":"post","link":"https:\/\/www.noidiqua.it\/Agliana\/i-brevi-di-noidiqua-40\/","title":{"rendered":"I brevi di Noidiqua"},"content":{"rendered":"<p><em>di Redazione<\/em><\/p>\n<p><em>marzo 2025<\/em><\/p>\n<p><a href=\"https:\/\/www.noidiqua.it\/Agliana\/wp-content\/uploads\/2021\/04\/brevi.png\" rel=\"wp-prettyPhoto[9535]\"><img loading=\"lazy\" decoding=\"async\" class=\"aligncenter size-full wp-image-5751\" src=\"https:\/\/www.noidiqua.it\/Agliana\/wp-content\/uploads\/2021\/04\/brevi.png\" alt=\"\" width=\"473\" height=\"291\" srcset=\"https:\/\/www.noidiqua.it\/Agliana\/wp-content\/uploads\/2021\/04\/brevi.png 473w, https:\/\/www.noidiqua.it\/Agliana\/wp-content\/uploads\/2021\/04\/brevi-300x185.png 300w\" sizes=\"auto, (max-width: 473px) 100vw, 473px\" \/><\/a><\/p>\n<p class=\"p1\" style=\"text-align: justify;\"><span class=\"s1\"><b>Continuano le soddisfazioni letterarie per Federico Moss.<\/b><\/span><\/p>\n<p class=\"p1\" style=\"text-align: justify;\"><span class=\"s1\">Nel numero di settembre 2023, abbiamo portato alla vostra attenzione uno scrittore di Ferruccia di Agliana, <a href=\"https:\/\/www.noidiqua.it\/Agliana\/federico-moccia-il-talento-della-scrittura-ritrovato-per-caso\/\">Federico Moccia<\/a>, che nonostante la scoperta tardiva del proprio talento, ha recuperato il tempo perduto, diventando in breve un autore molto prolifico, diviso fra storie per bambini e adulti, usando gli pseudonimi: <i>Federico Emme<\/i> e <i>Federico Moss<\/i>. Chi volesse leggere la sua storia, la pu\u00f2 trovare su noidiqua.it. <\/span><span class=\"s1\">Noi non lo abbiamo perso di vista e sebbene siano passati appena due anni, ci sono novit\u00e0 interessanti. Nel luglio 2024 ha firmato un contratto con la casa editrice internazionale \u201cEdizioni WE\u201d, per la quale ha poi pubblicato il recente \u201cBrevi racconti per te\u201d, firmandosi Federico Moss. A febbraio 2025, durante la rassegna \u201cPremio Internazionale Michelangelo Buonarroti\u201d di Stazzema, ha ricevuto il \u201cDiploma d&#8217;onore con menzione d&#8217;encomio\u201d per il suo racconto \u201cLa Cartolina\u201d. Mentre a marzo ha partecipato alla rassegna letteraria \u201cTra arte e letteratura\u201d di Cremona.<\/span><\/p>\n<p class=\"p1\" style=\"text-align: justify;\"><span class=\"s1\"><i>Il libro \u201cBrevi racconti per te\u201d, lo si pu\u00f2 consultare nelle biblioteche comunali di Agliana, Quarrata e Montale. In alternativa: edizioniwe.com oppure amazon.it<\/i><\/span><\/p>\n<p style=\"text-align: justify;\">\n<p>&nbsp;<\/p>\n<p class=\"p1\" style=\"text-align: justify;\"><span class=\"s1\"><b>Il 15 febbraio, al Centro tecnico federale di Coverciano, \u00e8 stato premiato Tommaso Begliomini, vincitore del concorso \u201cUn poster per la pace\u201d per la Toscana, anno 2024-2025.<\/b> <\/span><\/p>\n<p class=\"p1\" style=\"text-align: justify;\"><span class=\"s1\">Tommaso \u00e8 aglianese e frequenta la classe seconda B della scuola media Bartolomeo Sestini di Agliana. \u201cUna esplosione di pace ci salver\u00e0\u201d \u00e8 la frase che accompagna il suo disegno, con una colomba che avvolge una bomba e ne impedisce l\u2019esplosione per far uscire un mondo a colori vivaci. Il concorso un \u201cPoster per la pace\u201d organizzato dal Lions Club International e realizzato in ambito locale dal Lions Club Quarrata Agliana pianura pistoiese, ha come titolo per l\u2019anno 2024-2025 \u201cPace senza limiti\u201d. <\/span><span class=\"s1\">Ha premiato Tommaso Begliomini il governatore distrettuale Lions Francesco Cottini con Antonio Santinacci, presidente del Lion club Quarrata Agliana pianura pistoiese. Tommaso Begliomini \u00e8 l\u2019unico alunno, tra i partecipanti al concorso, che rappresenter\u00e0 la Toscana alla selezione nazionale del concorso \u201cUn poster per la pace\u201d, con l\u2019auspicio che possa approdare anche alla selezione finale. Per il vincitore internazionale c\u2019\u00e8 un premio di 5.000 dollari ed il viaggio alla cerimonia di premiazione che si svolger\u00e0 nella sede dell\u2019Onu di New York. Nel distretto Lions 108La (che comprende la Toscana) c\u2019\u00e8 stato un significativo numero di adesioni al concorso: 22 club partecipanti con 71 scuole coinvolte. In totale hanno partecipato 6.331 alunni, gli elaborati ricevuti dalla commissione regionale sono 90. Nei comuni di Agliana e Quarrata quest\u2019anno sono stati circa 350 gli studenti delle scuole secondarie di primo grado coinvolti. Hanno partecipato il comprensivo Bartolomeo Sestini di Agliana e il comprensivo Bonaccorso da Montemagno di Quarrata.<\/span><\/p>\n<p style=\"text-align: justify;\">\n<p>&nbsp;<\/p>\n<p class=\"p1\" style=\"text-align: justify;\"><b>Terzo mandato alla guida dell\u2019Auser aglianese per Patrizia Esposito. <\/b><\/p>\n<p class=\"p1\" style=\"text-align: justify;\">Si \u00e8 svolto nella sala soci Coop di Agliana il congresso dei soci Auser, per il rinnovo delle cariche statutarie. Dopo la votazione dell&#8217;assemblea, Patrizia Esposito \u00e8 stata riconfermata presidente, per il terzo mandato consecutivo, con l\u2019unanimit\u00e0 dei voti. Vice presidente \u00e8 stata eletta Nicla Doni e la segretaria \u00e8 Vera Scoscini. Questi gli altri componenti del nuovo direttivo: Lauro Bartolini, Mario Gelli, Enrica Giani, Giuseppe Frosini, Romana Giacomelli, Marco Nistri, Antonio Gigliotti, Fabrizio Gori. Patrizia Esposito ha ricevuto gli auguri per il buon proseguimento del suo lavoro e i complimenti per essere stata rieletta all&#8217;unanimit\u00e0, da parte dell&#8217;assessore al sociale del comune di Agliana Greta Avvanzo e della presidente provinciale Auser Cristina Fattori. Patrizia Esposito ha ringraziato tutti per la fiducia accordatale e assicura che continuer\u00e0 ad adoperarsi per le persone sole e per chi ha necessit\u00e0 varie. Ha ringraziato poi tutti i volontari che fanno il servizio con l&#8217;auto, per l\u2019accompagnamento degli anziani che hanno necessit\u00e0 sanitarie o piccole esigenze quotidiane, le volontarie della sartoria sempre attive e tutti i soci.<\/p>\n<p style=\"text-align: justify;\">\n<p>&nbsp;<\/p>\n<p class=\"p1\" style=\"text-align: justify;\"><span class=\"s1\"><b>Fino al 31 maggio, nido aperto gratuitamente il sabato mattina una volta al mese e, in concomitanza, incontri per i genitori, tenuti da terapiste della neuro e psicomotricit\u00e0 dell\u2019et\u00e0 evolutiva. <\/b><\/span><\/p>\n<p class=\"p1\" style=\"text-align: justify;\"><span class=\"s1\">L\u2019apertura gratuita il sabato mattina \u00e8 riservata ai piccoli che gi\u00e0 frequentano i nidi comunali, mentre la partecipazione agli incontri \u00e8 aperta a tutti. Il progetto \u00e8 partito sabato 25 gennaio affrontando \u201cLe relazioni sociali nella prima infanzia, come si sviluppano e come promuoverle\u201d. Argomento del 22 febbraio \u201cPerch\u00e9 il mio bambino fa i capricci? La regolazione delle emozioni\u201d. Il 22 marzo argomento importantissimo per la prima infanzia, al quale forse non si presta la dovuta attenzione \u201cL\u2019esposizione agli schermi nella prima infanzia\u201d. Tema del 12 aprile \u201cIl movimento come motore dello sviluppo\u201d. Conclusione il 31 maggio con \u201cLo sviluppo del gioco nella prima infanzia\u201d. L\u2019orario \u00e8 dalle 10 alle 12. I genitori dei piccoli utenti, possono portare i figli al nido alle 9.30, seguire l\u2019incontro e riprenderli al termine. Gli eventi sono guidati dalle terapiste Laura Arcangeli e Rebecca Barbini. <\/span><\/p>\n<p style=\"text-align: justify;\">\n<p>&nbsp;<\/p>\n<p class=\"p1\" style=\"text-align: justify;\"><span class=\"s1\"><b>Dopo quarant&#8217;anni di carriera (di cui ventitr\u00e9 da Primario di Chirurgia), e oltre 8000 interventi, il dottor Sandro Giannessi ha appeso \u201cil bisturi al chiodo\u201d a marzo di quest&#8217;anno.<\/b><\/span><\/p>\n<p class=\"p1\" style=\"text-align: justify;\"><span class=\"s1\">Classe 1955 e originario di Pisa, Giannessi ha alle sue spalle una carriera ricca di soddisfazioni e di riconoscimenti. Fra i suoi incarichi ricordiamo che dal 2002 al 2004 \u00e8 stato Primario di Chirurgia generale dell\u2019ospedale di Castelnuovo Garfagnana e Barga, mentre dal 2005 fino al febbraio 2025, \u00e8 stato Primario del reparto di Chirurgia dell&#8217;ospedale San Jacopo di Pistoia. <i>\u00abHo cercato in particolare di privilegiare il rapporto umano con pazienti e familiari\u00bb <\/i>dice Giannessi, <i>\u00abper cercare di sostenerli in un momento delicato della loro vita. Ho anche costruito un rapporto molto bello con tutti i colleghi e il personale del San Jacopo, che continueranno l&#8217;ottimo lavoro iniziato insieme\u00bb. <\/i><\/span><span class=\"s1\">Oltre a questo, negli ultimi vent&#8217;anni Giannessi ha assunto importanti ruoli nelle varie societ\u00e0 scientifiche. In particolare \u00e8 stato presidente della Societ\u00e0 Tosco-Umbra di chirurgia e coordinatore ACOI Toscana (Associazione dei Chirurghi Ospedalieri Italiani), contribuendo allo sviluppo dell\u2019associazione, all&#8217;incremento di rapporti costruttivi con le istituzioni e favorendo la crescita culturale dei giovani chirurghi toscani. <\/span><span class=\"s1\">Da ora in avanti il dottore ricever\u00e0 in libera professione a Pistoia, presso la Casa di cura San Paolo e presso la sede della Misericordia.<\/span><\/p>\n<p class=\"p1\" style=\"text-align: justify;\"><span class=\"s1\">PS. Sandro \u00e8 anche uno dei nostri collaboratori e da due anni cura la rubrica \u201cGuardiamoci dentro\u201d, inserita in tutte e tre le edizioni di Noidiqua.<\/span><\/p>","protected":false},"excerpt":{"rendered":"<p>di Redazione marzo 2025 Continuano le soddisfazioni letterarie per Federico Moss. Nel numero di settembre 2023, abbiamo portato alla vostra attenzione uno scrittore di Ferruccia di Agliana, Federico Moccia, che nonostante la scoperta tardiva del proprio talento, ha recuperato il tempo perduto, diventando in breve un autore [&hellip;]<\/p>","protected":false},"author":11,"featured_media":0,"comment_status":"open","ping_status":"open","sticky":false,"template":"","format":"standard","meta":{"footnotes":""},"categories":[2,14],"tags":[4803,3838,3847,4804,3257,3712,4802],"class_list":["post-9535","post","type-post","status-publish","format-standard","hentry","category-ag","category-brevi-ndq-qt","tag-auser-aglianese","tag-federico-moccia","tag-federico-moss","tag-nido-aperto","tag-patrizia-esposito","tag-sandro-giannessi","tag-tommaso-begliomini"],"yoast_head":"<!-- This site is optimized with the Yoast SEO plugin v25.5 - https:\/\/yoast.com\/wordpress\/plugins\/seo\/ -->\n<title>I brevi di Noidiqua - Noi di Qua Testata giornalistica e di attualit\u00e0 di Agliana, Montale e Quarrata.<\/title>\n<meta name=\"robots\" content=\"index, follow, max-snippet:-1, max-image-preview:large, max-video-preview:-1\" \/>\n<link rel=\"canonical\" href=\"https:\/\/www.noidiqua.it\/Agliana\/i-brevi-di-noidiqua-40\/\" \/>\n<meta property=\"og:locale\" content=\"it_IT\" \/>\n<meta property=\"og:type\" content=\"article\" \/>\n<meta property=\"og:title\" content=\"I brevi di Noidiqua - Noi di Qua Testata giornalistica e di attualit\u00e0 di Agliana, Montale e Quarrata.\" \/>\n<meta property=\"og:description\" content=\"di Redazione marzo 2025 Continuano le soddisfazioni letterarie per Federico Moss. Nel numero di settembre 2023, abbiamo portato alla vostra attenzione uno scrittore di Ferruccia di Agliana, Federico Moccia, che nonostante la scoperta tardiva del proprio talento, ha recuperato il tempo perduto, diventando in breve un autore [&hellip;]\" \/>\n<meta property=\"og:url\" content=\"https:\/\/www.noidiqua.it\/Agliana\/i-brevi-di-noidiqua-40\/\" \/>\n<meta property=\"og:site_name\" content=\"Noi di Qua Testata giornalistica e di attualit\u00e0 di Agliana, Montale e Quarrata.\" \/>\n<meta property=\"article:publisher\" content=\"https:\/\/www.facebook.com\/noidiqua.trimestrale\/\" \/>\n<meta property=\"article:published_time\" content=\"2025-03-13T10:44:16+00:00\" \/>\n<meta property=\"article:modified_time\" content=\"2025-04-18T09:57:45+00:00\" \/>\n<meta property=\"og:image\" content=\"https:\/\/www.noidiqua.it\/Agliana\/wp-content\/uploads\/2021\/04\/brevi.png\" \/>\n<meta name=\"author\" content=\"Noidiqua\" \/>\n<meta name=\"twitter:label1\" content=\"Scritto da\" \/>\n\t<meta name=\"twitter:data1\" content=\"Noidiqua\" \/>\n\t<meta name=\"twitter:label2\" content=\"Tempo di lettura stimato\" \/>\n\t<meta name=\"twitter:data2\" content=\"5 minuti\" \/>\n<script type=\"application\/ld+json\" class=\"yoast-schema-graph\">{\"@context\":\"https:\/\/schema.org\",\"@graph\":[{\"@type\":\"WebPage\",\"@id\":\"https:\/\/www.noidiqua.it\/Agliana\/i-brevi-di-noidiqua-40\/\",\"url\":\"https:\/\/www.noidiqua.it\/Agliana\/i-brevi-di-noidiqua-40\/\",\"name\":\"I brevi di Noidiqua - Noi di Qua Testata giornalistica e di attualit\u00e0 di Agliana, Montale e Quarrata.\",\"isPartOf\":{\"@id\":\"https:\/\/www.noidiqua.it\/Agliana\/#website\"},\"primaryImageOfPage\":{\"@id\":\"https:\/\/www.noidiqua.it\/Agliana\/i-brevi-di-noidiqua-40\/#primaryimage\"},\"image\":{\"@id\":\"https:\/\/www.noidiqua.it\/Agliana\/i-brevi-di-noidiqua-40\/#primaryimage\"},\"thumbnailUrl\":\"https:\/\/www.noidiqua.it\/Agliana\/wp-content\/uploads\/2021\/04\/brevi.png\",\"datePublished\":\"2025-03-13T10:44:16+00:00\",\"dateModified\":\"2025-04-18T09:57:45+00:00\",\"author\":{\"@id\":\"https:\/\/www.noidiqua.it\/Agliana\/#\/schema\/person\/514fd9b1d14a0c719d001900ccd198a0\"},\"breadcrumb\":{\"@id\":\"https:\/\/www.noidiqua.it\/Agliana\/i-brevi-di-noidiqua-40\/#breadcrumb\"},\"inLanguage\":\"it-IT\",\"potentialAction\":[{\"@type\":\"ReadAction\",\"target\":[\"https:\/\/www.noidiqua.it\/Agliana\/i-brevi-di-noidiqua-40\/\"]}]},{\"@type\":\"ImageObject\",\"inLanguage\":\"it-IT\",\"@id\":\"https:\/\/www.noidiqua.it\/Agliana\/i-brevi-di-noidiqua-40\/#primaryimage\",\"url\":\"https:\/\/www.noidiqua.it\/Agliana\/wp-content\/uploads\/2021\/04\/brevi.png\",\"contentUrl\":\"https:\/\/www.noidiqua.it\/Agliana\/wp-content\/uploads\/2021\/04\/brevi.png\",\"width\":473,\"height\":291},{\"@type\":\"BreadcrumbList\",\"@id\":\"https:\/\/www.noidiqua.it\/Agliana\/i-brevi-di-noidiqua-40\/#breadcrumb\",\"itemListElement\":[{\"@type\":\"ListItem\",\"position\":1,\"name\":\"Home\",\"item\":\"https:\/\/www.noidiqua.it\/Agliana\/\"},{\"@type\":\"ListItem\",\"position\":2,\"name\":\"I brevi di Noidiqua\"}]},{\"@type\":\"WebSite\",\"@id\":\"https:\/\/www.noidiqua.it\/Agliana\/#website\",\"url\":\"https:\/\/www.noidiqua.it\/Agliana\/\",\"name\":\"Noi di Qua Testata giornalistica e di attualit\u00e0 di Agliana, Montale e Quarrata.\",\"description\":\"Testata Giornalistica Quarrata Montale Agliana\",\"potentialAction\":[{\"@type\":\"SearchAction\",\"target\":{\"@type\":\"EntryPoint\",\"urlTemplate\":\"https:\/\/www.noidiqua.it\/Agliana\/?s={search_term_string}\"},\"query-input\":{\"@type\":\"PropertyValueSpecification\",\"valueRequired\":true,\"valueName\":\"search_term_string\"}}],\"inLanguage\":\"it-IT\"},{\"@type\":\"Person\",\"@id\":\"https:\/\/www.noidiqua.it\/Agliana\/#\/schema\/person\/514fd9b1d14a0c719d001900ccd198a0\",\"name\":\"Noidiqua\",\"image\":{\"@type\":\"ImageObject\",\"inLanguage\":\"it-IT\",\"@id\":\"https:\/\/www.noidiqua.it\/Agliana\/#\/schema\/person\/image\/\",\"url\":\"https:\/\/secure.gravatar.com\/avatar\/57c38c8013923f27f46e913d45f086e963a1448a954bfc93d80df0ae6017f8ba?s=96&d=mm&r=g\",\"contentUrl\":\"https:\/\/secure.gravatar.com\/avatar\/57c38c8013923f27f46e913d45f086e963a1448a954bfc93d80df0ae6017f8ba?s=96&d=mm&r=g\",\"caption\":\"Noidiqua\"},\"url\":\"https:\/\/www.noidiqua.it\/Agliana\/author\/redazioneag\/\"}]}<\/script>\n<!-- \/ Yoast SEO plugin. -->","yoast_head_json":{"title":"I brevi di Noidiqua - Noi di Qua Testata giornalistica e di attualit\u00e0 di Agliana, Montale e Quarrata.","robots":{"index":"index","follow":"follow","max-snippet":"max-snippet:-1","max-image-preview":"max-image-preview:large","max-video-preview":"max-video-preview:-1"},"canonical":"https:\/\/www.noidiqua.it\/Agliana\/i-brevi-di-noidiqua-40\/","og_locale":"it_IT","og_type":"article","og_title":"I brevi di Noidiqua - Noi di Qua Testata giornalistica e di attualit\u00e0 di Agliana, Montale e Quarrata.","og_description":"di Redazione marzo 2025 Continuano le soddisfazioni letterarie per Federico Moss. Nel numero di settembre 2023, abbiamo portato alla vostra attenzione uno scrittore di Ferruccia di Agliana, Federico Moccia, che nonostante la scoperta tardiva del proprio talento, ha recuperato il tempo perduto, diventando in breve un autore [&hellip;]","og_url":"https:\/\/www.noidiqua.it\/Agliana\/i-brevi-di-noidiqua-40\/","og_site_name":"Noi di Qua Testata giornalistica e di attualit\u00e0 di Agliana, Montale e Quarrata.","article_publisher":"https:\/\/www.facebook.com\/noidiqua.trimestrale\/","article_published_time":"2025-03-13T10:44:16+00:00","article_modified_time":"2025-04-18T09:57:45+00:00","og_image":[{"url":"https:\/\/www.noidiqua.it\/Agliana\/wp-content\/uploads\/2021\/04\/brevi.png","type":"","width":"","height":""}],"author":"Noidiqua","twitter_misc":{"Scritto da":"Noidiqua","Tempo di lettura stimato":"5 minuti"},"schema":{"@context":"https:\/\/schema.org","@graph":[{"@type":"WebPage","@id":"https:\/\/www.noidiqua.it\/Agliana\/i-brevi-di-noidiqua-40\/","url":"https:\/\/www.noidiqua.it\/Agliana\/i-brevi-di-noidiqua-40\/","name":"I brevi di Noidiqua - Noi di Qua Testata giornalistica e di attualit\u00e0 di Agliana, Montale e Quarrata.","isPartOf":{"@id":"https:\/\/www.noidiqua.it\/Agliana\/#website"},"primaryImageOfPage":{"@id":"https:\/\/www.noidiqua.it\/Agliana\/i-brevi-di-noidiqua-40\/#primaryimage"},"image":{"@id":"https:\/\/www.noidiqua.it\/Agliana\/i-brevi-di-noidiqua-40\/#primaryimage"},"thumbnailUrl":"https:\/\/www.noidiqua.it\/Agliana\/wp-content\/uploads\/2021\/04\/brevi.png","datePublished":"2025-03-13T10:44:16+00:00","dateModified":"2025-04-18T09:57:45+00:00","author":{"@id":"https:\/\/www.noidiqua.it\/Agliana\/#\/schema\/person\/514fd9b1d14a0c719d001900ccd198a0"},"breadcrumb":{"@id":"https:\/\/www.noidiqua.it\/Agliana\/i-brevi-di-noidiqua-40\/#breadcrumb"},"inLanguage":"it-IT","potentialAction":[{"@type":"ReadAction","target":["https:\/\/www.noidiqua.it\/Agliana\/i-brevi-di-noidiqua-40\/"]}]},{"@type":"ImageObject","inLanguage":"it-IT","@id":"https:\/\/www.noidiqua.it\/Agliana\/i-brevi-di-noidiqua-40\/#primaryimage","url":"https:\/\/www.noidiqua.it\/Agliana\/wp-content\/uploads\/2021\/04\/brevi.png","contentUrl":"https:\/\/www.noidiqua.it\/Agliana\/wp-content\/uploads\/2021\/04\/brevi.png","width":473,"height":291},{"@type":"BreadcrumbList","@id":"https:\/\/www.noidiqua.it\/Agliana\/i-brevi-di-noidiqua-40\/#breadcrumb","itemListElement":[{"@type":"ListItem","position":1,"name":"Home","item":"https:\/\/www.noidiqua.it\/Agliana\/"},{"@type":"ListItem","position":2,"name":"I brevi di Noidiqua"}]},{"@type":"WebSite","@id":"https:\/\/www.noidiqua.it\/Agliana\/#website","url":"https:\/\/www.noidiqua.it\/Agliana\/","name":"Noi di Qua Testata giornalistica e di attualit\u00e0 di Agliana, Montale e Quarrata.","description":"Testata Giornalistica Quarrata Montale Agliana","potentialAction":[{"@type":"SearchAction","target":{"@type":"EntryPoint","urlTemplate":"https:\/\/www.noidiqua.it\/Agliana\/?s={search_term_string}"},"query-input":{"@type":"PropertyValueSpecification","valueRequired":true,"valueName":"search_term_string"}}],"inLanguage":"it-IT"},{"@type":"Person","@id":"https:\/\/www.noidiqua.it\/Agliana\/#\/schema\/person\/514fd9b1d14a0c719d001900ccd198a0","name":"Noidiqua","image":{"@type":"ImageObject","inLanguage":"it-IT","@id":"https:\/\/www.noidiqua.it\/Agliana\/#\/schema\/person\/image\/","url":"https:\/\/secure.gravatar.com\/avatar\/57c38c8013923f27f46e913d45f086e963a1448a954bfc93d80df0ae6017f8ba?s=96&d=mm&r=g","contentUrl":"https:\/\/secure.gravatar.com\/avatar\/57c38c8013923f27f46e913d45f086e963a1448a954bfc93d80df0ae6017f8ba?s=96&d=mm&r=g","caption":"Noidiqua"},"url":"https:\/\/www.noidiqua.it\/Agliana\/author\/redazioneag\/"}]}},"_links":{"self":[{"href":"https:\/\/www.noidiqua.it\/Agliana\/wp-json\/wp\/v2\/posts\/9535","targetHints":{"allow":["GET"]}}],"collection":[{"href":"https:\/\/www.noidiqua.it\/Agliana\/wp-json\/wp\/v2\/posts"}],"about":[{"href":"https:\/\/www.noidiqua.it\/Agliana\/wp-json\/wp\/v2\/types\/post"}],"author":[{"embeddable":true,"href":"https:\/\/www.noidiqua.it\/Agliana\/wp-json\/wp\/v2\/users\/11"}],"replies":[{"embeddable":true,"href":"https:\/\/www.noidiqua.it\/Agliana\/wp-json\/wp\/v2\/comments?post=9535"}],"version-history":[{"count":3,"href":"https:\/\/www.noidiqua.it\/Agliana\/wp-json\/wp\/v2\/posts\/9535\/revisions"}],"predecessor-version":[{"id":9538,"href":"https:\/\/www.noidiqua.it\/Agliana\/wp-json\/wp\/v2\/posts\/9535\/revisions\/9538"}],"wp:attachment":[{"href":"https:\/\/www.noidiqua.it\/Agliana\/wp-json\/wp\/v2\/media?parent=9535"}],"wp:term":[{"taxonomy":"category","embeddable":true,"href":"https:\/\/www.noidiqua.it\/Agliana\/wp-json\/wp\/v2\/categories?post=9535"},{"taxonomy":"post_tag","embeddable":true,"href":"https:\/\/www.noidiqua.it\/Agliana\/wp-json\/wp\/v2\/tags?post=9535"}],"curies":[{"name":"wp","href":"https:\/\/api.w.org\/{rel}","templated":true}]}}