{"id":9579,"date":"2025-06-12T11:42:14","date_gmt":"2025-06-12T09:42:14","guid":{"rendered":"https:\/\/www.noidiqua.it\/Agliana\/?p=9579"},"modified":"2025-10-27T15:57:05","modified_gmt":"2025-10-27T14:57:05","slug":"giochi-aglianesi-cosi-rinasce-e-si-amplia-il-torneo-dei-rioni","status":"publish","type":"post","link":"https:\/\/www.noidiqua.it\/Agliana\/giochi-aglianesi-cosi-rinasce-e-si-amplia-il-torneo-dei-rioni\/","title":{"rendered":"\u201cGiochi aglianesi\u201d &#8211; cos\u00ec rinasce e si amplia il Torneo dei rioni"},"content":{"rendered":"<p style=\"text-align: justify;\"><em>di Piera Salvi<\/em><\/p>\n<p style=\"text-align: justify;\"><em>giugno 2025<\/em><\/p>\n<p style=\"text-align: justify;\"><a href=\"https:\/\/www.noidiqua.it\/Agliana\/wp-content\/uploads\/2012\/08\/rioni-2.png\" rel=\"wp-prettyPhoto[9579]\"><img loading=\"lazy\" decoding=\"async\" class=\"aligncenter size-full wp-image-8325\" src=\"https:\/\/www.noidiqua.it\/Agliana\/wp-content\/uploads\/2012\/08\/rioni-2.png\" alt=\"\" width=\"502\" height=\"361\" srcset=\"https:\/\/www.noidiqua.it\/Agliana\/wp-content\/uploads\/2012\/08\/rioni-2.png 502w, https:\/\/www.noidiqua.it\/Agliana\/wp-content\/uploads\/2012\/08\/rioni-2-300x216.png 300w\" sizes=\"auto, (max-width: 502px) 100vw, 502px\" \/><\/a><em>Archivio foto: Adriano Tesi<\/em><\/p>\n<p class=\"p1\" style=\"text-align: justify;\"><span class=\"s1\">Dal 7 al 24 luglio nuova edizione del \u201c<strong>Torneo dei rioni<\/strong>\u201d. Dopo sei anni di stop il rilancio nella nuova versione \u201c<strong>Giochi aglianesi<\/strong>\u201d, con l\u2019apertura ad altri sport, nuovi confini rionali che hanno portato a formare sei rioni, nuova organizzazione affidata all\u2019associazione \u201c<strong>Coppa Vannino<\/strong>\u201d, presieduta da <strong>Francesco Fabbri<\/strong>. Ci sar\u00e0 anche un nuovo trofeo, realizzato in legno dai giovani artisti aglianesi <a href=\"https:\/\/www.noidiqua.it\/Agliana\/martina-fantacci-unartista-dietro-bancone\/\"><strong>Martina Fantacci<\/strong><\/a> e <strong>Riccardo Romiti<\/strong> (<i>foto in questo articolo<\/i>). Tante novit\u00e0 ma un punto fermo: il campanilismo che ha sempre animato i rioni, fino dalla prima edizione nel 1976, \u00e8 ancora acceso.<\/span><\/p>\n<p style=\"text-align: justify;\"><a href=\"https:\/\/www.noidiqua.it\/Agliana\/wp-content\/uploads\/2025\/07\/giochi-aglianesi-Fabbri.png\" rel=\"wp-prettyPhoto[9579]\"><img loading=\"lazy\" decoding=\"async\" class=\"aligncenter size-full wp-image-9580\" src=\"https:\/\/www.noidiqua.it\/Agliana\/wp-content\/uploads\/2025\/07\/giochi-aglianesi-Fabbri.png\" alt=\"\" width=\"504\" height=\"482\" srcset=\"https:\/\/www.noidiqua.it\/Agliana\/wp-content\/uploads\/2025\/07\/giochi-aglianesi-Fabbri.png 504w, https:\/\/www.noidiqua.it\/Agliana\/wp-content\/uploads\/2025\/07\/giochi-aglianesi-Fabbri-300x287.png 300w\" sizes=\"auto, (max-width: 504px) 100vw, 504px\" \/><\/a><\/p>\n<p class=\"p1\" style=\"text-align: justify;\"><span class=\"s1\">Francesco Fabbri ci ha spiegato le difficolt\u00e0 della riorganizzazione: <i>\u00abE&#8217; stato difficile parlare coi rioni non \u00e8 semplice, prevale il campanilismo che contraddistingue le generazioni pi\u00f9 legate al territorio. Abbiamo riconsiderato i confini in base alla nuova conformazione e alla densit\u00e0 abitativa del paese, era necessario rivedere certi aspetti del torneo. La nostra idea era salomonica: dividere per sei il numero di abitanti di Agliana, ma le polemiche ci sono state\u00bb<\/i>. <strong>Agliana<\/strong> ha circa 18mila abitanti e l\u2019ipotesi annunciata a dicembre 2024, quando venne comunicato il rilancio della manifestazione, era la suddivisione in sei rioni, ciascuno con circa tremila abitanti. <i>\u00abL&#8217;idea\u00bb<\/i> prosegue Fabbri <i>\u00absarebbe quella di creare una sorta di <strong>Olimpiadi di Agliana<\/strong>, ma \u00e8 l&#8217;anno zero e quindi abbiamo a malincuore scelto di rinunciare ad alcune discipline per mancanza di adesioni e di interesse diffuso nel paese. Alla fine \u00e8 sempre il calcio il traino principale che porta con s\u00e9 l&#8217;interesse per la manifestazione. Allestiremo un campo da basket 3&#215;3 nel recinto di ingresso dello stadio, nella speranza che in futuro anche questo sport venga preso in maggiore considerazione e che altre persone in futuro entrino nell&#8217;organizzazione, aiutandoci a sviluppare altre discipline. L&#8217;obiettivo \u00e8 coinvolgere una fetta sempre maggiore di sportivi e cittadini che provino piacere nel vedere rivivere il paese di Agliana, come sta succedendo da ormai tre anni per la Coppa Vannino. Il nostro impegno \u00e8 grande, ed \u00e8 prezioso l&#8217;aiuto di sponsor, amici e delle istituzioni, cos\u00ec come il giusto spirito goliardico e sportivo dei singoli rioni. Facciamo un passo alla volta e vediamo dove ci porter\u00e0 questa manifestazione\u00bb<\/i>. <\/span><\/p>\n<p class=\"p1\" style=\"text-align: justify;\"><span class=\"s1\">Ecco i rioni e i loro colori: Catena \u2013 biancoazzurro; Vacchereccia \u2013 biancorosso; Niccolao \u2013 giallorosso; Spedalino \u2013 rossoblu; Mercato \u2013 biancoverde; San Piero \u2013 giallonero. Rispetto ai vecchi confini, una parte del Niccolao \u00e8 composta dal nuovo rione Catena, anche il Mercato si riduce con il rione San Piero che comprende la parte centrale della frazione, mentre Vacchereccia e Ferruccia sono state inglobate nel nuovo rione Vacchereccia. <\/span><\/p>\n<p class=\"p1\" style=\"text-align: justify;\"><span class=\"s1\">Nei \u201cGiochi aglianesi\u201d oltre al calcio ci saranno il <strong>padel<\/strong>, il <strong>basket<\/strong> e i giochi senza frontiere per i bambini delle scuole primarie. Questo il calendario di calcio (giovanissimi, allievi e seniores): luned\u00ec 7, girone A Catena-Mercato; marted\u00ec 8 girone B San Piero-Spedalino; gioved\u00ec 10, girone A Mercato \u2013 Niccolao; venerd\u00ec 11, girone B Spedalino Vacchereccia; luned\u00ec 14 girone A Niccolao \u2013 Catena; marted\u00ec 15, girone B Vacchereccia \u2013 San Piero. Gioved\u00ec 17 e venerd\u00ec 18 spareggi, luned\u00ec 21 e marted\u00ec 22 semifinali. Mercoled\u00ec 23 finali di Giochi senza frontiere e Basket e gioved\u00ec 24 finali di calcio.<\/span><\/p>\n<p style=\"text-align: justify;\"><a href=\"https:\/\/www.noidiqua.it\/Agliana\/wp-content\/uploads\/2025\/07\/giochi-aglianesi-2.png\" rel=\"wp-prettyPhoto[9579]\"><img loading=\"lazy\" decoding=\"async\" class=\"aligncenter size-full wp-image-9581\" src=\"https:\/\/www.noidiqua.it\/Agliana\/wp-content\/uploads\/2025\/07\/giochi-aglianesi-2.png\" alt=\"\" width=\"495\" height=\"440\" srcset=\"https:\/\/www.noidiqua.it\/Agliana\/wp-content\/uploads\/2025\/07\/giochi-aglianesi-2.png 495w, https:\/\/www.noidiqua.it\/Agliana\/wp-content\/uploads\/2025\/07\/giochi-aglianesi-2-300x267.png 300w\" sizes=\"auto, (max-width: 495px) 100vw, 495px\" \/><\/a><\/p>\n<p class=\"p1\" style=\"text-align: justify;\"><span class=\"s1\">Il \u201cTorneo dei Rioni\u201d di Agliana era nato nel 1976 e and\u00f2 avanti fino al 1985. Nel 2012 venne rilanciato con successo e tra i promotori c\u2019erano <strong>Luca Benesperi<\/strong> (l\u2019attuale sindaco di Agliana) e l\u2019allora assessore allo sport Fabrizio Magazzini. Benesperi \u00e8 stato anche presidente del \u201cComitato dei rioni\u201d. L\u2019ultima edizione del \u201cTorneo\u201d risale al 2019, poi lo stop forzato per la pandemia e nel 2022 il Comitato si era sciolto. <\/span><\/p>","protected":false},"excerpt":{"rendered":"<p>di Piera Salvi giugno 2025 Archivio foto: Adriano Tesi Dal 7 al 24 luglio nuova edizione del \u201cTorneo dei rioni\u201d. Dopo sei anni di stop il rilancio nella nuova versione \u201cGiochi aglianesi\u201d, con l\u2019apertura ad altri sport, nuovi confini rionali che hanno portato a formare sei rioni, [&hellip;]<\/p>","protected":false},"author":13,"featured_media":0,"comment_status":"open","ping_status":"open","sticky":false,"template":"","format":"standard","meta":{"footnotes":""},"categories":[2,144],"tags":[37,46,4871,3679,4870,2104,1485,4873,4874,4872,358],"class_list":["post-9579","post","type-post","status-publish","format-standard","hentry","category-ag","category-lo-sport-di-qua","tag-ag-ag","tag-basket","tag-coppa-vannino","tag-francesco-fabbri","tag-giochi-aglianesi","tag-luca-benesperi","tag-martina-fantacci","tag-olimpiadi-di-agliana","tag-padel","tag-riccardo-romiti","tag-torneo-dei-rioni"],"yoast_head":"<!-- This site is optimized with the Yoast SEO plugin v25.5 - https:\/\/yoast.com\/wordpress\/plugins\/seo\/ -->\n<title>\u201cGiochi aglianesi\u201d - cos\u00ec rinasce e si amplia il Torneo dei rioni - Noi di Qua Testata giornalistica e di attualit\u00e0 di Agliana, Montale e Quarrata.<\/title>\n<meta name=\"robots\" content=\"index, follow, max-snippet:-1, max-image-preview:large, max-video-preview:-1\" \/>\n<link rel=\"canonical\" href=\"https:\/\/www.noidiqua.it\/Agliana\/giochi-aglianesi-cosi-rinasce-e-si-amplia-il-torneo-dei-rioni\/\" \/>\n<meta property=\"og:locale\" content=\"it_IT\" \/>\n<meta property=\"og:type\" content=\"article\" \/>\n<meta property=\"og:title\" content=\"\u201cGiochi aglianesi\u201d - cos\u00ec rinasce e si amplia il Torneo dei rioni - Noi di Qua Testata giornalistica e di attualit\u00e0 di Agliana, Montale e Quarrata.\" \/>\n<meta property=\"og:description\" content=\"di Piera Salvi giugno 2025 Archivio foto: Adriano Tesi Dal 7 al 24 luglio nuova edizione del \u201cTorneo dei rioni\u201d. Dopo sei anni di stop il rilancio nella nuova versione \u201cGiochi aglianesi\u201d, con l\u2019apertura ad altri sport, nuovi confini rionali che hanno portato a formare sei rioni, [&hellip;]\" \/>\n<meta property=\"og:url\" content=\"https:\/\/www.noidiqua.it\/Agliana\/giochi-aglianesi-cosi-rinasce-e-si-amplia-il-torneo-dei-rioni\/\" \/>\n<meta property=\"og:site_name\" content=\"Noi di Qua Testata giornalistica e di attualit\u00e0 di Agliana, Montale e Quarrata.\" \/>\n<meta property=\"article:publisher\" content=\"https:\/\/www.facebook.com\/noidiqua.trimestrale\/\" \/>\n<meta property=\"article:published_time\" content=\"2025-06-12T09:42:14+00:00\" \/>\n<meta property=\"article:modified_time\" content=\"2025-10-27T14:57:05+00:00\" \/>\n<meta property=\"og:image\" content=\"https:\/\/www.noidiqua.it\/Agliana\/wp-content\/uploads\/2012\/08\/rioni-2.png\" \/>\n\t<meta property=\"og:image:width\" content=\"502\" \/>\n\t<meta property=\"og:image:height\" content=\"361\" \/>\n\t<meta property=\"og:image:type\" content=\"image\/png\" \/>\n<meta name=\"author\" content=\"Piera Salvi\" \/>\n<meta name=\"twitter:label1\" content=\"Scritto da\" \/>\n\t<meta name=\"twitter:data1\" content=\"Piera Salvi\" \/>\n\t<meta name=\"twitter:label2\" content=\"Tempo di lettura stimato\" \/>\n\t<meta name=\"twitter:data2\" content=\"4 minuti\" \/>\n<script type=\"application\/ld+json\" class=\"yoast-schema-graph\">{\"@context\":\"https:\/\/schema.org\",\"@graph\":[{\"@type\":\"WebPage\",\"@id\":\"https:\/\/www.noidiqua.it\/Agliana\/giochi-aglianesi-cosi-rinasce-e-si-amplia-il-torneo-dei-rioni\/\",\"url\":\"https:\/\/www.noidiqua.it\/Agliana\/giochi-aglianesi-cosi-rinasce-e-si-amplia-il-torneo-dei-rioni\/\",\"name\":\"\u201cGiochi aglianesi\u201d - cos\u00ec rinasce e si amplia il Torneo dei rioni - Noi di Qua Testata giornalistica e di attualit\u00e0 di Agliana, Montale e Quarrata.\",\"isPartOf\":{\"@id\":\"https:\/\/www.noidiqua.it\/Agliana\/#website\"},\"primaryImageOfPage\":{\"@id\":\"https:\/\/www.noidiqua.it\/Agliana\/giochi-aglianesi-cosi-rinasce-e-si-amplia-il-torneo-dei-rioni\/#primaryimage\"},\"image\":{\"@id\":\"https:\/\/www.noidiqua.it\/Agliana\/giochi-aglianesi-cosi-rinasce-e-si-amplia-il-torneo-dei-rioni\/#primaryimage\"},\"thumbnailUrl\":\"https:\/\/www.noidiqua.it\/Agliana\/wp-content\/uploads\/2012\/08\/rioni-2.png\",\"datePublished\":\"2025-06-12T09:42:14+00:00\",\"dateModified\":\"2025-10-27T14:57:05+00:00\",\"author\":{\"@id\":\"https:\/\/www.noidiqua.it\/Agliana\/#\/schema\/person\/bb7515c2330bb1137f247276096fa7dc\"},\"breadcrumb\":{\"@id\":\"https:\/\/www.noidiqua.it\/Agliana\/giochi-aglianesi-cosi-rinasce-e-si-amplia-il-torneo-dei-rioni\/#breadcrumb\"},\"inLanguage\":\"it-IT\",\"potentialAction\":[{\"@type\":\"ReadAction\",\"target\":[\"https:\/\/www.noidiqua.it\/Agliana\/giochi-aglianesi-cosi-rinasce-e-si-amplia-il-torneo-dei-rioni\/\"]}]},{\"@type\":\"ImageObject\",\"inLanguage\":\"it-IT\",\"@id\":\"https:\/\/www.noidiqua.it\/Agliana\/giochi-aglianesi-cosi-rinasce-e-si-amplia-il-torneo-dei-rioni\/#primaryimage\",\"url\":\"https:\/\/www.noidiqua.it\/Agliana\/wp-content\/uploads\/2012\/08\/rioni-2.png\",\"contentUrl\":\"https:\/\/www.noidiqua.it\/Agliana\/wp-content\/uploads\/2012\/08\/rioni-2.png\",\"width\":502,\"height\":361},{\"@type\":\"BreadcrumbList\",\"@id\":\"https:\/\/www.noidiqua.it\/Agliana\/giochi-aglianesi-cosi-rinasce-e-si-amplia-il-torneo-dei-rioni\/#breadcrumb\",\"itemListElement\":[{\"@type\":\"ListItem\",\"position\":1,\"name\":\"Home\",\"item\":\"https:\/\/www.noidiqua.it\/Agliana\/\"},{\"@type\":\"ListItem\",\"position\":2,\"name\":\"\u201cGiochi aglianesi\u201d &#8211; cos\u00ec rinasce e si amplia il Torneo dei rioni\"}]},{\"@type\":\"WebSite\",\"@id\":\"https:\/\/www.noidiqua.it\/Agliana\/#website\",\"url\":\"https:\/\/www.noidiqua.it\/Agliana\/\",\"name\":\"Noi di Qua Testata giornalistica e di attualit\u00e0 di Agliana, Montale e Quarrata.\",\"description\":\"Testata Giornalistica Quarrata Montale Agliana\",\"potentialAction\":[{\"@type\":\"SearchAction\",\"target\":{\"@type\":\"EntryPoint\",\"urlTemplate\":\"https:\/\/www.noidiqua.it\/Agliana\/?s={search_term_string}\"},\"query-input\":{\"@type\":\"PropertyValueSpecification\",\"valueRequired\":true,\"valueName\":\"search_term_string\"}}],\"inLanguage\":\"it-IT\"},{\"@type\":\"Person\",\"@id\":\"https:\/\/www.noidiqua.it\/Agliana\/#\/schema\/person\/bb7515c2330bb1137f247276096fa7dc\",\"name\":\"Piera Salvi\",\"image\":{\"@type\":\"ImageObject\",\"inLanguage\":\"it-IT\",\"@id\":\"https:\/\/www.noidiqua.it\/Agliana\/#\/schema\/person\/image\/\",\"url\":\"https:\/\/secure.gravatar.com\/avatar\/2f9b1fb6e13f3b3e63bde435d999a73be036e320f7a0f5f32f9ac21859d999cd?s=96&d=mm&r=g\",\"contentUrl\":\"https:\/\/secure.gravatar.com\/avatar\/2f9b1fb6e13f3b3e63bde435d999a73be036e320f7a0f5f32f9ac21859d999cd?s=96&d=mm&r=g\",\"caption\":\"Piera Salvi\"},\"url\":\"https:\/\/www.noidiqua.it\/Agliana\/author\/piera-salvi\/\"}]}<\/script>\n<!-- \/ Yoast SEO plugin. -->","yoast_head_json":{"title":"\u201cGiochi aglianesi\u201d - cos\u00ec rinasce e si amplia il Torneo dei rioni - Noi di Qua Testata giornalistica e di attualit\u00e0 di Agliana, Montale e Quarrata.","robots":{"index":"index","follow":"follow","max-snippet":"max-snippet:-1","max-image-preview":"max-image-preview:large","max-video-preview":"max-video-preview:-1"},"canonical":"https:\/\/www.noidiqua.it\/Agliana\/giochi-aglianesi-cosi-rinasce-e-si-amplia-il-torneo-dei-rioni\/","og_locale":"it_IT","og_type":"article","og_title":"\u201cGiochi aglianesi\u201d - cos\u00ec rinasce e si amplia il Torneo dei rioni - Noi di Qua Testata giornalistica e di attualit\u00e0 di Agliana, Montale e Quarrata.","og_description":"di Piera Salvi giugno 2025 Archivio foto: Adriano Tesi Dal 7 al 24 luglio nuova edizione del \u201cTorneo dei rioni\u201d. Dopo sei anni di stop il rilancio nella nuova versione \u201cGiochi aglianesi\u201d, con l\u2019apertura ad altri sport, nuovi confini rionali che hanno portato a formare sei rioni, [&hellip;]","og_url":"https:\/\/www.noidiqua.it\/Agliana\/giochi-aglianesi-cosi-rinasce-e-si-amplia-il-torneo-dei-rioni\/","og_site_name":"Noi di Qua Testata giornalistica e di attualit\u00e0 di Agliana, Montale e Quarrata.","article_publisher":"https:\/\/www.facebook.com\/noidiqua.trimestrale\/","article_published_time":"2025-06-12T09:42:14+00:00","article_modified_time":"2025-10-27T14:57:05+00:00","og_image":[{"width":502,"height":361,"url":"https:\/\/www.noidiqua.it\/Agliana\/wp-content\/uploads\/2012\/08\/rioni-2.png","type":"image\/png"}],"author":"Piera Salvi","twitter_misc":{"Scritto da":"Piera Salvi","Tempo di lettura stimato":"4 minuti"},"schema":{"@context":"https:\/\/schema.org","@graph":[{"@type":"WebPage","@id":"https:\/\/www.noidiqua.it\/Agliana\/giochi-aglianesi-cosi-rinasce-e-si-amplia-il-torneo-dei-rioni\/","url":"https:\/\/www.noidiqua.it\/Agliana\/giochi-aglianesi-cosi-rinasce-e-si-amplia-il-torneo-dei-rioni\/","name":"\u201cGiochi aglianesi\u201d - cos\u00ec rinasce e si amplia il Torneo dei rioni - Noi di Qua Testata giornalistica e di attualit\u00e0 di Agliana, Montale e Quarrata.","isPartOf":{"@id":"https:\/\/www.noidiqua.it\/Agliana\/#website"},"primaryImageOfPage":{"@id":"https:\/\/www.noidiqua.it\/Agliana\/giochi-aglianesi-cosi-rinasce-e-si-amplia-il-torneo-dei-rioni\/#primaryimage"},"image":{"@id":"https:\/\/www.noidiqua.it\/Agliana\/giochi-aglianesi-cosi-rinasce-e-si-amplia-il-torneo-dei-rioni\/#primaryimage"},"thumbnailUrl":"https:\/\/www.noidiqua.it\/Agliana\/wp-content\/uploads\/2012\/08\/rioni-2.png","datePublished":"2025-06-12T09:42:14+00:00","dateModified":"2025-10-27T14:57:05+00:00","author":{"@id":"https:\/\/www.noidiqua.it\/Agliana\/#\/schema\/person\/bb7515c2330bb1137f247276096fa7dc"},"breadcrumb":{"@id":"https:\/\/www.noidiqua.it\/Agliana\/giochi-aglianesi-cosi-rinasce-e-si-amplia-il-torneo-dei-rioni\/#breadcrumb"},"inLanguage":"it-IT","potentialAction":[{"@type":"ReadAction","target":["https:\/\/www.noidiqua.it\/Agliana\/giochi-aglianesi-cosi-rinasce-e-si-amplia-il-torneo-dei-rioni\/"]}]},{"@type":"ImageObject","inLanguage":"it-IT","@id":"https:\/\/www.noidiqua.it\/Agliana\/giochi-aglianesi-cosi-rinasce-e-si-amplia-il-torneo-dei-rioni\/#primaryimage","url":"https:\/\/www.noidiqua.it\/Agliana\/wp-content\/uploads\/2012\/08\/rioni-2.png","contentUrl":"https:\/\/www.noidiqua.it\/Agliana\/wp-content\/uploads\/2012\/08\/rioni-2.png","width":502,"height":361},{"@type":"BreadcrumbList","@id":"https:\/\/www.noidiqua.it\/Agliana\/giochi-aglianesi-cosi-rinasce-e-si-amplia-il-torneo-dei-rioni\/#breadcrumb","itemListElement":[{"@type":"ListItem","position":1,"name":"Home","item":"https:\/\/www.noidiqua.it\/Agliana\/"},{"@type":"ListItem","position":2,"name":"\u201cGiochi aglianesi\u201d &#8211; cos\u00ec rinasce e si amplia il Torneo dei rioni"}]},{"@type":"WebSite","@id":"https:\/\/www.noidiqua.it\/Agliana\/#website","url":"https:\/\/www.noidiqua.it\/Agliana\/","name":"Noi di Qua Testata giornalistica e di attualit\u00e0 di Agliana, Montale e Quarrata.","description":"Testata Giornalistica Quarrata Montale Agliana","potentialAction":[{"@type":"SearchAction","target":{"@type":"EntryPoint","urlTemplate":"https:\/\/www.noidiqua.it\/Agliana\/?s={search_term_string}"},"query-input":{"@type":"PropertyValueSpecification","valueRequired":true,"valueName":"search_term_string"}}],"inLanguage":"it-IT"},{"@type":"Person","@id":"https:\/\/www.noidiqua.it\/Agliana\/#\/schema\/person\/bb7515c2330bb1137f247276096fa7dc","name":"Piera Salvi","image":{"@type":"ImageObject","inLanguage":"it-IT","@id":"https:\/\/www.noidiqua.it\/Agliana\/#\/schema\/person\/image\/","url":"https:\/\/secure.gravatar.com\/avatar\/2f9b1fb6e13f3b3e63bde435d999a73be036e320f7a0f5f32f9ac21859d999cd?s=96&d=mm&r=g","contentUrl":"https:\/\/secure.gravatar.com\/avatar\/2f9b1fb6e13f3b3e63bde435d999a73be036e320f7a0f5f32f9ac21859d999cd?s=96&d=mm&r=g","caption":"Piera Salvi"},"url":"https:\/\/www.noidiqua.it\/Agliana\/author\/piera-salvi\/"}]}},"_links":{"self":[{"href":"https:\/\/www.noidiqua.it\/Agliana\/wp-json\/wp\/v2\/posts\/9579","targetHints":{"allow":["GET"]}}],"collection":[{"href":"https:\/\/www.noidiqua.it\/Agliana\/wp-json\/wp\/v2\/posts"}],"about":[{"href":"https:\/\/www.noidiqua.it\/Agliana\/wp-json\/wp\/v2\/types\/post"}],"author":[{"embeddable":true,"href":"https:\/\/www.noidiqua.it\/Agliana\/wp-json\/wp\/v2\/users\/13"}],"replies":[{"embeddable":true,"href":"https:\/\/www.noidiqua.it\/Agliana\/wp-json\/wp\/v2\/comments?post=9579"}],"version-history":[{"count":4,"href":"https:\/\/www.noidiqua.it\/Agliana\/wp-json\/wp\/v2\/posts\/9579\/revisions"}],"predecessor-version":[{"id":9597,"href":"https:\/\/www.noidiqua.it\/Agliana\/wp-json\/wp\/v2\/posts\/9579\/revisions\/9597"}],"wp:attachment":[{"href":"https:\/\/www.noidiqua.it\/Agliana\/wp-json\/wp\/v2\/media?parent=9579"}],"wp:term":[{"taxonomy":"category","embeddable":true,"href":"https:\/\/www.noidiqua.it\/Agliana\/wp-json\/wp\/v2\/categories?post=9579"},{"taxonomy":"post_tag","embeddable":true,"href":"https:\/\/www.noidiqua.it\/Agliana\/wp-json\/wp\/v2\/tags?post=9579"}],"curies":[{"name":"wp","href":"https:\/\/api.w.org\/{rel}","templated":true}]}}