{"id":9591,"date":"2025-06-12T12:05:40","date_gmt":"2025-06-12T10:05:40","guid":{"rendered":"https:\/\/www.noidiqua.it\/Agliana\/?p=9591"},"modified":"2025-07-17T12:50:49","modified_gmt":"2025-07-17T10:50:49","slug":"asma-e-sport-sono-incompatibili","status":"publish","type":"post","link":"https:\/\/www.noidiqua.it\/Agliana\/asma-e-sport-sono-incompatibili\/","title":{"rendered":"Asma e sport sono incompatibili?"},"content":{"rendered":"<p><em>di Paola Maria Mandelli<\/em><\/p>\n<p><em>giugno 2025<\/em><\/p>\n<p><a href=\"https:\/\/www.noidiqua.it\/Agliana\/wp-content\/uploads\/2025\/07\/una-mela-al-giorno.png\" rel=\"wp-prettyPhoto[9591]\"><img loading=\"lazy\" decoding=\"async\" class=\"aligncenter size-full wp-image-9592\" src=\"https:\/\/www.noidiqua.it\/Agliana\/wp-content\/uploads\/2025\/07\/una-mela-al-giorno.png\" alt=\"\" width=\"505\" height=\"346\" srcset=\"https:\/\/www.noidiqua.it\/Agliana\/wp-content\/uploads\/2025\/07\/una-mela-al-giorno.png 505w, https:\/\/www.noidiqua.it\/Agliana\/wp-content\/uploads\/2025\/07\/una-mela-al-giorno-300x206.png 300w\" sizes=\"auto, (max-width: 505px) 100vw, 505px\" \/><\/a><\/p>\n<p class=\"p1\" style=\"text-align: justify;\"><span class=\"s1\">L\u2019idea che chi soffre di asma debba rinunciare all\u2019attivit\u00e0 sportiva \u00e8 molto diffusa, ma non corrisponde alla realt\u00e0.\u00a0<\/span><span class=\"s2\"><b>Con le giuste precauzioni, l\u2019esercizio fisico non solo \u00e8 possibile, ma pu\u00f2 addirittura aiutare a migliorare il controllo di questa patologia<\/b><\/span><span class=\"s1\"><b>.<\/b>\u00a0L\u2019importante \u00e8 scegliere l\u2019attivit\u00e0 adatta, seguire i consigli del medico e sapere come prevenire eventuali sintomi.<\/span>\u00a0<span class=\"s1\">In occasione della Giornata Mondiale dell\u2019Asma, che si celebra ogni anno il primo marted\u00ec di maggio, cerchiamo di capire quali sono gli aspetti pi\u00f9 importanti da tenere in considerazione.<\/span><\/p>\n<p class=\"p1\" style=\"text-align: justify;\"><span class=\"s3\"><b>\u2022\u00a0<\/b><\/span><span class=\"s1\"><b>Chi soffre di asma pu\u00f2 praticare sport senza rischi?<\/b><\/span><\/p>\n<p class=\"p1\" style=\"text-align: justify;\"><span class=\"s1\">S\u00ec, purch\u00e9 questa sia ben controllata. Fare attivit\u00e0 fisica \u00e8 infatti sempre raccomandato,\u00a0<\/span><span class=\"s2\"><b>perch\u00e9\u00a0migliora la funzione polmonare, rinforza i muscoli respiratori e aumenta la resistenza<\/b><\/span><span class=\"s1\">. Per\u00f2, prima di iniziare,\u00a0<\/span><span class=\"s2\"><b>\u00e8 fondamentale consultare il medico<\/b><\/span><span class=\"s1\">\u00a0per valutare il grado di controllo della malattia e, se necessario, adattare la terapia.<\/span><\/p>\n<p class=\"p1\" style=\"text-align: justify;\"><span class=\"s1\"><b>\u2022 Vale anche per chi soffre di asma da sforzo?<\/b><\/span><\/p>\n<p class=\"p1\" style=\"text-align: justify;\"><span class=\"s1\">Molte persone con broncospasmo, manifestano sintomi durante l\u2019esercizio fisico o quando svolgono attivit\u00e0 fisicamente impegnative. Questa condizione, che interessa circa il 90% degli asmatici, \u00e8 chiamata asma da sforzo o asma da esercizio fisico. Anche in questo caso, tuttavia,\u00a0<\/span><span class=\"s2\"><b>non si tratta di una condizione che obbliga a rinunciare all\u2019attivit\u00e0 fisica<\/b><\/span><span class=\"s1\">. Come sottolineano gli esperti dell\u2019American Lung Association, molti atleti olimpici e sportivi professionisti hanno questo problema e riescono comunque ad allenarsi e a ottenere importanti risultati. Ricordo David Beckham, Giorgio Di Centa, Federica Pellegrini e Miguel Indurain. L\u2019importante, di nuovo,\u00a0<\/span><span class=\"s2\"><b>\u00e8\u00a0controllare adeguatamente i sintomi<\/b><\/span><span class=\"s1\">.<\/span><\/p>\n<p class=\"p1\" style=\"text-align: justify;\"><span class=\"s1\"><b>\u2022 Esistono degli sport che sono pi\u00f9 indicati?<\/b><\/span><\/p>\n<p class=\"p1\" style=\"text-align: justify;\"><span class=\"s1\">La maggior parte degli sport \u00e8 praticabile,\u00a0<\/span><span class=\"s2\"><b>ma\u00a0si consiglia di preferire l\u2019attivit\u00e0 aerobica<\/b><\/span><span class=\"s1\">\u00a0\u2013 come ad esempio il nuoto, la corsa, il ciclismo \u2013 moderata e regolare, che migliora la capacit\u00e0 respiratoria e aiuta a gestire l\u2019infiammazione.\u00a0<\/span><span class=\"s2\"><b>Sono invece sconsigliati sport estremi<\/b><\/span><span class=\"s1\">\u00a0come parapendio, deltaplano, paracadutismo, alpinismo in alta quota e immersioni subacquee, a causa dei rischi ambientali e della difficolt\u00e0 di assistenza immediata.<\/span><\/p>\n<p class=\"p1\" style=\"text-align: justify;\"><span class=\"s1\"><b>\u2022 Come va praticato lo sport?<\/b><\/span><\/p>\n<p class=\"p1\" style=\"text-align: justify;\"><span class=\"s2\"><b>\u00c8 importante fare un adeguato riscaldamento prima dell\u2019attivit\u00e0 fisica e un defaticamento al termine<\/b><\/span><span class=\"s1\">. Inoltre, nei giorni pi\u00f9 freddi o in presenza di sostanze che possono scatenare allergie, come i pollini, pu\u00f2 essere utile praticare sport al chiuso . Se il medico ha prescritto un farmaco broncodilatatore da usare prima dello sforzo, \u00e8 bene rispettare le indicazioni.\u00a0<\/span><span class=\"s2\"><b>Avere sempre il farmaco a portata di mano<\/b><\/span><span class=\"s1\">\u00a0durante l\u2019attivit\u00e0, poi, \u00e8 una misura di sicurezza in caso di bisogno.<\/span><\/p>\n<p class=\"p1\" style=\"text-align: justify;\"><span class=\"s1\"><b>\u2022 Quali segnali indicano che l\u2019attivit\u00e0 fisica va interrotta?<\/b><\/span><\/p>\n<p class=\"p1\" style=\"text-align: justify;\"><span class=\"s1\">Se compaiono sintomi\u00a0<\/span><span class=\"s2\"><b>come\u00a0fiato corto eccessivo, tosse persistente, senso di costrizione toracica o difficolt\u00e0 a parlare<\/b><\/span><span class=\"s1\">\u00a0mentre si pratica sport, \u00e8 meglio ridurre l\u2019intensit\u00e0 dell\u2019esercizio e, in caso, fermarsi. Se poi i sintomi non dovessero migliorare rapidamente, \u00e8 meglio utilizzare il farmaco di emergenza prescritto.<\/span><\/p>","protected":false},"excerpt":{"rendered":"<p>di Paola Maria Mandelli giugno 2025 L\u2019idea che chi soffre di asma debba rinunciare all\u2019attivit\u00e0 sportiva \u00e8 molto diffusa, ma non corrisponde alla realt\u00e0.\u00a0Con le giuste precauzioni, l\u2019esercizio fisico non solo \u00e8 possibile, ma pu\u00f2 addirittura aiutare a migliorare il controllo di questa patologia.\u00a0L\u2019importante \u00e8 scegliere l\u2019attivit\u00e0 [&hellip;]<\/p>","protected":false},"author":101014,"featured_media":0,"comment_status":"open","ping_status":"open","sticky":false,"template":"","format":"standard","meta":{"footnotes":""},"categories":[1],"tags":[4882,4891,4886,4888,4884,4890,4885,4889,3429,3153,4883,125,4887,133],"class_list":["post-9591","post","type-post","status-publish","format-standard","hentry","category-senza-categoria","tag-asma","tag-broncodilatatore","tag-broncospasmo","tag-defaticamento","tag-esercizio-fisico","tag-farmaco","tag-funzione-polmonare","tag-interrotta","tag-medico","tag-paola-maria-mandelli","tag-praticare","tag-sport","tag-sport-estremi","tag-una-mela-al-giorno"],"yoast_head":"<!-- This site is optimized with the Yoast SEO plugin v25.5 - https:\/\/yoast.com\/wordpress\/plugins\/seo\/ -->\n<title>Asma e sport sono incompatibili? - Noi di Qua Testata giornalistica e di attualit\u00e0 di Agliana, Montale e Quarrata.<\/title>\n<meta name=\"robots\" content=\"index, follow, max-snippet:-1, max-image-preview:large, max-video-preview:-1\" \/>\n<link rel=\"canonical\" href=\"https:\/\/www.noidiqua.it\/Agliana\/asma-e-sport-sono-incompatibili\/\" \/>\n<meta property=\"og:locale\" content=\"it_IT\" \/>\n<meta property=\"og:type\" content=\"article\" \/>\n<meta property=\"og:title\" content=\"Asma e sport sono incompatibili? - Noi di Qua Testata giornalistica e di attualit\u00e0 di Agliana, Montale e Quarrata.\" \/>\n<meta property=\"og:description\" content=\"di Paola Maria Mandelli giugno 2025 L\u2019idea che chi soffre di asma debba rinunciare all\u2019attivit\u00e0 sportiva \u00e8 molto diffusa, ma non corrisponde alla realt\u00e0.\u00a0Con le giuste precauzioni, l\u2019esercizio fisico non solo \u00e8 possibile, ma pu\u00f2 addirittura aiutare a migliorare il controllo di questa patologia.\u00a0L\u2019importante \u00e8 scegliere l\u2019attivit\u00e0 [&hellip;]\" \/>\n<meta property=\"og:url\" content=\"https:\/\/www.noidiqua.it\/Agliana\/asma-e-sport-sono-incompatibili\/\" \/>\n<meta property=\"og:site_name\" content=\"Noi di Qua Testata giornalistica e di attualit\u00e0 di Agliana, Montale e Quarrata.\" \/>\n<meta property=\"article:publisher\" content=\"https:\/\/www.facebook.com\/noidiqua.trimestrale\/\" \/>\n<meta property=\"article:published_time\" content=\"2025-06-12T10:05:40+00:00\" \/>\n<meta property=\"article:modified_time\" content=\"2025-07-17T10:50:49+00:00\" \/>\n<meta property=\"og:image\" content=\"https:\/\/www.noidiqua.it\/Agliana\/wp-content\/uploads\/2025\/07\/una-mela-al-giorno.png\" \/>\n\t<meta property=\"og:image:width\" content=\"505\" \/>\n\t<meta property=\"og:image:height\" content=\"346\" \/>\n\t<meta property=\"og:image:type\" content=\"image\/png\" \/>\n<meta name=\"author\" content=\"Paola Maria Mandelli\" \/>\n<meta name=\"twitter:label1\" content=\"Scritto da\" \/>\n\t<meta name=\"twitter:data1\" content=\"Paola Maria Mandelli\" \/>\n\t<meta name=\"twitter:label2\" content=\"Tempo di lettura stimato\" \/>\n\t<meta name=\"twitter:data2\" content=\"3 minuti\" \/>\n<script type=\"application\/ld+json\" class=\"yoast-schema-graph\">{\"@context\":\"https:\/\/schema.org\",\"@graph\":[{\"@type\":\"WebPage\",\"@id\":\"https:\/\/www.noidiqua.it\/Agliana\/asma-e-sport-sono-incompatibili\/\",\"url\":\"https:\/\/www.noidiqua.it\/Agliana\/asma-e-sport-sono-incompatibili\/\",\"name\":\"Asma e sport sono incompatibili? - Noi di Qua Testata giornalistica e di attualit\u00e0 di Agliana, Montale e Quarrata.\",\"isPartOf\":{\"@id\":\"https:\/\/www.noidiqua.it\/Agliana\/#website\"},\"primaryImageOfPage\":{\"@id\":\"https:\/\/www.noidiqua.it\/Agliana\/asma-e-sport-sono-incompatibili\/#primaryimage\"},\"image\":{\"@id\":\"https:\/\/www.noidiqua.it\/Agliana\/asma-e-sport-sono-incompatibili\/#primaryimage\"},\"thumbnailUrl\":\"https:\/\/www.noidiqua.it\/Agliana\/wp-content\/uploads\/2025\/07\/una-mela-al-giorno.png\",\"datePublished\":\"2025-06-12T10:05:40+00:00\",\"dateModified\":\"2025-07-17T10:50:49+00:00\",\"author\":{\"@id\":\"https:\/\/www.noidiqua.it\/Agliana\/#\/schema\/person\/648f75ce7c013c638265e4752ded135c\"},\"breadcrumb\":{\"@id\":\"https:\/\/www.noidiqua.it\/Agliana\/asma-e-sport-sono-incompatibili\/#breadcrumb\"},\"inLanguage\":\"it-IT\",\"potentialAction\":[{\"@type\":\"ReadAction\",\"target\":[\"https:\/\/www.noidiqua.it\/Agliana\/asma-e-sport-sono-incompatibili\/\"]}]},{\"@type\":\"ImageObject\",\"inLanguage\":\"it-IT\",\"@id\":\"https:\/\/www.noidiqua.it\/Agliana\/asma-e-sport-sono-incompatibili\/#primaryimage\",\"url\":\"https:\/\/www.noidiqua.it\/Agliana\/wp-content\/uploads\/2025\/07\/una-mela-al-giorno.png\",\"contentUrl\":\"https:\/\/www.noidiqua.it\/Agliana\/wp-content\/uploads\/2025\/07\/una-mela-al-giorno.png\",\"width\":505,\"height\":346},{\"@type\":\"BreadcrumbList\",\"@id\":\"https:\/\/www.noidiqua.it\/Agliana\/asma-e-sport-sono-incompatibili\/#breadcrumb\",\"itemListElement\":[{\"@type\":\"ListItem\",\"position\":1,\"name\":\"Home\",\"item\":\"https:\/\/www.noidiqua.it\/Agliana\/\"},{\"@type\":\"ListItem\",\"position\":2,\"name\":\"Asma e sport sono incompatibili?\"}]},{\"@type\":\"WebSite\",\"@id\":\"https:\/\/www.noidiqua.it\/Agliana\/#website\",\"url\":\"https:\/\/www.noidiqua.it\/Agliana\/\",\"name\":\"Noi di Qua Testata giornalistica e di attualit\u00e0 di Agliana, Montale e Quarrata.\",\"description\":\"Testata Giornalistica Quarrata Montale Agliana\",\"potentialAction\":[{\"@type\":\"SearchAction\",\"target\":{\"@type\":\"EntryPoint\",\"urlTemplate\":\"https:\/\/www.noidiqua.it\/Agliana\/?s={search_term_string}\"},\"query-input\":{\"@type\":\"PropertyValueSpecification\",\"valueRequired\":true,\"valueName\":\"search_term_string\"}}],\"inLanguage\":\"it-IT\"},{\"@type\":\"Person\",\"@id\":\"https:\/\/www.noidiqua.it\/Agliana\/#\/schema\/person\/648f75ce7c013c638265e4752ded135c\",\"name\":\"Paola Maria Mandelli\",\"image\":{\"@type\":\"ImageObject\",\"inLanguage\":\"it-IT\",\"@id\":\"https:\/\/www.noidiqua.it\/Agliana\/#\/schema\/person\/image\/\",\"url\":\"https:\/\/secure.gravatar.com\/avatar\/36a1604078ac68a02457b1c1830174c74a01009237fc4b38945230bcad46ebfa?s=96&d=mm&r=g\",\"contentUrl\":\"https:\/\/secure.gravatar.com\/avatar\/36a1604078ac68a02457b1c1830174c74a01009237fc4b38945230bcad46ebfa?s=96&d=mm&r=g\",\"caption\":\"Paola Maria Mandelli\"},\"url\":\"https:\/\/www.noidiqua.it\/Agliana\/author\/paola-maria-mandelli\/\"}]}<\/script>\n<!-- \/ Yoast SEO plugin. -->","yoast_head_json":{"title":"Asma e sport sono incompatibili? - Noi di Qua Testata giornalistica e di attualit\u00e0 di Agliana, Montale e Quarrata.","robots":{"index":"index","follow":"follow","max-snippet":"max-snippet:-1","max-image-preview":"max-image-preview:large","max-video-preview":"max-video-preview:-1"},"canonical":"https:\/\/www.noidiqua.it\/Agliana\/asma-e-sport-sono-incompatibili\/","og_locale":"it_IT","og_type":"article","og_title":"Asma e sport sono incompatibili? - Noi di Qua Testata giornalistica e di attualit\u00e0 di Agliana, Montale e Quarrata.","og_description":"di Paola Maria Mandelli giugno 2025 L\u2019idea che chi soffre di asma debba rinunciare all\u2019attivit\u00e0 sportiva \u00e8 molto diffusa, ma non corrisponde alla realt\u00e0.\u00a0Con le giuste precauzioni, l\u2019esercizio fisico non solo \u00e8 possibile, ma pu\u00f2 addirittura aiutare a migliorare il controllo di questa patologia.\u00a0L\u2019importante \u00e8 scegliere l\u2019attivit\u00e0 [&hellip;]","og_url":"https:\/\/www.noidiqua.it\/Agliana\/asma-e-sport-sono-incompatibili\/","og_site_name":"Noi di Qua Testata giornalistica e di attualit\u00e0 di Agliana, Montale e Quarrata.","article_publisher":"https:\/\/www.facebook.com\/noidiqua.trimestrale\/","article_published_time":"2025-06-12T10:05:40+00:00","article_modified_time":"2025-07-17T10:50:49+00:00","og_image":[{"width":505,"height":346,"url":"https:\/\/www.noidiqua.it\/Agliana\/wp-content\/uploads\/2025\/07\/una-mela-al-giorno.png","type":"image\/png"}],"author":"Paola Maria Mandelli","twitter_misc":{"Scritto da":"Paola Maria Mandelli","Tempo di lettura stimato":"3 minuti"},"schema":{"@context":"https:\/\/schema.org","@graph":[{"@type":"WebPage","@id":"https:\/\/www.noidiqua.it\/Agliana\/asma-e-sport-sono-incompatibili\/","url":"https:\/\/www.noidiqua.it\/Agliana\/asma-e-sport-sono-incompatibili\/","name":"Asma e sport sono incompatibili? - Noi di Qua Testata giornalistica e di attualit\u00e0 di Agliana, Montale e Quarrata.","isPartOf":{"@id":"https:\/\/www.noidiqua.it\/Agliana\/#website"},"primaryImageOfPage":{"@id":"https:\/\/www.noidiqua.it\/Agliana\/asma-e-sport-sono-incompatibili\/#primaryimage"},"image":{"@id":"https:\/\/www.noidiqua.it\/Agliana\/asma-e-sport-sono-incompatibili\/#primaryimage"},"thumbnailUrl":"https:\/\/www.noidiqua.it\/Agliana\/wp-content\/uploads\/2025\/07\/una-mela-al-giorno.png","datePublished":"2025-06-12T10:05:40+00:00","dateModified":"2025-07-17T10:50:49+00:00","author":{"@id":"https:\/\/www.noidiqua.it\/Agliana\/#\/schema\/person\/648f75ce7c013c638265e4752ded135c"},"breadcrumb":{"@id":"https:\/\/www.noidiqua.it\/Agliana\/asma-e-sport-sono-incompatibili\/#breadcrumb"},"inLanguage":"it-IT","potentialAction":[{"@type":"ReadAction","target":["https:\/\/www.noidiqua.it\/Agliana\/asma-e-sport-sono-incompatibili\/"]}]},{"@type":"ImageObject","inLanguage":"it-IT","@id":"https:\/\/www.noidiqua.it\/Agliana\/asma-e-sport-sono-incompatibili\/#primaryimage","url":"https:\/\/www.noidiqua.it\/Agliana\/wp-content\/uploads\/2025\/07\/una-mela-al-giorno.png","contentUrl":"https:\/\/www.noidiqua.it\/Agliana\/wp-content\/uploads\/2025\/07\/una-mela-al-giorno.png","width":505,"height":346},{"@type":"BreadcrumbList","@id":"https:\/\/www.noidiqua.it\/Agliana\/asma-e-sport-sono-incompatibili\/#breadcrumb","itemListElement":[{"@type":"ListItem","position":1,"name":"Home","item":"https:\/\/www.noidiqua.it\/Agliana\/"},{"@type":"ListItem","position":2,"name":"Asma e sport sono incompatibili?"}]},{"@type":"WebSite","@id":"https:\/\/www.noidiqua.it\/Agliana\/#website","url":"https:\/\/www.noidiqua.it\/Agliana\/","name":"Noi di Qua Testata giornalistica e di attualit\u00e0 di Agliana, Montale e Quarrata.","description":"Testata Giornalistica Quarrata Montale Agliana","potentialAction":[{"@type":"SearchAction","target":{"@type":"EntryPoint","urlTemplate":"https:\/\/www.noidiqua.it\/Agliana\/?s={search_term_string}"},"query-input":{"@type":"PropertyValueSpecification","valueRequired":true,"valueName":"search_term_string"}}],"inLanguage":"it-IT"},{"@type":"Person","@id":"https:\/\/www.noidiqua.it\/Agliana\/#\/schema\/person\/648f75ce7c013c638265e4752ded135c","name":"Paola Maria Mandelli","image":{"@type":"ImageObject","inLanguage":"it-IT","@id":"https:\/\/www.noidiqua.it\/Agliana\/#\/schema\/person\/image\/","url":"https:\/\/secure.gravatar.com\/avatar\/36a1604078ac68a02457b1c1830174c74a01009237fc4b38945230bcad46ebfa?s=96&d=mm&r=g","contentUrl":"https:\/\/secure.gravatar.com\/avatar\/36a1604078ac68a02457b1c1830174c74a01009237fc4b38945230bcad46ebfa?s=96&d=mm&r=g","caption":"Paola Maria Mandelli"},"url":"https:\/\/www.noidiqua.it\/Agliana\/author\/paola-maria-mandelli\/"}]}},"_links":{"self":[{"href":"https:\/\/www.noidiqua.it\/Agliana\/wp-json\/wp\/v2\/posts\/9591","targetHints":{"allow":["GET"]}}],"collection":[{"href":"https:\/\/www.noidiqua.it\/Agliana\/wp-json\/wp\/v2\/posts"}],"about":[{"href":"https:\/\/www.noidiqua.it\/Agliana\/wp-json\/wp\/v2\/types\/post"}],"author":[{"embeddable":true,"href":"https:\/\/www.noidiqua.it\/Agliana\/wp-json\/wp\/v2\/users\/101014"}],"replies":[{"embeddable":true,"href":"https:\/\/www.noidiqua.it\/Agliana\/wp-json\/wp\/v2\/comments?post=9591"}],"version-history":[{"count":3,"href":"https:\/\/www.noidiqua.it\/Agliana\/wp-json\/wp\/v2\/posts\/9591\/revisions"}],"predecessor-version":[{"id":9683,"href":"https:\/\/www.noidiqua.it\/Agliana\/wp-json\/wp\/v2\/posts\/9591\/revisions\/9683"}],"wp:attachment":[{"href":"https:\/\/www.noidiqua.it\/Agliana\/wp-json\/wp\/v2\/media?parent=9591"}],"wp:term":[{"taxonomy":"category","embeddable":true,"href":"https:\/\/www.noidiqua.it\/Agliana\/wp-json\/wp\/v2\/categories?post=9591"},{"taxonomy":"post_tag","embeddable":true,"href":"https:\/\/www.noidiqua.it\/Agliana\/wp-json\/wp\/v2\/tags?post=9591"}],"curies":[{"name":"wp","href":"https:\/\/api.w.org\/{rel}","templated":true}]}}