{"id":9599,"date":"2025-06-12T12:20:00","date_gmt":"2025-06-12T10:20:00","guid":{"rendered":"https:\/\/www.noidiqua.it\/Agliana\/?p=9599"},"modified":"2025-10-27T16:00:57","modified_gmt":"2025-10-27T15:00:57","slug":"gianfranco-loriga-pittore","status":"publish","type":"post","link":"https:\/\/www.noidiqua.it\/Agliana\/gianfranco-loriga-pittore\/","title":{"rendered":"Gianfranco Loriga &#8211; pittore"},"content":{"rendered":"<p><em>di Marco Bagnoli<\/em><\/p>\n<p><em>giugno 2025<\/em><\/p>\n<p><a href=\"https:\/\/www.noidiqua.it\/Agliana\/wp-content\/uploads\/2025\/07\/loriga-1.png\" rel=\"wp-prettyPhoto[9599]\"><img loading=\"lazy\" decoding=\"async\" class=\"aligncenter size-full wp-image-9600\" src=\"https:\/\/www.noidiqua.it\/Agliana\/wp-content\/uploads\/2025\/07\/loriga-1.png\" alt=\"\" width=\"504\" height=\"419\" srcset=\"https:\/\/www.noidiqua.it\/Agliana\/wp-content\/uploads\/2025\/07\/loriga-1.png 504w, https:\/\/www.noidiqua.it\/Agliana\/wp-content\/uploads\/2025\/07\/loriga-1-300x249.png 300w\" sizes=\"auto, (max-width: 504px) 100vw, 504px\" \/><\/a><\/p>\n<p class=\"p1\" style=\"text-align: justify;\"><span class=\"s1\"><strong>Gianfranco Loriga<\/strong>, classe \u201851, ha dipinto per una vita intera, e dipinge ancora adesso che \u00e8 in pensione. Mentre lavorava faceva le nottate col pennello in mano, e oggi si gode tutto il suo tempo libero, e la notte invece dorme. Ma sogna i quadri. <\/span><\/p>\n<p class=\"p1\" style=\"text-align: justify;\"><span class=\"s1\">Nella vita ha fatto l\u2019<strong>imbianchino<\/strong>, tanto per restare nel mondo del colore, ma ha iniziato a trent\u2019anni; da quando ne ha diciassette, invece, \u00e8 rimasto folgorato dall\u2019arte della <strong>pittura<\/strong> e davvero non riesce a smettere. Ha la casa piene di tele, di bei quadri ben rifiniti: i paesaggi, molti nudi, qualcuno degli oltre cento San Pio che ha realizzato, e che si sono venduti da s\u00e9, e poi caricature di attori e cantanti, e copie di grandi autori, da Leonardo a Botero. Perch\u00e9 i quadri si possono anche regalare, certo perch\u00e9 no, ma a venderli c\u2019\u00e8 pi\u00f9 soddisfazione, vuoi mettere? Un po&#8217; perch\u00e9 ci rientri delle spese, e poi soprattutto perch\u00e9 il prezzo non mercifica l\u2019oggetto artistico, ma <strong>valorizza<\/strong> l\u2019importanza del <strong>pittore<\/strong>: Gianfranco \u00e8 membro dell\u2019Accademia Internazionale di San Marco e dell\u2019Accademia Tiberina di Roma.<\/span><\/p>\n<p><a href=\"https:\/\/www.noidiqua.it\/Agliana\/wp-content\/uploads\/2025\/07\/quadro-1.png\" rel=\"wp-prettyPhoto[9599]\"><img loading=\"lazy\" decoding=\"async\" class=\"aligncenter size-full wp-image-9601\" src=\"https:\/\/www.noidiqua.it\/Agliana\/wp-content\/uploads\/2025\/07\/quadro-1.png\" alt=\"\" width=\"300\" height=\"398\" srcset=\"https:\/\/www.noidiqua.it\/Agliana\/wp-content\/uploads\/2025\/07\/quadro-1.png 300w, https:\/\/www.noidiqua.it\/Agliana\/wp-content\/uploads\/2025\/07\/quadro-1-226x300.png 226w\" sizes=\"auto, (max-width: 300px) 100vw, 300px\" \/><\/a><\/p>\n<p class=\"p1\" style=\"text-align: justify;\"><span class=\"s1\">\u00c8 un pittore molto preciso, insomma, \u00e8 bravo. Lo dicono le innumerevoli pubblicazioni e giornali e cataloghi che gli hanno fatto il ritratto nel correre dei decenni: lo vediamo giovane e col ciuffo, bello ed elegante, come un attore, mentre in foto un po&#8217; ingiallite dal tempo si affianca ai suoi quadri esposti in giro per la <strong>Toscana<\/strong>, Viareggio Prato Montecatini e non solo, ovunque raccogliendo i meritati riconoscimenti. Bei tempi, quando col talento del tuo azzardo giovanile, ricco e speranzoso, potevi girare in Europa, Francia Spagna e Svizzera. <\/span><\/p>\n<p class=\"p1\" style=\"text-align: justify;\"><span class=\"s1\">E oggi? Non gira pi\u00f9 Gianfranco? Oggi la situazione \u00e8 un po&#8217; quella di certi settori commerciali, primo fra tutti quello del mobile: ci si guarda nelle palle degli occhi e si sospira ricordando un passato ormai lontano, quando si era giovani, e soprattutto quando giravano i quattrini veri, le lire, e si stava tutti bene e tutti si spendeva liberamente e si comprava di tutto, vestiti, macchine, mobili e quadri. Certo, le mostre le si fanno ancora, come quella dello scorso <strong>Settembre Quarratino<\/strong>, che ha visto il nostro Gianfranco in pista con la sua migliore produzione. E in questi giorni si sta pensando di tornare ad allestire una nuova esposizione presso la <strong>Compagnia del Santissimo Sacramento di San Piero<\/strong>, come gi\u00e0 si era fatto anni fa.<\/span><\/p>\n<p><a href=\"https:\/\/www.noidiqua.it\/Agliana\/wp-content\/uploads\/2025\/07\/quadro-2.png\" rel=\"wp-prettyPhoto[9599]\"><img loading=\"lazy\" decoding=\"async\" class=\"aligncenter size-full wp-image-9602\" src=\"https:\/\/www.noidiqua.it\/Agliana\/wp-content\/uploads\/2025\/07\/quadro-2.png\" alt=\"\" width=\"336\" height=\"398\" srcset=\"https:\/\/www.noidiqua.it\/Agliana\/wp-content\/uploads\/2025\/07\/quadro-2.png 336w, https:\/\/www.noidiqua.it\/Agliana\/wp-content\/uploads\/2025\/07\/quadro-2-253x300.png 253w\" sizes=\"auto, (max-width: 336px) 100vw, 336px\" \/><\/a><\/p>\n<p class=\"p1\" style=\"text-align: justify;\"><span class=\"s1\">Ripensare ai bei vecchi tempi forse \u00e8 sbagliato, perch\u00e9 ci distrae dal vivere il presente, ma come si fa? Nel 1996 espone nella villa del \u2018700 del Dottor Spiti, a Pistoia, dopo essere stato ingaggiato per un lavoro decorativo dalla padrona di casa, <strong>Graziella Spiti Frati<\/strong>, poetessa, che si sincer\u00f2 personalmente delle sue effettive virt\u00f9 artistiche. E a Viareggio, intorno al 1977, una signora altolocata era molto interessata ai suoi quadri esposti, e infatti gliene compr\u00f2 uno; e poi lo invit\u00f2 a casa sua per prendere un t\u00e8, e pens\u00f2 bene di fargli dono di una tela del \u2018600, un rotolo un po&#8217; sciupacchiato che ritraeva un cardinale, magari un papabile dell\u2019epoca, chiss\u00e0. C\u2019\u00e8 stata infatti come una vera e propria vocazione per Gianfranco Loriga, come una chiamata all\u2019<strong>Arte<\/strong>: di sicuro, la sua vita variopinta \u00e8 stata singolare e unica anche per questo suo essere il solo artista della famiglia, senza nessun altro in casa a fargli da esempio. I suoi tre figli invece, che da bambini lo imitavano, ciascuno con la propria tela sul cavalletto, erano bravissimi, e la maestra a scuola pensava che i loro disegni fossero fatti da lui. Ma poi tutti hanno fatto altro nella vita.<\/span><\/p>\n<p><a href=\"https:\/\/www.noidiqua.it\/Agliana\/wp-content\/uploads\/2025\/07\/quadro-3.png\" rel=\"wp-prettyPhoto[9599]\"><img loading=\"lazy\" decoding=\"async\" class=\"aligncenter size-full wp-image-9603\" src=\"https:\/\/www.noidiqua.it\/Agliana\/wp-content\/uploads\/2025\/07\/quadro-3.png\" alt=\"\" width=\"508\" height=\"493\" srcset=\"https:\/\/www.noidiqua.it\/Agliana\/wp-content\/uploads\/2025\/07\/quadro-3.png 508w, https:\/\/www.noidiqua.it\/Agliana\/wp-content\/uploads\/2025\/07\/quadro-3-300x291.png 300w\" sizes=\"auto, (max-width: 508px) 100vw, 508px\" \/><\/a><\/p>\n<p class=\"p1\" style=\"text-align: justify;\"><span class=\"s1\">E allora Gianfranco, senza molto da aggiungere, si lascia avvolgere dall\u2019odore caratteristico dell\u2019<strong>olio di lino<\/strong>, nel suo studio, e dipinge. Dipinge qualcosa che non c\u2019\u00e8, che non c\u2019\u00e8 pi\u00f9, oppure non c\u2019\u00e8 mai stato. Ma lo dipinge bene, e ci fa credere che sia tutto vero.<\/span><\/p>","protected":false},"excerpt":{"rendered":"<p>di Marco Bagnoli giugno 2025 Gianfranco Loriga, classe \u201851, ha dipinto per una vita intera, e dipinge ancora adesso che \u00e8 in pensione. Mentre lavorava faceva le nottate col pennello in mano, e oggi si gode tutto il suo tempo libero, e la notte invece dorme. Ma [&hellip;]<\/p>","protected":false},"author":3,"featured_media":0,"comment_status":"open","ping_status":"open","sticky":false,"template":"","format":"standard","meta":{"footnotes":""},"categories":[2,3],"tags":[608,4894,4892,4895,857,4896,177,1039,3873,296,4893],"class_list":["post-9599","post","type-post","status-publish","format-standard","hentry","category-ag","category-arte-artigianato-qt","tag-arte","tag-compagnia-del-santissimo-sacramento-di-san-piero","tag-gianfranco-loriga","tag-graziella-spiti-frati","tag-imbianchino","tag-olio-di-lino","tag-pittore","tag-pittura","tag-settembre-quarratino","tag-toscana","tag-valorizza"],"yoast_head":"<!-- This site is optimized with the Yoast SEO plugin v25.5 - https:\/\/yoast.com\/wordpress\/plugins\/seo\/ -->\n<title>Gianfranco Loriga - pittore - Noi di Qua Testata giornalistica e di attualit\u00e0 di Agliana, Montale e Quarrata.<\/title>\n<meta name=\"robots\" content=\"index, follow, max-snippet:-1, max-image-preview:large, max-video-preview:-1\" \/>\n<link rel=\"canonical\" href=\"https:\/\/www.noidiqua.it\/Agliana\/gianfranco-loriga-pittore\/\" \/>\n<meta property=\"og:locale\" content=\"it_IT\" \/>\n<meta property=\"og:type\" content=\"article\" \/>\n<meta property=\"og:title\" content=\"Gianfranco Loriga - pittore - Noi di Qua Testata giornalistica e di attualit\u00e0 di Agliana, Montale e Quarrata.\" \/>\n<meta property=\"og:description\" content=\"di Marco Bagnoli giugno 2025 Gianfranco Loriga, classe \u201851, ha dipinto per una vita intera, e dipinge ancora adesso che \u00e8 in pensione. Mentre lavorava faceva le nottate col pennello in mano, e oggi si gode tutto il suo tempo libero, e la notte invece dorme. Ma [&hellip;]\" \/>\n<meta property=\"og:url\" content=\"https:\/\/www.noidiqua.it\/Agliana\/gianfranco-loriga-pittore\/\" \/>\n<meta property=\"og:site_name\" content=\"Noi di Qua Testata giornalistica e di attualit\u00e0 di Agliana, Montale e Quarrata.\" \/>\n<meta property=\"article:publisher\" content=\"https:\/\/www.facebook.com\/noidiqua.trimestrale\/\" \/>\n<meta property=\"article:published_time\" content=\"2025-06-12T10:20:00+00:00\" \/>\n<meta property=\"article:modified_time\" content=\"2025-10-27T15:00:57+00:00\" \/>\n<meta property=\"og:image\" content=\"https:\/\/www.noidiqua.it\/Agliana\/wp-content\/uploads\/2025\/07\/loriga-1.png\" \/>\n\t<meta property=\"og:image:width\" content=\"504\" \/>\n\t<meta property=\"og:image:height\" content=\"419\" \/>\n\t<meta property=\"og:image:type\" content=\"image\/png\" \/>\n<meta name=\"author\" content=\"Marco Bagnoli\" \/>\n<meta name=\"twitter:label1\" content=\"Scritto da\" \/>\n\t<meta name=\"twitter:data1\" content=\"Marco Bagnoli\" \/>\n\t<meta name=\"twitter:label2\" content=\"Tempo di lettura stimato\" \/>\n\t<meta name=\"twitter:data2\" content=\"5 minuti\" \/>\n<script type=\"application\/ld+json\" class=\"yoast-schema-graph\">{\"@context\":\"https:\/\/schema.org\",\"@graph\":[{\"@type\":\"WebPage\",\"@id\":\"https:\/\/www.noidiqua.it\/Agliana\/gianfranco-loriga-pittore\/\",\"url\":\"https:\/\/www.noidiqua.it\/Agliana\/gianfranco-loriga-pittore\/\",\"name\":\"Gianfranco Loriga - pittore - Noi di Qua Testata giornalistica e di attualit\u00e0 di Agliana, Montale e Quarrata.\",\"isPartOf\":{\"@id\":\"https:\/\/www.noidiqua.it\/Agliana\/#website\"},\"primaryImageOfPage\":{\"@id\":\"https:\/\/www.noidiqua.it\/Agliana\/gianfranco-loriga-pittore\/#primaryimage\"},\"image\":{\"@id\":\"https:\/\/www.noidiqua.it\/Agliana\/gianfranco-loriga-pittore\/#primaryimage\"},\"thumbnailUrl\":\"https:\/\/www.noidiqua.it\/Agliana\/wp-content\/uploads\/2025\/07\/loriga-1.png\",\"datePublished\":\"2025-06-12T10:20:00+00:00\",\"dateModified\":\"2025-10-27T15:00:57+00:00\",\"author\":{\"@id\":\"https:\/\/www.noidiqua.it\/Agliana\/#\/schema\/person\/4e183cb0c6d7951e716a876aa702e1a2\"},\"breadcrumb\":{\"@id\":\"https:\/\/www.noidiqua.it\/Agliana\/gianfranco-loriga-pittore\/#breadcrumb\"},\"inLanguage\":\"it-IT\",\"potentialAction\":[{\"@type\":\"ReadAction\",\"target\":[\"https:\/\/www.noidiqua.it\/Agliana\/gianfranco-loriga-pittore\/\"]}]},{\"@type\":\"ImageObject\",\"inLanguage\":\"it-IT\",\"@id\":\"https:\/\/www.noidiqua.it\/Agliana\/gianfranco-loriga-pittore\/#primaryimage\",\"url\":\"https:\/\/www.noidiqua.it\/Agliana\/wp-content\/uploads\/2025\/07\/loriga-1.png\",\"contentUrl\":\"https:\/\/www.noidiqua.it\/Agliana\/wp-content\/uploads\/2025\/07\/loriga-1.png\",\"width\":504,\"height\":419},{\"@type\":\"BreadcrumbList\",\"@id\":\"https:\/\/www.noidiqua.it\/Agliana\/gianfranco-loriga-pittore\/#breadcrumb\",\"itemListElement\":[{\"@type\":\"ListItem\",\"position\":1,\"name\":\"Home\",\"item\":\"https:\/\/www.noidiqua.it\/Agliana\/\"},{\"@type\":\"ListItem\",\"position\":2,\"name\":\"Gianfranco Loriga &#8211; pittore\"}]},{\"@type\":\"WebSite\",\"@id\":\"https:\/\/www.noidiqua.it\/Agliana\/#website\",\"url\":\"https:\/\/www.noidiqua.it\/Agliana\/\",\"name\":\"Noi di Qua Testata giornalistica e di attualit\u00e0 di Agliana, Montale e Quarrata.\",\"description\":\"Testata Giornalistica Quarrata Montale Agliana\",\"potentialAction\":[{\"@type\":\"SearchAction\",\"target\":{\"@type\":\"EntryPoint\",\"urlTemplate\":\"https:\/\/www.noidiqua.it\/Agliana\/?s={search_term_string}\"},\"query-input\":{\"@type\":\"PropertyValueSpecification\",\"valueRequired\":true,\"valueName\":\"search_term_string\"}}],\"inLanguage\":\"it-IT\"},{\"@type\":\"Person\",\"@id\":\"https:\/\/www.noidiqua.it\/Agliana\/#\/schema\/person\/4e183cb0c6d7951e716a876aa702e1a2\",\"name\":\"Marco Bagnoli\",\"image\":{\"@type\":\"ImageObject\",\"inLanguage\":\"it-IT\",\"@id\":\"https:\/\/www.noidiqua.it\/Agliana\/#\/schema\/person\/image\/\",\"url\":\"https:\/\/secure.gravatar.com\/avatar\/73ace53724c50db9c48af54756f17b7cdb015a9d8d2c08c7e04e480539a94eee?s=96&d=mm&r=g\",\"contentUrl\":\"https:\/\/secure.gravatar.com\/avatar\/73ace53724c50db9c48af54756f17b7cdb015a9d8d2c08c7e04e480539a94eee?s=96&d=mm&r=g\",\"caption\":\"Marco Bagnoli\"},\"url\":\"https:\/\/www.noidiqua.it\/Agliana\/author\/marco-bagnoli\/\"}]}<\/script>\n<!-- \/ Yoast SEO plugin. -->","yoast_head_json":{"title":"Gianfranco Loriga - pittore - Noi di Qua Testata giornalistica e di attualit\u00e0 di Agliana, Montale e Quarrata.","robots":{"index":"index","follow":"follow","max-snippet":"max-snippet:-1","max-image-preview":"max-image-preview:large","max-video-preview":"max-video-preview:-1"},"canonical":"https:\/\/www.noidiqua.it\/Agliana\/gianfranco-loriga-pittore\/","og_locale":"it_IT","og_type":"article","og_title":"Gianfranco Loriga - pittore - Noi di Qua Testata giornalistica e di attualit\u00e0 di Agliana, Montale e Quarrata.","og_description":"di Marco Bagnoli giugno 2025 Gianfranco Loriga, classe \u201851, ha dipinto per una vita intera, e dipinge ancora adesso che \u00e8 in pensione. Mentre lavorava faceva le nottate col pennello in mano, e oggi si gode tutto il suo tempo libero, e la notte invece dorme. Ma [&hellip;]","og_url":"https:\/\/www.noidiqua.it\/Agliana\/gianfranco-loriga-pittore\/","og_site_name":"Noi di Qua Testata giornalistica e di attualit\u00e0 di Agliana, Montale e Quarrata.","article_publisher":"https:\/\/www.facebook.com\/noidiqua.trimestrale\/","article_published_time":"2025-06-12T10:20:00+00:00","article_modified_time":"2025-10-27T15:00:57+00:00","og_image":[{"width":504,"height":419,"url":"https:\/\/www.noidiqua.it\/Agliana\/wp-content\/uploads\/2025\/07\/loriga-1.png","type":"image\/png"}],"author":"Marco Bagnoli","twitter_misc":{"Scritto da":"Marco Bagnoli","Tempo di lettura stimato":"5 minuti"},"schema":{"@context":"https:\/\/schema.org","@graph":[{"@type":"WebPage","@id":"https:\/\/www.noidiqua.it\/Agliana\/gianfranco-loriga-pittore\/","url":"https:\/\/www.noidiqua.it\/Agliana\/gianfranco-loriga-pittore\/","name":"Gianfranco Loriga - pittore - Noi di Qua Testata giornalistica e di attualit\u00e0 di Agliana, Montale e Quarrata.","isPartOf":{"@id":"https:\/\/www.noidiqua.it\/Agliana\/#website"},"primaryImageOfPage":{"@id":"https:\/\/www.noidiqua.it\/Agliana\/gianfranco-loriga-pittore\/#primaryimage"},"image":{"@id":"https:\/\/www.noidiqua.it\/Agliana\/gianfranco-loriga-pittore\/#primaryimage"},"thumbnailUrl":"https:\/\/www.noidiqua.it\/Agliana\/wp-content\/uploads\/2025\/07\/loriga-1.png","datePublished":"2025-06-12T10:20:00+00:00","dateModified":"2025-10-27T15:00:57+00:00","author":{"@id":"https:\/\/www.noidiqua.it\/Agliana\/#\/schema\/person\/4e183cb0c6d7951e716a876aa702e1a2"},"breadcrumb":{"@id":"https:\/\/www.noidiqua.it\/Agliana\/gianfranco-loriga-pittore\/#breadcrumb"},"inLanguage":"it-IT","potentialAction":[{"@type":"ReadAction","target":["https:\/\/www.noidiqua.it\/Agliana\/gianfranco-loriga-pittore\/"]}]},{"@type":"ImageObject","inLanguage":"it-IT","@id":"https:\/\/www.noidiqua.it\/Agliana\/gianfranco-loriga-pittore\/#primaryimage","url":"https:\/\/www.noidiqua.it\/Agliana\/wp-content\/uploads\/2025\/07\/loriga-1.png","contentUrl":"https:\/\/www.noidiqua.it\/Agliana\/wp-content\/uploads\/2025\/07\/loriga-1.png","width":504,"height":419},{"@type":"BreadcrumbList","@id":"https:\/\/www.noidiqua.it\/Agliana\/gianfranco-loriga-pittore\/#breadcrumb","itemListElement":[{"@type":"ListItem","position":1,"name":"Home","item":"https:\/\/www.noidiqua.it\/Agliana\/"},{"@type":"ListItem","position":2,"name":"Gianfranco Loriga &#8211; pittore"}]},{"@type":"WebSite","@id":"https:\/\/www.noidiqua.it\/Agliana\/#website","url":"https:\/\/www.noidiqua.it\/Agliana\/","name":"Noi di Qua Testata giornalistica e di attualit\u00e0 di Agliana, Montale e Quarrata.","description":"Testata Giornalistica Quarrata Montale Agliana","potentialAction":[{"@type":"SearchAction","target":{"@type":"EntryPoint","urlTemplate":"https:\/\/www.noidiqua.it\/Agliana\/?s={search_term_string}"},"query-input":{"@type":"PropertyValueSpecification","valueRequired":true,"valueName":"search_term_string"}}],"inLanguage":"it-IT"},{"@type":"Person","@id":"https:\/\/www.noidiqua.it\/Agliana\/#\/schema\/person\/4e183cb0c6d7951e716a876aa702e1a2","name":"Marco Bagnoli","image":{"@type":"ImageObject","inLanguage":"it-IT","@id":"https:\/\/www.noidiqua.it\/Agliana\/#\/schema\/person\/image\/","url":"https:\/\/secure.gravatar.com\/avatar\/73ace53724c50db9c48af54756f17b7cdb015a9d8d2c08c7e04e480539a94eee?s=96&d=mm&r=g","contentUrl":"https:\/\/secure.gravatar.com\/avatar\/73ace53724c50db9c48af54756f17b7cdb015a9d8d2c08c7e04e480539a94eee?s=96&d=mm&r=g","caption":"Marco Bagnoli"},"url":"https:\/\/www.noidiqua.it\/Agliana\/author\/marco-bagnoli\/"}]}},"_links":{"self":[{"href":"https:\/\/www.noidiqua.it\/Agliana\/wp-json\/wp\/v2\/posts\/9599","targetHints":{"allow":["GET"]}}],"collection":[{"href":"https:\/\/www.noidiqua.it\/Agliana\/wp-json\/wp\/v2\/posts"}],"about":[{"href":"https:\/\/www.noidiqua.it\/Agliana\/wp-json\/wp\/v2\/types\/post"}],"author":[{"embeddable":true,"href":"https:\/\/www.noidiqua.it\/Agliana\/wp-json\/wp\/v2\/users\/3"}],"replies":[{"embeddable":true,"href":"https:\/\/www.noidiqua.it\/Agliana\/wp-json\/wp\/v2\/comments?post=9599"}],"version-history":[{"count":2,"href":"https:\/\/www.noidiqua.it\/Agliana\/wp-json\/wp\/v2\/posts\/9599\/revisions"}],"predecessor-version":[{"id":9681,"href":"https:\/\/www.noidiqua.it\/Agliana\/wp-json\/wp\/v2\/posts\/9599\/revisions\/9681"}],"wp:attachment":[{"href":"https:\/\/www.noidiqua.it\/Agliana\/wp-json\/wp\/v2\/media?parent=9599"}],"wp:term":[{"taxonomy":"category","embeddable":true,"href":"https:\/\/www.noidiqua.it\/Agliana\/wp-json\/wp\/v2\/categories?post=9599"},{"taxonomy":"post_tag","embeddable":true,"href":"https:\/\/www.noidiqua.it\/Agliana\/wp-json\/wp\/v2\/tags?post=9599"}],"curies":[{"name":"wp","href":"https:\/\/api.w.org\/{rel}","templated":true}]}}