{"id":9628,"date":"2025-06-12T09:51:55","date_gmt":"2025-06-12T07:51:55","guid":{"rendered":"https:\/\/www.noidiqua.it\/Agliana\/?p=9628"},"modified":"2025-07-17T12:46:16","modified_gmt":"2025-07-17T10:46:16","slug":"sindrome-diarroica-meglio-non-sottovalutarla","status":"publish","type":"post","link":"https:\/\/www.noidiqua.it\/Agliana\/sindrome-diarroica-meglio-non-sottovalutarla\/","title":{"rendered":"Sindrome diarroica: meglio non sottovalutarla!"},"content":{"rendered":"<p style=\"text-align: justify;\"><em>di Sandro Giannessi<\/em><\/p>\n<p style=\"text-align: justify;\"><em>giugno 2025<\/em><\/p>\n<p><a href=\"https:\/\/www.noidiqua.it\/Agliana\/wp-content\/uploads\/2025\/07\/guardiamoci-dentro.png\" rel=\"wp-prettyPhoto[9628]\"><img loading=\"lazy\" decoding=\"async\" class=\"aligncenter size-full wp-image-9629\" src=\"https:\/\/www.noidiqua.it\/Agliana\/wp-content\/uploads\/2025\/07\/guardiamoci-dentro.png\" alt=\"\" width=\"504\" height=\"355\" srcset=\"https:\/\/www.noidiqua.it\/Agliana\/wp-content\/uploads\/2025\/07\/guardiamoci-dentro.png 504w, https:\/\/www.noidiqua.it\/Agliana\/wp-content\/uploads\/2025\/07\/guardiamoci-dentro-300x211.png 300w\" sizes=\"auto, (max-width: 504px) 100vw, 504px\" \/><\/a><\/p>\n<p class=\"p1\" style=\"text-align: justify;\"><span class=\"s1\">La sindrome diarroica \u00e8 una condizione caratterizzata da un aumento della frequenza, del volume o della fluidit\u00e0 delle evacuazioni intestinali. Pu\u00f2 essere un disturbo acuto e autolimitante oppure una condizione cronica, con implicazioni importanti per la salute del singolo paziente ma anche della salute pubblica, soprattutto nei paesi in via di sviluppo.<\/span><\/p>\n<p class=\"p1\" style=\"text-align: justify;\"><span class=\"s1\"><b>Cause<\/b><\/span><\/p>\n<p class=\"p1\" style=\"text-align: justify;\"><span class=\"s1\">Quelle pi\u00f9 comuni sono infettive: batteri (Escherichia coli, Salmonella), virus (Rotavirus, Norovirus), e parassiti (Giardia lamblia). Tuttavia, esistono anche cause non infettive come intolleranze alimentari (lattosio, glutine), farmaci (antibiotici), o patologie croniche (morbo di Crohn, colite ulcerosa, sindrome dell\u2019intestino irritabile).<\/span><\/p>\n<p class=\"p1\" style=\"text-align: justify;\"><span class=\"s1\"><b>Classificazione<\/b><\/span><\/p>\n<p class=\"p1\" style=\"text-align: justify;\"><span class=\"s1\">Pu\u00f2 essere classificata in acuta (durata inferiore a 14 giorni) e cronica (superiore a 4 settimane). A livello fisiopatologico si distinguono diversi tipi: Osmotica: dovuta alla presenza di sostanze non assorbite nell\u2019intestino. Secretoria: per aumento della secrezione intestinale. Infiammatoria: associata a danno della mucosa e presenza di sangue\/muco. Da malassorbimento: come nella celiachia.<\/span><\/p>\n<p class=\"p1\" style=\"text-align: justify;\"><span class=\"s1\"><b>Sintomi<\/b><\/span><\/p>\n<p class=\"p1\" style=\"text-align: justify;\"><span class=\"s1\">Includono l\u2019aumento delle evacuazioni (spesso liquide), dolori addominali di tipo crampiforme, nausea e, nei casi gravi, febbre e segni di disidratazione. Nei bambini e negli anziani la disidratazione pu\u00f2 essere particolarmente pericolosa e richiede pertanto una particolare attenzione.<\/span><\/p>\n<p class=\"p1\" style=\"text-align: justify;\"><span class=\"s1\"><b>Diagnosi<\/b><\/span><\/p>\n<p class=\"p1\" style=\"text-align: justify;\"><span class=\"s1\">La diagnosi si basa sull\u2019anamnesi (viaggi recenti, alimentazione, farmaci assunti) e pu\u00f2 essere completata da esami, quali: coprocoltura, esame delle feci, test per la celiachia e colonscopia in caso di diarrea cronica.<\/span><\/p>\n<p class=\"p1\" style=\"text-align: justify;\"><span class=\"s1\"><b>Trattamento<\/b><\/span><\/p>\n<p class=\"p1\" style=\"text-align: justify;\"><span class=\"s1\">Nelle forme acute, fondamentale \u00e8 la reidratazione per evitare complicanze. Nei casi lievi si utilizza la soluzione reidratante orale, mentre nei casi gravi pu\u00f2 essere necessaria la via endovenosa. Antibiotici, antidiarroici e probiotici possono essere indicati in base alla causa. Anche la dieta ha un ruolo importante: si consiglia l\u2019assunzione di alimenti leggeri, facilmente digeribili e poveri di grassi.<\/span><\/p>\n<p class=\"p1\" style=\"text-align: justify;\"><span class=\"s1\"><b>Prevenzione<\/b><\/span><\/p>\n<p class=\"p1\" style=\"text-align: justify;\"><span class=\"s1\">Una corretta igiene personale, il lavaggio frequente delle mani, la cottura adeguata degli alimenti e l\u2019uso di acqua potabile sono misure fondamentali. In alcuni casi, come per il rotavirus nei bambini, \u00e8 disponibile un vaccino efficace.<\/span><\/p>\n<p class=\"p1\" style=\"text-align: justify;\"><span class=\"s1\">La sindrome diarroica, pur essendo spesso banale, pu\u00f2 diventare una condizione grave se non trattata adeguatamente. \u00c8 importante saperla riconoscere, identificarne la causa e intervenire tempestivamente per evitare complicazioni, specialmente nei soggetti pi\u00f9 vulnerabili. Di fronte ad una diarrea acuta, superata la prima fase senza esito positivo, oppure di principio nelle forme croniche, il riferimento fondamentale \u00e8 rappresentato dal Medico di Medicina Generale che, valutato il quadro clinico e se ritenuto necessario, potr\u00e0 attivare il percorso diagnostico specifico.<\/span><\/p>","protected":false},"excerpt":{"rendered":"<p>di Sandro Giannessi giugno 2025 La sindrome diarroica \u00e8 una condizione caratterizzata da un aumento della frequenza, del volume o della fluidit\u00e0 delle evacuazioni intestinali. Pu\u00f2 essere un disturbo acuto e autolimitante oppure una condizione cronica, con implicazioni importanti per la salute del singolo paziente ma anche [&hellip;]<\/p>","protected":false},"author":101017,"featured_media":0,"comment_status":"open","ping_status":"open","sticky":false,"template":"","format":"standard","meta":{"footnotes":""},"categories":[2,4679],"tags":[4941,4937,4939,4938,3853,4940,4936,3382,3429,3152,4935,2568],"class_list":["post-9628","post","type-post","status-publish","format-standard","hentry","category-ag","category-guardiamoci-dentro","tag-acuta","tag-autolimitante","tag-batteri","tag-condizione-cronica","tag-crampiforme","tag-cronica","tag-evacuazioni-intestinali","tag-farmaci","tag-medico","tag-patologie-croniche","tag-sindrome-diarroica","tag-virus"],"yoast_head":"<!-- This site is optimized with the Yoast SEO plugin v25.5 - https:\/\/yoast.com\/wordpress\/plugins\/seo\/ -->\n<title>Sindrome diarroica: meglio non sottovalutarla! - Noi di Qua Testata giornalistica e di attualit\u00e0 di Agliana, Montale e Quarrata.<\/title>\n<meta name=\"robots\" content=\"index, follow, max-snippet:-1, max-image-preview:large, max-video-preview:-1\" \/>\n<link rel=\"canonical\" href=\"https:\/\/www.noidiqua.it\/Agliana\/sindrome-diarroica-meglio-non-sottovalutarla\/\" \/>\n<meta property=\"og:locale\" content=\"it_IT\" \/>\n<meta property=\"og:type\" content=\"article\" \/>\n<meta property=\"og:title\" content=\"Sindrome diarroica: meglio non sottovalutarla! - Noi di Qua Testata giornalistica e di attualit\u00e0 di Agliana, Montale e Quarrata.\" \/>\n<meta property=\"og:description\" content=\"di Sandro Giannessi giugno 2025 La sindrome diarroica \u00e8 una condizione caratterizzata da un aumento della frequenza, del volume o della fluidit\u00e0 delle evacuazioni intestinali. Pu\u00f2 essere un disturbo acuto e autolimitante oppure una condizione cronica, con implicazioni importanti per la salute del singolo paziente ma anche [&hellip;]\" \/>\n<meta property=\"og:url\" content=\"https:\/\/www.noidiqua.it\/Agliana\/sindrome-diarroica-meglio-non-sottovalutarla\/\" \/>\n<meta property=\"og:site_name\" content=\"Noi di Qua Testata giornalistica e di attualit\u00e0 di Agliana, Montale e Quarrata.\" \/>\n<meta property=\"article:publisher\" content=\"https:\/\/www.facebook.com\/noidiqua.trimestrale\/\" \/>\n<meta property=\"article:published_time\" content=\"2025-06-12T07:51:55+00:00\" \/>\n<meta property=\"article:modified_time\" content=\"2025-07-17T10:46:16+00:00\" \/>\n<meta property=\"og:image\" content=\"https:\/\/www.noidiqua.it\/Agliana\/wp-content\/uploads\/2025\/07\/guardiamoci-dentro.png\" \/>\n\t<meta property=\"og:image:width\" content=\"504\" \/>\n\t<meta property=\"og:image:height\" content=\"355\" \/>\n\t<meta property=\"og:image:type\" content=\"image\/png\" \/>\n<meta name=\"author\" content=\"Sandro Giannessi\" \/>\n<meta name=\"twitter:label1\" content=\"Scritto da\" \/>\n\t<meta name=\"twitter:data1\" content=\"Sandro Giannessi\" \/>\n\t<meta name=\"twitter:label2\" content=\"Tempo di lettura stimato\" \/>\n\t<meta name=\"twitter:data2\" content=\"3 minuti\" \/>\n<script type=\"application\/ld+json\" class=\"yoast-schema-graph\">{\"@context\":\"https:\/\/schema.org\",\"@graph\":[{\"@type\":\"WebPage\",\"@id\":\"https:\/\/www.noidiqua.it\/Agliana\/sindrome-diarroica-meglio-non-sottovalutarla\/\",\"url\":\"https:\/\/www.noidiqua.it\/Agliana\/sindrome-diarroica-meglio-non-sottovalutarla\/\",\"name\":\"Sindrome diarroica: meglio non sottovalutarla! - Noi di Qua Testata giornalistica e di attualit\u00e0 di Agliana, Montale e Quarrata.\",\"isPartOf\":{\"@id\":\"https:\/\/www.noidiqua.it\/Agliana\/#website\"},\"primaryImageOfPage\":{\"@id\":\"https:\/\/www.noidiqua.it\/Agliana\/sindrome-diarroica-meglio-non-sottovalutarla\/#primaryimage\"},\"image\":{\"@id\":\"https:\/\/www.noidiqua.it\/Agliana\/sindrome-diarroica-meglio-non-sottovalutarla\/#primaryimage\"},\"thumbnailUrl\":\"https:\/\/www.noidiqua.it\/Agliana\/wp-content\/uploads\/2025\/07\/guardiamoci-dentro.png\",\"datePublished\":\"2025-06-12T07:51:55+00:00\",\"dateModified\":\"2025-07-17T10:46:16+00:00\",\"author\":{\"@id\":\"https:\/\/www.noidiqua.it\/Agliana\/#\/schema\/person\/7cd258ff38a35274f96c8fb598ae3356\"},\"breadcrumb\":{\"@id\":\"https:\/\/www.noidiqua.it\/Agliana\/sindrome-diarroica-meglio-non-sottovalutarla\/#breadcrumb\"},\"inLanguage\":\"it-IT\",\"potentialAction\":[{\"@type\":\"ReadAction\",\"target\":[\"https:\/\/www.noidiqua.it\/Agliana\/sindrome-diarroica-meglio-non-sottovalutarla\/\"]}]},{\"@type\":\"ImageObject\",\"inLanguage\":\"it-IT\",\"@id\":\"https:\/\/www.noidiqua.it\/Agliana\/sindrome-diarroica-meglio-non-sottovalutarla\/#primaryimage\",\"url\":\"https:\/\/www.noidiqua.it\/Agliana\/wp-content\/uploads\/2025\/07\/guardiamoci-dentro.png\",\"contentUrl\":\"https:\/\/www.noidiqua.it\/Agliana\/wp-content\/uploads\/2025\/07\/guardiamoci-dentro.png\",\"width\":504,\"height\":355},{\"@type\":\"BreadcrumbList\",\"@id\":\"https:\/\/www.noidiqua.it\/Agliana\/sindrome-diarroica-meglio-non-sottovalutarla\/#breadcrumb\",\"itemListElement\":[{\"@type\":\"ListItem\",\"position\":1,\"name\":\"Home\",\"item\":\"https:\/\/www.noidiqua.it\/Agliana\/\"},{\"@type\":\"ListItem\",\"position\":2,\"name\":\"Sindrome diarroica: meglio non sottovalutarla!\"}]},{\"@type\":\"WebSite\",\"@id\":\"https:\/\/www.noidiqua.it\/Agliana\/#website\",\"url\":\"https:\/\/www.noidiqua.it\/Agliana\/\",\"name\":\"Noi di Qua Testata giornalistica e di attualit\u00e0 di Agliana, Montale e Quarrata.\",\"description\":\"Testata Giornalistica Quarrata Montale Agliana\",\"potentialAction\":[{\"@type\":\"SearchAction\",\"target\":{\"@type\":\"EntryPoint\",\"urlTemplate\":\"https:\/\/www.noidiqua.it\/Agliana\/?s={search_term_string}\"},\"query-input\":{\"@type\":\"PropertyValueSpecification\",\"valueRequired\":true,\"valueName\":\"search_term_string\"}}],\"inLanguage\":\"it-IT\"},{\"@type\":\"Person\",\"@id\":\"https:\/\/www.noidiqua.it\/Agliana\/#\/schema\/person\/7cd258ff38a35274f96c8fb598ae3356\",\"name\":\"Sandro Giannessi\",\"image\":{\"@type\":\"ImageObject\",\"inLanguage\":\"it-IT\",\"@id\":\"https:\/\/www.noidiqua.it\/Agliana\/#\/schema\/person\/image\/\",\"url\":\"https:\/\/secure.gravatar.com\/avatar\/4afd1fa6223137cbcf664644ca2a52d8d836901a546ac408d8a6e144b1df62d2?s=96&d=mm&r=g\",\"contentUrl\":\"https:\/\/secure.gravatar.com\/avatar\/4afd1fa6223137cbcf664644ca2a52d8d836901a546ac408d8a6e144b1df62d2?s=96&d=mm&r=g\",\"caption\":\"Sandro Giannessi\"},\"url\":\"https:\/\/www.noidiqua.it\/Agliana\/author\/sandro-giannessi\/\"}]}<\/script>\n<!-- \/ Yoast SEO plugin. -->","yoast_head_json":{"title":"Sindrome diarroica: meglio non sottovalutarla! - Noi di Qua Testata giornalistica e di attualit\u00e0 di Agliana, Montale e Quarrata.","robots":{"index":"index","follow":"follow","max-snippet":"max-snippet:-1","max-image-preview":"max-image-preview:large","max-video-preview":"max-video-preview:-1"},"canonical":"https:\/\/www.noidiqua.it\/Agliana\/sindrome-diarroica-meglio-non-sottovalutarla\/","og_locale":"it_IT","og_type":"article","og_title":"Sindrome diarroica: meglio non sottovalutarla! - Noi di Qua Testata giornalistica e di attualit\u00e0 di Agliana, Montale e Quarrata.","og_description":"di Sandro Giannessi giugno 2025 La sindrome diarroica \u00e8 una condizione caratterizzata da un aumento della frequenza, del volume o della fluidit\u00e0 delle evacuazioni intestinali. Pu\u00f2 essere un disturbo acuto e autolimitante oppure una condizione cronica, con implicazioni importanti per la salute del singolo paziente ma anche [&hellip;]","og_url":"https:\/\/www.noidiqua.it\/Agliana\/sindrome-diarroica-meglio-non-sottovalutarla\/","og_site_name":"Noi di Qua Testata giornalistica e di attualit\u00e0 di Agliana, Montale e Quarrata.","article_publisher":"https:\/\/www.facebook.com\/noidiqua.trimestrale\/","article_published_time":"2025-06-12T07:51:55+00:00","article_modified_time":"2025-07-17T10:46:16+00:00","og_image":[{"width":504,"height":355,"url":"https:\/\/www.noidiqua.it\/Agliana\/wp-content\/uploads\/2025\/07\/guardiamoci-dentro.png","type":"image\/png"}],"author":"Sandro Giannessi","twitter_misc":{"Scritto da":"Sandro Giannessi","Tempo di lettura stimato":"3 minuti"},"schema":{"@context":"https:\/\/schema.org","@graph":[{"@type":"WebPage","@id":"https:\/\/www.noidiqua.it\/Agliana\/sindrome-diarroica-meglio-non-sottovalutarla\/","url":"https:\/\/www.noidiqua.it\/Agliana\/sindrome-diarroica-meglio-non-sottovalutarla\/","name":"Sindrome diarroica: meglio non sottovalutarla! - Noi di Qua Testata giornalistica e di attualit\u00e0 di Agliana, Montale e Quarrata.","isPartOf":{"@id":"https:\/\/www.noidiqua.it\/Agliana\/#website"},"primaryImageOfPage":{"@id":"https:\/\/www.noidiqua.it\/Agliana\/sindrome-diarroica-meglio-non-sottovalutarla\/#primaryimage"},"image":{"@id":"https:\/\/www.noidiqua.it\/Agliana\/sindrome-diarroica-meglio-non-sottovalutarla\/#primaryimage"},"thumbnailUrl":"https:\/\/www.noidiqua.it\/Agliana\/wp-content\/uploads\/2025\/07\/guardiamoci-dentro.png","datePublished":"2025-06-12T07:51:55+00:00","dateModified":"2025-07-17T10:46:16+00:00","author":{"@id":"https:\/\/www.noidiqua.it\/Agliana\/#\/schema\/person\/7cd258ff38a35274f96c8fb598ae3356"},"breadcrumb":{"@id":"https:\/\/www.noidiqua.it\/Agliana\/sindrome-diarroica-meglio-non-sottovalutarla\/#breadcrumb"},"inLanguage":"it-IT","potentialAction":[{"@type":"ReadAction","target":["https:\/\/www.noidiqua.it\/Agliana\/sindrome-diarroica-meglio-non-sottovalutarla\/"]}]},{"@type":"ImageObject","inLanguage":"it-IT","@id":"https:\/\/www.noidiqua.it\/Agliana\/sindrome-diarroica-meglio-non-sottovalutarla\/#primaryimage","url":"https:\/\/www.noidiqua.it\/Agliana\/wp-content\/uploads\/2025\/07\/guardiamoci-dentro.png","contentUrl":"https:\/\/www.noidiqua.it\/Agliana\/wp-content\/uploads\/2025\/07\/guardiamoci-dentro.png","width":504,"height":355},{"@type":"BreadcrumbList","@id":"https:\/\/www.noidiqua.it\/Agliana\/sindrome-diarroica-meglio-non-sottovalutarla\/#breadcrumb","itemListElement":[{"@type":"ListItem","position":1,"name":"Home","item":"https:\/\/www.noidiqua.it\/Agliana\/"},{"@type":"ListItem","position":2,"name":"Sindrome diarroica: meglio non sottovalutarla!"}]},{"@type":"WebSite","@id":"https:\/\/www.noidiqua.it\/Agliana\/#website","url":"https:\/\/www.noidiqua.it\/Agliana\/","name":"Noi di Qua Testata giornalistica e di attualit\u00e0 di Agliana, Montale e Quarrata.","description":"Testata Giornalistica Quarrata Montale Agliana","potentialAction":[{"@type":"SearchAction","target":{"@type":"EntryPoint","urlTemplate":"https:\/\/www.noidiqua.it\/Agliana\/?s={search_term_string}"},"query-input":{"@type":"PropertyValueSpecification","valueRequired":true,"valueName":"search_term_string"}}],"inLanguage":"it-IT"},{"@type":"Person","@id":"https:\/\/www.noidiqua.it\/Agliana\/#\/schema\/person\/7cd258ff38a35274f96c8fb598ae3356","name":"Sandro Giannessi","image":{"@type":"ImageObject","inLanguage":"it-IT","@id":"https:\/\/www.noidiqua.it\/Agliana\/#\/schema\/person\/image\/","url":"https:\/\/secure.gravatar.com\/avatar\/4afd1fa6223137cbcf664644ca2a52d8d836901a546ac408d8a6e144b1df62d2?s=96&d=mm&r=g","contentUrl":"https:\/\/secure.gravatar.com\/avatar\/4afd1fa6223137cbcf664644ca2a52d8d836901a546ac408d8a6e144b1df62d2?s=96&d=mm&r=g","caption":"Sandro Giannessi"},"url":"https:\/\/www.noidiqua.it\/Agliana\/author\/sandro-giannessi\/"}]}},"_links":{"self":[{"href":"https:\/\/www.noidiqua.it\/Agliana\/wp-json\/wp\/v2\/posts\/9628","targetHints":{"allow":["GET"]}}],"collection":[{"href":"https:\/\/www.noidiqua.it\/Agliana\/wp-json\/wp\/v2\/posts"}],"about":[{"href":"https:\/\/www.noidiqua.it\/Agliana\/wp-json\/wp\/v2\/types\/post"}],"author":[{"embeddable":true,"href":"https:\/\/www.noidiqua.it\/Agliana\/wp-json\/wp\/v2\/users\/101017"}],"replies":[{"embeddable":true,"href":"https:\/\/www.noidiqua.it\/Agliana\/wp-json\/wp\/v2\/comments?post=9628"}],"version-history":[{"count":2,"href":"https:\/\/www.noidiqua.it\/Agliana\/wp-json\/wp\/v2\/posts\/9628\/revisions"}],"predecessor-version":[{"id":9677,"href":"https:\/\/www.noidiqua.it\/Agliana\/wp-json\/wp\/v2\/posts\/9628\/revisions\/9677"}],"wp:attachment":[{"href":"https:\/\/www.noidiqua.it\/Agliana\/wp-json\/wp\/v2\/media?parent=9628"}],"wp:term":[{"taxonomy":"category","embeddable":true,"href":"https:\/\/www.noidiqua.it\/Agliana\/wp-json\/wp\/v2\/categories?post=9628"},{"taxonomy":"post_tag","embeddable":true,"href":"https:\/\/www.noidiqua.it\/Agliana\/wp-json\/wp\/v2\/tags?post=9628"}],"curies":[{"name":"wp","href":"https:\/\/api.w.org\/{rel}","templated":true}]}}