{"id":9696,"date":"2025-09-05T17:06:43","date_gmt":"2025-09-05T15:06:43","guid":{"rendered":"https:\/\/www.noidiqua.it\/Agliana\/?p=9696"},"modified":"2025-12-22T10:37:07","modified_gmt":"2025-12-22T09:37:07","slug":"danzarmonia-medaglia-di-bronzo-ai-mondiali-di-spagna","status":"publish","type":"post","link":"https:\/\/www.noidiqua.it\/Agliana\/danzarmonia-medaglia-di-bronzo-ai-mondiali-di-spagna\/","title":{"rendered":"Danzarmonia &#8211; medaglia di bronzo ai Mondiali di Spagna"},"content":{"rendered":"<p><em>di Piera Salvi<\/em><\/p>\n<p><em>settembre 2025<\/em><\/p>\n<p><a href=\"https:\/\/www.noidiqua.it\/Agliana\/wp-content\/uploads\/2025\/10\/Danzarmonia-1.png\" rel=\"wp-prettyPhoto[9696]\"><img loading=\"lazy\" decoding=\"async\" class=\"aligncenter size-full wp-image-9697\" src=\"https:\/\/www.noidiqua.it\/Agliana\/wp-content\/uploads\/2025\/10\/Danzarmonia-1.png\" alt=\"\" width=\"507\" height=\"399\" srcset=\"https:\/\/www.noidiqua.it\/Agliana\/wp-content\/uploads\/2025\/10\/Danzarmonia-1.png 507w, https:\/\/www.noidiqua.it\/Agliana\/wp-content\/uploads\/2025\/10\/Danzarmonia-1-300x236.png 300w\" sizes=\"auto, (max-width: 507px) 100vw, 507px\" \/><\/a><\/p>\n<p class=\"p1\" style=\"text-align: justify;\">La <strong>scuola<\/strong> di <strong>danza aglianese<\/strong>, diretta da <strong>Carolina Lopes<\/strong>, ha partecipato alla \u201c<strong>Dance World Cup<\/strong>\u201d nel mese di luglio a Burgos, in Spagna, conquistato il bronzo nella categoria Gruppo contemporaneo senior, che ha visto in gara sedici coreografie da tutto il mondo. Con la scuola aglianese <strong>Danzarmonia<\/strong>, l\u2019Italia ha conquistato il terzo gradino del podio: al primo posto Giappone, al secondo Portogallo. <i>\u00abNon ci aspettavamo questo risultato\u00bb<\/i> ha detto con grande gioia Carolina Lopes <i>\u00abperch\u00e9 sapevo che il livello dei partecipanti era altissimo. \u00e8 stata un\u2019emozione indescrivibile essere chiamate sul podio e presentarsi con la bandiera dell\u2019Italia\u00bb<\/i>.<\/p>\n<p class=\"p1\" style=\"text-align: justify;\">Un risultato storico e prestigiosissimo per la scuola di danza aglianese, in una competizione che ha visto la partecipazione di oltre 7.500 concorrenti provenienti da 50 Nazioni. Le atlete di Danzarmonia hanno portato in alto il nome dell\u2019Italia e di <strong>Agliana<\/strong> nella categoria <strong>Large group contemporaneo senior<\/strong>. Un risultato eccezionale raggiunto grazie al talento, ma anche sacrificio, passione e dedizione. Un traguardo che ha portato Danzarmonia ai vertici del palcoscenico mondiale della danza e per questo l\u2019amministrazione comunale di Agliana, sul palco del \u201c<strong>Carabattole love park<\/strong>\u201d, ha premiato la scuola di danza con il massimo riconoscimento che il Comune consegna alle eccellenze del proprio territorio: l\u2019<strong>Aglio d\u2019oro<\/strong>. Hanno premiato la prestigiosa scuola di danza il sindaco Luca Benesperi, l\u2019assessore Greta Avvanzo e il consigliere delegato allo sport Tommaso Allori. Sulla targa dell\u2019Aglio d\u2019oro c\u2019\u00e8 scritto: <i>\u201cPer avere portato con i propri successi Agliana nel mondo\u201d<\/i>. Grandissima emozione per la direttrice e coreografa Carolina Lopes, per tutte le sue allieve e le loro famiglie. <i>\u00abSapevamo di essere preparate\u00bb<\/i> ha detto ancora, con grande gioia e altrettanta emozione, Carolina <i>\u00abma eravamo anche consapevoli dell\u2019altissimo livello dei partecipanti. Quando siamo arrivati alla premiazione di chi si \u00e8 piazzato al sesto posto in classifica e non eravamo noi, gi\u00e0 eravamo felici. Ma portare la bandiera italiana sul podio \u00e8 stata un\u2019emozione indescrivibile\u00bb<\/i>. Benesperi, Allori e Avvanzo hanno messo in evidenza il prestigio per Agliana per questo bellissimo piazzamento ai mondiali di una scuola di danza locale. <i>\u00abUn risultato\u00bb<\/i> hanno evidenziato <i>\u00abche si raggiunge con il talento ma anche con tanto impegno e sacrificio\u00bb<\/i>.<\/p>\n<p><a href=\"https:\/\/www.noidiqua.it\/Agliana\/wp-content\/uploads\/2025\/10\/Danzarmonia-2.png\" rel=\"wp-prettyPhoto[9696]\"><img loading=\"lazy\" decoding=\"async\" class=\"aligncenter size-full wp-image-9698\" src=\"https:\/\/www.noidiqua.it\/Agliana\/wp-content\/uploads\/2025\/10\/Danzarmonia-2.png\" alt=\"\" width=\"500\" height=\"281\" srcset=\"https:\/\/www.noidiqua.it\/Agliana\/wp-content\/uploads\/2025\/10\/Danzarmonia-2.png 500w, https:\/\/www.noidiqua.it\/Agliana\/wp-content\/uploads\/2025\/10\/Danzarmonia-2-300x169.png 300w\" sizes=\"auto, (max-width: 500px) 100vw, 500px\" \/><\/a><\/p>\n<p class=\"p1\" style=\"text-align: justify;\">Danzarmonia ha partecipato alla \u201c<strong>Dance World Cup<\/strong>\u201d anche con le allieve piccole e le junior ottenendo buoni risultati. Carolina Lopes ha ringraziato quanti hanno contribuito a questo straordinario traguardo, in particolare Mattia Meloni per la collaborazione alle coreografie. Tra gli importanti successi nel passato di Danzarmonia c\u2019\u00e8 la vittoria al concorso internazionale \u201c<strong>Barcellona Dance Award<\/strong>\u201d nel 2022. La scuola, sotto la direzione di Carolina Lopes, si era qualificata per la competizione mondiale con gli ottimi risultati ottenuti a Cascina (Pisa) dove si erano sfidati circa 550 concorrenti, in varie tecniche di danza, per accedere alla finale mondiale in Spagna, svolta dal 3 al 12 luglio.<\/p>\n<p class=\"p1\" style=\"text-align: justify;\">Danzarmonia \u00e8 attiva da dodici anni e ha conquistato tanti importanti premi. Cura molto la formazione e organizza <strong>workshop<\/strong> nella propria sede, tenuti da professionisti.<\/p>","protected":false},"excerpt":{"rendered":"<p>di Piera Salvi settembre 2025 La scuola di danza aglianese, diretta da Carolina Lopes, ha partecipato alla \u201cDance World Cup\u201d nel mese di luglio a Burgos, in Spagna, conquistato il bronzo nella categoria Gruppo contemporaneo senior, che ha visto in gara sedici coreografie da tutto il mondo. [&hellip;]<\/p>","protected":false},"author":13,"featured_media":0,"comment_status":"open","ping_status":"open","sticky":false,"template":"","format":"standard","meta":{"footnotes":""},"categories":[2,144],"tags":[37,4168,5034,3306,752,5032,5031,772,5033,2173,5035],"class_list":["post-9696","post","type-post","status-publish","format-standard","hentry","category-ag","category-lo-sport-di-qua","tag-ag-ag","tag-aglio-doro","tag-barcellona-dance-award","tag-carabattole-love-park","tag-carolina-lopes","tag-dance-world-cup","tag-danza-aglianese","tag-danzarmonia","tag-large-group-contemporaneo-senior","tag-scuola","tag-workshop"],"yoast_head":"<!-- This site is optimized with the Yoast SEO plugin v25.5 - https:\/\/yoast.com\/wordpress\/plugins\/seo\/ -->\n<title>Danzarmonia - medaglia di bronzo ai Mondiali di Spagna - Noi di Qua Testata giornalistica e di attualit\u00e0 di Agliana, Montale e Quarrata.<\/title>\n<meta name=\"robots\" content=\"index, follow, max-snippet:-1, max-image-preview:large, max-video-preview:-1\" \/>\n<link rel=\"canonical\" href=\"https:\/\/www.noidiqua.it\/Agliana\/danzarmonia-medaglia-di-bronzo-ai-mondiali-di-spagna\/\" \/>\n<meta property=\"og:locale\" content=\"it_IT\" \/>\n<meta property=\"og:type\" content=\"article\" \/>\n<meta property=\"og:title\" content=\"Danzarmonia - medaglia di bronzo ai Mondiali di Spagna - Noi di Qua Testata giornalistica e di attualit\u00e0 di Agliana, Montale e Quarrata.\" \/>\n<meta property=\"og:description\" content=\"di Piera Salvi settembre 2025 La scuola di danza aglianese, diretta da Carolina Lopes, ha partecipato alla \u201cDance World Cup\u201d nel mese di luglio a Burgos, in Spagna, conquistato il bronzo nella categoria Gruppo contemporaneo senior, che ha visto in gara sedici coreografie da tutto il mondo. [&hellip;]\" \/>\n<meta property=\"og:url\" content=\"https:\/\/www.noidiqua.it\/Agliana\/danzarmonia-medaglia-di-bronzo-ai-mondiali-di-spagna\/\" \/>\n<meta property=\"og:site_name\" content=\"Noi di Qua Testata giornalistica e di attualit\u00e0 di Agliana, Montale e Quarrata.\" \/>\n<meta property=\"article:publisher\" content=\"https:\/\/www.facebook.com\/noidiqua.trimestrale\/\" \/>\n<meta property=\"article:published_time\" content=\"2025-09-05T15:06:43+00:00\" \/>\n<meta property=\"article:modified_time\" content=\"2025-12-22T09:37:07+00:00\" \/>\n<meta property=\"og:image\" content=\"https:\/\/www.noidiqua.it\/Agliana\/wp-content\/uploads\/2025\/10\/Danzarmonia-1.png\" \/>\n\t<meta property=\"og:image:width\" content=\"507\" \/>\n\t<meta property=\"og:image:height\" content=\"399\" \/>\n\t<meta property=\"og:image:type\" content=\"image\/png\" \/>\n<meta name=\"author\" content=\"Piera Salvi\" \/>\n<meta name=\"twitter:label1\" content=\"Scritto da\" \/>\n\t<meta name=\"twitter:data1\" content=\"Piera Salvi\" \/>\n\t<meta name=\"twitter:label2\" content=\"Tempo di lettura stimato\" \/>\n\t<meta name=\"twitter:data2\" content=\"4 minuti\" \/>\n<script type=\"application\/ld+json\" class=\"yoast-schema-graph\">{\"@context\":\"https:\/\/schema.org\",\"@graph\":[{\"@type\":\"WebPage\",\"@id\":\"https:\/\/www.noidiqua.it\/Agliana\/danzarmonia-medaglia-di-bronzo-ai-mondiali-di-spagna\/\",\"url\":\"https:\/\/www.noidiqua.it\/Agliana\/danzarmonia-medaglia-di-bronzo-ai-mondiali-di-spagna\/\",\"name\":\"Danzarmonia - medaglia di bronzo ai Mondiali di Spagna - Noi di Qua Testata giornalistica e di attualit\u00e0 di Agliana, Montale e Quarrata.\",\"isPartOf\":{\"@id\":\"https:\/\/www.noidiqua.it\/Agliana\/#website\"},\"primaryImageOfPage\":{\"@id\":\"https:\/\/www.noidiqua.it\/Agliana\/danzarmonia-medaglia-di-bronzo-ai-mondiali-di-spagna\/#primaryimage\"},\"image\":{\"@id\":\"https:\/\/www.noidiqua.it\/Agliana\/danzarmonia-medaglia-di-bronzo-ai-mondiali-di-spagna\/#primaryimage\"},\"thumbnailUrl\":\"https:\/\/www.noidiqua.it\/Agliana\/wp-content\/uploads\/2025\/10\/Danzarmonia-1.png\",\"datePublished\":\"2025-09-05T15:06:43+00:00\",\"dateModified\":\"2025-12-22T09:37:07+00:00\",\"author\":{\"@id\":\"https:\/\/www.noidiqua.it\/Agliana\/#\/schema\/person\/bb7515c2330bb1137f247276096fa7dc\"},\"breadcrumb\":{\"@id\":\"https:\/\/www.noidiqua.it\/Agliana\/danzarmonia-medaglia-di-bronzo-ai-mondiali-di-spagna\/#breadcrumb\"},\"inLanguage\":\"it-IT\",\"potentialAction\":[{\"@type\":\"ReadAction\",\"target\":[\"https:\/\/www.noidiqua.it\/Agliana\/danzarmonia-medaglia-di-bronzo-ai-mondiali-di-spagna\/\"]}]},{\"@type\":\"ImageObject\",\"inLanguage\":\"it-IT\",\"@id\":\"https:\/\/www.noidiqua.it\/Agliana\/danzarmonia-medaglia-di-bronzo-ai-mondiali-di-spagna\/#primaryimage\",\"url\":\"https:\/\/www.noidiqua.it\/Agliana\/wp-content\/uploads\/2025\/10\/Danzarmonia-1.png\",\"contentUrl\":\"https:\/\/www.noidiqua.it\/Agliana\/wp-content\/uploads\/2025\/10\/Danzarmonia-1.png\",\"width\":507,\"height\":399},{\"@type\":\"BreadcrumbList\",\"@id\":\"https:\/\/www.noidiqua.it\/Agliana\/danzarmonia-medaglia-di-bronzo-ai-mondiali-di-spagna\/#breadcrumb\",\"itemListElement\":[{\"@type\":\"ListItem\",\"position\":1,\"name\":\"Home\",\"item\":\"https:\/\/www.noidiqua.it\/Agliana\/\"},{\"@type\":\"ListItem\",\"position\":2,\"name\":\"Danzarmonia &#8211; medaglia di bronzo ai Mondiali di Spagna\"}]},{\"@type\":\"WebSite\",\"@id\":\"https:\/\/www.noidiqua.it\/Agliana\/#website\",\"url\":\"https:\/\/www.noidiqua.it\/Agliana\/\",\"name\":\"Noi di Qua Testata giornalistica e di attualit\u00e0 di Agliana, Montale e Quarrata.\",\"description\":\"Testata Giornalistica Quarrata Montale Agliana\",\"potentialAction\":[{\"@type\":\"SearchAction\",\"target\":{\"@type\":\"EntryPoint\",\"urlTemplate\":\"https:\/\/www.noidiqua.it\/Agliana\/?s={search_term_string}\"},\"query-input\":{\"@type\":\"PropertyValueSpecification\",\"valueRequired\":true,\"valueName\":\"search_term_string\"}}],\"inLanguage\":\"it-IT\"},{\"@type\":\"Person\",\"@id\":\"https:\/\/www.noidiqua.it\/Agliana\/#\/schema\/person\/bb7515c2330bb1137f247276096fa7dc\",\"name\":\"Piera Salvi\",\"image\":{\"@type\":\"ImageObject\",\"inLanguage\":\"it-IT\",\"@id\":\"https:\/\/www.noidiqua.it\/Agliana\/#\/schema\/person\/image\/\",\"url\":\"https:\/\/secure.gravatar.com\/avatar\/2f9b1fb6e13f3b3e63bde435d999a73be036e320f7a0f5f32f9ac21859d999cd?s=96&d=mm&r=g\",\"contentUrl\":\"https:\/\/secure.gravatar.com\/avatar\/2f9b1fb6e13f3b3e63bde435d999a73be036e320f7a0f5f32f9ac21859d999cd?s=96&d=mm&r=g\",\"caption\":\"Piera Salvi\"},\"url\":\"https:\/\/www.noidiqua.it\/Agliana\/author\/piera-salvi\/\"}]}<\/script>\n<!-- \/ Yoast SEO plugin. -->","yoast_head_json":{"title":"Danzarmonia - medaglia di bronzo ai Mondiali di Spagna - Noi di Qua Testata giornalistica e di attualit\u00e0 di Agliana, Montale e Quarrata.","robots":{"index":"index","follow":"follow","max-snippet":"max-snippet:-1","max-image-preview":"max-image-preview:large","max-video-preview":"max-video-preview:-1"},"canonical":"https:\/\/www.noidiqua.it\/Agliana\/danzarmonia-medaglia-di-bronzo-ai-mondiali-di-spagna\/","og_locale":"it_IT","og_type":"article","og_title":"Danzarmonia - medaglia di bronzo ai Mondiali di Spagna - Noi di Qua Testata giornalistica e di attualit\u00e0 di Agliana, Montale e Quarrata.","og_description":"di Piera Salvi settembre 2025 La scuola di danza aglianese, diretta da Carolina Lopes, ha partecipato alla \u201cDance World Cup\u201d nel mese di luglio a Burgos, in Spagna, conquistato il bronzo nella categoria Gruppo contemporaneo senior, che ha visto in gara sedici coreografie da tutto il mondo. [&hellip;]","og_url":"https:\/\/www.noidiqua.it\/Agliana\/danzarmonia-medaglia-di-bronzo-ai-mondiali-di-spagna\/","og_site_name":"Noi di Qua Testata giornalistica e di attualit\u00e0 di Agliana, Montale e Quarrata.","article_publisher":"https:\/\/www.facebook.com\/noidiqua.trimestrale\/","article_published_time":"2025-09-05T15:06:43+00:00","article_modified_time":"2025-12-22T09:37:07+00:00","og_image":[{"width":507,"height":399,"url":"https:\/\/www.noidiqua.it\/Agliana\/wp-content\/uploads\/2025\/10\/Danzarmonia-1.png","type":"image\/png"}],"author":"Piera Salvi","twitter_misc":{"Scritto da":"Piera Salvi","Tempo di lettura stimato":"4 minuti"},"schema":{"@context":"https:\/\/schema.org","@graph":[{"@type":"WebPage","@id":"https:\/\/www.noidiqua.it\/Agliana\/danzarmonia-medaglia-di-bronzo-ai-mondiali-di-spagna\/","url":"https:\/\/www.noidiqua.it\/Agliana\/danzarmonia-medaglia-di-bronzo-ai-mondiali-di-spagna\/","name":"Danzarmonia - medaglia di bronzo ai Mondiali di Spagna - Noi di Qua Testata giornalistica e di attualit\u00e0 di Agliana, Montale e Quarrata.","isPartOf":{"@id":"https:\/\/www.noidiqua.it\/Agliana\/#website"},"primaryImageOfPage":{"@id":"https:\/\/www.noidiqua.it\/Agliana\/danzarmonia-medaglia-di-bronzo-ai-mondiali-di-spagna\/#primaryimage"},"image":{"@id":"https:\/\/www.noidiqua.it\/Agliana\/danzarmonia-medaglia-di-bronzo-ai-mondiali-di-spagna\/#primaryimage"},"thumbnailUrl":"https:\/\/www.noidiqua.it\/Agliana\/wp-content\/uploads\/2025\/10\/Danzarmonia-1.png","datePublished":"2025-09-05T15:06:43+00:00","dateModified":"2025-12-22T09:37:07+00:00","author":{"@id":"https:\/\/www.noidiqua.it\/Agliana\/#\/schema\/person\/bb7515c2330bb1137f247276096fa7dc"},"breadcrumb":{"@id":"https:\/\/www.noidiqua.it\/Agliana\/danzarmonia-medaglia-di-bronzo-ai-mondiali-di-spagna\/#breadcrumb"},"inLanguage":"it-IT","potentialAction":[{"@type":"ReadAction","target":["https:\/\/www.noidiqua.it\/Agliana\/danzarmonia-medaglia-di-bronzo-ai-mondiali-di-spagna\/"]}]},{"@type":"ImageObject","inLanguage":"it-IT","@id":"https:\/\/www.noidiqua.it\/Agliana\/danzarmonia-medaglia-di-bronzo-ai-mondiali-di-spagna\/#primaryimage","url":"https:\/\/www.noidiqua.it\/Agliana\/wp-content\/uploads\/2025\/10\/Danzarmonia-1.png","contentUrl":"https:\/\/www.noidiqua.it\/Agliana\/wp-content\/uploads\/2025\/10\/Danzarmonia-1.png","width":507,"height":399},{"@type":"BreadcrumbList","@id":"https:\/\/www.noidiqua.it\/Agliana\/danzarmonia-medaglia-di-bronzo-ai-mondiali-di-spagna\/#breadcrumb","itemListElement":[{"@type":"ListItem","position":1,"name":"Home","item":"https:\/\/www.noidiqua.it\/Agliana\/"},{"@type":"ListItem","position":2,"name":"Danzarmonia &#8211; medaglia di bronzo ai Mondiali di Spagna"}]},{"@type":"WebSite","@id":"https:\/\/www.noidiqua.it\/Agliana\/#website","url":"https:\/\/www.noidiqua.it\/Agliana\/","name":"Noi di Qua Testata giornalistica e di attualit\u00e0 di Agliana, Montale e Quarrata.","description":"Testata Giornalistica Quarrata Montale Agliana","potentialAction":[{"@type":"SearchAction","target":{"@type":"EntryPoint","urlTemplate":"https:\/\/www.noidiqua.it\/Agliana\/?s={search_term_string}"},"query-input":{"@type":"PropertyValueSpecification","valueRequired":true,"valueName":"search_term_string"}}],"inLanguage":"it-IT"},{"@type":"Person","@id":"https:\/\/www.noidiqua.it\/Agliana\/#\/schema\/person\/bb7515c2330bb1137f247276096fa7dc","name":"Piera Salvi","image":{"@type":"ImageObject","inLanguage":"it-IT","@id":"https:\/\/www.noidiqua.it\/Agliana\/#\/schema\/person\/image\/","url":"https:\/\/secure.gravatar.com\/avatar\/2f9b1fb6e13f3b3e63bde435d999a73be036e320f7a0f5f32f9ac21859d999cd?s=96&d=mm&r=g","contentUrl":"https:\/\/secure.gravatar.com\/avatar\/2f9b1fb6e13f3b3e63bde435d999a73be036e320f7a0f5f32f9ac21859d999cd?s=96&d=mm&r=g","caption":"Piera Salvi"},"url":"https:\/\/www.noidiqua.it\/Agliana\/author\/piera-salvi\/"}]}},"_links":{"self":[{"href":"https:\/\/www.noidiqua.it\/Agliana\/wp-json\/wp\/v2\/posts\/9696","targetHints":{"allow":["GET"]}}],"collection":[{"href":"https:\/\/www.noidiqua.it\/Agliana\/wp-json\/wp\/v2\/posts"}],"about":[{"href":"https:\/\/www.noidiqua.it\/Agliana\/wp-json\/wp\/v2\/types\/post"}],"author":[{"embeddable":true,"href":"https:\/\/www.noidiqua.it\/Agliana\/wp-json\/wp\/v2\/users\/13"}],"replies":[{"embeddable":true,"href":"https:\/\/www.noidiqua.it\/Agliana\/wp-json\/wp\/v2\/comments?post=9696"}],"version-history":[{"count":3,"href":"https:\/\/www.noidiqua.it\/Agliana\/wp-json\/wp\/v2\/posts\/9696\/revisions"}],"predecessor-version":[{"id":9780,"href":"https:\/\/www.noidiqua.it\/Agliana\/wp-json\/wp\/v2\/posts\/9696\/revisions\/9780"}],"wp:attachment":[{"href":"https:\/\/www.noidiqua.it\/Agliana\/wp-json\/wp\/v2\/media?parent=9696"}],"wp:term":[{"taxonomy":"category","embeddable":true,"href":"https:\/\/www.noidiqua.it\/Agliana\/wp-json\/wp\/v2\/categories?post=9696"},{"taxonomy":"post_tag","embeddable":true,"href":"https:\/\/www.noidiqua.it\/Agliana\/wp-json\/wp\/v2\/tags?post=9696"}],"curies":[{"name":"wp","href":"https:\/\/api.w.org\/{rel}","templated":true}]}}