{"id":9701,"date":"2025-09-05T17:41:19","date_gmt":"2025-09-05T15:41:19","guid":{"rendered":"https:\/\/www.noidiqua.it\/Agliana\/?p=9701"},"modified":"2025-12-22T10:38:21","modified_gmt":"2025-12-22T09:38:21","slug":"luca-nesti-banda-gaber-per-raccontare-il-signor-g","status":"publish","type":"post","link":"https:\/\/www.noidiqua.it\/Agliana\/luca-nesti-banda-gaber-per-raccontare-il-signor-g\/","title":{"rendered":"Luca Nesti &#038; Banda Gaber &#8211; per raccontare il Signor G."},"content":{"rendered":"<p><em>di Piera Salvi<\/em><\/p>\n<p><em>settembre 2025<\/em><\/p>\n<p><a href=\"https:\/\/www.noidiqua.it\/Agliana\/wp-content\/uploads\/2025\/10\/Banda-Gaber-2.png\" rel=\"wp-prettyPhoto[9701]\"><img loading=\"lazy\" decoding=\"async\" class=\"aligncenter size-full wp-image-9702\" src=\"https:\/\/www.noidiqua.it\/Agliana\/wp-content\/uploads\/2025\/10\/Banda-Gaber-2.png\" alt=\"\" width=\"504\" height=\"359\" srcset=\"https:\/\/www.noidiqua.it\/Agliana\/wp-content\/uploads\/2025\/10\/Banda-Gaber-2.png 504w, https:\/\/www.noidiqua.it\/Agliana\/wp-content\/uploads\/2025\/10\/Banda-Gaber-2-300x214.png 300w\" sizes=\"auto, (max-width: 504px) 100vw, 504px\" \/><\/a><\/p>\n<p class=\"p1\" style=\"text-align: justify;\"><strong>Luca Nesti<\/strong>, aglianese doc, cantautore e organizzatore di eventi a livello locale e nazionale, con la sua autenticit\u00e0 riesce a trasmettere le stesse emozioni di <strong>Giorgio Gaber<\/strong> nel \u201c<strong>Teatro canzone<\/strong>\u201d. <strong>Luca Nesti &amp; Banda Gaber<\/strong>, ovvero il nostro concittadino e i musicisti storici di Gaber, raccontano il Signor G, con la regia audio-video di Andrea Bertini. Stanno portando in tutta Italia un racconto coinvolgente e inedito che valorizza la fase musicale di Gaber e ne racconta aneddoti, dalla voce dei musicisti che con lui hanno vissuto quella irripetibile esperienza, grazie anche a una serie di testimonianze ritrovate tramite la Fondazione Gaber e le persone a lui pi\u00f9 vicine. Quindi anche uno sguardo privilegiato su ci\u00f2 che accadeva dietro le quinte. Nesti canta le canzoni di Gaber, con la sua bella voce e la sua genuinit\u00e0, riuscendo contemporaneamente a trasmettere al pubblico le <strong>straordinarie emozioni<\/strong> che infondeva l\u2019intramontabile <strong>Signor G<\/strong>. Nella nostra zona, lo ha sperimentato direttamente il pubblico presente agli spettacoli ad Agliana e Montecatini.<\/p>\n<p class=\"p1\" style=\"text-align: justify;\">Il progetto Banda Gaber \u00e8 nato nel 2022 come omaggio nel ventennale dalla scomparsa dell\u2019artista (1\u00b0 gennaio 2003). Nesti \u00e8 stato scelto per la <strong>reinterpretazione personale<\/strong> delle canzoni e il racconto semplice e chiaro della storia di Gaber.<\/p>\n<p><a href=\"https:\/\/www.noidiqua.it\/Agliana\/wp-content\/uploads\/2025\/10\/Banda-Gaber-3.png\" rel=\"wp-prettyPhoto[9701]\"><img loading=\"lazy\" decoding=\"async\" class=\"aligncenter size-full wp-image-9703\" src=\"https:\/\/www.noidiqua.it\/Agliana\/wp-content\/uploads\/2025\/10\/Banda-Gaber-3.png\" alt=\"\" width=\"510\" height=\"280\" srcset=\"https:\/\/www.noidiqua.it\/Agliana\/wp-content\/uploads\/2025\/10\/Banda-Gaber-3.png 510w, https:\/\/www.noidiqua.it\/Agliana\/wp-content\/uploads\/2025\/10\/Banda-Gaber-3-300x165.png 300w\" sizes=\"auto, (max-width: 510px) 100vw, 510px\" \/><\/a><\/p>\n<p class=\"p1\" style=\"text-align: justify;\"><i>\u00abDa molti anni non salivo pi\u00f9 su un palco da protagonista\u00bb<\/i> dice Luca. <i>\u00abLe perplessit\u00e0 erano tante, non ho una timbrica simile a lui e vengo da un percorso musicale diverso. Ma fino dal primo concerto ho trovato gradimento. Il mio compito \u00e8 facilitato dagli straordinari musicisti che hanno accompagnato Gaber per una vita. E&#8217; un viaggio emozionante, che ci ha permesso di incontrare un pubblico variegato e appassionato, pronto a lasciarsi coinvolgere dalla forza senza tempo delle canzoni di Gaber. Lo spettacolo ha un interesse trasversale. La lucida attualit\u00e0 dei testi di Gaber \u00e8 ancora disarmante e il suo messaggio vivo e necessario. Le sue canzoni conservano un\u2019identit\u00e0 unica, una voce fuori dal coro capace di far riflettere, emozionare e stimolare il pensiero critico. Lo spettacolo non si limita a celebrare Gaber attraverso la sua musica, ma cerca di raccontarlo nella sua complessit\u00e0, esplorando il suo pensiero, l\u2019ironia e la straordinaria capacit\u00e0 di osservare il mondo\u00bb<\/i>.<\/p>\n<p class=\"p1\" style=\"text-align: justify;\"><b>Come \u00e8 entrato il nostro Luca Nesti in questo prestigioso progetto?<\/b><\/p>\n<p class=\"p1\" style=\"text-align: justify;\"><i>\u00abVenni chiamato inizialmente come autore\u00bb <\/i>racconta <i>\u00abper rivedere, attualizzare e semplificare lo spettacolo che Gaber portava in teatro. Nel periodo di elaborazione Banda Gaber fece una serie di casting per trovare un interprete che rispettasse il contenuto e l\u2019esposizione. Quasi tutti i partecipanti cercavano di imitare Gaber, che \u00e8 inimitabile. Alla fine venni scelto io, che avevo cantato tutti i provini e prodotto il racconto dei nuovi monologhi, aneddoti e racconti sconosciuti. Accettai orgogliosamente anche perch\u00e9 l&#8217;incontro con gli storici musicisti di Gaber, mi ha dato entusiasmo e una garanzia che avrebbe messo tutti nella migliore condizione di esprimersi. Oggi canto Gaber ma forse non avrei fatto questo mestiere se quando ero ragazzino Pupo non mi avesse chiamato a suonare per lui chitarra e percussioni. Era il 1984 e io lavoravo in una concessionaria di auto. Pupo \u00e8 stato il primo a darmi fiducia e ora mi esibisco con gli storici musicisti di Giorgio Gaber\u00bb<\/i>.<\/p>\n<p><a href=\"https:\/\/www.noidiqua.it\/Agliana\/wp-content\/uploads\/2025\/10\/Banda-Gaber-1.png\" rel=\"wp-prettyPhoto[9701]\"><img loading=\"lazy\" decoding=\"async\" class=\"aligncenter size-full wp-image-9704\" src=\"https:\/\/www.noidiqua.it\/Agliana\/wp-content\/uploads\/2025\/10\/Banda-Gaber-1.png\" alt=\"\" width=\"500\" height=\"392\" srcset=\"https:\/\/www.noidiqua.it\/Agliana\/wp-content\/uploads\/2025\/10\/Banda-Gaber-1.png 500w, https:\/\/www.noidiqua.it\/Agliana\/wp-content\/uploads\/2025\/10\/Banda-Gaber-1-300x235.png 300w\" sizes=\"auto, (max-width: 500px) 100vw, 500px\" \/><\/a><\/p>","protected":false},"excerpt":{"rendered":"<p>di Piera Salvi settembre 2025 Luca Nesti, aglianese doc, cantautore e organizzatore di eventi a livello locale e nazionale, con la sua autenticit\u00e0 riesce a trasmettere le stesse emozioni di Giorgio Gaber nel \u201cTeatro canzone\u201d. Luca Nesti &amp; Banda Gaber, ovvero il nostro concittadino e i musicisti [&hellip;]<\/p>","protected":false},"author":13,"featured_media":0,"comment_status":"open","ping_status":"open","sticky":false,"template":"","format":"standard","meta":{"footnotes":""},"categories":[2,145],"tags":[888,1215,5037,5040,5039,5038,5036],"class_list":["post-9701","post","type-post","status-publish","format-standard","hentry","category-ag","category-che-spettacolo-ag","tag-giorgio-gaber","tag-luca-nesti","tag-luca-nesti-banda-gaber","tag-reinterpretazione-personale","tag-signor-g","tag-straordinarie-emozioni","tag-teatro-canzone"],"yoast_head":"<!-- This site is optimized with the Yoast SEO plugin v25.5 - https:\/\/yoast.com\/wordpress\/plugins\/seo\/ -->\n<title>Luca Nesti &amp; Banda Gaber - per raccontare il Signor G. - Noi di Qua Testata giornalistica e di attualit\u00e0 di Agliana, Montale e Quarrata.<\/title>\n<meta name=\"robots\" content=\"index, follow, max-snippet:-1, max-image-preview:large, max-video-preview:-1\" \/>\n<link rel=\"canonical\" href=\"https:\/\/www.noidiqua.it\/Agliana\/luca-nesti-banda-gaber-per-raccontare-il-signor-g\/\" \/>\n<meta property=\"og:locale\" content=\"it_IT\" \/>\n<meta property=\"og:type\" content=\"article\" \/>\n<meta property=\"og:title\" content=\"Luca Nesti &amp; Banda Gaber - per raccontare il Signor G. - Noi di Qua Testata giornalistica e di attualit\u00e0 di Agliana, Montale e Quarrata.\" \/>\n<meta property=\"og:description\" content=\"di Piera Salvi settembre 2025 Luca Nesti, aglianese doc, cantautore e organizzatore di eventi a livello locale e nazionale, con la sua autenticit\u00e0 riesce a trasmettere le stesse emozioni di Giorgio Gaber nel \u201cTeatro canzone\u201d. Luca Nesti &amp; Banda Gaber, ovvero il nostro concittadino e i musicisti [&hellip;]\" \/>\n<meta property=\"og:url\" content=\"https:\/\/www.noidiqua.it\/Agliana\/luca-nesti-banda-gaber-per-raccontare-il-signor-g\/\" \/>\n<meta property=\"og:site_name\" content=\"Noi di Qua Testata giornalistica e di attualit\u00e0 di Agliana, Montale e Quarrata.\" \/>\n<meta property=\"article:publisher\" content=\"https:\/\/www.facebook.com\/noidiqua.trimestrale\/\" \/>\n<meta property=\"article:published_time\" content=\"2025-09-05T15:41:19+00:00\" \/>\n<meta property=\"article:modified_time\" content=\"2025-12-22T09:38:21+00:00\" \/>\n<meta property=\"og:image\" content=\"https:\/\/www.noidiqua.it\/Agliana\/wp-content\/uploads\/2025\/10\/Banda-Gaber-2.png\" \/>\n\t<meta property=\"og:image:width\" content=\"504\" \/>\n\t<meta property=\"og:image:height\" content=\"359\" \/>\n\t<meta property=\"og:image:type\" content=\"image\/png\" \/>\n<meta name=\"author\" content=\"Piera Salvi\" \/>\n<meta name=\"twitter:label1\" content=\"Scritto da\" \/>\n\t<meta name=\"twitter:data1\" content=\"Piera Salvi\" \/>\n\t<meta name=\"twitter:label2\" content=\"Tempo di lettura stimato\" \/>\n\t<meta name=\"twitter:data2\" content=\"4 minuti\" \/>\n<script type=\"application\/ld+json\" class=\"yoast-schema-graph\">{\"@context\":\"https:\/\/schema.org\",\"@graph\":[{\"@type\":\"WebPage\",\"@id\":\"https:\/\/www.noidiqua.it\/Agliana\/luca-nesti-banda-gaber-per-raccontare-il-signor-g\/\",\"url\":\"https:\/\/www.noidiqua.it\/Agliana\/luca-nesti-banda-gaber-per-raccontare-il-signor-g\/\",\"name\":\"Luca Nesti & Banda Gaber - per raccontare il Signor G. - Noi di Qua Testata giornalistica e di attualit\u00e0 di Agliana, Montale e Quarrata.\",\"isPartOf\":{\"@id\":\"https:\/\/www.noidiqua.it\/Agliana\/#website\"},\"primaryImageOfPage\":{\"@id\":\"https:\/\/www.noidiqua.it\/Agliana\/luca-nesti-banda-gaber-per-raccontare-il-signor-g\/#primaryimage\"},\"image\":{\"@id\":\"https:\/\/www.noidiqua.it\/Agliana\/luca-nesti-banda-gaber-per-raccontare-il-signor-g\/#primaryimage\"},\"thumbnailUrl\":\"https:\/\/www.noidiqua.it\/Agliana\/wp-content\/uploads\/2025\/10\/Banda-Gaber-2.png\",\"datePublished\":\"2025-09-05T15:41:19+00:00\",\"dateModified\":\"2025-12-22T09:38:21+00:00\",\"author\":{\"@id\":\"https:\/\/www.noidiqua.it\/Agliana\/#\/schema\/person\/bb7515c2330bb1137f247276096fa7dc\"},\"breadcrumb\":{\"@id\":\"https:\/\/www.noidiqua.it\/Agliana\/luca-nesti-banda-gaber-per-raccontare-il-signor-g\/#breadcrumb\"},\"inLanguage\":\"it-IT\",\"potentialAction\":[{\"@type\":\"ReadAction\",\"target\":[\"https:\/\/www.noidiqua.it\/Agliana\/luca-nesti-banda-gaber-per-raccontare-il-signor-g\/\"]}]},{\"@type\":\"ImageObject\",\"inLanguage\":\"it-IT\",\"@id\":\"https:\/\/www.noidiqua.it\/Agliana\/luca-nesti-banda-gaber-per-raccontare-il-signor-g\/#primaryimage\",\"url\":\"https:\/\/www.noidiqua.it\/Agliana\/wp-content\/uploads\/2025\/10\/Banda-Gaber-2.png\",\"contentUrl\":\"https:\/\/www.noidiqua.it\/Agliana\/wp-content\/uploads\/2025\/10\/Banda-Gaber-2.png\",\"width\":504,\"height\":359},{\"@type\":\"BreadcrumbList\",\"@id\":\"https:\/\/www.noidiqua.it\/Agliana\/luca-nesti-banda-gaber-per-raccontare-il-signor-g\/#breadcrumb\",\"itemListElement\":[{\"@type\":\"ListItem\",\"position\":1,\"name\":\"Home\",\"item\":\"https:\/\/www.noidiqua.it\/Agliana\/\"},{\"@type\":\"ListItem\",\"position\":2,\"name\":\"Luca Nesti &#038; Banda Gaber &#8211; per raccontare il Signor G.\"}]},{\"@type\":\"WebSite\",\"@id\":\"https:\/\/www.noidiqua.it\/Agliana\/#website\",\"url\":\"https:\/\/www.noidiqua.it\/Agliana\/\",\"name\":\"Noi di Qua Testata giornalistica e di attualit\u00e0 di Agliana, Montale e Quarrata.\",\"description\":\"Testata Giornalistica Quarrata Montale Agliana\",\"potentialAction\":[{\"@type\":\"SearchAction\",\"target\":{\"@type\":\"EntryPoint\",\"urlTemplate\":\"https:\/\/www.noidiqua.it\/Agliana\/?s={search_term_string}\"},\"query-input\":{\"@type\":\"PropertyValueSpecification\",\"valueRequired\":true,\"valueName\":\"search_term_string\"}}],\"inLanguage\":\"it-IT\"},{\"@type\":\"Person\",\"@id\":\"https:\/\/www.noidiqua.it\/Agliana\/#\/schema\/person\/bb7515c2330bb1137f247276096fa7dc\",\"name\":\"Piera Salvi\",\"image\":{\"@type\":\"ImageObject\",\"inLanguage\":\"it-IT\",\"@id\":\"https:\/\/www.noidiqua.it\/Agliana\/#\/schema\/person\/image\/\",\"url\":\"https:\/\/secure.gravatar.com\/avatar\/2f9b1fb6e13f3b3e63bde435d999a73be036e320f7a0f5f32f9ac21859d999cd?s=96&d=mm&r=g\",\"contentUrl\":\"https:\/\/secure.gravatar.com\/avatar\/2f9b1fb6e13f3b3e63bde435d999a73be036e320f7a0f5f32f9ac21859d999cd?s=96&d=mm&r=g\",\"caption\":\"Piera Salvi\"},\"url\":\"https:\/\/www.noidiqua.it\/Agliana\/author\/piera-salvi\/\"}]}<\/script>\n<!-- \/ Yoast SEO plugin. -->","yoast_head_json":{"title":"Luca Nesti & Banda Gaber - per raccontare il Signor G. - Noi di Qua Testata giornalistica e di attualit\u00e0 di Agliana, Montale e Quarrata.","robots":{"index":"index","follow":"follow","max-snippet":"max-snippet:-1","max-image-preview":"max-image-preview:large","max-video-preview":"max-video-preview:-1"},"canonical":"https:\/\/www.noidiqua.it\/Agliana\/luca-nesti-banda-gaber-per-raccontare-il-signor-g\/","og_locale":"it_IT","og_type":"article","og_title":"Luca Nesti & Banda Gaber - per raccontare il Signor G. - Noi di Qua Testata giornalistica e di attualit\u00e0 di Agliana, Montale e Quarrata.","og_description":"di Piera Salvi settembre 2025 Luca Nesti, aglianese doc, cantautore e organizzatore di eventi a livello locale e nazionale, con la sua autenticit\u00e0 riesce a trasmettere le stesse emozioni di Giorgio Gaber nel \u201cTeatro canzone\u201d. Luca Nesti &amp; Banda Gaber, ovvero il nostro concittadino e i musicisti [&hellip;]","og_url":"https:\/\/www.noidiqua.it\/Agliana\/luca-nesti-banda-gaber-per-raccontare-il-signor-g\/","og_site_name":"Noi di Qua Testata giornalistica e di attualit\u00e0 di Agliana, Montale e Quarrata.","article_publisher":"https:\/\/www.facebook.com\/noidiqua.trimestrale\/","article_published_time":"2025-09-05T15:41:19+00:00","article_modified_time":"2025-12-22T09:38:21+00:00","og_image":[{"width":504,"height":359,"url":"https:\/\/www.noidiqua.it\/Agliana\/wp-content\/uploads\/2025\/10\/Banda-Gaber-2.png","type":"image\/png"}],"author":"Piera Salvi","twitter_misc":{"Scritto da":"Piera Salvi","Tempo di lettura stimato":"4 minuti"},"schema":{"@context":"https:\/\/schema.org","@graph":[{"@type":"WebPage","@id":"https:\/\/www.noidiqua.it\/Agliana\/luca-nesti-banda-gaber-per-raccontare-il-signor-g\/","url":"https:\/\/www.noidiqua.it\/Agliana\/luca-nesti-banda-gaber-per-raccontare-il-signor-g\/","name":"Luca Nesti & Banda Gaber - per raccontare il Signor G. - Noi di Qua Testata giornalistica e di attualit\u00e0 di Agliana, Montale e Quarrata.","isPartOf":{"@id":"https:\/\/www.noidiqua.it\/Agliana\/#website"},"primaryImageOfPage":{"@id":"https:\/\/www.noidiqua.it\/Agliana\/luca-nesti-banda-gaber-per-raccontare-il-signor-g\/#primaryimage"},"image":{"@id":"https:\/\/www.noidiqua.it\/Agliana\/luca-nesti-banda-gaber-per-raccontare-il-signor-g\/#primaryimage"},"thumbnailUrl":"https:\/\/www.noidiqua.it\/Agliana\/wp-content\/uploads\/2025\/10\/Banda-Gaber-2.png","datePublished":"2025-09-05T15:41:19+00:00","dateModified":"2025-12-22T09:38:21+00:00","author":{"@id":"https:\/\/www.noidiqua.it\/Agliana\/#\/schema\/person\/bb7515c2330bb1137f247276096fa7dc"},"breadcrumb":{"@id":"https:\/\/www.noidiqua.it\/Agliana\/luca-nesti-banda-gaber-per-raccontare-il-signor-g\/#breadcrumb"},"inLanguage":"it-IT","potentialAction":[{"@type":"ReadAction","target":["https:\/\/www.noidiqua.it\/Agliana\/luca-nesti-banda-gaber-per-raccontare-il-signor-g\/"]}]},{"@type":"ImageObject","inLanguage":"it-IT","@id":"https:\/\/www.noidiqua.it\/Agliana\/luca-nesti-banda-gaber-per-raccontare-il-signor-g\/#primaryimage","url":"https:\/\/www.noidiqua.it\/Agliana\/wp-content\/uploads\/2025\/10\/Banda-Gaber-2.png","contentUrl":"https:\/\/www.noidiqua.it\/Agliana\/wp-content\/uploads\/2025\/10\/Banda-Gaber-2.png","width":504,"height":359},{"@type":"BreadcrumbList","@id":"https:\/\/www.noidiqua.it\/Agliana\/luca-nesti-banda-gaber-per-raccontare-il-signor-g\/#breadcrumb","itemListElement":[{"@type":"ListItem","position":1,"name":"Home","item":"https:\/\/www.noidiqua.it\/Agliana\/"},{"@type":"ListItem","position":2,"name":"Luca Nesti &#038; Banda Gaber &#8211; per raccontare il Signor G."}]},{"@type":"WebSite","@id":"https:\/\/www.noidiqua.it\/Agliana\/#website","url":"https:\/\/www.noidiqua.it\/Agliana\/","name":"Noi di Qua Testata giornalistica e di attualit\u00e0 di Agliana, Montale e Quarrata.","description":"Testata Giornalistica Quarrata Montale Agliana","potentialAction":[{"@type":"SearchAction","target":{"@type":"EntryPoint","urlTemplate":"https:\/\/www.noidiqua.it\/Agliana\/?s={search_term_string}"},"query-input":{"@type":"PropertyValueSpecification","valueRequired":true,"valueName":"search_term_string"}}],"inLanguage":"it-IT"},{"@type":"Person","@id":"https:\/\/www.noidiqua.it\/Agliana\/#\/schema\/person\/bb7515c2330bb1137f247276096fa7dc","name":"Piera Salvi","image":{"@type":"ImageObject","inLanguage":"it-IT","@id":"https:\/\/www.noidiqua.it\/Agliana\/#\/schema\/person\/image\/","url":"https:\/\/secure.gravatar.com\/avatar\/2f9b1fb6e13f3b3e63bde435d999a73be036e320f7a0f5f32f9ac21859d999cd?s=96&d=mm&r=g","contentUrl":"https:\/\/secure.gravatar.com\/avatar\/2f9b1fb6e13f3b3e63bde435d999a73be036e320f7a0f5f32f9ac21859d999cd?s=96&d=mm&r=g","caption":"Piera Salvi"},"url":"https:\/\/www.noidiqua.it\/Agliana\/author\/piera-salvi\/"}]}},"_links":{"self":[{"href":"https:\/\/www.noidiqua.it\/Agliana\/wp-json\/wp\/v2\/posts\/9701","targetHints":{"allow":["GET"]}}],"collection":[{"href":"https:\/\/www.noidiqua.it\/Agliana\/wp-json\/wp\/v2\/posts"}],"about":[{"href":"https:\/\/www.noidiqua.it\/Agliana\/wp-json\/wp\/v2\/types\/post"}],"author":[{"embeddable":true,"href":"https:\/\/www.noidiqua.it\/Agliana\/wp-json\/wp\/v2\/users\/13"}],"replies":[{"embeddable":true,"href":"https:\/\/www.noidiqua.it\/Agliana\/wp-json\/wp\/v2\/comments?post=9701"}],"version-history":[{"count":1,"href":"https:\/\/www.noidiqua.it\/Agliana\/wp-json\/wp\/v2\/posts\/9701\/revisions"}],"predecessor-version":[{"id":9705,"href":"https:\/\/www.noidiqua.it\/Agliana\/wp-json\/wp\/v2\/posts\/9701\/revisions\/9705"}],"wp:attachment":[{"href":"https:\/\/www.noidiqua.it\/Agliana\/wp-json\/wp\/v2\/media?parent=9701"}],"wp:term":[{"taxonomy":"category","embeddable":true,"href":"https:\/\/www.noidiqua.it\/Agliana\/wp-json\/wp\/v2\/categories?post=9701"},{"taxonomy":"post_tag","embeddable":true,"href":"https:\/\/www.noidiqua.it\/Agliana\/wp-json\/wp\/v2\/tags?post=9701"}],"curies":[{"name":"wp","href":"https:\/\/api.w.org\/{rel}","templated":true}]}}