{"id":9722,"date":"2025-09-05T12:05:59","date_gmt":"2025-09-05T10:05:59","guid":{"rendered":"https:\/\/www.noidiqua.it\/Agliana\/?p=9722"},"modified":"2025-12-22T10:38:42","modified_gmt":"2025-12-22T09:38:42","slug":"la-donazione-di-bruno-tempestini-alla-misericordia-di-agliana","status":"publish","type":"post","link":"https:\/\/www.noidiqua.it\/Agliana\/la-donazione-di-bruno-tempestini-alla-misericordia-di-agliana\/","title":{"rendered":"La donazione di Bruno Tempestini alla Misericordia di Agliana"},"content":{"rendered":"<p><em>di Piera Salvi<\/em><\/p>\n<p><em>settembre 2025<\/em><\/p>\n<p><a href=\"https:\/\/www.noidiqua.it\/Agliana\/wp-content\/uploads\/2025\/10\/donazione-Tempestini.png\" rel=\"wp-prettyPhoto[9722]\"><img loading=\"lazy\" decoding=\"async\" class=\"aligncenter size-full wp-image-9723\" src=\"https:\/\/www.noidiqua.it\/Agliana\/wp-content\/uploads\/2025\/10\/donazione-Tempestini.png\" alt=\"\" width=\"506\" height=\"359\" srcset=\"https:\/\/www.noidiqua.it\/Agliana\/wp-content\/uploads\/2025\/10\/donazione-Tempestini.png 506w, https:\/\/www.noidiqua.it\/Agliana\/wp-content\/uploads\/2025\/10\/donazione-Tempestini-300x213.png 300w\" sizes=\"auto, (max-width: 506px) 100vw, 506px\" \/><\/a><\/p>\n<p class=\"p1\" style=\"text-align: justify;\">Sabato 27 settembre, nella sede della Misericordia di Agliana, pomeriggio di festa e commozione per l\u2019inaugurazione di una nuova biblioteca di 1507 volumi, circa 350 riviste, pi\u00f9 alcune opere degli artisti <strong>Ales Sedlacek<\/strong> e <a href=\"https:\/\/www.noidiqua.it\/mario-ramazzotti-un-quarratino-agli-uffizi\/\"><strong>Mario Marco Mariano Ramazzotti<\/strong><\/a>. Una generosa e prestigiosa donazione alla Misericordia fatta da <strong>Bruno Tempestini<\/strong>, ex ispettore onorario di archeologia per Montale, Agliana, Quarrata e Montemurlo, incarico che ha ricoperto con grande competenza e passione per oltre trent\u2019anni. Una raccolta di <strong>arte<\/strong>, archeologia, pittura, scultura, fotografia, chiese, strade e musei che ha trovato spazio nella sala adiacente all\u2019<strong>auditorium<\/strong> della<strong> Misericordia<\/strong>.<\/p>\n<p class=\"p1\" style=\"text-align: justify;\"><i>\u00abTutti i libri saranno catalogati\u00bb<\/i> informa il governatore della Misericordia Franco Benesperi <i>\u00abe messi a disposizione per la consultazione. Si prevede di attivare il servizio, su appuntamento, nella prossima primavera\u00bb<\/i>. Un atto che assume maggior valore perch\u00e9 la donazione di Tempestini \u00e8 in memoria di sei minorenni caduti nella <strong>Seconda guerra mondiale<\/strong>: suo fratello, Antonio Tempestini (10 anni), Brunero Tesi (16 anni), Menotti Palandri (15 anni), Oliviero Bonacchi (16 anni), Ubaldo Tempestini (5 anni), Dante Teodoro Diddi (9 anni). <i>\u00abPerch\u00e9 loro non potranno mai vedere tutto questo\u00bb<\/i> ha spiegato con le lacrime agli occhi Tempestini nell\u2019incontro che ha preceduto l\u2019inaugurazione, alla presenza di tante persone.<\/p>\n<p class=\"p1\" style=\"text-align: justify;\">Bruno Tempestini \u00e8 un uomo che si nutre di tutto ci\u00f2 che \u00e8 arte: da tanti anni va ogni giorno in treno a <strong>Firenze<\/strong> per visitare i tesori della citt\u00e0, che non finisce mai di scoprire, o riscoprire. E quando torna a casa ha sempre qualche nuovo libro. <i>\u00abIo non vado a mangiare una pizza\u00bb<\/i> racconta convinto <i>\u00abpreferisco comprare un libro\u00bb<\/i>. L\u2019ex ispettore onorario ha rivelato anche quello che era il suo sogno: rendere quel patrimonio fruibile dalle comunit\u00e0 di <strong>Montale<\/strong> e <strong>Agliana<\/strong>, collocandolo nei locali vuoti sopra la stazione ferroviaria di Montale-Agliana, a due passi dalla sua casa. Un sogno che non ha potuto realizzare e che si \u00e8 concretizzato grazie alla disponibilit\u00e0 della Confratenita aglianese e alla collaborazione di <strong>Aldo Tonioni<\/strong>.<\/p>\n<p class=\"p1\" style=\"text-align: justify;\">Prima di scoprire la targa dedicata ai minorenni caduti, due ragazze (Salima El Hour e Valentina Caio) hanno letto i nomi e le drammatiche storie di queste giovanissime vittime. <i>\u00abRingrazio Bruno Tempestini, a nome del magistrato della Misericordia, per due motivi\u00bb<\/i> ha detto il governatore <strong>Benesperi<\/strong>. <i>\u00abIl primo, perch\u00e9 ha interpretato, nel modo migliore, il valore del dono, che risiede nella gratuit\u00e0, senza chiedere nulla in cambio, mettendo il suo patrimonio librario a disposizione della comunit\u00e0. Il secondo, \u00e8 che Tempestini ha voluto dedicare il suo gesto alla memoria di sei giovani vittime della Seconda guerra mondiale, dimenticate per troppo tempo, che da ora hanno il loro nome impresso nella targa che celebra la donazione\u00bb<\/i>. Parole di gratitudine per Tempestini anche dall\u2019assessore alla cultura del comune di Agliana, <strong>Giulia Fondi<\/strong>, presente all\u2019incontro e all\u2019inaugurazione.<\/p>","protected":false},"excerpt":{"rendered":"<p>di Piera Salvi settembre 2025 Sabato 27 settembre, nella sede della Misericordia di Agliana, pomeriggio di festa e commozione per l\u2019inaugurazione di una nuova biblioteca di 1507 volumi, circa 350 riviste, pi\u00f9 alcune opere degli artisti Ales Sedlacek e Mario Marco Mariano Ramazzotti. Una generosa e prestigiosa [&hellip;]<\/p>","protected":false},"author":13,"featured_media":0,"comment_status":"open","ping_status":"open","sticky":false,"template":"","format":"standard","meta":{"footnotes":""},"categories":[2,2648],"tags":[37,5080,5078,608,2344,5081,1166,282,2227,5079,868,1036,1115],"class_list":["post-9722","post","type-post","status-publish","format-standard","hentry","category-ag","category-da-sottolineare","tag-ag-ag","tag-aldo-tonioni","tag-ales-sedlacek","tag-arte","tag-auditorium","tag-benesperi","tag-bruno-tempestini","tag-firenze","tag-giulia-fondi","tag-mario-marco-mariano-ramazzotti","tag-misericordia","tag-mt","tag-seconda-guerra-mondiale"],"yoast_head":"<!-- This site is optimized with the Yoast SEO plugin v25.5 - https:\/\/yoast.com\/wordpress\/plugins\/seo\/ -->\n<title>La donazione di Bruno Tempestini alla Misericordia di Agliana - Noi di Qua Testata giornalistica e di attualit\u00e0 di Agliana, Montale e Quarrata.<\/title>\n<meta name=\"robots\" content=\"index, follow, max-snippet:-1, max-image-preview:large, max-video-preview:-1\" \/>\n<link rel=\"canonical\" href=\"https:\/\/www.noidiqua.it\/Agliana\/la-donazione-di-bruno-tempestini-alla-misericordia-di-agliana\/\" \/>\n<meta property=\"og:locale\" content=\"it_IT\" \/>\n<meta property=\"og:type\" content=\"article\" \/>\n<meta property=\"og:title\" content=\"La donazione di Bruno Tempestini alla Misericordia di Agliana - Noi di Qua Testata giornalistica e di attualit\u00e0 di Agliana, Montale e Quarrata.\" \/>\n<meta property=\"og:description\" content=\"di Piera Salvi settembre 2025 Sabato 27 settembre, nella sede della Misericordia di Agliana, pomeriggio di festa e commozione per l\u2019inaugurazione di una nuova biblioteca di 1507 volumi, circa 350 riviste, pi\u00f9 alcune opere degli artisti Ales Sedlacek e Mario Marco Mariano Ramazzotti. Una generosa e prestigiosa [&hellip;]\" \/>\n<meta property=\"og:url\" content=\"https:\/\/www.noidiqua.it\/Agliana\/la-donazione-di-bruno-tempestini-alla-misericordia-di-agliana\/\" \/>\n<meta property=\"og:site_name\" content=\"Noi di Qua Testata giornalistica e di attualit\u00e0 di Agliana, Montale e Quarrata.\" \/>\n<meta property=\"article:publisher\" content=\"https:\/\/www.facebook.com\/noidiqua.trimestrale\/\" \/>\n<meta property=\"article:published_time\" content=\"2025-09-05T10:05:59+00:00\" \/>\n<meta property=\"article:modified_time\" content=\"2025-12-22T09:38:42+00:00\" \/>\n<meta property=\"og:image\" content=\"https:\/\/www.noidiqua.it\/Agliana\/wp-content\/uploads\/2025\/10\/donazione-Tempestini.png\" \/>\n\t<meta property=\"og:image:width\" content=\"506\" \/>\n\t<meta property=\"og:image:height\" content=\"359\" \/>\n\t<meta property=\"og:image:type\" content=\"image\/png\" \/>\n<meta name=\"author\" content=\"Piera Salvi\" \/>\n<meta name=\"twitter:label1\" content=\"Scritto da\" \/>\n\t<meta name=\"twitter:data1\" content=\"Piera Salvi\" \/>\n\t<meta name=\"twitter:label2\" content=\"Tempo di lettura stimato\" \/>\n\t<meta name=\"twitter:data2\" content=\"3 minuti\" \/>\n<script type=\"application\/ld+json\" class=\"yoast-schema-graph\">{\"@context\":\"https:\/\/schema.org\",\"@graph\":[{\"@type\":\"WebPage\",\"@id\":\"https:\/\/www.noidiqua.it\/Agliana\/la-donazione-di-bruno-tempestini-alla-misericordia-di-agliana\/\",\"url\":\"https:\/\/www.noidiqua.it\/Agliana\/la-donazione-di-bruno-tempestini-alla-misericordia-di-agliana\/\",\"name\":\"La donazione di Bruno Tempestini alla Misericordia di Agliana - Noi di Qua Testata giornalistica e di attualit\u00e0 di Agliana, Montale e Quarrata.\",\"isPartOf\":{\"@id\":\"https:\/\/www.noidiqua.it\/Agliana\/#website\"},\"primaryImageOfPage\":{\"@id\":\"https:\/\/www.noidiqua.it\/Agliana\/la-donazione-di-bruno-tempestini-alla-misericordia-di-agliana\/#primaryimage\"},\"image\":{\"@id\":\"https:\/\/www.noidiqua.it\/Agliana\/la-donazione-di-bruno-tempestini-alla-misericordia-di-agliana\/#primaryimage\"},\"thumbnailUrl\":\"https:\/\/www.noidiqua.it\/Agliana\/wp-content\/uploads\/2025\/10\/donazione-Tempestini.png\",\"datePublished\":\"2025-09-05T10:05:59+00:00\",\"dateModified\":\"2025-12-22T09:38:42+00:00\",\"author\":{\"@id\":\"https:\/\/www.noidiqua.it\/Agliana\/#\/schema\/person\/bb7515c2330bb1137f247276096fa7dc\"},\"breadcrumb\":{\"@id\":\"https:\/\/www.noidiqua.it\/Agliana\/la-donazione-di-bruno-tempestini-alla-misericordia-di-agliana\/#breadcrumb\"},\"inLanguage\":\"it-IT\",\"potentialAction\":[{\"@type\":\"ReadAction\",\"target\":[\"https:\/\/www.noidiqua.it\/Agliana\/la-donazione-di-bruno-tempestini-alla-misericordia-di-agliana\/\"]}]},{\"@type\":\"ImageObject\",\"inLanguage\":\"it-IT\",\"@id\":\"https:\/\/www.noidiqua.it\/Agliana\/la-donazione-di-bruno-tempestini-alla-misericordia-di-agliana\/#primaryimage\",\"url\":\"https:\/\/www.noidiqua.it\/Agliana\/wp-content\/uploads\/2025\/10\/donazione-Tempestini.png\",\"contentUrl\":\"https:\/\/www.noidiqua.it\/Agliana\/wp-content\/uploads\/2025\/10\/donazione-Tempestini.png\",\"width\":506,\"height\":359},{\"@type\":\"BreadcrumbList\",\"@id\":\"https:\/\/www.noidiqua.it\/Agliana\/la-donazione-di-bruno-tempestini-alla-misericordia-di-agliana\/#breadcrumb\",\"itemListElement\":[{\"@type\":\"ListItem\",\"position\":1,\"name\":\"Home\",\"item\":\"https:\/\/www.noidiqua.it\/Agliana\/\"},{\"@type\":\"ListItem\",\"position\":2,\"name\":\"La donazione di Bruno Tempestini alla Misericordia di Agliana\"}]},{\"@type\":\"WebSite\",\"@id\":\"https:\/\/www.noidiqua.it\/Agliana\/#website\",\"url\":\"https:\/\/www.noidiqua.it\/Agliana\/\",\"name\":\"Noi di Qua Testata giornalistica e di attualit\u00e0 di Agliana, Montale e Quarrata.\",\"description\":\"Testata Giornalistica Quarrata Montale Agliana\",\"potentialAction\":[{\"@type\":\"SearchAction\",\"target\":{\"@type\":\"EntryPoint\",\"urlTemplate\":\"https:\/\/www.noidiqua.it\/Agliana\/?s={search_term_string}\"},\"query-input\":{\"@type\":\"PropertyValueSpecification\",\"valueRequired\":true,\"valueName\":\"search_term_string\"}}],\"inLanguage\":\"it-IT\"},{\"@type\":\"Person\",\"@id\":\"https:\/\/www.noidiqua.it\/Agliana\/#\/schema\/person\/bb7515c2330bb1137f247276096fa7dc\",\"name\":\"Piera Salvi\",\"image\":{\"@type\":\"ImageObject\",\"inLanguage\":\"it-IT\",\"@id\":\"https:\/\/www.noidiqua.it\/Agliana\/#\/schema\/person\/image\/\",\"url\":\"https:\/\/secure.gravatar.com\/avatar\/2f9b1fb6e13f3b3e63bde435d999a73be036e320f7a0f5f32f9ac21859d999cd?s=96&d=mm&r=g\",\"contentUrl\":\"https:\/\/secure.gravatar.com\/avatar\/2f9b1fb6e13f3b3e63bde435d999a73be036e320f7a0f5f32f9ac21859d999cd?s=96&d=mm&r=g\",\"caption\":\"Piera Salvi\"},\"url\":\"https:\/\/www.noidiqua.it\/Agliana\/author\/piera-salvi\/\"}]}<\/script>\n<!-- \/ Yoast SEO plugin. -->","yoast_head_json":{"title":"La donazione di Bruno Tempestini alla Misericordia di Agliana - Noi di Qua Testata giornalistica e di attualit\u00e0 di Agliana, Montale e Quarrata.","robots":{"index":"index","follow":"follow","max-snippet":"max-snippet:-1","max-image-preview":"max-image-preview:large","max-video-preview":"max-video-preview:-1"},"canonical":"https:\/\/www.noidiqua.it\/Agliana\/la-donazione-di-bruno-tempestini-alla-misericordia-di-agliana\/","og_locale":"it_IT","og_type":"article","og_title":"La donazione di Bruno Tempestini alla Misericordia di Agliana - Noi di Qua Testata giornalistica e di attualit\u00e0 di Agliana, Montale e Quarrata.","og_description":"di Piera Salvi settembre 2025 Sabato 27 settembre, nella sede della Misericordia di Agliana, pomeriggio di festa e commozione per l\u2019inaugurazione di una nuova biblioteca di 1507 volumi, circa 350 riviste, pi\u00f9 alcune opere degli artisti Ales Sedlacek e Mario Marco Mariano Ramazzotti. Una generosa e prestigiosa [&hellip;]","og_url":"https:\/\/www.noidiqua.it\/Agliana\/la-donazione-di-bruno-tempestini-alla-misericordia-di-agliana\/","og_site_name":"Noi di Qua Testata giornalistica e di attualit\u00e0 di Agliana, Montale e Quarrata.","article_publisher":"https:\/\/www.facebook.com\/noidiqua.trimestrale\/","article_published_time":"2025-09-05T10:05:59+00:00","article_modified_time":"2025-12-22T09:38:42+00:00","og_image":[{"width":506,"height":359,"url":"https:\/\/www.noidiqua.it\/Agliana\/wp-content\/uploads\/2025\/10\/donazione-Tempestini.png","type":"image\/png"}],"author":"Piera Salvi","twitter_misc":{"Scritto da":"Piera Salvi","Tempo di lettura stimato":"3 minuti"},"schema":{"@context":"https:\/\/schema.org","@graph":[{"@type":"WebPage","@id":"https:\/\/www.noidiqua.it\/Agliana\/la-donazione-di-bruno-tempestini-alla-misericordia-di-agliana\/","url":"https:\/\/www.noidiqua.it\/Agliana\/la-donazione-di-bruno-tempestini-alla-misericordia-di-agliana\/","name":"La donazione di Bruno Tempestini alla Misericordia di Agliana - Noi di Qua Testata giornalistica e di attualit\u00e0 di Agliana, Montale e Quarrata.","isPartOf":{"@id":"https:\/\/www.noidiqua.it\/Agliana\/#website"},"primaryImageOfPage":{"@id":"https:\/\/www.noidiqua.it\/Agliana\/la-donazione-di-bruno-tempestini-alla-misericordia-di-agliana\/#primaryimage"},"image":{"@id":"https:\/\/www.noidiqua.it\/Agliana\/la-donazione-di-bruno-tempestini-alla-misericordia-di-agliana\/#primaryimage"},"thumbnailUrl":"https:\/\/www.noidiqua.it\/Agliana\/wp-content\/uploads\/2025\/10\/donazione-Tempestini.png","datePublished":"2025-09-05T10:05:59+00:00","dateModified":"2025-12-22T09:38:42+00:00","author":{"@id":"https:\/\/www.noidiqua.it\/Agliana\/#\/schema\/person\/bb7515c2330bb1137f247276096fa7dc"},"breadcrumb":{"@id":"https:\/\/www.noidiqua.it\/Agliana\/la-donazione-di-bruno-tempestini-alla-misericordia-di-agliana\/#breadcrumb"},"inLanguage":"it-IT","potentialAction":[{"@type":"ReadAction","target":["https:\/\/www.noidiqua.it\/Agliana\/la-donazione-di-bruno-tempestini-alla-misericordia-di-agliana\/"]}]},{"@type":"ImageObject","inLanguage":"it-IT","@id":"https:\/\/www.noidiqua.it\/Agliana\/la-donazione-di-bruno-tempestini-alla-misericordia-di-agliana\/#primaryimage","url":"https:\/\/www.noidiqua.it\/Agliana\/wp-content\/uploads\/2025\/10\/donazione-Tempestini.png","contentUrl":"https:\/\/www.noidiqua.it\/Agliana\/wp-content\/uploads\/2025\/10\/donazione-Tempestini.png","width":506,"height":359},{"@type":"BreadcrumbList","@id":"https:\/\/www.noidiqua.it\/Agliana\/la-donazione-di-bruno-tempestini-alla-misericordia-di-agliana\/#breadcrumb","itemListElement":[{"@type":"ListItem","position":1,"name":"Home","item":"https:\/\/www.noidiqua.it\/Agliana\/"},{"@type":"ListItem","position":2,"name":"La donazione di Bruno Tempestini alla Misericordia di Agliana"}]},{"@type":"WebSite","@id":"https:\/\/www.noidiqua.it\/Agliana\/#website","url":"https:\/\/www.noidiqua.it\/Agliana\/","name":"Noi di Qua Testata giornalistica e di attualit\u00e0 di Agliana, Montale e Quarrata.","description":"Testata Giornalistica Quarrata Montale Agliana","potentialAction":[{"@type":"SearchAction","target":{"@type":"EntryPoint","urlTemplate":"https:\/\/www.noidiqua.it\/Agliana\/?s={search_term_string}"},"query-input":{"@type":"PropertyValueSpecification","valueRequired":true,"valueName":"search_term_string"}}],"inLanguage":"it-IT"},{"@type":"Person","@id":"https:\/\/www.noidiqua.it\/Agliana\/#\/schema\/person\/bb7515c2330bb1137f247276096fa7dc","name":"Piera Salvi","image":{"@type":"ImageObject","inLanguage":"it-IT","@id":"https:\/\/www.noidiqua.it\/Agliana\/#\/schema\/person\/image\/","url":"https:\/\/secure.gravatar.com\/avatar\/2f9b1fb6e13f3b3e63bde435d999a73be036e320f7a0f5f32f9ac21859d999cd?s=96&d=mm&r=g","contentUrl":"https:\/\/secure.gravatar.com\/avatar\/2f9b1fb6e13f3b3e63bde435d999a73be036e320f7a0f5f32f9ac21859d999cd?s=96&d=mm&r=g","caption":"Piera Salvi"},"url":"https:\/\/www.noidiqua.it\/Agliana\/author\/piera-salvi\/"}]}},"_links":{"self":[{"href":"https:\/\/www.noidiqua.it\/Agliana\/wp-json\/wp\/v2\/posts\/9722","targetHints":{"allow":["GET"]}}],"collection":[{"href":"https:\/\/www.noidiqua.it\/Agliana\/wp-json\/wp\/v2\/posts"}],"about":[{"href":"https:\/\/www.noidiqua.it\/Agliana\/wp-json\/wp\/v2\/types\/post"}],"author":[{"embeddable":true,"href":"https:\/\/www.noidiqua.it\/Agliana\/wp-json\/wp\/v2\/users\/13"}],"replies":[{"embeddable":true,"href":"https:\/\/www.noidiqua.it\/Agliana\/wp-json\/wp\/v2\/comments?post=9722"}],"version-history":[{"count":3,"href":"https:\/\/www.noidiqua.it\/Agliana\/wp-json\/wp\/v2\/posts\/9722\/revisions"}],"predecessor-version":[{"id":9781,"href":"https:\/\/www.noidiqua.it\/Agliana\/wp-json\/wp\/v2\/posts\/9722\/revisions\/9781"}],"wp:attachment":[{"href":"https:\/\/www.noidiqua.it\/Agliana\/wp-json\/wp\/v2\/media?parent=9722"}],"wp:term":[{"taxonomy":"category","embeddable":true,"href":"https:\/\/www.noidiqua.it\/Agliana\/wp-json\/wp\/v2\/categories?post=9722"},{"taxonomy":"post_tag","embeddable":true,"href":"https:\/\/www.noidiqua.it\/Agliana\/wp-json\/wp\/v2\/tags?post=9722"}],"curies":[{"name":"wp","href":"https:\/\/api.w.org\/{rel}","templated":true}]}}