{"id":9752,"date":"2025-09-05T10:29:05","date_gmt":"2025-09-05T08:29:05","guid":{"rendered":"https:\/\/www.noidiqua.it\/Agliana\/?p=9752"},"modified":"2025-10-22T10:29:37","modified_gmt":"2025-10-22T08:29:37","slug":"una-frana-di-sponda-sullargine-del-calice","status":"publish","type":"post","link":"https:\/\/www.noidiqua.it\/Agliana\/una-frana-di-sponda-sullargine-del-calice\/","title":{"rendered":"Una frana di sponda sull&#8217;argine del Calice"},"content":{"rendered":"<p><em>di Piera Salvi<\/em><\/p>\n<p><em>settembre 2025<\/em><\/p>\n<p><a href=\"https:\/\/www.noidiqua.it\/Agliana\/wp-content\/uploads\/2025\/10\/calice.png\" rel=\"wp-prettyPhoto[9752]\"><img loading=\"lazy\" decoding=\"async\" class=\"aligncenter size-full wp-image-9754\" src=\"https:\/\/www.noidiqua.it\/Agliana\/wp-content\/uploads\/2025\/10\/calice.png\" alt=\"\" width=\"504\" height=\"345\" srcset=\"https:\/\/www.noidiqua.it\/Agliana\/wp-content\/uploads\/2025\/10\/calice.png 504w, https:\/\/www.noidiqua.it\/Agliana\/wp-content\/uploads\/2025\/10\/calice-300x205.png 300w\" sizes=\"auto, (max-width: 504px) 100vw, 504px\" \/><\/a><\/p>\n<p class=\"p1\" style=\"text-align: justify;\"><span class=\"s1\">L\u2019autunno \u00e8 iniziato con la preoccupazione dei cittadini per una frana di sponda, lato fiume, nell\u2019<strong>argine<\/strong> del <strong>Calice<\/strong> a <strong>Ponte dei Bini<\/strong>. Una criticit\u00e0 presente da tempo che a settembre, con il taglio della vegetazione, \u00e8 apparsa ancora pi\u00f9 pericolosa. Sono dunque scattate le segnalazioni al <strong>Consorzio di Bonifica Medio Valdarno<\/strong> e alla <strong>Regione Toscana<\/strong>, anche da parte di cittadini che l\u2019avevano gi\u00e0 segnalata, per sollecitare interventi urgenti. Una preoccupazione che ha le sue ragioni nelle piogge sempre pi\u00f9 intense, allerte meteo sempre pi\u00f9 frequenti e per un\u2019altra <strong>criticit\u00e0<\/strong> del Calice (emersa dopo l\u2019<a href=\"https:\/\/www.noidiqua.it\/Agliana\/lalluvione-ad-agliana-fra-danni-e-tanta-paura\/\"><strong>alluvione del novembre 2023<\/strong><\/a>): il cedimento di un muretto interno alla base dell\u2019argine, nella zona pi\u00f9 a nord (in prossimit\u00e0 di San Michele e San Niccol\u00f2). <\/span><\/p>\n<p class=\"p1\" style=\"text-align: justify;\"><span class=\"s1\">A settembre \u00e8 stato fatto un sopralluogo sui corsi d\u2019acqua del <strong>territorio aglianese<\/strong> con i tecnici dell\u2019amministrazione comunale, un ingegnere del settore progettazione del Consorzio di bonifica Medio Valdarno e il vicesindaco di Agliana, Fabrizio Baroncelli che ha la delega al <strong>rischio idrogeologico<\/strong>. Per quanto riguarda la criticit\u00e0 del Calice a Ponte dei Bini il Consorzio ha fatto sapere che sta ragionando con il Genio Civile su possibili interventi di tamponamento e risoluzione da eseguirsi a breve. I cittadini hanno sollecitato un <strong>intervento urgente<\/strong> e ribadito che l\u2019argine del Calice sul versante pratese \u00e8 ben consolidato, quindi in caso di piene \u00e8 ancora pi\u00f9 pericoloso il versante aglianese che ha l\u2019argine fragile. <\/span><\/p>\n<p class=\"p1\" style=\"text-align: justify;\"><span class=\"s1\">Il vicesindaco Baroncelli ha riferito: <i>\u00abAvevamo gi\u00e0 segnalato la frana nell\u2019argine del Calice a Ponte dei Bini, sollecitiamo interventi immediati perch\u00e9 \u00e8 molto pericolosa, risulta inserita nel piano interventi, ma devono essere stanziati fondi dalla Regione. Abbiamo ribadito anche la pericolosit\u00e0 del cedimento del muretto interno, evidenziato dal 2023, ma al momento la pericolosit\u00e0 maggiore nel nostro territorio \u00e8 la frana del Calice a Ponte dei Bini: in caso di forti piogge si rischia davvero la rottura dell\u2019argine. Confidiamo nello stanziamento dei fondi da parte della Regione\u00bb<\/i>.<\/span><\/p>","protected":false},"excerpt":{"rendered":"<p>di Piera Salvi settembre 2025 L\u2019autunno \u00e8 iniziato con la preoccupazione dei cittadini per una frana di sponda, lato fiume, nell\u2019argine del Calice a Ponte dei Bini. Una criticit\u00e0 presente da tempo che a settembre, con il taglio della vegetazione, \u00e8 apparsa ancora pi\u00f9 pericolosa. Sono dunque [&hellip;]<\/p>","protected":false},"author":13,"featured_media":0,"comment_status":"open","ping_status":"open","sticky":false,"template":"","format":"standard","meta":{"footnotes":""},"categories":[2,15],"tags":[1417,4475,3091,4647,5133,110,998,5132,1665],"class_list":["post-9752","post","type-post","status-publish","format-standard","hentry","category-ag","category-pillola-qt","tag-argine","tag-calice","tag-consorzio-di-bonifica-medio-valdarno","tag-criticita","tag-intervento-urgente","tag-ponte-dei-bini","tag-regione-toscana","tag-rischio-idrogeologico","tag-territorio-aglianese"],"yoast_head":"<!-- This site is optimized with the Yoast SEO plugin v25.5 - https:\/\/yoast.com\/wordpress\/plugins\/seo\/ -->\n<title>Una frana di sponda sull&#039;argine del Calice - Noi di Qua Testata giornalistica e di attualit\u00e0 di Agliana, Montale e Quarrata.<\/title>\n<meta name=\"robots\" content=\"index, follow, max-snippet:-1, max-image-preview:large, max-video-preview:-1\" \/>\n<link rel=\"canonical\" href=\"https:\/\/www.noidiqua.it\/Agliana\/una-frana-di-sponda-sullargine-del-calice\/\" \/>\n<meta property=\"og:locale\" content=\"it_IT\" \/>\n<meta property=\"og:type\" content=\"article\" \/>\n<meta property=\"og:title\" content=\"Una frana di sponda sull&#039;argine del Calice - Noi di Qua Testata giornalistica e di attualit\u00e0 di Agliana, Montale e Quarrata.\" \/>\n<meta property=\"og:description\" content=\"di Piera Salvi settembre 2025 L\u2019autunno \u00e8 iniziato con la preoccupazione dei cittadini per una frana di sponda, lato fiume, nell\u2019argine del Calice a Ponte dei Bini. Una criticit\u00e0 presente da tempo che a settembre, con il taglio della vegetazione, \u00e8 apparsa ancora pi\u00f9 pericolosa. Sono dunque [&hellip;]\" \/>\n<meta property=\"og:url\" content=\"https:\/\/www.noidiqua.it\/Agliana\/una-frana-di-sponda-sullargine-del-calice\/\" \/>\n<meta property=\"og:site_name\" content=\"Noi di Qua Testata giornalistica e di attualit\u00e0 di Agliana, Montale e Quarrata.\" \/>\n<meta property=\"article:publisher\" content=\"https:\/\/www.facebook.com\/noidiqua.trimestrale\/\" \/>\n<meta property=\"article:published_time\" content=\"2025-09-05T08:29:05+00:00\" \/>\n<meta property=\"article:modified_time\" content=\"2025-10-22T08:29:37+00:00\" \/>\n<meta property=\"og:image\" content=\"https:\/\/www.noidiqua.it\/Agliana\/wp-content\/uploads\/2025\/10\/calice.png\" \/>\n\t<meta property=\"og:image:width\" content=\"504\" \/>\n\t<meta property=\"og:image:height\" content=\"345\" \/>\n\t<meta property=\"og:image:type\" content=\"image\/png\" \/>\n<meta name=\"author\" content=\"Piera Salvi\" \/>\n<meta name=\"twitter:label1\" content=\"Scritto da\" \/>\n\t<meta name=\"twitter:data1\" content=\"Piera Salvi\" \/>\n\t<meta name=\"twitter:label2\" content=\"Tempo di lettura stimato\" \/>\n\t<meta name=\"twitter:data2\" content=\"2 minuti\" \/>\n<script type=\"application\/ld+json\" class=\"yoast-schema-graph\">{\"@context\":\"https:\/\/schema.org\",\"@graph\":[{\"@type\":\"WebPage\",\"@id\":\"https:\/\/www.noidiqua.it\/Agliana\/una-frana-di-sponda-sullargine-del-calice\/\",\"url\":\"https:\/\/www.noidiqua.it\/Agliana\/una-frana-di-sponda-sullargine-del-calice\/\",\"name\":\"Una frana di sponda sull'argine del Calice - Noi di Qua Testata giornalistica e di attualit\u00e0 di Agliana, Montale e Quarrata.\",\"isPartOf\":{\"@id\":\"https:\/\/www.noidiqua.it\/Agliana\/#website\"},\"primaryImageOfPage\":{\"@id\":\"https:\/\/www.noidiqua.it\/Agliana\/una-frana-di-sponda-sullargine-del-calice\/#primaryimage\"},\"image\":{\"@id\":\"https:\/\/www.noidiqua.it\/Agliana\/una-frana-di-sponda-sullargine-del-calice\/#primaryimage\"},\"thumbnailUrl\":\"https:\/\/www.noidiqua.it\/Agliana\/wp-content\/uploads\/2025\/10\/calice.png\",\"datePublished\":\"2025-09-05T08:29:05+00:00\",\"dateModified\":\"2025-10-22T08:29:37+00:00\",\"author\":{\"@id\":\"https:\/\/www.noidiqua.it\/Agliana\/#\/schema\/person\/bb7515c2330bb1137f247276096fa7dc\"},\"breadcrumb\":{\"@id\":\"https:\/\/www.noidiqua.it\/Agliana\/una-frana-di-sponda-sullargine-del-calice\/#breadcrumb\"},\"inLanguage\":\"it-IT\",\"potentialAction\":[{\"@type\":\"ReadAction\",\"target\":[\"https:\/\/www.noidiqua.it\/Agliana\/una-frana-di-sponda-sullargine-del-calice\/\"]}]},{\"@type\":\"ImageObject\",\"inLanguage\":\"it-IT\",\"@id\":\"https:\/\/www.noidiqua.it\/Agliana\/una-frana-di-sponda-sullargine-del-calice\/#primaryimage\",\"url\":\"https:\/\/www.noidiqua.it\/Agliana\/wp-content\/uploads\/2025\/10\/calice.png\",\"contentUrl\":\"https:\/\/www.noidiqua.it\/Agliana\/wp-content\/uploads\/2025\/10\/calice.png\",\"width\":504,\"height\":345},{\"@type\":\"BreadcrumbList\",\"@id\":\"https:\/\/www.noidiqua.it\/Agliana\/una-frana-di-sponda-sullargine-del-calice\/#breadcrumb\",\"itemListElement\":[{\"@type\":\"ListItem\",\"position\":1,\"name\":\"Home\",\"item\":\"https:\/\/www.noidiqua.it\/Agliana\/\"},{\"@type\":\"ListItem\",\"position\":2,\"name\":\"Una frana di sponda sull&#8217;argine del Calice\"}]},{\"@type\":\"WebSite\",\"@id\":\"https:\/\/www.noidiqua.it\/Agliana\/#website\",\"url\":\"https:\/\/www.noidiqua.it\/Agliana\/\",\"name\":\"Noi di Qua Testata giornalistica e di attualit\u00e0 di Agliana, Montale e Quarrata.\",\"description\":\"Testata Giornalistica Quarrata Montale Agliana\",\"potentialAction\":[{\"@type\":\"SearchAction\",\"target\":{\"@type\":\"EntryPoint\",\"urlTemplate\":\"https:\/\/www.noidiqua.it\/Agliana\/?s={search_term_string}\"},\"query-input\":{\"@type\":\"PropertyValueSpecification\",\"valueRequired\":true,\"valueName\":\"search_term_string\"}}],\"inLanguage\":\"it-IT\"},{\"@type\":\"Person\",\"@id\":\"https:\/\/www.noidiqua.it\/Agliana\/#\/schema\/person\/bb7515c2330bb1137f247276096fa7dc\",\"name\":\"Piera Salvi\",\"image\":{\"@type\":\"ImageObject\",\"inLanguage\":\"it-IT\",\"@id\":\"https:\/\/www.noidiqua.it\/Agliana\/#\/schema\/person\/image\/\",\"url\":\"https:\/\/secure.gravatar.com\/avatar\/2f9b1fb6e13f3b3e63bde435d999a73be036e320f7a0f5f32f9ac21859d999cd?s=96&d=mm&r=g\",\"contentUrl\":\"https:\/\/secure.gravatar.com\/avatar\/2f9b1fb6e13f3b3e63bde435d999a73be036e320f7a0f5f32f9ac21859d999cd?s=96&d=mm&r=g\",\"caption\":\"Piera Salvi\"},\"url\":\"https:\/\/www.noidiqua.it\/Agliana\/author\/piera-salvi\/\"}]}<\/script>\n<!-- \/ Yoast SEO plugin. -->","yoast_head_json":{"title":"Una frana di sponda sull'argine del Calice - Noi di Qua Testata giornalistica e di attualit\u00e0 di Agliana, Montale e Quarrata.","robots":{"index":"index","follow":"follow","max-snippet":"max-snippet:-1","max-image-preview":"max-image-preview:large","max-video-preview":"max-video-preview:-1"},"canonical":"https:\/\/www.noidiqua.it\/Agliana\/una-frana-di-sponda-sullargine-del-calice\/","og_locale":"it_IT","og_type":"article","og_title":"Una frana di sponda sull'argine del Calice - Noi di Qua Testata giornalistica e di attualit\u00e0 di Agliana, Montale e Quarrata.","og_description":"di Piera Salvi settembre 2025 L\u2019autunno \u00e8 iniziato con la preoccupazione dei cittadini per una frana di sponda, lato fiume, nell\u2019argine del Calice a Ponte dei Bini. Una criticit\u00e0 presente da tempo che a settembre, con il taglio della vegetazione, \u00e8 apparsa ancora pi\u00f9 pericolosa. Sono dunque [&hellip;]","og_url":"https:\/\/www.noidiqua.it\/Agliana\/una-frana-di-sponda-sullargine-del-calice\/","og_site_name":"Noi di Qua Testata giornalistica e di attualit\u00e0 di Agliana, Montale e Quarrata.","article_publisher":"https:\/\/www.facebook.com\/noidiqua.trimestrale\/","article_published_time":"2025-09-05T08:29:05+00:00","article_modified_time":"2025-10-22T08:29:37+00:00","og_image":[{"width":504,"height":345,"url":"https:\/\/www.noidiqua.it\/Agliana\/wp-content\/uploads\/2025\/10\/calice.png","type":"image\/png"}],"author":"Piera Salvi","twitter_misc":{"Scritto da":"Piera Salvi","Tempo di lettura stimato":"2 minuti"},"schema":{"@context":"https:\/\/schema.org","@graph":[{"@type":"WebPage","@id":"https:\/\/www.noidiqua.it\/Agliana\/una-frana-di-sponda-sullargine-del-calice\/","url":"https:\/\/www.noidiqua.it\/Agliana\/una-frana-di-sponda-sullargine-del-calice\/","name":"Una frana di sponda sull'argine del Calice - Noi di Qua Testata giornalistica e di attualit\u00e0 di Agliana, Montale e Quarrata.","isPartOf":{"@id":"https:\/\/www.noidiqua.it\/Agliana\/#website"},"primaryImageOfPage":{"@id":"https:\/\/www.noidiqua.it\/Agliana\/una-frana-di-sponda-sullargine-del-calice\/#primaryimage"},"image":{"@id":"https:\/\/www.noidiqua.it\/Agliana\/una-frana-di-sponda-sullargine-del-calice\/#primaryimage"},"thumbnailUrl":"https:\/\/www.noidiqua.it\/Agliana\/wp-content\/uploads\/2025\/10\/calice.png","datePublished":"2025-09-05T08:29:05+00:00","dateModified":"2025-10-22T08:29:37+00:00","author":{"@id":"https:\/\/www.noidiqua.it\/Agliana\/#\/schema\/person\/bb7515c2330bb1137f247276096fa7dc"},"breadcrumb":{"@id":"https:\/\/www.noidiqua.it\/Agliana\/una-frana-di-sponda-sullargine-del-calice\/#breadcrumb"},"inLanguage":"it-IT","potentialAction":[{"@type":"ReadAction","target":["https:\/\/www.noidiqua.it\/Agliana\/una-frana-di-sponda-sullargine-del-calice\/"]}]},{"@type":"ImageObject","inLanguage":"it-IT","@id":"https:\/\/www.noidiqua.it\/Agliana\/una-frana-di-sponda-sullargine-del-calice\/#primaryimage","url":"https:\/\/www.noidiqua.it\/Agliana\/wp-content\/uploads\/2025\/10\/calice.png","contentUrl":"https:\/\/www.noidiqua.it\/Agliana\/wp-content\/uploads\/2025\/10\/calice.png","width":504,"height":345},{"@type":"BreadcrumbList","@id":"https:\/\/www.noidiqua.it\/Agliana\/una-frana-di-sponda-sullargine-del-calice\/#breadcrumb","itemListElement":[{"@type":"ListItem","position":1,"name":"Home","item":"https:\/\/www.noidiqua.it\/Agliana\/"},{"@type":"ListItem","position":2,"name":"Una frana di sponda sull&#8217;argine del Calice"}]},{"@type":"WebSite","@id":"https:\/\/www.noidiqua.it\/Agliana\/#website","url":"https:\/\/www.noidiqua.it\/Agliana\/","name":"Noi di Qua Testata giornalistica e di attualit\u00e0 di Agliana, Montale e Quarrata.","description":"Testata Giornalistica Quarrata Montale Agliana","potentialAction":[{"@type":"SearchAction","target":{"@type":"EntryPoint","urlTemplate":"https:\/\/www.noidiqua.it\/Agliana\/?s={search_term_string}"},"query-input":{"@type":"PropertyValueSpecification","valueRequired":true,"valueName":"search_term_string"}}],"inLanguage":"it-IT"},{"@type":"Person","@id":"https:\/\/www.noidiqua.it\/Agliana\/#\/schema\/person\/bb7515c2330bb1137f247276096fa7dc","name":"Piera Salvi","image":{"@type":"ImageObject","inLanguage":"it-IT","@id":"https:\/\/www.noidiqua.it\/Agliana\/#\/schema\/person\/image\/","url":"https:\/\/secure.gravatar.com\/avatar\/2f9b1fb6e13f3b3e63bde435d999a73be036e320f7a0f5f32f9ac21859d999cd?s=96&d=mm&r=g","contentUrl":"https:\/\/secure.gravatar.com\/avatar\/2f9b1fb6e13f3b3e63bde435d999a73be036e320f7a0f5f32f9ac21859d999cd?s=96&d=mm&r=g","caption":"Piera Salvi"},"url":"https:\/\/www.noidiqua.it\/Agliana\/author\/piera-salvi\/"}]}},"_links":{"self":[{"href":"https:\/\/www.noidiqua.it\/Agliana\/wp-json\/wp\/v2\/posts\/9752","targetHints":{"allow":["GET"]}}],"collection":[{"href":"https:\/\/www.noidiqua.it\/Agliana\/wp-json\/wp\/v2\/posts"}],"about":[{"href":"https:\/\/www.noidiqua.it\/Agliana\/wp-json\/wp\/v2\/types\/post"}],"author":[{"embeddable":true,"href":"https:\/\/www.noidiqua.it\/Agliana\/wp-json\/wp\/v2\/users\/13"}],"replies":[{"embeddable":true,"href":"https:\/\/www.noidiqua.it\/Agliana\/wp-json\/wp\/v2\/comments?post=9752"}],"version-history":[{"count":1,"href":"https:\/\/www.noidiqua.it\/Agliana\/wp-json\/wp\/v2\/posts\/9752\/revisions"}],"predecessor-version":[{"id":9755,"href":"https:\/\/www.noidiqua.it\/Agliana\/wp-json\/wp\/v2\/posts\/9752\/revisions\/9755"}],"wp:attachment":[{"href":"https:\/\/www.noidiqua.it\/Agliana\/wp-json\/wp\/v2\/media?parent=9752"}],"wp:term":[{"taxonomy":"category","embeddable":true,"href":"https:\/\/www.noidiqua.it\/Agliana\/wp-json\/wp\/v2\/categories?post=9752"},{"taxonomy":"post_tag","embeddable":true,"href":"https:\/\/www.noidiqua.it\/Agliana\/wp-json\/wp\/v2\/tags?post=9752"}],"curies":[{"name":"wp","href":"https:\/\/api.w.org\/{rel}","templated":true}]}}