{"id":9899,"date":"2026-03-13T11:20:37","date_gmt":"2026-03-13T10:20:37","guid":{"rendered":"https:\/\/www.noidiqua.it\/Agliana\/?p=9899"},"modified":"2026-04-20T11:35:57","modified_gmt":"2026-04-20T09:35:57","slug":"asd-silvano-fedi-pistoia-un-successo-anche-ad-agliana","status":"publish","type":"post","link":"https:\/\/www.noidiqua.it\/Agliana\/asd-silvano-fedi-pistoia-un-successo-anche-ad-agliana\/","title":{"rendered":"ASD Silvano Fedi Pistoia &#8211; un successo anche ad Agliana"},"content":{"rendered":"<p style=\"text-align: justify;\"><em>di Serena Michelozzi<\/em><\/p>\n<p style=\"text-align: justify;\"><em>marzo 2026<\/em><\/p>\n<p style=\"text-align: justify;\"><a href=\"https:\/\/www.noidiqua.it\/Agliana\/wp-content\/uploads\/2026\/04\/ASD-Silvano-Fedi-1.png\" rel=\"wp-prettyPhoto[9899]\"><img loading=\"lazy\" decoding=\"async\" class=\"aligncenter size-full wp-image-9900\" src=\"https:\/\/www.noidiqua.it\/Agliana\/wp-content\/uploads\/2026\/04\/ASD-Silvano-Fedi-1.png\" alt=\"\" width=\"506\" height=\"348\" srcset=\"https:\/\/www.noidiqua.it\/Agliana\/wp-content\/uploads\/2026\/04\/ASD-Silvano-Fedi-1.png 506w, https:\/\/www.noidiqua.it\/Agliana\/wp-content\/uploads\/2026\/04\/ASD-Silvano-Fedi-1-300x206.png 300w\" sizes=\"auto, (max-width: 506px) 100vw, 506px\" \/><\/a><\/p>\n<p class=\"p1\" style=\"text-align: justify;\"><span class=\"s1\">Arrivata ad <strong>Agliana<\/strong> quasi per scommessa qualche anno fa, con un piccolo gruppo di appena 5 o 6 pionieri, l\u2019<strong>Atletica Silvano Fedi di Pistoia<\/strong> \u00e8 oggi una realt\u00e0 consolidata che conta sul nostro territorio circa 60 giovani atleti. Una crescita rapida e calorosa che testimonia il bisogno di una comunit\u00e0 di riscoprire il movimento, la socialit\u00e0 e i <strong>valori puri<\/strong> dello sport. Il successo dell\u2019associazione \u00e8 dato da una presenza costante sul territorio. Fondamentale \u00e8 stata la partecipazione a eventi come \u201c<strong>Sport per tutti<\/strong>\u201d presso il Parco Pertini, dove l&#8217;atletica si \u00e8 presentata accanto a discipline storiche come calcio e basket. Il resto lo ha fatto il passaparola tra i genitori, entusiasti di un\u2019offerta sportiva che prima ad Agliana mancava quasi totalmente.<\/span><\/p>\n<p class=\"p1\" style=\"text-align: justify;\"><span class=\"s1\">In un&#8217;epoca dominata dalla pressione digitale e dall&#8217;agonismo precoce, la Silvano Fedi propone una ricetta basata sulla purezza dello sport. L&#8217;obiettivo dichiarato non \u00e8 la ricerca ossessiva del <strong>campione<\/strong>, ma lo sviluppo armonico del bambino. L&#8217;atletica viene insegnata come la base di tutte le discipline, utile a coordinarsi e a conoscere il proprio corpo, sia per chi sceglie questo sport in esclusiva, sia come preparazione parallela ad altri sport. Gli allenatori lavorano per eliminare la pressione della prestazione, permettendo ai ragazzi di arrivare alle gare con la tranquillit\u00e0 necessaria per performare meglio, <strong>divertendosi<\/strong>. L&#8217;associazione promuove l&#8217;unione tra le famiglie, organizzando cene e momenti di aggregazione che trasformano il gruppo sportivo in una <strong>grande comunit\u00e0<\/strong>.<\/span><\/p>\n<p style=\"text-align: justify;\"><a href=\"https:\/\/www.noidiqua.it\/Agliana\/wp-content\/uploads\/2026\/04\/ASD-Silvano-Fedi-2.png\" rel=\"wp-prettyPhoto[9899]\"><img loading=\"lazy\" decoding=\"async\" class=\"aligncenter size-full wp-image-9901\" src=\"https:\/\/www.noidiqua.it\/Agliana\/wp-content\/uploads\/2026\/04\/ASD-Silvano-Fedi-2.png\" alt=\"\" width=\"500\" height=\"415\" srcset=\"https:\/\/www.noidiqua.it\/Agliana\/wp-content\/uploads\/2026\/04\/ASD-Silvano-Fedi-2.png 500w, https:\/\/www.noidiqua.it\/Agliana\/wp-content\/uploads\/2026\/04\/ASD-Silvano-Fedi-2-300x249.png 300w\" sizes=\"auto, (max-width: 500px) 100vw, 500px\" \/><\/a><\/p>\n<p class=\"p1\" style=\"text-align: justify;\"><span class=\"s1\">La crescita dell\u2019Atletica Silvano Fedi ha richiesto un&#8217;organizzazione solida e competente. Il direttivo \u00e8 guidato dal presidente <strong>Guido Amerini<\/strong>. I tre vicepresidenti si dividono i compiti: Silvia Forlani segue la socialit\u00e0, Antonio Iadanza cura i rapporti istituzionali e la burocrazia, mentre l\u2019Avv. Luca Innocenti si occupa degli aspetti legali. Il polo di Agliana \u00e8 coordinato da <strong>Cosimo Semeraro<\/strong>, al tempo stesso allenatore insieme a Giulia Di Bisceglie, Giovanni Parrillo, Giacomo Sirio e Pamela Bellari. Come sottolineato dall\u2019allenatrice e dott.ssa Di Bisceglie, specializzatasi, dopo la laurea in giurisprudenza, in Diritto dello Sport, un elemento distintivo \u00e8 l&#8217;attenzione alla sicurezza dei ragazzi, su cui la recente riforma del diritto sportivo ha posto l\u2019attenzione. In particolare \u00e8 stata introdotta la figura del \u201c<strong>safeguarding<\/strong>\u201d, istituto fondamentale per la protezione dei soggetti vulnerabili in ambito sportivo, in particolare dei minori. Il \u201csafeguarding\u201d mira a creare un ambiente sicuro e inclusivo, limitando ogni forma di abuso, discriminazione e violenza. In linea con tale riforma, la societ\u00e0 ha nominato Antonio Iadanza come responsabile \u201csafeguarding\u201d. Fondamentale \u00e8 anche il ruolo di Daniela Gorgeri, volontaria che gestisce i rapporti con i genitori e assiste i bambini durante le sessioni.<\/span><\/p>\n<p class=\"p1\" style=\"text-align: justify;\"><span class=\"s1\">Grazie alla sinergia con il Comune di Agliana, la societ\u00e0 ha finalmente trovato casa nella nuova palestra di <strong>Spedalino<\/strong>, inaugurata a settembre, fondamentale per l&#8217;attivit\u00e0 invernale.<\/span><\/p>\n<p class=\"p1\" style=\"text-align: justify;\"><span class=\"s1\">La Silvano Fedi non \u00e8 solo corsa e salti. La sua attivit\u00e0 si estende a tutto tondo nella comunit\u00e0. Ad esempio il progetto del <strong>centro estivo<\/strong> a Chiazzano \u00e8 nato nel 2020 ed accoglie molti bambini con attivit\u00e0 che spaziano dalla panificazione alle lezioni di primo soccorso con la Croce Verde. Vengono inoltre organizzati corsi AFA<span class=\"Apple-converted-space\">\u00a0 <\/span>(<strong>Attivit\u00e0 Fisica Adattata<\/strong>), ossia corsi specifici per persone con problemi articolari o legate all&#8217;et\u00e0, svolti in diverse palestre pistoiesi.<\/span><\/p>\n<p style=\"text-align: justify;\"><a href=\"https:\/\/www.noidiqua.it\/Agliana\/wp-content\/uploads\/2026\/04\/ASD-Silvano-Fedi-3.png\" rel=\"wp-prettyPhoto[9899]\"><img loading=\"lazy\" decoding=\"async\" class=\"aligncenter size-full wp-image-9902\" src=\"https:\/\/www.noidiqua.it\/Agliana\/wp-content\/uploads\/2026\/04\/ASD-Silvano-Fedi-3.png\" alt=\"\" width=\"502\" height=\"390\" srcset=\"https:\/\/www.noidiqua.it\/Agliana\/wp-content\/uploads\/2026\/04\/ASD-Silvano-Fedi-3.png 502w, https:\/\/www.noidiqua.it\/Agliana\/wp-content\/uploads\/2026\/04\/ASD-Silvano-Fedi-3-300x233.png 300w\" sizes=\"auto, (max-width: 502px) 100vw, 502px\" \/><\/a><\/p>\n<p class=\"p1\" style=\"text-align: justify;\"><span class=\"s1\">Per il 2027 \u00e8 in cantiere l&#8217;organizzazione di una grande gara campestre regionale al Parco Pertini di Agliana, in collaborazione con il <strong>CSI<\/strong>.<\/span><\/p>\n<p class=\"p1\" style=\"text-align: justify;\"><span class=\"s1\">L&#8217;invito finale della societ\u00e0 \u00e8 rivolto a tutti i ragazzi: provare lo sport per trovare beneficio fisico e mentale, staccando dalla frenesia quotidiana e riscoprendo il piacere del movimento in <strong>compagnia<\/strong>.<\/span><\/p>","protected":false},"excerpt":{"rendered":"<p>di Serena Michelozzi marzo 2026 Arrivata ad Agliana quasi per scommessa qualche anno fa, con un piccolo gruppo di appena 5 o 6 pionieri, l\u2019Atletica Silvano Fedi di Pistoia \u00e8 oggi una realt\u00e0 consolidata che conta sul nostro territorio circa 60 giovani atleti. Una crescita rapida e [&hellip;]<\/p>","protected":false},"author":101011,"featured_media":0,"comment_status":"open","ping_status":"open","sticky":false,"template":"","format":"standard","meta":{"footnotes":""},"categories":[2,144,20],"tags":[37,5397,1226,5400,2407,1984,5404,5406,5401,5402,5403,5405,330,5399,5398],"class_list":["post-9899","post","type-post","status-publish","format-standard","hentry","category-ag","category-lo-sport-di-qua","category-dx1","tag-ag-ag","tag-atletica-silvano-fedi-di-pistoia","tag-attivita-fisica-adattata","tag-campione","tag-centro-estivo","tag-compagnia","tag-cosimo-semeraro","tag-csi","tag-divertendosi","tag-grande-comunita","tag-guido-amerini","tag-safeguarding","tag-spedalino","tag-sport-per-tutti","tag-valori-puri"],"yoast_head":"<!-- This site is optimized with the Yoast SEO plugin v25.5 - https:\/\/yoast.com\/wordpress\/plugins\/seo\/ -->\n<title>ASD Silvano Fedi Pistoia - un successo anche ad Agliana - Noi di Qua Testata giornalistica e di attualit\u00e0 di Agliana, Montale e Quarrata.<\/title>\n<meta name=\"robots\" content=\"index, follow, max-snippet:-1, max-image-preview:large, max-video-preview:-1\" \/>\n<link rel=\"canonical\" href=\"https:\/\/www.noidiqua.it\/Agliana\/asd-silvano-fedi-pistoia-un-successo-anche-ad-agliana\/\" \/>\n<meta property=\"og:locale\" content=\"it_IT\" \/>\n<meta property=\"og:type\" content=\"article\" \/>\n<meta property=\"og:title\" content=\"ASD Silvano Fedi Pistoia - un successo anche ad Agliana - Noi di Qua Testata giornalistica e di attualit\u00e0 di Agliana, Montale e Quarrata.\" \/>\n<meta property=\"og:description\" content=\"di Serena Michelozzi marzo 2026 Arrivata ad Agliana quasi per scommessa qualche anno fa, con un piccolo gruppo di appena 5 o 6 pionieri, l\u2019Atletica Silvano Fedi di Pistoia \u00e8 oggi una realt\u00e0 consolidata che conta sul nostro territorio circa 60 giovani atleti. Una crescita rapida e [&hellip;]\" \/>\n<meta property=\"og:url\" content=\"https:\/\/www.noidiqua.it\/Agliana\/asd-silvano-fedi-pistoia-un-successo-anche-ad-agliana\/\" \/>\n<meta property=\"og:site_name\" content=\"Noi di Qua Testata giornalistica e di attualit\u00e0 di Agliana, Montale e Quarrata.\" \/>\n<meta property=\"article:publisher\" content=\"https:\/\/www.facebook.com\/noidiqua.trimestrale\/\" \/>\n<meta property=\"article:published_time\" content=\"2026-03-13T10:20:37+00:00\" \/>\n<meta property=\"article:modified_time\" content=\"2026-04-20T09:35:57+00:00\" \/>\n<meta property=\"og:image\" content=\"https:\/\/www.noidiqua.it\/Agliana\/wp-content\/uploads\/2026\/04\/ASD-Silvano-Fedi-1.png\" \/>\n\t<meta property=\"og:image:width\" content=\"506\" \/>\n\t<meta property=\"og:image:height\" content=\"348\" \/>\n\t<meta property=\"og:image:type\" content=\"image\/png\" \/>\n<meta name=\"author\" content=\"Serena Michelozzi\" \/>\n<meta name=\"twitter:label1\" content=\"Scritto da\" \/>\n\t<meta name=\"twitter:data1\" content=\"Serena Michelozzi\" \/>\n\t<meta name=\"twitter:label2\" content=\"Tempo di lettura stimato\" \/>\n\t<meta name=\"twitter:data2\" content=\"4 minuti\" \/>\n<script type=\"application\/ld+json\" class=\"yoast-schema-graph\">{\"@context\":\"https:\/\/schema.org\",\"@graph\":[{\"@type\":\"WebPage\",\"@id\":\"https:\/\/www.noidiqua.it\/Agliana\/asd-silvano-fedi-pistoia-un-successo-anche-ad-agliana\/\",\"url\":\"https:\/\/www.noidiqua.it\/Agliana\/asd-silvano-fedi-pistoia-un-successo-anche-ad-agliana\/\",\"name\":\"ASD Silvano Fedi Pistoia - un successo anche ad Agliana - Noi di Qua Testata giornalistica e di attualit\u00e0 di Agliana, Montale e Quarrata.\",\"isPartOf\":{\"@id\":\"https:\/\/www.noidiqua.it\/Agliana\/#website\"},\"primaryImageOfPage\":{\"@id\":\"https:\/\/www.noidiqua.it\/Agliana\/asd-silvano-fedi-pistoia-un-successo-anche-ad-agliana\/#primaryimage\"},\"image\":{\"@id\":\"https:\/\/www.noidiqua.it\/Agliana\/asd-silvano-fedi-pistoia-un-successo-anche-ad-agliana\/#primaryimage\"},\"thumbnailUrl\":\"https:\/\/www.noidiqua.it\/Agliana\/wp-content\/uploads\/2026\/04\/ASD-Silvano-Fedi-1.png\",\"datePublished\":\"2026-03-13T10:20:37+00:00\",\"dateModified\":\"2026-04-20T09:35:57+00:00\",\"author\":{\"@id\":\"https:\/\/www.noidiqua.it\/Agliana\/#\/schema\/person\/4763a96f0bdf332cc8a55478dbeba163\"},\"breadcrumb\":{\"@id\":\"https:\/\/www.noidiqua.it\/Agliana\/asd-silvano-fedi-pistoia-un-successo-anche-ad-agliana\/#breadcrumb\"},\"inLanguage\":\"it-IT\",\"potentialAction\":[{\"@type\":\"ReadAction\",\"target\":[\"https:\/\/www.noidiqua.it\/Agliana\/asd-silvano-fedi-pistoia-un-successo-anche-ad-agliana\/\"]}]},{\"@type\":\"ImageObject\",\"inLanguage\":\"it-IT\",\"@id\":\"https:\/\/www.noidiqua.it\/Agliana\/asd-silvano-fedi-pistoia-un-successo-anche-ad-agliana\/#primaryimage\",\"url\":\"https:\/\/www.noidiqua.it\/Agliana\/wp-content\/uploads\/2026\/04\/ASD-Silvano-Fedi-1.png\",\"contentUrl\":\"https:\/\/www.noidiqua.it\/Agliana\/wp-content\/uploads\/2026\/04\/ASD-Silvano-Fedi-1.png\",\"width\":506,\"height\":348},{\"@type\":\"BreadcrumbList\",\"@id\":\"https:\/\/www.noidiqua.it\/Agliana\/asd-silvano-fedi-pistoia-un-successo-anche-ad-agliana\/#breadcrumb\",\"itemListElement\":[{\"@type\":\"ListItem\",\"position\":1,\"name\":\"Home\",\"item\":\"https:\/\/www.noidiqua.it\/Agliana\/\"},{\"@type\":\"ListItem\",\"position\":2,\"name\":\"ASD Silvano Fedi Pistoia &#8211; un successo anche ad Agliana\"}]},{\"@type\":\"WebSite\",\"@id\":\"https:\/\/www.noidiqua.it\/Agliana\/#website\",\"url\":\"https:\/\/www.noidiqua.it\/Agliana\/\",\"name\":\"Noi di Qua Testata giornalistica e di attualit\u00e0 di Agliana, Montale e Quarrata.\",\"description\":\"Testata Giornalistica Quarrata Montale Agliana\",\"potentialAction\":[{\"@type\":\"SearchAction\",\"target\":{\"@type\":\"EntryPoint\",\"urlTemplate\":\"https:\/\/www.noidiqua.it\/Agliana\/?s={search_term_string}\"},\"query-input\":{\"@type\":\"PropertyValueSpecification\",\"valueRequired\":true,\"valueName\":\"search_term_string\"}}],\"inLanguage\":\"it-IT\"},{\"@type\":\"Person\",\"@id\":\"https:\/\/www.noidiqua.it\/Agliana\/#\/schema\/person\/4763a96f0bdf332cc8a55478dbeba163\",\"name\":\"Serena Michelozzi\",\"image\":{\"@type\":\"ImageObject\",\"inLanguage\":\"it-IT\",\"@id\":\"https:\/\/www.noidiqua.it\/Agliana\/#\/schema\/person\/image\/\",\"url\":\"https:\/\/secure.gravatar.com\/avatar\/a8efaab8953a1edb4943a89dbca993e803bf8bcf5221a8ff937a96a5b9914aab?s=96&d=mm&r=g\",\"contentUrl\":\"https:\/\/secure.gravatar.com\/avatar\/a8efaab8953a1edb4943a89dbca993e803bf8bcf5221a8ff937a96a5b9914aab?s=96&d=mm&r=g\",\"caption\":\"Serena Michelozzi\"},\"url\":\"https:\/\/www.noidiqua.it\/Agliana\/author\/serena-michelozzi\/\"}]}<\/script>\n<!-- \/ Yoast SEO plugin. -->","yoast_head_json":{"title":"ASD Silvano Fedi Pistoia - un successo anche ad Agliana - Noi di Qua Testata giornalistica e di attualit\u00e0 di Agliana, Montale e Quarrata.","robots":{"index":"index","follow":"follow","max-snippet":"max-snippet:-1","max-image-preview":"max-image-preview:large","max-video-preview":"max-video-preview:-1"},"canonical":"https:\/\/www.noidiqua.it\/Agliana\/asd-silvano-fedi-pistoia-un-successo-anche-ad-agliana\/","og_locale":"it_IT","og_type":"article","og_title":"ASD Silvano Fedi Pistoia - un successo anche ad Agliana - Noi di Qua Testata giornalistica e di attualit\u00e0 di Agliana, Montale e Quarrata.","og_description":"di Serena Michelozzi marzo 2026 Arrivata ad Agliana quasi per scommessa qualche anno fa, con un piccolo gruppo di appena 5 o 6 pionieri, l\u2019Atletica Silvano Fedi di Pistoia \u00e8 oggi una realt\u00e0 consolidata che conta sul nostro territorio circa 60 giovani atleti. Una crescita rapida e [&hellip;]","og_url":"https:\/\/www.noidiqua.it\/Agliana\/asd-silvano-fedi-pistoia-un-successo-anche-ad-agliana\/","og_site_name":"Noi di Qua Testata giornalistica e di attualit\u00e0 di Agliana, Montale e Quarrata.","article_publisher":"https:\/\/www.facebook.com\/noidiqua.trimestrale\/","article_published_time":"2026-03-13T10:20:37+00:00","article_modified_time":"2026-04-20T09:35:57+00:00","og_image":[{"width":506,"height":348,"url":"https:\/\/www.noidiqua.it\/Agliana\/wp-content\/uploads\/2026\/04\/ASD-Silvano-Fedi-1.png","type":"image\/png"}],"author":"Serena Michelozzi","twitter_misc":{"Scritto da":"Serena Michelozzi","Tempo di lettura stimato":"4 minuti"},"schema":{"@context":"https:\/\/schema.org","@graph":[{"@type":"WebPage","@id":"https:\/\/www.noidiqua.it\/Agliana\/asd-silvano-fedi-pistoia-un-successo-anche-ad-agliana\/","url":"https:\/\/www.noidiqua.it\/Agliana\/asd-silvano-fedi-pistoia-un-successo-anche-ad-agliana\/","name":"ASD Silvano Fedi Pistoia - un successo anche ad Agliana - Noi di Qua Testata giornalistica e di attualit\u00e0 di Agliana, Montale e Quarrata.","isPartOf":{"@id":"https:\/\/www.noidiqua.it\/Agliana\/#website"},"primaryImageOfPage":{"@id":"https:\/\/www.noidiqua.it\/Agliana\/asd-silvano-fedi-pistoia-un-successo-anche-ad-agliana\/#primaryimage"},"image":{"@id":"https:\/\/www.noidiqua.it\/Agliana\/asd-silvano-fedi-pistoia-un-successo-anche-ad-agliana\/#primaryimage"},"thumbnailUrl":"https:\/\/www.noidiqua.it\/Agliana\/wp-content\/uploads\/2026\/04\/ASD-Silvano-Fedi-1.png","datePublished":"2026-03-13T10:20:37+00:00","dateModified":"2026-04-20T09:35:57+00:00","author":{"@id":"https:\/\/www.noidiqua.it\/Agliana\/#\/schema\/person\/4763a96f0bdf332cc8a55478dbeba163"},"breadcrumb":{"@id":"https:\/\/www.noidiqua.it\/Agliana\/asd-silvano-fedi-pistoia-un-successo-anche-ad-agliana\/#breadcrumb"},"inLanguage":"it-IT","potentialAction":[{"@type":"ReadAction","target":["https:\/\/www.noidiqua.it\/Agliana\/asd-silvano-fedi-pistoia-un-successo-anche-ad-agliana\/"]}]},{"@type":"ImageObject","inLanguage":"it-IT","@id":"https:\/\/www.noidiqua.it\/Agliana\/asd-silvano-fedi-pistoia-un-successo-anche-ad-agliana\/#primaryimage","url":"https:\/\/www.noidiqua.it\/Agliana\/wp-content\/uploads\/2026\/04\/ASD-Silvano-Fedi-1.png","contentUrl":"https:\/\/www.noidiqua.it\/Agliana\/wp-content\/uploads\/2026\/04\/ASD-Silvano-Fedi-1.png","width":506,"height":348},{"@type":"BreadcrumbList","@id":"https:\/\/www.noidiqua.it\/Agliana\/asd-silvano-fedi-pistoia-un-successo-anche-ad-agliana\/#breadcrumb","itemListElement":[{"@type":"ListItem","position":1,"name":"Home","item":"https:\/\/www.noidiqua.it\/Agliana\/"},{"@type":"ListItem","position":2,"name":"ASD Silvano Fedi Pistoia &#8211; un successo anche ad Agliana"}]},{"@type":"WebSite","@id":"https:\/\/www.noidiqua.it\/Agliana\/#website","url":"https:\/\/www.noidiqua.it\/Agliana\/","name":"Noi di Qua Testata giornalistica e di attualit\u00e0 di Agliana, Montale e Quarrata.","description":"Testata Giornalistica Quarrata Montale Agliana","potentialAction":[{"@type":"SearchAction","target":{"@type":"EntryPoint","urlTemplate":"https:\/\/www.noidiqua.it\/Agliana\/?s={search_term_string}"},"query-input":{"@type":"PropertyValueSpecification","valueRequired":true,"valueName":"search_term_string"}}],"inLanguage":"it-IT"},{"@type":"Person","@id":"https:\/\/www.noidiqua.it\/Agliana\/#\/schema\/person\/4763a96f0bdf332cc8a55478dbeba163","name":"Serena Michelozzi","image":{"@type":"ImageObject","inLanguage":"it-IT","@id":"https:\/\/www.noidiqua.it\/Agliana\/#\/schema\/person\/image\/","url":"https:\/\/secure.gravatar.com\/avatar\/a8efaab8953a1edb4943a89dbca993e803bf8bcf5221a8ff937a96a5b9914aab?s=96&d=mm&r=g","contentUrl":"https:\/\/secure.gravatar.com\/avatar\/a8efaab8953a1edb4943a89dbca993e803bf8bcf5221a8ff937a96a5b9914aab?s=96&d=mm&r=g","caption":"Serena Michelozzi"},"url":"https:\/\/www.noidiqua.it\/Agliana\/author\/serena-michelozzi\/"}]}},"_links":{"self":[{"href":"https:\/\/www.noidiqua.it\/Agliana\/wp-json\/wp\/v2\/posts\/9899","targetHints":{"allow":["GET"]}}],"collection":[{"href":"https:\/\/www.noidiqua.it\/Agliana\/wp-json\/wp\/v2\/posts"}],"about":[{"href":"https:\/\/www.noidiqua.it\/Agliana\/wp-json\/wp\/v2\/types\/post"}],"author":[{"embeddable":true,"href":"https:\/\/www.noidiqua.it\/Agliana\/wp-json\/wp\/v2\/users\/101011"}],"replies":[{"embeddable":true,"href":"https:\/\/www.noidiqua.it\/Agliana\/wp-json\/wp\/v2\/comments?post=9899"}],"version-history":[{"count":3,"href":"https:\/\/www.noidiqua.it\/Agliana\/wp-json\/wp\/v2\/posts\/9899\/revisions"}],"predecessor-version":[{"id":9979,"href":"https:\/\/www.noidiqua.it\/Agliana\/wp-json\/wp\/v2\/posts\/9899\/revisions\/9979"}],"wp:attachment":[{"href":"https:\/\/www.noidiqua.it\/Agliana\/wp-json\/wp\/v2\/media?parent=9899"}],"wp:term":[{"taxonomy":"category","embeddable":true,"href":"https:\/\/www.noidiqua.it\/Agliana\/wp-json\/wp\/v2\/categories?post=9899"},{"taxonomy":"post_tag","embeddable":true,"href":"https:\/\/www.noidiqua.it\/Agliana\/wp-json\/wp\/v2\/tags?post=9899"}],"curies":[{"name":"wp","href":"https:\/\/api.w.org\/{rel}","templated":true}]}}