{"id":9911,"date":"2026-03-13T12:31:48","date_gmt":"2026-03-13T11:31:48","guid":{"rendered":"https:\/\/www.noidiqua.it\/Agliana\/?p=9911"},"modified":"2026-04-20T11:36:10","modified_gmt":"2026-04-20T09:36:10","slug":"elisa-de-michele-pittrice-e-illustratrice","status":"publish","type":"post","link":"https:\/\/www.noidiqua.it\/Agliana\/elisa-de-michele-pittrice-e-illustratrice\/","title":{"rendered":"Elisa De Michele &#8211; pittrice e illustratrice"},"content":{"rendered":"<p style=\"text-align: justify;\"><em>di Marco Bagnoli<\/em><\/p>\n<p style=\"text-align: justify;\"><em>marzo 2026<\/em><\/p>\n<p style=\"text-align: justify;\"><img loading=\"lazy\" decoding=\"async\" class=\"aligncenter size-full wp-image-9912\" src=\"https:\/\/www.noidiqua.it\/Agliana\/wp-content\/uploads\/2026\/04\/Elisa-De-Michele-1.png\" alt=\"\" width=\"500\" height=\"425\" srcset=\"https:\/\/www.noidiqua.it\/Agliana\/wp-content\/uploads\/2026\/04\/Elisa-De-Michele-1.png 500w, https:\/\/www.noidiqua.it\/Agliana\/wp-content\/uploads\/2026\/04\/Elisa-De-Michele-1-300x255.png 300w\" sizes=\"auto, (max-width: 500px) 100vw, 500px\" \/><\/p>\n<p class=\"p1\" style=\"text-align: justify;\"><strong>Elisa De Michele<\/strong> oggi ha 43 anni, e da bambina le piaceva disegnare sui muri bianchi di casa. Ha studiato all\u2019<strong>Istituto d\u2019Arte Petrocchi<\/strong> di Pistoia, poi dopo il diploma e la laurea in Interior design a Firenze, inizia a lavorare presso la falegnameria Bembi del babbo, disegnando mobili. Incontra Luca, che sposer\u00e0 nel 2017, nel 2008 nasce Tommaso, e quindi Agata nel 2015. Dopo una fase nella quale si \u00e8 strettamente dedicata alla famiglia, Elisa fa un corso di onicotecnica, imparando tutti i segreti della cura delle unghie, attivit\u00e0 che porta avanti tuttora. Nel 2015 partecipa a un master a Roma della<strong> Molly Academy<\/strong> per cake-designer, una prova comunque molto artistica, con la scultura della pasta di zucchero, la pittura, e la stessa ideazione delle torte. Nel 2019 apre quindi \u201c<strong>La Bottega dei Dolci Desideri<\/strong>\u201d, ma gi\u00e0 dopo la nascita di Agata realizzava dolci per le pasticcerie, lavorando in casa. Sar\u00e0 solo il Covid che metter\u00e0 la parola fine a tutta quella dolcezza.<\/p>\n<p style=\"text-align: justify;\"><img loading=\"lazy\" decoding=\"async\" class=\"aligncenter size-full wp-image-9913\" src=\"https:\/\/www.noidiqua.it\/Agliana\/wp-content\/uploads\/2026\/04\/Elisa-De-Michele-3.png\" alt=\"\" width=\"319\" height=\"398\" srcset=\"https:\/\/www.noidiqua.it\/Agliana\/wp-content\/uploads\/2026\/04\/Elisa-De-Michele-3.png 319w, https:\/\/www.noidiqua.it\/Agliana\/wp-content\/uploads\/2026\/04\/Elisa-De-Michele-3-240x300.png 240w\" sizes=\"auto, (max-width: 319px) 100vw, 319px\" \/><\/p>\n<p class=\"p1\" style=\"text-align: justify;\">Nel novembre 2015, illustra un libro, \u201c<strong>Amore zucchero e fantasia<\/strong>\u201d, scritto da <strong>Giovanna Hernandez<\/strong>, una ragazza di Prato che aveva fatto il master con lei a Roma, pubblicato dalla Franco Angeli. \u00c8 un volume in bianco e nero che colleziona otto favole sulle paure, le emozioni e le problematiche dei bambini, ciascuna abbinata ad un progetto di cake design, illustrato passo passo. Durante il lock-down Elisa \u00e8 stata a casa coi suoi bambini, e assieme a loro si \u00e8 un po&#8217; ritrovata quella di tanti anni prima, con la <strong>carta<\/strong> e i <strong>colori<\/strong> e tutto il tempo del mondo per disegnare come voleva. Complice anche l\u2019immancabile supporto della sua amica Giusy, Giusy Cumbo, a sua volta artista e organizzatrice di eventi artistici, da quel momento in poi Elisa non ha pi\u00f9 smesso di <strong>disegnare<\/strong>.<\/p>\n<p class=\"p1\" style=\"text-align: justify;\">Da bambina Elisa disegnava i suoi sogni sul muro; certo, alla sua et\u00e0 non poteva certo mettersi a scrivere sui muri, e allora prende la carta da pacchi e la imbianca, per poi disegnarci sopra. Usa sempre la penna Bic nera, come quando a scuola disegnava ovunque. La carta da pacchi \u00e8 stata un caso, da quando al ristorante fai disegnare i bimbi sulla tovaglietta di carta gialla per tenerli buoni. La carta \u00e8 <strong>materica<\/strong>, si <i>acc\u00eccciola<\/i>, non resta l\u00ec, come dire, non resta indifferente. Nel 2020 Elisa inizia a collaborare con la <strong>Sartoria Musicale<\/strong> di <strong>Damiano Innocenti<\/strong>, un suo amico dei tempi delle superiori: ha realizzato diverse copertine per i ragazzi che fanno musica con lui. Ha disegnato la copertina di \u201c19\u201d, del cantautore Aldo Aldi, \u201c<strong>il Cacciatore nella segale<\/strong>\u201d.<\/p>\n<p style=\"text-align: justify;\"><img loading=\"lazy\" decoding=\"async\" class=\"aligncenter size-full wp-image-9914\" src=\"https:\/\/www.noidiqua.it\/Agliana\/wp-content\/uploads\/2026\/04\/Elisa-De-Michele-4.png\" alt=\"\" width=\"498\" height=\"413\" srcset=\"https:\/\/www.noidiqua.it\/Agliana\/wp-content\/uploads\/2026\/04\/Elisa-De-Michele-4.png 498w, https:\/\/www.noidiqua.it\/Agliana\/wp-content\/uploads\/2026\/04\/Elisa-De-Michele-4-300x249.png 300w\" sizes=\"auto, (max-width: 498px) 100vw, 498px\" \/><\/p>\n<p class=\"p1\" style=\"text-align: justify;\">Nel 2022 una sua carissima amica perde un suo amico a sua volta molto importante: si tratta di Giacomo Di Napoli, pluripremiato campione di Agliana, venuto a mancare l\u2019undici luglio nel corso della sua preparazione per i campionati mondiali di aliante acrobatico. I suoi genitori hanno subito fondato un\u2019associazione, \u201c<strong>Giak nuotatore volante<\/strong>\u201d, che ricorda le due grandi passioni del figlio, il volo e il nuoto, e aiuta i ragazzi, soprattutto quelli con disabilit\u00e0. Per loro realizza un murales all\u2019interno della piscina Cogis di Montale. Era infatti ormai da tempo che decorava le camerette dei bambini con vari disegni, solo che stavolta l\u2019area da coprire era decisamente maggiore: lei si \u00e8 buttata e ci ha provato, aiutata dal grafico <strong>Andrea Ceccherelli<\/strong>, un grande amico di Giacomo. Elisa non aveva mai conosciuto Giak, eppure lo ha subito sentito vicino a s\u00e9, tramite il racconto dei suoi genitori. E a ricordarlo si emoziona ancora. Un anno Elisa dopo realizza il secondo murales per l\u2019associazione, stavolta sul muro esterno della piscina, col caldo estivo e tutta la gente che guarda.<\/p>\n<p class=\"p1\" style=\"text-align: justify;\">Ha inoltre realizzato una serie di jeanseria decorata coi suoi disegni, tutti pezzi unici, in collaborazione con <strong>Luisa Rosignoli<\/strong>, la titolare del negozio di abbigliamento <strong>Any Lab<\/strong> di Agliana. Invece un negozio di Montale ha messo proprio in produzione una linea di camice. Ha tenuto un live-action nel corso di una serata coi ragazzi della \u201cSartoria Musicale\u201d, dove loro cantavano e lei dipingeva. Nell\u2019aprile 2023 ha fatto una mostra di suoi quadri alla pasticceria <strong>Bohero<\/strong> di Pistoia, \u201c<strong>Giro giro tondo<\/strong>\u201d, con effetti fluorescenti, e nel luglio 2025 al <strong>Caff\u00e8 la Corte<\/strong>, sempre a Pistoia. Elisa non si annoia mai, perch\u00e9 l\u2019atto del disegnare \u00e8 lo stesso, ma il risultato cambia sempre.<\/p>\n<p style=\"text-align: justify;\"><img loading=\"lazy\" decoding=\"async\" class=\"size-full wp-image-9915 aligncenter\" src=\"https:\/\/www.noidiqua.it\/Agliana\/wp-content\/uploads\/2026\/04\/Elisa-De-Michele-2.png\" alt=\"\" width=\"512\" height=\"315\" srcset=\"https:\/\/www.noidiqua.it\/Agliana\/wp-content\/uploads\/2026\/04\/Elisa-De-Michele-2.png 512w, https:\/\/www.noidiqua.it\/Agliana\/wp-content\/uploads\/2026\/04\/Elisa-De-Michele-2-300x185.png 300w\" sizes=\"auto, (max-width: 512px) 100vw, 512px\" \/><\/p>","protected":false},"excerpt":{"rendered":"<p>di Marco Bagnoli marzo 2026 Elisa De Michele oggi ha 43 anni, e da bambina le piaceva disegnare sui muri bianchi di casa. Ha studiato all\u2019Istituto d\u2019Arte Petrocchi di Pistoia, poi dopo il diploma e la laurea in Interior design a Firenze, inizia a lavorare presso la [&hellip;]<\/p>","protected":false},"author":3,"featured_media":0,"comment_status":"open","ping_status":"open","sticky":false,"template":"","format":"standard","meta":{"footnotes":""},"categories":[2,3,22],"tags":[5421,5428,5430,5432,5433,4143,5423,5426,5343,5417,3386,5422,5431,5427,5419,5420,5429,5424,5418,5425],"class_list":["post-9911","post","type-post","status-publish","format-standard","hentry","category-ag","category-arte-artigianato-qt","category-dx3","tag-amore-zucchero-e-fantasia","tag-andrea-ceccherelli","tag-any-lab","tag-bohero","tag-caffe-la-corte","tag-carta","tag-colori","tag-damiano-innocenti","tag-disegnare","tag-elisa-de-michele","tag-giak-nuotatore-volante","tag-giovanna-hernandez","tag-giro-giro-tondo","tag-il-cacciatore-nella-segale","tag-istituto-darte-petrocchi","tag-la-bottega-dei-dolci-desideri","tag-luisa-rosignoli","tag-materica","tag-molly-academy","tag-sartoria-musicale"],"yoast_head":"<!-- This site is optimized with the Yoast SEO plugin v25.5 - https:\/\/yoast.com\/wordpress\/plugins\/seo\/ -->\n<title>Elisa De Michele - pittrice e illustratrice - Noi di Qua Testata giornalistica e di attualit\u00e0 di Agliana, Montale e Quarrata.<\/title>\n<meta name=\"robots\" content=\"index, follow, max-snippet:-1, max-image-preview:large, max-video-preview:-1\" \/>\n<link rel=\"canonical\" href=\"https:\/\/www.noidiqua.it\/Agliana\/elisa-de-michele-pittrice-e-illustratrice\/\" \/>\n<meta property=\"og:locale\" content=\"it_IT\" \/>\n<meta property=\"og:type\" content=\"article\" \/>\n<meta property=\"og:title\" content=\"Elisa De Michele - pittrice e illustratrice - Noi di Qua Testata giornalistica e di attualit\u00e0 di Agliana, Montale e Quarrata.\" \/>\n<meta property=\"og:description\" content=\"di Marco Bagnoli marzo 2026 Elisa De Michele oggi ha 43 anni, e da bambina le piaceva disegnare sui muri bianchi di casa. Ha studiato all\u2019Istituto d\u2019Arte Petrocchi di Pistoia, poi dopo il diploma e la laurea in Interior design a Firenze, inizia a lavorare presso la [&hellip;]\" \/>\n<meta property=\"og:url\" content=\"https:\/\/www.noidiqua.it\/Agliana\/elisa-de-michele-pittrice-e-illustratrice\/\" \/>\n<meta property=\"og:site_name\" content=\"Noi di Qua Testata giornalistica e di attualit\u00e0 di Agliana, Montale e Quarrata.\" \/>\n<meta property=\"article:publisher\" content=\"https:\/\/www.facebook.com\/noidiqua.trimestrale\/\" \/>\n<meta property=\"article:published_time\" content=\"2026-03-13T11:31:48+00:00\" \/>\n<meta property=\"article:modified_time\" content=\"2026-04-20T09:36:10+00:00\" \/>\n<meta property=\"og:image\" content=\"https:\/\/www.noidiqua.it\/Agliana\/wp-content\/uploads\/2026\/04\/Elisa-De-Michele-1.png\" \/>\n\t<meta property=\"og:image:width\" content=\"500\" \/>\n\t<meta property=\"og:image:height\" content=\"425\" \/>\n\t<meta property=\"og:image:type\" content=\"image\/png\" \/>\n<meta name=\"author\" content=\"Marco Bagnoli\" \/>\n<meta name=\"twitter:label1\" content=\"Scritto da\" \/>\n\t<meta name=\"twitter:data1\" content=\"Marco Bagnoli\" \/>\n\t<meta name=\"twitter:label2\" content=\"Tempo di lettura stimato\" \/>\n\t<meta name=\"twitter:data2\" content=\"5 minuti\" \/>\n<script type=\"application\/ld+json\" class=\"yoast-schema-graph\">{\"@context\":\"https:\/\/schema.org\",\"@graph\":[{\"@type\":\"WebPage\",\"@id\":\"https:\/\/www.noidiqua.it\/Agliana\/elisa-de-michele-pittrice-e-illustratrice\/\",\"url\":\"https:\/\/www.noidiqua.it\/Agliana\/elisa-de-michele-pittrice-e-illustratrice\/\",\"name\":\"Elisa De Michele - pittrice e illustratrice - Noi di Qua Testata giornalistica e di attualit\u00e0 di Agliana, Montale e Quarrata.\",\"isPartOf\":{\"@id\":\"https:\/\/www.noidiqua.it\/Agliana\/#website\"},\"primaryImageOfPage\":{\"@id\":\"https:\/\/www.noidiqua.it\/Agliana\/elisa-de-michele-pittrice-e-illustratrice\/#primaryimage\"},\"image\":{\"@id\":\"https:\/\/www.noidiqua.it\/Agliana\/elisa-de-michele-pittrice-e-illustratrice\/#primaryimage\"},\"thumbnailUrl\":\"https:\/\/www.noidiqua.it\/Agliana\/wp-content\/uploads\/2026\/04\/Elisa-De-Michele-1.png\",\"datePublished\":\"2026-03-13T11:31:48+00:00\",\"dateModified\":\"2026-04-20T09:36:10+00:00\",\"author\":{\"@id\":\"https:\/\/www.noidiqua.it\/Agliana\/#\/schema\/person\/4e183cb0c6d7951e716a876aa702e1a2\"},\"breadcrumb\":{\"@id\":\"https:\/\/www.noidiqua.it\/Agliana\/elisa-de-michele-pittrice-e-illustratrice\/#breadcrumb\"},\"inLanguage\":\"it-IT\",\"potentialAction\":[{\"@type\":\"ReadAction\",\"target\":[\"https:\/\/www.noidiqua.it\/Agliana\/elisa-de-michele-pittrice-e-illustratrice\/\"]}]},{\"@type\":\"ImageObject\",\"inLanguage\":\"it-IT\",\"@id\":\"https:\/\/www.noidiqua.it\/Agliana\/elisa-de-michele-pittrice-e-illustratrice\/#primaryimage\",\"url\":\"https:\/\/www.noidiqua.it\/Agliana\/wp-content\/uploads\/2026\/04\/Elisa-De-Michele-1.png\",\"contentUrl\":\"https:\/\/www.noidiqua.it\/Agliana\/wp-content\/uploads\/2026\/04\/Elisa-De-Michele-1.png\",\"width\":500,\"height\":425},{\"@type\":\"BreadcrumbList\",\"@id\":\"https:\/\/www.noidiqua.it\/Agliana\/elisa-de-michele-pittrice-e-illustratrice\/#breadcrumb\",\"itemListElement\":[{\"@type\":\"ListItem\",\"position\":1,\"name\":\"Home\",\"item\":\"https:\/\/www.noidiqua.it\/Agliana\/\"},{\"@type\":\"ListItem\",\"position\":2,\"name\":\"Elisa De Michele &#8211; pittrice e illustratrice\"}]},{\"@type\":\"WebSite\",\"@id\":\"https:\/\/www.noidiqua.it\/Agliana\/#website\",\"url\":\"https:\/\/www.noidiqua.it\/Agliana\/\",\"name\":\"Noi di Qua Testata giornalistica e di attualit\u00e0 di Agliana, Montale e Quarrata.\",\"description\":\"Testata Giornalistica Quarrata Montale Agliana\",\"potentialAction\":[{\"@type\":\"SearchAction\",\"target\":{\"@type\":\"EntryPoint\",\"urlTemplate\":\"https:\/\/www.noidiqua.it\/Agliana\/?s={search_term_string}\"},\"query-input\":{\"@type\":\"PropertyValueSpecification\",\"valueRequired\":true,\"valueName\":\"search_term_string\"}}],\"inLanguage\":\"it-IT\"},{\"@type\":\"Person\",\"@id\":\"https:\/\/www.noidiqua.it\/Agliana\/#\/schema\/person\/4e183cb0c6d7951e716a876aa702e1a2\",\"name\":\"Marco Bagnoli\",\"image\":{\"@type\":\"ImageObject\",\"inLanguage\":\"it-IT\",\"@id\":\"https:\/\/www.noidiqua.it\/Agliana\/#\/schema\/person\/image\/\",\"url\":\"https:\/\/secure.gravatar.com\/avatar\/73ace53724c50db9c48af54756f17b7cdb015a9d8d2c08c7e04e480539a94eee?s=96&d=mm&r=g\",\"contentUrl\":\"https:\/\/secure.gravatar.com\/avatar\/73ace53724c50db9c48af54756f17b7cdb015a9d8d2c08c7e04e480539a94eee?s=96&d=mm&r=g\",\"caption\":\"Marco Bagnoli\"},\"url\":\"https:\/\/www.noidiqua.it\/Agliana\/author\/marco-bagnoli\/\"}]}<\/script>\n<!-- \/ Yoast SEO plugin. -->","yoast_head_json":{"title":"Elisa De Michele - pittrice e illustratrice - Noi di Qua Testata giornalistica e di attualit\u00e0 di Agliana, Montale e Quarrata.","robots":{"index":"index","follow":"follow","max-snippet":"max-snippet:-1","max-image-preview":"max-image-preview:large","max-video-preview":"max-video-preview:-1"},"canonical":"https:\/\/www.noidiqua.it\/Agliana\/elisa-de-michele-pittrice-e-illustratrice\/","og_locale":"it_IT","og_type":"article","og_title":"Elisa De Michele - pittrice e illustratrice - Noi di Qua Testata giornalistica e di attualit\u00e0 di Agliana, Montale e Quarrata.","og_description":"di Marco Bagnoli marzo 2026 Elisa De Michele oggi ha 43 anni, e da bambina le piaceva disegnare sui muri bianchi di casa. Ha studiato all\u2019Istituto d\u2019Arte Petrocchi di Pistoia, poi dopo il diploma e la laurea in Interior design a Firenze, inizia a lavorare presso la [&hellip;]","og_url":"https:\/\/www.noidiqua.it\/Agliana\/elisa-de-michele-pittrice-e-illustratrice\/","og_site_name":"Noi di Qua Testata giornalistica e di attualit\u00e0 di Agliana, Montale e Quarrata.","article_publisher":"https:\/\/www.facebook.com\/noidiqua.trimestrale\/","article_published_time":"2026-03-13T11:31:48+00:00","article_modified_time":"2026-04-20T09:36:10+00:00","og_image":[{"width":500,"height":425,"url":"https:\/\/www.noidiqua.it\/Agliana\/wp-content\/uploads\/2026\/04\/Elisa-De-Michele-1.png","type":"image\/png"}],"author":"Marco Bagnoli","twitter_misc":{"Scritto da":"Marco Bagnoli","Tempo di lettura stimato":"5 minuti"},"schema":{"@context":"https:\/\/schema.org","@graph":[{"@type":"WebPage","@id":"https:\/\/www.noidiqua.it\/Agliana\/elisa-de-michele-pittrice-e-illustratrice\/","url":"https:\/\/www.noidiqua.it\/Agliana\/elisa-de-michele-pittrice-e-illustratrice\/","name":"Elisa De Michele - pittrice e illustratrice - Noi di Qua Testata giornalistica e di attualit\u00e0 di Agliana, Montale e Quarrata.","isPartOf":{"@id":"https:\/\/www.noidiqua.it\/Agliana\/#website"},"primaryImageOfPage":{"@id":"https:\/\/www.noidiqua.it\/Agliana\/elisa-de-michele-pittrice-e-illustratrice\/#primaryimage"},"image":{"@id":"https:\/\/www.noidiqua.it\/Agliana\/elisa-de-michele-pittrice-e-illustratrice\/#primaryimage"},"thumbnailUrl":"https:\/\/www.noidiqua.it\/Agliana\/wp-content\/uploads\/2026\/04\/Elisa-De-Michele-1.png","datePublished":"2026-03-13T11:31:48+00:00","dateModified":"2026-04-20T09:36:10+00:00","author":{"@id":"https:\/\/www.noidiqua.it\/Agliana\/#\/schema\/person\/4e183cb0c6d7951e716a876aa702e1a2"},"breadcrumb":{"@id":"https:\/\/www.noidiqua.it\/Agliana\/elisa-de-michele-pittrice-e-illustratrice\/#breadcrumb"},"inLanguage":"it-IT","potentialAction":[{"@type":"ReadAction","target":["https:\/\/www.noidiqua.it\/Agliana\/elisa-de-michele-pittrice-e-illustratrice\/"]}]},{"@type":"ImageObject","inLanguage":"it-IT","@id":"https:\/\/www.noidiqua.it\/Agliana\/elisa-de-michele-pittrice-e-illustratrice\/#primaryimage","url":"https:\/\/www.noidiqua.it\/Agliana\/wp-content\/uploads\/2026\/04\/Elisa-De-Michele-1.png","contentUrl":"https:\/\/www.noidiqua.it\/Agliana\/wp-content\/uploads\/2026\/04\/Elisa-De-Michele-1.png","width":500,"height":425},{"@type":"BreadcrumbList","@id":"https:\/\/www.noidiqua.it\/Agliana\/elisa-de-michele-pittrice-e-illustratrice\/#breadcrumb","itemListElement":[{"@type":"ListItem","position":1,"name":"Home","item":"https:\/\/www.noidiqua.it\/Agliana\/"},{"@type":"ListItem","position":2,"name":"Elisa De Michele &#8211; pittrice e illustratrice"}]},{"@type":"WebSite","@id":"https:\/\/www.noidiqua.it\/Agliana\/#website","url":"https:\/\/www.noidiqua.it\/Agliana\/","name":"Noi di Qua Testata giornalistica e di attualit\u00e0 di Agliana, Montale e Quarrata.","description":"Testata Giornalistica Quarrata Montale Agliana","potentialAction":[{"@type":"SearchAction","target":{"@type":"EntryPoint","urlTemplate":"https:\/\/www.noidiqua.it\/Agliana\/?s={search_term_string}"},"query-input":{"@type":"PropertyValueSpecification","valueRequired":true,"valueName":"search_term_string"}}],"inLanguage":"it-IT"},{"@type":"Person","@id":"https:\/\/www.noidiqua.it\/Agliana\/#\/schema\/person\/4e183cb0c6d7951e716a876aa702e1a2","name":"Marco Bagnoli","image":{"@type":"ImageObject","inLanguage":"it-IT","@id":"https:\/\/www.noidiqua.it\/Agliana\/#\/schema\/person\/image\/","url":"https:\/\/secure.gravatar.com\/avatar\/73ace53724c50db9c48af54756f17b7cdb015a9d8d2c08c7e04e480539a94eee?s=96&d=mm&r=g","contentUrl":"https:\/\/secure.gravatar.com\/avatar\/73ace53724c50db9c48af54756f17b7cdb015a9d8d2c08c7e04e480539a94eee?s=96&d=mm&r=g","caption":"Marco Bagnoli"},"url":"https:\/\/www.noidiqua.it\/Agliana\/author\/marco-bagnoli\/"}]}},"_links":{"self":[{"href":"https:\/\/www.noidiqua.it\/Agliana\/wp-json\/wp\/v2\/posts\/9911","targetHints":{"allow":["GET"]}}],"collection":[{"href":"https:\/\/www.noidiqua.it\/Agliana\/wp-json\/wp\/v2\/posts"}],"about":[{"href":"https:\/\/www.noidiqua.it\/Agliana\/wp-json\/wp\/v2\/types\/post"}],"author":[{"embeddable":true,"href":"https:\/\/www.noidiqua.it\/Agliana\/wp-json\/wp\/v2\/users\/3"}],"replies":[{"embeddable":true,"href":"https:\/\/www.noidiqua.it\/Agliana\/wp-json\/wp\/v2\/comments?post=9911"}],"version-history":[{"count":3,"href":"https:\/\/www.noidiqua.it\/Agliana\/wp-json\/wp\/v2\/posts\/9911\/revisions"}],"predecessor-version":[{"id":9919,"href":"https:\/\/www.noidiqua.it\/Agliana\/wp-json\/wp\/v2\/posts\/9911\/revisions\/9919"}],"wp:attachment":[{"href":"https:\/\/www.noidiqua.it\/Agliana\/wp-json\/wp\/v2\/media?parent=9911"}],"wp:term":[{"taxonomy":"category","embeddable":true,"href":"https:\/\/www.noidiqua.it\/Agliana\/wp-json\/wp\/v2\/categories?post=9911"},{"taxonomy":"post_tag","embeddable":true,"href":"https:\/\/www.noidiqua.it\/Agliana\/wp-json\/wp\/v2\/tags?post=9911"}],"curies":[{"name":"wp","href":"https:\/\/api.w.org\/{rel}","templated":true}]}}