{"id":9926,"date":"2026-03-13T12:52:30","date_gmt":"2026-03-13T11:52:30","guid":{"rendered":"https:\/\/www.noidiqua.it\/Agliana\/?p=9926"},"modified":"2026-04-20T11:34:51","modified_gmt":"2026-04-20T09:34:51","slug":"nicolo-paroli-presidente-nazionale-dellassociazione-kif1a-italia","status":"publish","type":"post","link":"https:\/\/www.noidiqua.it\/Agliana\/nicolo-paroli-presidente-nazionale-dellassociazione-kif1a-italia\/","title":{"rendered":"Nicol\u00f2 Paroli &#8211; presidente nazionale dell&#8217;associazione Kif1A Italia"},"content":{"rendered":"<p><em>di Piera Salvi. Foto: <a href=\"http:\/\/www.bellinigabriele.it\">Gabriele Bellini<\/a><\/em><\/p>\n<p><em>marzo 2026<\/em><\/p>\n<p><a href=\"https:\/\/www.noidiqua.it\/Agliana\/wp-content\/uploads\/2026\/04\/Paroli-1.png\" rel=\"wp-prettyPhoto[9926]\"><img loading=\"lazy\" decoding=\"async\" class=\"aligncenter size-full wp-image-9927\" src=\"https:\/\/www.noidiqua.it\/Agliana\/wp-content\/uploads\/2026\/04\/Paroli-1.png\" alt=\"\" width=\"501\" height=\"401\" srcset=\"https:\/\/www.noidiqua.it\/Agliana\/wp-content\/uploads\/2026\/04\/Paroli-1.png 501w, https:\/\/www.noidiqua.it\/Agliana\/wp-content\/uploads\/2026\/04\/Paroli-1-300x240.png 300w\" sizes=\"auto, (max-width: 501px) 100vw, 501px\" \/><\/a><\/p>\n<p class=\"p1\" style=\"text-align: justify;\"><span class=\"s1\"><strong>Nicol\u00f2 Paroli<\/strong>, aglianese, \u00e8 <strong>presidente nazionale<\/strong> dell\u2019<strong>associazione Kif1A Italia<\/strong>, nata per dare voce e sostegno alle famiglie colpite da Kand, sindrome ultra rara collegata alla mutazione del gene Kif1A. Si manifesta con un ampio spettro di sintomi. Nel mondo colpisce una persona su un milione (fonte Orphanet), in Italia una trentina i casi diagnosticati. La <strong>patologia<\/strong> \u00e8 riconosciuta e studiata grazie alle pi\u00f9 recenti tecnologie genetiche e la ricerca di possibili cure \u00e8 agli albori. <\/span><\/p>\n<p class=\"p1\" style=\"text-align: justify;\"><span class=\"s1\">Paroli riferisce: <i>\u00abTest clinici di terapia genica sono in corso negli Stati Uniti. In Italia iniziano a muovere i primi passi i centri di ricerca. Una delle difficolt\u00e0 maggiori \u00e8 che ogni paziente presenta una variante genetica specifica, con necessit\u00e0 di cure altamente personalizzate. Dall&#8217;incontro tra le famiglie, grazie ai contatti con i centri di ricerca statunitensi, nell&#8217;agosto 2024 \u00e8 nata Kif1A Italia, associazione di <strong>famiglie<\/strong> colpite da Kand. Sentivamo l&#8217;esigenza di unirci, per avere pi\u00f9 visibilit\u00e0 e promuovere la ricerca nel nostro Paese. Una voce comune per sostenere concretamente i nostri figli e le nostre famiglie\u00bb<\/i>. <\/span><\/p>\n<p class=\"p1\" style=\"text-align: justify;\"><span class=\"s1\">L&#8217;associazione ha gi\u00e0 contribuito a creare un ponte tra i centri di ricerca statunitensi e le strutture sanitarie italiane, ha istituito un <strong>Comitato Scientifico<\/strong> con medici di eccellenza e ha lavorato per dare visibilit\u00e0 a bambini e adulti affetti da Kand. Ora amplia i suoi obiettivi. <i>\u00abIl nostro impegno \u00e8 colmare le mancanze del <strong>Sistema Sanitario Nazionale<\/strong>, spesso carente nel fornire strumenti e terapie riabilitative adeguate e concrete. Sosterremo bambini e adulti per permettere loro di vivere una vita il pi\u00f9 possibile inclusiva, ricca di felicit\u00e0 e amore. Tra le priorit\u00e0, raccolta fondi per dare strumenti medici e ausili alle cliniche, creare una rete di <strong>terapisti<\/strong> adeguatamente formati, sensibilizzare all&#8217;accesso libero e gratuito ad analisi genetiche ad ampio spettro, per favorire diagnosi precoci. Essere la voce delle famiglie Kand in Italia \u00e8 una bellissima e importante responsabilit\u00e0\u00bb<\/i> dice con emozione Paroli, spiegando che conoscere la causa della malattia tempestivamente anticipa l\u2019inizio di trattamenti e terapie mirate.<\/span><\/p>\n<p><a href=\"https:\/\/www.noidiqua.it\/Agliana\/wp-content\/uploads\/2026\/04\/Paroli-2.png\" rel=\"wp-prettyPhoto[9926]\"><img loading=\"lazy\" decoding=\"async\" class=\"aligncenter size-full wp-image-9928\" src=\"https:\/\/www.noidiqua.it\/Agliana\/wp-content\/uploads\/2026\/04\/Paroli-2.png\" alt=\"\" width=\"499\" height=\"443\" srcset=\"https:\/\/www.noidiqua.it\/Agliana\/wp-content\/uploads\/2026\/04\/Paroli-2.png 499w, https:\/\/www.noidiqua.it\/Agliana\/wp-content\/uploads\/2026\/04\/Paroli-2-300x266.png 300w\" sizes=\"auto, (max-width: 499px) 100vw, 499px\" \/><\/a><\/p>\n<p class=\"p1\" style=\"text-align: justify;\"><span class=\"s1\"><i>\u00abDare visibilit\u00e0 e riconoscimento a una malattia rara non \u00e8 semplice ed \u00e8 uno degli obiettivi che ci poniamo come associazione. L&#8217;altro \u00e8 la ricerca\u00bb<\/i> prosegue. <i>\u00abSiamo riusciti ad aprirci un canale di contatto con i laboratori di sperimentazione di <strong>Telethon<\/strong> avviando un progetto di raccolta e studio dei genomi di pazienti Kand. Ad oggi una sperimentazione su un farmaco per la malattia \u00e8 stata avviata negli Stati Uniti ed \u00e8 nostra intenzione riuscire ad avviare un percorso simile in Italia. La nostra collaborazione con <strong>TIGEM<\/strong> (laboratorio di ricerca di Telethon con sede a Pozzuoli) ha questa finalit\u00e0. Grazie al supporto concreto dell&#8217;associazione molti nostri associati si sono gi\u00e0 recati all&#8217;<strong>ospedale Federico II di Napoli<\/strong> per svolgere i prelievi, dando un grande contributo alla ricerca, nella speranza che vengano fatti passi concreti. Si tratta di piccole gocce in mezzo al mare che speriamo nel tempo possano generare una grande onda. Questo sforzo richiede tempo e fondi da destinare alla ricerca. Per questo siamo molto attivi nella raccolta fondi e colgo l&#8217;occasione per ringraziare tutte le persone e le aziende che nel nostro territorio e in tutta Italia ci dimostrano vicinanza sostenendoci\u00bb<\/i>. <\/span><\/p>\n<p class=\"p1\" style=\"text-align: justify;\"><span class=\"s1\"><b>Qual \u00e8 l\u2019impegno del Comitato Scientifico?<\/b><\/span><\/p>\n<p class=\"p1\" style=\"text-align: justify;\"><span class=\"s1\"><i>\u00ab\u00c8 composto dai principali medici degli istituti pediatrici pi\u00f9 importanti a livello nazionale, sta svolgendo uno studio di storia naturale della malattia. L&#8217;obiettivo \u00e8 ricostruire l&#8217;evoluzione della malattia nel tempo, in modo da poter dare ai pazienti linee guida sulle terapie e sugli interventi da compiere in base al quadro clinico iniziale. \u00c8 un lavoro importantissimo per dare conoscimento scientifico alla malattia e soprattutto aiutare le famiglie, che troppo spesso a seguito della diagnosi non hanno informazioni chiare e precise sul decorso della malattia e su quali misure adottare. Stiamo lavorando affinch\u00e9 le famiglie siano supportate nello sforzo quotidiano di sostegno ai propri <strong>familiari Kand<\/strong>. Vogliamo colmare anche lo sforzo economico, per garantire ai familiari Kand le attivit\u00e0 necessarie per uno sviluppo, una crescita o una riabilitazione adeguata\u00bb<\/i>. <\/span><\/p>\n<p class=\"p1\" style=\"text-align: justify;\"><span class=\"s1\">Per approfondimenti e sostegno all\u2019associazione visitare il sito kif1a.it. <i>\u00abLa speranza di una cura e il sostegno alle famiglie\u00bb<\/i> conclude il presidente <i>\u00abpassa inevitabilmente dalla solidariet\u00e0 di tutti\u00bb<\/i>. <\/span><\/p>","protected":false},"excerpt":{"rendered":"<p>di Piera Salvi. Foto: Gabriele Bellini marzo 2026 Nicol\u00f2 Paroli, aglianese, \u00e8 presidente nazionale dell\u2019associazione Kif1A Italia, nata per dare voce e sostegno alle famiglie colpite da Kand, sindrome ultra rara collegata alla mutazione del gene Kif1A. Si manifesta con un ampio spettro di sintomi. Nel mondo [&hellip;]<\/p>","protected":false},"author":13,"featured_media":0,"comment_status":"open","ping_status":"open","sticky":false,"template":"","format":"standard","meta":{"footnotes":""},"categories":[2,13,23],"tags":[5443,5445,2251,5451,5442,5450,4429,5444,5447,5448,5446,5449],"class_list":["post-9926","post","type-post","status-publish","format-standard","hentry","category-ag","category-home","category-solidarieta-qt","tag-associazione-kif1a-italia","tag-comitato-scientifico","tag-famiglie","tag-familiari-kand","tag-nicolo-paroli","tag-ospedale-federico-ii-di-napoli","tag-patologia","tag-presidente-nazionale","tag-sistema-sanitario-nazionale","tag-telethon","tag-terapisti","tag-tigem"],"yoast_head":"<!-- This site is optimized with the Yoast SEO plugin v25.5 - https:\/\/yoast.com\/wordpress\/plugins\/seo\/ -->\n<title>Nicol\u00f2 Paroli - presidente nazionale dell&#039;associazione Kif1A Italia - Noi di Qua Testata giornalistica e di attualit\u00e0 di Agliana, Montale e Quarrata.<\/title>\n<meta name=\"robots\" content=\"index, follow, max-snippet:-1, max-image-preview:large, max-video-preview:-1\" \/>\n<link rel=\"canonical\" href=\"https:\/\/www.noidiqua.it\/Agliana\/nicolo-paroli-presidente-nazionale-dellassociazione-kif1a-italia\/\" \/>\n<meta property=\"og:locale\" content=\"it_IT\" \/>\n<meta property=\"og:type\" content=\"article\" \/>\n<meta property=\"og:title\" content=\"Nicol\u00f2 Paroli - presidente nazionale dell&#039;associazione Kif1A Italia - Noi di Qua Testata giornalistica e di attualit\u00e0 di Agliana, Montale e Quarrata.\" \/>\n<meta property=\"og:description\" content=\"di Piera Salvi. Foto: Gabriele Bellini marzo 2026 Nicol\u00f2 Paroli, aglianese, \u00e8 presidente nazionale dell\u2019associazione Kif1A Italia, nata per dare voce e sostegno alle famiglie colpite da Kand, sindrome ultra rara collegata alla mutazione del gene Kif1A. Si manifesta con un ampio spettro di sintomi. Nel mondo [&hellip;]\" \/>\n<meta property=\"og:url\" content=\"https:\/\/www.noidiqua.it\/Agliana\/nicolo-paroli-presidente-nazionale-dellassociazione-kif1a-italia\/\" \/>\n<meta property=\"og:site_name\" content=\"Noi di Qua Testata giornalistica e di attualit\u00e0 di Agliana, Montale e Quarrata.\" \/>\n<meta property=\"article:publisher\" content=\"https:\/\/www.facebook.com\/noidiqua.trimestrale\/\" \/>\n<meta property=\"article:published_time\" content=\"2026-03-13T11:52:30+00:00\" \/>\n<meta property=\"article:modified_time\" content=\"2026-04-20T09:34:51+00:00\" \/>\n<meta property=\"og:image\" content=\"https:\/\/www.noidiqua.it\/Agliana\/wp-content\/uploads\/2026\/04\/Paroli-1.png\" \/>\n\t<meta property=\"og:image:width\" content=\"501\" \/>\n\t<meta property=\"og:image:height\" content=\"401\" \/>\n\t<meta property=\"og:image:type\" content=\"image\/png\" \/>\n<meta name=\"author\" content=\"Piera Salvi\" \/>\n<meta name=\"twitter:label1\" content=\"Scritto da\" \/>\n\t<meta name=\"twitter:data1\" content=\"Piera Salvi\" \/>\n\t<meta name=\"twitter:label2\" content=\"Tempo di lettura stimato\" \/>\n\t<meta name=\"twitter:data2\" content=\"5 minuti\" \/>\n<script type=\"application\/ld+json\" class=\"yoast-schema-graph\">{\"@context\":\"https:\/\/schema.org\",\"@graph\":[{\"@type\":\"WebPage\",\"@id\":\"https:\/\/www.noidiqua.it\/Agliana\/nicolo-paroli-presidente-nazionale-dellassociazione-kif1a-italia\/\",\"url\":\"https:\/\/www.noidiqua.it\/Agliana\/nicolo-paroli-presidente-nazionale-dellassociazione-kif1a-italia\/\",\"name\":\"Nicol\u00f2 Paroli - presidente nazionale dell'associazione Kif1A Italia - Noi di Qua Testata giornalistica e di attualit\u00e0 di Agliana, Montale e Quarrata.\",\"isPartOf\":{\"@id\":\"https:\/\/www.noidiqua.it\/Agliana\/#website\"},\"primaryImageOfPage\":{\"@id\":\"https:\/\/www.noidiqua.it\/Agliana\/nicolo-paroli-presidente-nazionale-dellassociazione-kif1a-italia\/#primaryimage\"},\"image\":{\"@id\":\"https:\/\/www.noidiqua.it\/Agliana\/nicolo-paroli-presidente-nazionale-dellassociazione-kif1a-italia\/#primaryimage\"},\"thumbnailUrl\":\"https:\/\/www.noidiqua.it\/Agliana\/wp-content\/uploads\/2026\/04\/Paroli-1.png\",\"datePublished\":\"2026-03-13T11:52:30+00:00\",\"dateModified\":\"2026-04-20T09:34:51+00:00\",\"author\":{\"@id\":\"https:\/\/www.noidiqua.it\/Agliana\/#\/schema\/person\/bb7515c2330bb1137f247276096fa7dc\"},\"breadcrumb\":{\"@id\":\"https:\/\/www.noidiqua.it\/Agliana\/nicolo-paroli-presidente-nazionale-dellassociazione-kif1a-italia\/#breadcrumb\"},\"inLanguage\":\"it-IT\",\"potentialAction\":[{\"@type\":\"ReadAction\",\"target\":[\"https:\/\/www.noidiqua.it\/Agliana\/nicolo-paroli-presidente-nazionale-dellassociazione-kif1a-italia\/\"]}]},{\"@type\":\"ImageObject\",\"inLanguage\":\"it-IT\",\"@id\":\"https:\/\/www.noidiqua.it\/Agliana\/nicolo-paroli-presidente-nazionale-dellassociazione-kif1a-italia\/#primaryimage\",\"url\":\"https:\/\/www.noidiqua.it\/Agliana\/wp-content\/uploads\/2026\/04\/Paroli-1.png\",\"contentUrl\":\"https:\/\/www.noidiqua.it\/Agliana\/wp-content\/uploads\/2026\/04\/Paroli-1.png\",\"width\":501,\"height\":401},{\"@type\":\"BreadcrumbList\",\"@id\":\"https:\/\/www.noidiqua.it\/Agliana\/nicolo-paroli-presidente-nazionale-dellassociazione-kif1a-italia\/#breadcrumb\",\"itemListElement\":[{\"@type\":\"ListItem\",\"position\":1,\"name\":\"Home\",\"item\":\"https:\/\/www.noidiqua.it\/Agliana\/\"},{\"@type\":\"ListItem\",\"position\":2,\"name\":\"Nicol\u00f2 Paroli &#8211; presidente nazionale dell&#8217;associazione Kif1A Italia\"}]},{\"@type\":\"WebSite\",\"@id\":\"https:\/\/www.noidiqua.it\/Agliana\/#website\",\"url\":\"https:\/\/www.noidiqua.it\/Agliana\/\",\"name\":\"Noi di Qua Testata giornalistica e di attualit\u00e0 di Agliana, Montale e Quarrata.\",\"description\":\"Testata Giornalistica Quarrata Montale Agliana\",\"potentialAction\":[{\"@type\":\"SearchAction\",\"target\":{\"@type\":\"EntryPoint\",\"urlTemplate\":\"https:\/\/www.noidiqua.it\/Agliana\/?s={search_term_string}\"},\"query-input\":{\"@type\":\"PropertyValueSpecification\",\"valueRequired\":true,\"valueName\":\"search_term_string\"}}],\"inLanguage\":\"it-IT\"},{\"@type\":\"Person\",\"@id\":\"https:\/\/www.noidiqua.it\/Agliana\/#\/schema\/person\/bb7515c2330bb1137f247276096fa7dc\",\"name\":\"Piera Salvi\",\"image\":{\"@type\":\"ImageObject\",\"inLanguage\":\"it-IT\",\"@id\":\"https:\/\/www.noidiqua.it\/Agliana\/#\/schema\/person\/image\/\",\"url\":\"https:\/\/secure.gravatar.com\/avatar\/2f9b1fb6e13f3b3e63bde435d999a73be036e320f7a0f5f32f9ac21859d999cd?s=96&d=mm&r=g\",\"contentUrl\":\"https:\/\/secure.gravatar.com\/avatar\/2f9b1fb6e13f3b3e63bde435d999a73be036e320f7a0f5f32f9ac21859d999cd?s=96&d=mm&r=g\",\"caption\":\"Piera Salvi\"},\"url\":\"https:\/\/www.noidiqua.it\/Agliana\/author\/piera-salvi\/\"}]}<\/script>\n<!-- \/ Yoast SEO plugin. -->","yoast_head_json":{"title":"Nicol\u00f2 Paroli - presidente nazionale dell'associazione Kif1A Italia - Noi di Qua Testata giornalistica e di attualit\u00e0 di Agliana, Montale e Quarrata.","robots":{"index":"index","follow":"follow","max-snippet":"max-snippet:-1","max-image-preview":"max-image-preview:large","max-video-preview":"max-video-preview:-1"},"canonical":"https:\/\/www.noidiqua.it\/Agliana\/nicolo-paroli-presidente-nazionale-dellassociazione-kif1a-italia\/","og_locale":"it_IT","og_type":"article","og_title":"Nicol\u00f2 Paroli - presidente nazionale dell'associazione Kif1A Italia - Noi di Qua Testata giornalistica e di attualit\u00e0 di Agliana, Montale e Quarrata.","og_description":"di Piera Salvi. Foto: Gabriele Bellini marzo 2026 Nicol\u00f2 Paroli, aglianese, \u00e8 presidente nazionale dell\u2019associazione Kif1A Italia, nata per dare voce e sostegno alle famiglie colpite da Kand, sindrome ultra rara collegata alla mutazione del gene Kif1A. Si manifesta con un ampio spettro di sintomi. Nel mondo [&hellip;]","og_url":"https:\/\/www.noidiqua.it\/Agliana\/nicolo-paroli-presidente-nazionale-dellassociazione-kif1a-italia\/","og_site_name":"Noi di Qua Testata giornalistica e di attualit\u00e0 di Agliana, Montale e Quarrata.","article_publisher":"https:\/\/www.facebook.com\/noidiqua.trimestrale\/","article_published_time":"2026-03-13T11:52:30+00:00","article_modified_time":"2026-04-20T09:34:51+00:00","og_image":[{"width":501,"height":401,"url":"https:\/\/www.noidiqua.it\/Agliana\/wp-content\/uploads\/2026\/04\/Paroli-1.png","type":"image\/png"}],"author":"Piera Salvi","twitter_misc":{"Scritto da":"Piera Salvi","Tempo di lettura stimato":"5 minuti"},"schema":{"@context":"https:\/\/schema.org","@graph":[{"@type":"WebPage","@id":"https:\/\/www.noidiqua.it\/Agliana\/nicolo-paroli-presidente-nazionale-dellassociazione-kif1a-italia\/","url":"https:\/\/www.noidiqua.it\/Agliana\/nicolo-paroli-presidente-nazionale-dellassociazione-kif1a-italia\/","name":"Nicol\u00f2 Paroli - presidente nazionale dell'associazione Kif1A Italia - Noi di Qua Testata giornalistica e di attualit\u00e0 di Agliana, Montale e Quarrata.","isPartOf":{"@id":"https:\/\/www.noidiqua.it\/Agliana\/#website"},"primaryImageOfPage":{"@id":"https:\/\/www.noidiqua.it\/Agliana\/nicolo-paroli-presidente-nazionale-dellassociazione-kif1a-italia\/#primaryimage"},"image":{"@id":"https:\/\/www.noidiqua.it\/Agliana\/nicolo-paroli-presidente-nazionale-dellassociazione-kif1a-italia\/#primaryimage"},"thumbnailUrl":"https:\/\/www.noidiqua.it\/Agliana\/wp-content\/uploads\/2026\/04\/Paroli-1.png","datePublished":"2026-03-13T11:52:30+00:00","dateModified":"2026-04-20T09:34:51+00:00","author":{"@id":"https:\/\/www.noidiqua.it\/Agliana\/#\/schema\/person\/bb7515c2330bb1137f247276096fa7dc"},"breadcrumb":{"@id":"https:\/\/www.noidiqua.it\/Agliana\/nicolo-paroli-presidente-nazionale-dellassociazione-kif1a-italia\/#breadcrumb"},"inLanguage":"it-IT","potentialAction":[{"@type":"ReadAction","target":["https:\/\/www.noidiqua.it\/Agliana\/nicolo-paroli-presidente-nazionale-dellassociazione-kif1a-italia\/"]}]},{"@type":"ImageObject","inLanguage":"it-IT","@id":"https:\/\/www.noidiqua.it\/Agliana\/nicolo-paroli-presidente-nazionale-dellassociazione-kif1a-italia\/#primaryimage","url":"https:\/\/www.noidiqua.it\/Agliana\/wp-content\/uploads\/2026\/04\/Paroli-1.png","contentUrl":"https:\/\/www.noidiqua.it\/Agliana\/wp-content\/uploads\/2026\/04\/Paroli-1.png","width":501,"height":401},{"@type":"BreadcrumbList","@id":"https:\/\/www.noidiqua.it\/Agliana\/nicolo-paroli-presidente-nazionale-dellassociazione-kif1a-italia\/#breadcrumb","itemListElement":[{"@type":"ListItem","position":1,"name":"Home","item":"https:\/\/www.noidiqua.it\/Agliana\/"},{"@type":"ListItem","position":2,"name":"Nicol\u00f2 Paroli &#8211; presidente nazionale dell&#8217;associazione Kif1A Italia"}]},{"@type":"WebSite","@id":"https:\/\/www.noidiqua.it\/Agliana\/#website","url":"https:\/\/www.noidiqua.it\/Agliana\/","name":"Noi di Qua Testata giornalistica e di attualit\u00e0 di Agliana, Montale e Quarrata.","description":"Testata Giornalistica Quarrata Montale Agliana","potentialAction":[{"@type":"SearchAction","target":{"@type":"EntryPoint","urlTemplate":"https:\/\/www.noidiqua.it\/Agliana\/?s={search_term_string}"},"query-input":{"@type":"PropertyValueSpecification","valueRequired":true,"valueName":"search_term_string"}}],"inLanguage":"it-IT"},{"@type":"Person","@id":"https:\/\/www.noidiqua.it\/Agliana\/#\/schema\/person\/bb7515c2330bb1137f247276096fa7dc","name":"Piera Salvi","image":{"@type":"ImageObject","inLanguage":"it-IT","@id":"https:\/\/www.noidiqua.it\/Agliana\/#\/schema\/person\/image\/","url":"https:\/\/secure.gravatar.com\/avatar\/2f9b1fb6e13f3b3e63bde435d999a73be036e320f7a0f5f32f9ac21859d999cd?s=96&d=mm&r=g","contentUrl":"https:\/\/secure.gravatar.com\/avatar\/2f9b1fb6e13f3b3e63bde435d999a73be036e320f7a0f5f32f9ac21859d999cd?s=96&d=mm&r=g","caption":"Piera Salvi"},"url":"https:\/\/www.noidiqua.it\/Agliana\/author\/piera-salvi\/"}]}},"_links":{"self":[{"href":"https:\/\/www.noidiqua.it\/Agliana\/wp-json\/wp\/v2\/posts\/9926","targetHints":{"allow":["GET"]}}],"collection":[{"href":"https:\/\/www.noidiqua.it\/Agliana\/wp-json\/wp\/v2\/posts"}],"about":[{"href":"https:\/\/www.noidiqua.it\/Agliana\/wp-json\/wp\/v2\/types\/post"}],"author":[{"embeddable":true,"href":"https:\/\/www.noidiqua.it\/Agliana\/wp-json\/wp\/v2\/users\/13"}],"replies":[{"embeddable":true,"href":"https:\/\/www.noidiqua.it\/Agliana\/wp-json\/wp\/v2\/comments?post=9926"}],"version-history":[{"count":3,"href":"https:\/\/www.noidiqua.it\/Agliana\/wp-json\/wp\/v2\/posts\/9926\/revisions"}],"predecessor-version":[{"id":9981,"href":"https:\/\/www.noidiqua.it\/Agliana\/wp-json\/wp\/v2\/posts\/9926\/revisions\/9981"}],"wp:attachment":[{"href":"https:\/\/www.noidiqua.it\/Agliana\/wp-json\/wp\/v2\/media?parent=9926"}],"wp:term":[{"taxonomy":"category","embeddable":true,"href":"https:\/\/www.noidiqua.it\/Agliana\/wp-json\/wp\/v2\/categories?post=9926"},{"taxonomy":"post_tag","embeddable":true,"href":"https:\/\/www.noidiqua.it\/Agliana\/wp-json\/wp\/v2\/tags?post=9926"}],"curies":[{"name":"wp","href":"https:\/\/api.w.org\/{rel}","templated":true}]}}