{"id":9943,"date":"2026-03-13T15:57:15","date_gmt":"2026-03-13T14:57:15","guid":{"rendered":"https:\/\/www.noidiqua.it\/Agliana\/?p=9943"},"modified":"2026-04-20T11:35:37","modified_gmt":"2026-04-20T09:35:37","slug":"asilo-infantile-di-ferruccia-cento-anni-al-servizio-delleducazione-dei-bambini","status":"publish","type":"post","link":"https:\/\/www.noidiqua.it\/Agliana\/asilo-infantile-di-ferruccia-cento-anni-al-servizio-delleducazione-dei-bambini\/","title":{"rendered":"Asilo infantile di Ferruccia &#8211; cento anni al servizio dell&#8217;educazione dei bambini"},"content":{"rendered":"<p><em>di Piera Salvi<\/em><\/p>\n<p><em>marzo 2026<\/em><\/p>\n<p><a href=\"https:\/\/www.noidiqua.it\/Agliana\/wp-content\/uploads\/2026\/04\/Asilo-infantile-1.png\" rel=\"wp-prettyPhoto[9943]\"><img loading=\"lazy\" decoding=\"async\" class=\"aligncenter size-full wp-image-9944\" src=\"https:\/\/www.noidiqua.it\/Agliana\/wp-content\/uploads\/2026\/04\/Asilo-infantile-1.png\" alt=\"\" width=\"512\" height=\"360\" srcset=\"https:\/\/www.noidiqua.it\/Agliana\/wp-content\/uploads\/2026\/04\/Asilo-infantile-1.png 512w, https:\/\/www.noidiqua.it\/Agliana\/wp-content\/uploads\/2026\/04\/Asilo-infantile-1-300x211.png 300w\" sizes=\"auto, (max-width: 512px) 100vw, 512px\" \/><\/a><\/p>\n<p style=\"text-align: justify;\"><span class=\"s1\">Cento anni, un traguardo che merita di essere celebrato e sar\u00e0 una festa da condividere con la comunit\u00e0 parrocchiale che da un secolo \u00e8 in stretto rapporto con questa bellissima storia. <strong>La scuola dell&#8217;infanzia<\/strong> <strong>Sacro Cuore di Ferruccia<\/strong> e l&#8217;ente gestore, l&#8217;Istituto Ancelle del Sacro Cuore di Ges\u00f9 Agonizzante, organizzeranno eventi il 13 giugno, nell\u2019ambito della triennale \u201c<strong>Festa bella<\/strong>\u201d della Ferruccia per celebrare \u201cCento anni della scuola 1926-2026\u201d.<\/span><\/p>\n<p><a href=\"https:\/\/www.noidiqua.it\/Agliana\/wp-content\/uploads\/2019\/06\/ORAZIO-CECCARELLI-2-e1642072960332.png\" rel=\"wp-prettyPhoto[9943]\"><img loading=\"lazy\" decoding=\"async\" class=\"aligncenter size-full wp-image-6570\" src=\"https:\/\/www.noidiqua.it\/Agliana\/wp-content\/uploads\/2019\/06\/ORAZIO-CECCARELLI-2-e1642072960332.png\" alt=\"\" width=\"449\" height=\"403\" srcset=\"https:\/\/www.noidiqua.it\/Agliana\/wp-content\/uploads\/2019\/06\/ORAZIO-CECCARELLI-2-e1642072960332.png 449w, https:\/\/www.noidiqua.it\/Agliana\/wp-content\/uploads\/2019\/06\/ORAZIO-CECCARELLI-2-e1642072960332-300x269.png 300w\" sizes=\"auto, (max-width: 449px) 100vw, 449px\" \/><\/a><\/p>\n<p style=\"text-align: justify;\"><span class=\"s1\">Una storia che inizi\u00f2 per volont\u00e0 dell\u2019indimenticabile pievano della Ferruccia, monsignor <a href=\"https:\/\/www.noidiqua.it\/don-orazio-ceccarelli-2\/\"><strong>Orazio Ceccarelli<\/strong><\/a> (1869-1927). Era il 1925 e in paese c\u2019era la necessit\u00e0 di un asilo. Ceccarelli ne parl\u00f2 con l\u2019allora vescovo di Pistoia-Prato, monsignor <strong>Gabriele Vettori<\/strong>. Il 18 marzo 1925 fu posta la prima pietra dell\u2019Asilo infantile, proprio da monsignor Vettori, venuto a Ferruccia per amministrare le cresime e benedire l\u2019oratorio del Barba. Ma come arrivarono alla Ferruccia le <strong>Ancelle del Sacro Cuore<\/strong> per la gestione dell\u2019asilo? Fu proprio su suggerimento di monsignor Vettori che conosceva le Ancelle e i loro fondatori: monsignor <strong>Marco Morelli<\/strong> (1834-1912) e madre Margherita Ricci Cubastro (1856-1923) e conosceva bene il carisma delle Ancelle del Sacro Cuore di Ges\u00f9 Agonizzante: l\u2019attenzione alla formazione della giovent\u00f9 meno favorita. Un carisma che a Ferruccia, come in tante altre parti d\u2019Italia, si \u00e8 concretizzato in risposte educative: asili e scuole ma anche formazione professionale, attivit\u00e0 catechistiche e pastorali, nonch\u00e9 opere assistenziali. Su consiglio di monsignor Vettori, Ceccarelli si rivolse a <strong>madre Colomba Rocca<\/strong>, all\u2019epoca superiora generale, che accett\u00f2 la proposta. Le prime tre Ancelle arrivarono a Ferruccia nel settembre 1926: <strong>suor Matilde Faccani<\/strong> (superiora), <strong>suor Marta Berti<\/strong> (cuoca), <strong>suor Elisabetta Sebastiani<\/strong> (maestra dell\u2019asilo) e s<strong>uor Imelde Rustichelli<\/strong> come accompagnatrice che, al suo ritorno in comunit\u00e0, rifer\u00ec a madre Colomba della grande accoglienza ricevuta dal popolo della Ferruccia. Il 28 novembre 1926 fu benedetto e inaugurato ufficialmente l\u2019Asilo infantile da monsignor Gabriele Vettori.<\/span><\/p>\n<p><a href=\"https:\/\/www.noidiqua.it\/Agliana\/wp-content\/uploads\/2026\/04\/Asilo-infantile-4.png\" rel=\"wp-prettyPhoto[9943]\"><img loading=\"lazy\" decoding=\"async\" class=\"aligncenter size-full wp-image-9945\" src=\"https:\/\/www.noidiqua.it\/Agliana\/wp-content\/uploads\/2026\/04\/Asilo-infantile-4.png\" alt=\"\" width=\"500\" height=\"323\" srcset=\"https:\/\/www.noidiqua.it\/Agliana\/wp-content\/uploads\/2026\/04\/Asilo-infantile-4.png 500w, https:\/\/www.noidiqua.it\/Agliana\/wp-content\/uploads\/2026\/04\/Asilo-infantile-4-300x194.png 300w\" sizes=\"auto, (max-width: 500px) 100vw, 500px\" \/><\/a><\/p>\n<p style=\"text-align: justify;\"><span class=\"s1\">Monsignor Ceccarelli sul giornale parrocchiale annota: <i>\u00abGrande soddisfazione\u00bb<\/i> e ancora <i>\u00abDal popolo sono state raccolte molte offerte\u00bb<\/i>. Poi prosegue: <i>\u00ab\u00c8 in questo anno che si incomincia a distribuire la minestrina ai bambini dell\u2019Asilo\u00bb<\/i>. Purtroppo monsignor Orazio Ceccarelli mor\u00ec pochi mesi dopo, il 24 marzo 1927, in seguito a un incidente con la moto. Contemporaneamente alla gestione dell\u2019asilo, le Ancelle si dedicano alla scuola di lavoro, in particolare al ricamo fino verso gli anni Cinquanta. Poi, per dare lavoro alle donne del paese, l\u2019attivit\u00e0 si trasforma in quello che tutti conoscono come lo \u201c<strong>Stanzone<\/strong>\u201d per il rammendo delle \u201cpezze\u201d di stoffa che venivano dai telai industriali: questo avvenne dal 1953-54 fino al 1972-73. Nel 1932-34 era stata aperta anche la scuola elementare parificata, che venne portata avanti fino al 1988. La casa made delle Ancelle del Sacro Cuore di Ges\u00f9 Agonizzante \u00e8 a Lugo, in provincia di Ravenna e le religiose sono presenti anche a Montemurlo. La presenza di questo ordine religioso in zona, in passato ha fatto nascere tante vocazioni anche alla Ferruccia. In tempi pi\u00f9 recenti le vocazioni sono molto diminuite.<\/span><\/p>\n<p><a href=\"https:\/\/www.noidiqua.it\/Agliana\/wp-content\/uploads\/2026\/04\/Asilo-infantile-3.png\" rel=\"wp-prettyPhoto[9943]\"><img loading=\"lazy\" decoding=\"async\" class=\"aligncenter size-full wp-image-9946\" src=\"https:\/\/www.noidiqua.it\/Agliana\/wp-content\/uploads\/2026\/04\/Asilo-infantile-3.png\" alt=\"\" width=\"504\" height=\"325\" srcset=\"https:\/\/www.noidiqua.it\/Agliana\/wp-content\/uploads\/2026\/04\/Asilo-infantile-3.png 504w, https:\/\/www.noidiqua.it\/Agliana\/wp-content\/uploads\/2026\/04\/Asilo-infantile-3-300x193.png 300w\" sizes=\"auto, (max-width: 504px) 100vw, 504px\" \/><\/a><\/p>\n<p class=\"p1\" style=\"text-align: justify;\"><span class=\"s1\">Dal 2021 la comunit\u00e0 delle Ancelle non risiede pi\u00f9 alla Ferruccia, le suore vivono a Montemurlo, ma l\u2019ente prosegue la gestione e le suore sono presenti per l\u2019attivit\u00e0 didattica. <strong>Suor Giuliana<\/strong>, che era arrivata alla Ferruccia nel 2014, continua a venire una volta a settimana per l\u2019insegnamento della religione. Suor Josephine \u00e8 presente tutti i giorni con le altre insegnanti, <strong>Francesca Becheroni<\/strong> e <strong>Matilde Guidotti<\/strong> (insegnante di sostegno). La referente della scuola \u00e8 <strong>Margherita Montano<\/strong>, il dirigente scolastico per le scuole di Ferruccia e Montemurlo \u00e8 <strong>Domenico Bianchi<\/strong>. <\/span><\/p>\n<p class=\"p1\" style=\"text-align: justify;\"><span class=\"s1\"><i>\u00abLa scuola si \u00e8 adeguata nel tempo nel rispetto delle esigenze delle famiglie e delle metodologie innovative\u00bb<\/i> spiega Margherita Montano. <i>\u00abL\u2019offerta formativa \u00e8 molto ampia: lingua inglese con insegnante madrelingua, atelier creativo e atelier scientifico, letto-scrittura per l\u2019apprendimento di lettere e numeri in un contesto giocoso, attivit\u00e0 motoria. Abbiamo il supporto di una pedagogista. Facciamo progetti in collaborazione con il Giardino zoologico di Pistoia e uscite didattiche\u00bb<\/i>. La scuola paritaria resiste e si impegna al massimo, nonostante il <strong>calo demografico<\/strong> e pochi contributi. <i>\u00abSenza il principio di sussidiariet\u00e0 molte scuole paritarie rischiano di chiudere\u00bb<\/i> rileva il dirigente Domenico Bianchi. <i>\u00abDal mio punto di vista sarebbe grave avere una proposta unica, perch\u00e9 si toglie alle famiglie la possibilit\u00e0 di scelta\u00bb<\/i>.<\/span><\/p>\n<p><a href=\"https:\/\/www.noidiqua.it\/Agliana\/wp-content\/uploads\/2026\/04\/Asilo-infantile-2.png\" rel=\"wp-prettyPhoto[9943]\"><img loading=\"lazy\" decoding=\"async\" class=\"aligncenter size-full wp-image-9947\" src=\"https:\/\/www.noidiqua.it\/Agliana\/wp-content\/uploads\/2026\/04\/Asilo-infantile-2.png\" alt=\"\" width=\"505\" height=\"324\" srcset=\"https:\/\/www.noidiqua.it\/Agliana\/wp-content\/uploads\/2026\/04\/Asilo-infantile-2.png 505w, https:\/\/www.noidiqua.it\/Agliana\/wp-content\/uploads\/2026\/04\/Asilo-infantile-2-300x192.png 300w\" sizes=\"auto, (max-width: 505px) 100vw, 505px\" \/><\/a><\/p>\n<p style=\"text-align: justify;\"><span class=\"s1\">Intanto fervono i preparativi per la festa del 13 giugno: mostra fotografica \u201cIl nostro secolo\u201d, vernissage \u201cQuando le stagioni diventano arte\u201d e divertimento a cielo aperto. Non resta che congratularsi con questa <strong>bellissima realt\u00e0<\/strong>, con tanti auguri di festeggiare fra un secolo il secondo centenario!<\/span><\/p>","protected":false},"excerpt":{"rendered":"<p>di Piera Salvi marzo 2026 Cento anni, un traguardo che merita di essere celebrato e sar\u00e0 una festa da condividere con la comunit\u00e0 parrocchiale che da un secolo \u00e8 in stretto rapporto con questa bellissima storia. La scuola dell&#8217;infanzia Sacro Cuore di Ferruccia e l&#8217;ente gestore, l&#8217;Istituto [&hellip;]<\/p>","protected":false},"author":13,"featured_media":0,"comment_status":"open","ping_status":"open","sticky":false,"template":"","format":"standard","meta":{"footnotes":""},"categories":[2,16,21],"tags":[5485,5495,5494,5493,5483,5490,5484,5481,5487,5486,5492,5491,2086,5482,5488,5498,5489,5497,5496,5499],"class_list":["post-9943","post","type-post","status-publish","format-standard","hentry","category-ag","category-storia-qt","category-dx2","tag-ancelle-del-sacro-cuore","tag-bellissima-realta","tag-calo-demografico","tag-domenico-bianchi","tag-festa-bella","tag-francesca-becheroni","tag-gabriele-vettori","tag-la-scuola-dellinfanzia","tag-madre-colomba-rocca","tag-marco-morelli","tag-margherita-montano","tag-matilde-guidotti","tag-orazio-ceccarelli","tag-sacro-cuore-di-ferruccia","tag-stanzone","tag-suor-elisabetta-sebastiani","tag-suor-giuliana","tag-suor-marta-berti","tag-suor-matilde-faccani","tag-uor-imelde-rustichelli"],"yoast_head":"<!-- This site is optimized with the Yoast SEO plugin v25.5 - https:\/\/yoast.com\/wordpress\/plugins\/seo\/ -->\n<title>Asilo infantile di Ferruccia - cento anni al servizio dell&#039;educazione dei bambini - Noi di Qua Testata giornalistica e di attualit\u00e0 di Agliana, Montale e Quarrata.<\/title>\n<meta name=\"robots\" content=\"index, follow, max-snippet:-1, max-image-preview:large, max-video-preview:-1\" \/>\n<link rel=\"canonical\" href=\"https:\/\/www.noidiqua.it\/Agliana\/asilo-infantile-di-ferruccia-cento-anni-al-servizio-delleducazione-dei-bambini\/\" \/>\n<meta property=\"og:locale\" content=\"it_IT\" \/>\n<meta property=\"og:type\" content=\"article\" \/>\n<meta property=\"og:title\" content=\"Asilo infantile di Ferruccia - cento anni al servizio dell&#039;educazione dei bambini - Noi di Qua Testata giornalistica e di attualit\u00e0 di Agliana, Montale e Quarrata.\" \/>\n<meta property=\"og:description\" content=\"di Piera Salvi marzo 2026 Cento anni, un traguardo che merita di essere celebrato e sar\u00e0 una festa da condividere con la comunit\u00e0 parrocchiale che da un secolo \u00e8 in stretto rapporto con questa bellissima storia. La scuola dell&#8217;infanzia Sacro Cuore di Ferruccia e l&#8217;ente gestore, l&#8217;Istituto [&hellip;]\" \/>\n<meta property=\"og:url\" content=\"https:\/\/www.noidiqua.it\/Agliana\/asilo-infantile-di-ferruccia-cento-anni-al-servizio-delleducazione-dei-bambini\/\" \/>\n<meta property=\"og:site_name\" content=\"Noi di Qua Testata giornalistica e di attualit\u00e0 di Agliana, Montale e Quarrata.\" \/>\n<meta property=\"article:publisher\" content=\"https:\/\/www.facebook.com\/noidiqua.trimestrale\/\" \/>\n<meta property=\"article:published_time\" content=\"2026-03-13T14:57:15+00:00\" \/>\n<meta property=\"article:modified_time\" content=\"2026-04-20T09:35:37+00:00\" \/>\n<meta property=\"og:image\" content=\"https:\/\/www.noidiqua.it\/Agliana\/wp-content\/uploads\/2026\/04\/Asilo-infantile-1.png\" \/>\n\t<meta property=\"og:image:width\" content=\"512\" \/>\n\t<meta property=\"og:image:height\" content=\"360\" \/>\n\t<meta property=\"og:image:type\" content=\"image\/png\" \/>\n<meta name=\"author\" content=\"Piera Salvi\" \/>\n<meta name=\"twitter:label1\" content=\"Scritto da\" \/>\n\t<meta name=\"twitter:data1\" content=\"Piera Salvi\" \/>\n\t<meta name=\"twitter:label2\" content=\"Tempo di lettura stimato\" \/>\n\t<meta name=\"twitter:data2\" content=\"5 minuti\" \/>\n<script type=\"application\/ld+json\" class=\"yoast-schema-graph\">{\"@context\":\"https:\/\/schema.org\",\"@graph\":[{\"@type\":\"WebPage\",\"@id\":\"https:\/\/www.noidiqua.it\/Agliana\/asilo-infantile-di-ferruccia-cento-anni-al-servizio-delleducazione-dei-bambini\/\",\"url\":\"https:\/\/www.noidiqua.it\/Agliana\/asilo-infantile-di-ferruccia-cento-anni-al-servizio-delleducazione-dei-bambini\/\",\"name\":\"Asilo infantile di Ferruccia - cento anni al servizio dell'educazione dei bambini - Noi di Qua Testata giornalistica e di attualit\u00e0 di Agliana, Montale e Quarrata.\",\"isPartOf\":{\"@id\":\"https:\/\/www.noidiqua.it\/Agliana\/#website\"},\"primaryImageOfPage\":{\"@id\":\"https:\/\/www.noidiqua.it\/Agliana\/asilo-infantile-di-ferruccia-cento-anni-al-servizio-delleducazione-dei-bambini\/#primaryimage\"},\"image\":{\"@id\":\"https:\/\/www.noidiqua.it\/Agliana\/asilo-infantile-di-ferruccia-cento-anni-al-servizio-delleducazione-dei-bambini\/#primaryimage\"},\"thumbnailUrl\":\"https:\/\/www.noidiqua.it\/Agliana\/wp-content\/uploads\/2026\/04\/Asilo-infantile-1.png\",\"datePublished\":\"2026-03-13T14:57:15+00:00\",\"dateModified\":\"2026-04-20T09:35:37+00:00\",\"author\":{\"@id\":\"https:\/\/www.noidiqua.it\/Agliana\/#\/schema\/person\/bb7515c2330bb1137f247276096fa7dc\"},\"breadcrumb\":{\"@id\":\"https:\/\/www.noidiqua.it\/Agliana\/asilo-infantile-di-ferruccia-cento-anni-al-servizio-delleducazione-dei-bambini\/#breadcrumb\"},\"inLanguage\":\"it-IT\",\"potentialAction\":[{\"@type\":\"ReadAction\",\"target\":[\"https:\/\/www.noidiqua.it\/Agliana\/asilo-infantile-di-ferruccia-cento-anni-al-servizio-delleducazione-dei-bambini\/\"]}]},{\"@type\":\"ImageObject\",\"inLanguage\":\"it-IT\",\"@id\":\"https:\/\/www.noidiqua.it\/Agliana\/asilo-infantile-di-ferruccia-cento-anni-al-servizio-delleducazione-dei-bambini\/#primaryimage\",\"url\":\"https:\/\/www.noidiqua.it\/Agliana\/wp-content\/uploads\/2026\/04\/Asilo-infantile-1.png\",\"contentUrl\":\"https:\/\/www.noidiqua.it\/Agliana\/wp-content\/uploads\/2026\/04\/Asilo-infantile-1.png\",\"width\":512,\"height\":360},{\"@type\":\"BreadcrumbList\",\"@id\":\"https:\/\/www.noidiqua.it\/Agliana\/asilo-infantile-di-ferruccia-cento-anni-al-servizio-delleducazione-dei-bambini\/#breadcrumb\",\"itemListElement\":[{\"@type\":\"ListItem\",\"position\":1,\"name\":\"Home\",\"item\":\"https:\/\/www.noidiqua.it\/Agliana\/\"},{\"@type\":\"ListItem\",\"position\":2,\"name\":\"Asilo infantile di Ferruccia &#8211; cento anni al servizio dell&#8217;educazione dei bambini\"}]},{\"@type\":\"WebSite\",\"@id\":\"https:\/\/www.noidiqua.it\/Agliana\/#website\",\"url\":\"https:\/\/www.noidiqua.it\/Agliana\/\",\"name\":\"Noi di Qua Testata giornalistica e di attualit\u00e0 di Agliana, Montale e Quarrata.\",\"description\":\"Testata Giornalistica Quarrata Montale Agliana\",\"potentialAction\":[{\"@type\":\"SearchAction\",\"target\":{\"@type\":\"EntryPoint\",\"urlTemplate\":\"https:\/\/www.noidiqua.it\/Agliana\/?s={search_term_string}\"},\"query-input\":{\"@type\":\"PropertyValueSpecification\",\"valueRequired\":true,\"valueName\":\"search_term_string\"}}],\"inLanguage\":\"it-IT\"},{\"@type\":\"Person\",\"@id\":\"https:\/\/www.noidiqua.it\/Agliana\/#\/schema\/person\/bb7515c2330bb1137f247276096fa7dc\",\"name\":\"Piera Salvi\",\"image\":{\"@type\":\"ImageObject\",\"inLanguage\":\"it-IT\",\"@id\":\"https:\/\/www.noidiqua.it\/Agliana\/#\/schema\/person\/image\/\",\"url\":\"https:\/\/secure.gravatar.com\/avatar\/2f9b1fb6e13f3b3e63bde435d999a73be036e320f7a0f5f32f9ac21859d999cd?s=96&d=mm&r=g\",\"contentUrl\":\"https:\/\/secure.gravatar.com\/avatar\/2f9b1fb6e13f3b3e63bde435d999a73be036e320f7a0f5f32f9ac21859d999cd?s=96&d=mm&r=g\",\"caption\":\"Piera Salvi\"},\"url\":\"https:\/\/www.noidiqua.it\/Agliana\/author\/piera-salvi\/\"}]}<\/script>\n<!-- \/ Yoast SEO plugin. -->","yoast_head_json":{"title":"Asilo infantile di Ferruccia - cento anni al servizio dell'educazione dei bambini - Noi di Qua Testata giornalistica e di attualit\u00e0 di Agliana, Montale e Quarrata.","robots":{"index":"index","follow":"follow","max-snippet":"max-snippet:-1","max-image-preview":"max-image-preview:large","max-video-preview":"max-video-preview:-1"},"canonical":"https:\/\/www.noidiqua.it\/Agliana\/asilo-infantile-di-ferruccia-cento-anni-al-servizio-delleducazione-dei-bambini\/","og_locale":"it_IT","og_type":"article","og_title":"Asilo infantile di Ferruccia - cento anni al servizio dell'educazione dei bambini - Noi di Qua Testata giornalistica e di attualit\u00e0 di Agliana, Montale e Quarrata.","og_description":"di Piera Salvi marzo 2026 Cento anni, un traguardo che merita di essere celebrato e sar\u00e0 una festa da condividere con la comunit\u00e0 parrocchiale che da un secolo \u00e8 in stretto rapporto con questa bellissima storia. La scuola dell&#8217;infanzia Sacro Cuore di Ferruccia e l&#8217;ente gestore, l&#8217;Istituto [&hellip;]","og_url":"https:\/\/www.noidiqua.it\/Agliana\/asilo-infantile-di-ferruccia-cento-anni-al-servizio-delleducazione-dei-bambini\/","og_site_name":"Noi di Qua Testata giornalistica e di attualit\u00e0 di Agliana, Montale e Quarrata.","article_publisher":"https:\/\/www.facebook.com\/noidiqua.trimestrale\/","article_published_time":"2026-03-13T14:57:15+00:00","article_modified_time":"2026-04-20T09:35:37+00:00","og_image":[{"width":512,"height":360,"url":"https:\/\/www.noidiqua.it\/Agliana\/wp-content\/uploads\/2026\/04\/Asilo-infantile-1.png","type":"image\/png"}],"author":"Piera Salvi","twitter_misc":{"Scritto da":"Piera Salvi","Tempo di lettura stimato":"5 minuti"},"schema":{"@context":"https:\/\/schema.org","@graph":[{"@type":"WebPage","@id":"https:\/\/www.noidiqua.it\/Agliana\/asilo-infantile-di-ferruccia-cento-anni-al-servizio-delleducazione-dei-bambini\/","url":"https:\/\/www.noidiqua.it\/Agliana\/asilo-infantile-di-ferruccia-cento-anni-al-servizio-delleducazione-dei-bambini\/","name":"Asilo infantile di Ferruccia - cento anni al servizio dell'educazione dei bambini - Noi di Qua Testata giornalistica e di attualit\u00e0 di Agliana, Montale e Quarrata.","isPartOf":{"@id":"https:\/\/www.noidiqua.it\/Agliana\/#website"},"primaryImageOfPage":{"@id":"https:\/\/www.noidiqua.it\/Agliana\/asilo-infantile-di-ferruccia-cento-anni-al-servizio-delleducazione-dei-bambini\/#primaryimage"},"image":{"@id":"https:\/\/www.noidiqua.it\/Agliana\/asilo-infantile-di-ferruccia-cento-anni-al-servizio-delleducazione-dei-bambini\/#primaryimage"},"thumbnailUrl":"https:\/\/www.noidiqua.it\/Agliana\/wp-content\/uploads\/2026\/04\/Asilo-infantile-1.png","datePublished":"2026-03-13T14:57:15+00:00","dateModified":"2026-04-20T09:35:37+00:00","author":{"@id":"https:\/\/www.noidiqua.it\/Agliana\/#\/schema\/person\/bb7515c2330bb1137f247276096fa7dc"},"breadcrumb":{"@id":"https:\/\/www.noidiqua.it\/Agliana\/asilo-infantile-di-ferruccia-cento-anni-al-servizio-delleducazione-dei-bambini\/#breadcrumb"},"inLanguage":"it-IT","potentialAction":[{"@type":"ReadAction","target":["https:\/\/www.noidiqua.it\/Agliana\/asilo-infantile-di-ferruccia-cento-anni-al-servizio-delleducazione-dei-bambini\/"]}]},{"@type":"ImageObject","inLanguage":"it-IT","@id":"https:\/\/www.noidiqua.it\/Agliana\/asilo-infantile-di-ferruccia-cento-anni-al-servizio-delleducazione-dei-bambini\/#primaryimage","url":"https:\/\/www.noidiqua.it\/Agliana\/wp-content\/uploads\/2026\/04\/Asilo-infantile-1.png","contentUrl":"https:\/\/www.noidiqua.it\/Agliana\/wp-content\/uploads\/2026\/04\/Asilo-infantile-1.png","width":512,"height":360},{"@type":"BreadcrumbList","@id":"https:\/\/www.noidiqua.it\/Agliana\/asilo-infantile-di-ferruccia-cento-anni-al-servizio-delleducazione-dei-bambini\/#breadcrumb","itemListElement":[{"@type":"ListItem","position":1,"name":"Home","item":"https:\/\/www.noidiqua.it\/Agliana\/"},{"@type":"ListItem","position":2,"name":"Asilo infantile di Ferruccia &#8211; cento anni al servizio dell&#8217;educazione dei bambini"}]},{"@type":"WebSite","@id":"https:\/\/www.noidiqua.it\/Agliana\/#website","url":"https:\/\/www.noidiqua.it\/Agliana\/","name":"Noi di Qua Testata giornalistica e di attualit\u00e0 di Agliana, Montale e Quarrata.","description":"Testata Giornalistica Quarrata Montale Agliana","potentialAction":[{"@type":"SearchAction","target":{"@type":"EntryPoint","urlTemplate":"https:\/\/www.noidiqua.it\/Agliana\/?s={search_term_string}"},"query-input":{"@type":"PropertyValueSpecification","valueRequired":true,"valueName":"search_term_string"}}],"inLanguage":"it-IT"},{"@type":"Person","@id":"https:\/\/www.noidiqua.it\/Agliana\/#\/schema\/person\/bb7515c2330bb1137f247276096fa7dc","name":"Piera Salvi","image":{"@type":"ImageObject","inLanguage":"it-IT","@id":"https:\/\/www.noidiqua.it\/Agliana\/#\/schema\/person\/image\/","url":"https:\/\/secure.gravatar.com\/avatar\/2f9b1fb6e13f3b3e63bde435d999a73be036e320f7a0f5f32f9ac21859d999cd?s=96&d=mm&r=g","contentUrl":"https:\/\/secure.gravatar.com\/avatar\/2f9b1fb6e13f3b3e63bde435d999a73be036e320f7a0f5f32f9ac21859d999cd?s=96&d=mm&r=g","caption":"Piera Salvi"},"url":"https:\/\/www.noidiqua.it\/Agliana\/author\/piera-salvi\/"}]}},"_links":{"self":[{"href":"https:\/\/www.noidiqua.it\/Agliana\/wp-json\/wp\/v2\/posts\/9943","targetHints":{"allow":["GET"]}}],"collection":[{"href":"https:\/\/www.noidiqua.it\/Agliana\/wp-json\/wp\/v2\/posts"}],"about":[{"href":"https:\/\/www.noidiqua.it\/Agliana\/wp-json\/wp\/v2\/types\/post"}],"author":[{"embeddable":true,"href":"https:\/\/www.noidiqua.it\/Agliana\/wp-json\/wp\/v2\/users\/13"}],"replies":[{"embeddable":true,"href":"https:\/\/www.noidiqua.it\/Agliana\/wp-json\/wp\/v2\/comments?post=9943"}],"version-history":[{"count":2,"href":"https:\/\/www.noidiqua.it\/Agliana\/wp-json\/wp\/v2\/posts\/9943\/revisions"}],"predecessor-version":[{"id":9984,"href":"https:\/\/www.noidiqua.it\/Agliana\/wp-json\/wp\/v2\/posts\/9943\/revisions\/9984"}],"wp:attachment":[{"href":"https:\/\/www.noidiqua.it\/Agliana\/wp-json\/wp\/v2\/media?parent=9943"}],"wp:term":[{"taxonomy":"category","embeddable":true,"href":"https:\/\/www.noidiqua.it\/Agliana\/wp-json\/wp\/v2\/categories?post=9943"},{"taxonomy":"post_tag","embeddable":true,"href":"https:\/\/www.noidiqua.it\/Agliana\/wp-json\/wp\/v2\/tags?post=9943"}],"curies":[{"name":"wp","href":"https:\/\/api.w.org\/{rel}","templated":true}]}}