{"id":1085,"date":"2011-05-07T21:48:48","date_gmt":"2011-05-07T21:48:48","guid":{"rendered":"https:\/\/www.noidiqua.it\/Montale\/?p=1085"},"modified":"2024-01-05T09:42:26","modified_gmt":"2024-01-05T08:42:26","slug":"appunti-di-redazione","status":"publish","type":"post","link":"https:\/\/www.noidiqua.it\/Montale\/appunti-di-redazione\/","title":{"rendered":"Appunti di redazione"},"content":{"rendered":"<p style=\"text-align: justify;\"><em>di Giancarlo Zampini<\/em><\/p>\n<p style=\"text-align: justify;\"><em>maggio 2011<\/em><\/p>\n<p><a href=\"https:\/\/www.noidiqua.it\/Montale\/wp-content\/uploads\/2011\/05\/appunti-.png\" rel=\"wp-prettyPhoto[1085]\"><img loading=\"lazy\" decoding=\"async\" class=\"aligncenter size-full wp-image-8486\" src=\"https:\/\/www.noidiqua.it\/Montale\/wp-content\/uploads\/2011\/05\/appunti-.png\" alt=\"\" width=\"499\" height=\"329\" srcset=\"https:\/\/www.noidiqua.it\/Montale\/wp-content\/uploads\/2011\/05\/appunti-.png 499w, https:\/\/www.noidiqua.it\/Montale\/wp-content\/uploads\/2011\/05\/appunti--300x198.png 300w\" sizes=\"auto, (max-width: 499px) 100vw, 499px\" \/><\/a><\/p>\n<p>Il sogno di alcuni anni fa si sta avverando, (sotto l\u2019aspetto editoriale sia chiaro), come annunciato nel numero scorso di Noidiqua il quarratino, con il mese di maggio entriamo anche nella case dei residenti di Agliana e di Montale. Un grande passo in avanti a conferma della bont\u00e0 del prodotto che da quattro anni confezioniamo per Quarrata.<\/p>\n<p>Un trimestrale che va a coprire il suo bacino di utenza naturale, quello formato dai tre comuni della Piana Pistoiese posizionati al di \u201cqua\u201d del Montalbano, alla periferia dell\u2019area metropolitana. <strong>Non sar\u00e0 una rivista allargata,<\/strong> ogni comune avr\u00e0 la sua, stessi argomenti, cambier\u00e0 solo il numero delle pagine, (ridotte per Agliana e Montale perch\u00e9 questo \u00e8 il primo numero). All\u2019interno di Noidiqua troverete innanzi tutto qualit\u00e0 di carta e di foto, articoli sull\u2019arte, la musica, lo sport, le ricette di cucina di Loretta Cafissi Fabbri, i consigli del nostro medico di famiglia, il Dottor Luigi Vangucci, infine approfondimenti su personaggi e la storia. Se l\u2019allargamento si \u00e8 reso possibile lo si deve a quattro fattori importanti: il coraggio dell\u2019Icona Studio, nella persona del suo titolare, <strong>Massimo Cappelli<\/strong>, sempre pi\u00f9 ricco d\u2019entusiasmo; una efficiente raccolta pubblicitaria coordinata da <strong>Angelo Briganti<\/strong>, particolarmente difficile in questo intramontabile periodo di crisi, ma che ci consente la copertura delle spese. Il ruolo di <strong>David Colzi<\/strong>, il collante, la persona che quotidianamente ci ricorda i tasselli del mosaico che mancano, i tempi di pubblicazione, le foto da fare, ecc. E poi c\u2019\u00e8 <strong>Marco Bagnoli<\/strong>, il nostro \u201cstorico delle curiosit\u00e0\u201d. Infine la fondamentale collaborazione dei nuovi arrivati, <strong>Piera Salvi<\/strong> per Agliana e <strong>Giacomo Bini<\/strong> per Montale.<\/p>\n<p>Posso affermare con la massima sincerit\u00e0 che si tratta di persone capaci, molto stimate, che conoscono la loro cittadina come nessun\u2019altro, che prestano la propria opera per amore del posto dove vivono, non certo per i guadagni, che non ci sono! Anche nelle pagine di Agliana e Montale porteremo alla ribalta della cronaca personaggi locali, pi\u00f9 o meno conosciuti, ma comunque amati dalla comunit\u00e0. Non entreremo nelle stanze della politica, se ci capiter\u00e0 qualche volta\u2026di sfuggita lo sar\u00e0 per evidenziare una iniziativa dell\u2019amministrazione particolarmente bella, oppure qualcosa di veramente brutto al quale si dovr\u00e0 porre rimedio. State certi che non offenderemo mai il vostro pudore, massimo rispetto per i pi\u00f9 deboli e per i minori, come da quattro anni garantiamo per l\u2019edizione quarratina. Insomma, confesso che abbiamo un difetto\u2026 siamo un po\u2019 presuntuosi perch\u00e9 crediamo di essere davvero in pochi ad affrontare argomenti seri e genuini come troverete all\u2019interno di Noidiqua\u2026e tutto gratis, nella cassetta postale della vostra abitazione. Infine, e concludo, nessuno vorr\u00e0 mai vendervi niente o convincervi di qualche cosa; Benvenuti a tutti voi.<\/p>\n<p style=\"text-align: justify;\">","protected":false},"excerpt":{"rendered":"<p>di Giancarlo Zampini maggio 2011 Il sogno di alcuni anni fa si sta avverando, (sotto l\u2019aspetto editoriale sia chiaro), come annunciato nel numero scorso di Noidiqua il quarratino, con il mese di maggio entriamo anche nella case dei residenti di Agliana e di Montale. Un grande passo in avanti a conferma della bont\u00e0 del [&hellip;]<\/p>","protected":false},"author":4,"featured_media":0,"comment_status":"open","ping_status":"open","sticky":false,"template":"","format":"standard","meta":{"footnotes":""},"categories":[14,7],"tags":[91,995,113,126,137],"class_list":["post-1085","post","type-post","status-publish","format-standard","hentry","category-appuntired","category-mt","tag-il-montalese","tag-mt","tag-noidiqua","tag-redazionale","tag-rubrica"],"yoast_head":"<!-- This site is optimized with the Yoast SEO plugin v25.5 - https:\/\/yoast.com\/wordpress\/plugins\/seo\/ -->\n<title>Appunti di redazione - Noi di Qua Testata giornalistica e di attualit\u00e0 di Agliana, Montale e Quarrata.<\/title>\n<meta name=\"robots\" content=\"index, follow, max-snippet:-1, max-image-preview:large, max-video-preview:-1\" \/>\n<link rel=\"canonical\" href=\"https:\/\/www.noidiqua.it\/Montale\/appunti-di-redazione\/\" \/>\n<meta property=\"og:locale\" content=\"it_IT\" \/>\n<meta property=\"og:type\" content=\"article\" \/>\n<meta property=\"og:title\" content=\"Appunti di redazione - Noi di Qua Testata giornalistica e di attualit\u00e0 di Agliana, Montale e Quarrata.\" \/>\n<meta property=\"og:description\" content=\"di Giancarlo Zampini maggio 2011 Il sogno di alcuni anni fa si sta avverando, (sotto l\u2019aspetto editoriale sia chiaro), come annunciato nel numero scorso di Noidiqua il quarratino, con il mese di maggio entriamo anche nella case dei residenti di Agliana e di Montale. Un grande passo in avanti a conferma della bont\u00e0 del [&hellip;]\" \/>\n<meta property=\"og:url\" content=\"https:\/\/www.noidiqua.it\/Montale\/appunti-di-redazione\/\" \/>\n<meta property=\"og:site_name\" content=\"Noi di Qua Testata giornalistica e di attualit\u00e0 di Agliana, Montale e Quarrata.\" \/>\n<meta property=\"article:publisher\" content=\"https:\/\/www.facebook.com\/noidiqua.trimestrale\/\" \/>\n<meta property=\"article:published_time\" content=\"2011-05-07T21:48:48+00:00\" \/>\n<meta property=\"article:modified_time\" content=\"2024-01-05T08:42:26+00:00\" \/>\n<meta property=\"og:image\" content=\"https:\/\/www.noidiqua.it\/Montale\/wp-content\/uploads\/2011\/05\/appunti-.png\" \/>\n<meta name=\"author\" content=\"Giancarlo Zampini\" \/>\n<meta name=\"twitter:label1\" content=\"Scritto da\" \/>\n\t<meta name=\"twitter:data1\" content=\"Giancarlo Zampini\" \/>\n\t<meta name=\"twitter:label2\" content=\"Tempo di lettura stimato\" \/>\n\t<meta name=\"twitter:data2\" content=\"3 minuti\" \/>\n<script type=\"application\/ld+json\" class=\"yoast-schema-graph\">{\"@context\":\"https:\/\/schema.org\",\"@graph\":[{\"@type\":\"WebPage\",\"@id\":\"https:\/\/www.noidiqua.it\/Montale\/appunti-di-redazione\/\",\"url\":\"https:\/\/www.noidiqua.it\/Montale\/appunti-di-redazione\/\",\"name\":\"Appunti di redazione - Noi di Qua Testata giornalistica e di attualit\u00e0 di Agliana, Montale e Quarrata.\",\"isPartOf\":{\"@id\":\"https:\/\/www.noidiqua.it\/Montale\/#website\"},\"primaryImageOfPage\":{\"@id\":\"https:\/\/www.noidiqua.it\/Montale\/appunti-di-redazione\/#primaryimage\"},\"image\":{\"@id\":\"https:\/\/www.noidiqua.it\/Montale\/appunti-di-redazione\/#primaryimage\"},\"thumbnailUrl\":\"https:\/\/www.noidiqua.it\/Montale\/wp-content\/uploads\/2011\/05\/appunti-.png\",\"datePublished\":\"2011-05-07T21:48:48+00:00\",\"dateModified\":\"2024-01-05T08:42:26+00:00\",\"author\":{\"@id\":\"https:\/\/www.noidiqua.it\/Montale\/#\/schema\/person\/30e3bbc8170470508bc65df034405391\"},\"breadcrumb\":{\"@id\":\"https:\/\/www.noidiqua.it\/Montale\/appunti-di-redazione\/#breadcrumb\"},\"inLanguage\":\"it-IT\",\"potentialAction\":[{\"@type\":\"ReadAction\",\"target\":[\"https:\/\/www.noidiqua.it\/Montale\/appunti-di-redazione\/\"]}]},{\"@type\":\"ImageObject\",\"inLanguage\":\"it-IT\",\"@id\":\"https:\/\/www.noidiqua.it\/Montale\/appunti-di-redazione\/#primaryimage\",\"url\":\"https:\/\/www.noidiqua.it\/Montale\/wp-content\/uploads\/2011\/05\/appunti-.png\",\"contentUrl\":\"https:\/\/www.noidiqua.it\/Montale\/wp-content\/uploads\/2011\/05\/appunti-.png\",\"width\":499,\"height\":329},{\"@type\":\"BreadcrumbList\",\"@id\":\"https:\/\/www.noidiqua.it\/Montale\/appunti-di-redazione\/#breadcrumb\",\"itemListElement\":[{\"@type\":\"ListItem\",\"position\":1,\"name\":\"Home\",\"item\":\"https:\/\/www.noidiqua.it\/Montale\/\"},{\"@type\":\"ListItem\",\"position\":2,\"name\":\"Appunti di redazione\"}]},{\"@type\":\"WebSite\",\"@id\":\"https:\/\/www.noidiqua.it\/Montale\/#website\",\"url\":\"https:\/\/www.noidiqua.it\/Montale\/\",\"name\":\"Noi di Qua Testata giornalistica e di attualit\u00e0 di Agliana, Montale e Quarrata.\",\"description\":\"Testata Giornalistica Quarrata Montale Agliana\",\"potentialAction\":[{\"@type\":\"SearchAction\",\"target\":{\"@type\":\"EntryPoint\",\"urlTemplate\":\"https:\/\/www.noidiqua.it\/Montale\/?s={search_term_string}\"},\"query-input\":{\"@type\":\"PropertyValueSpecification\",\"valueRequired\":true,\"valueName\":\"search_term_string\"}}],\"inLanguage\":\"it-IT\"},{\"@type\":\"Person\",\"@id\":\"https:\/\/www.noidiqua.it\/Montale\/#\/schema\/person\/30e3bbc8170470508bc65df034405391\",\"name\":\"Giancarlo Zampini\",\"image\":{\"@type\":\"ImageObject\",\"inLanguage\":\"it-IT\",\"@id\":\"https:\/\/www.noidiqua.it\/Montale\/#\/schema\/person\/image\/\",\"url\":\"https:\/\/secure.gravatar.com\/avatar\/a23c75f41ddbdd13c745a6311eb76767e5935fb545b70acfa28c4c6b2a3396fe?s=96&d=mm&r=g\",\"contentUrl\":\"https:\/\/secure.gravatar.com\/avatar\/a23c75f41ddbdd13c745a6311eb76767e5935fb545b70acfa28c4c6b2a3396fe?s=96&d=mm&r=g\",\"caption\":\"Giancarlo Zampini\"},\"url\":\"https:\/\/www.noidiqua.it\/Montale\/author\/giancarlo-zampini\/\"}]}<\/script>\n<!-- \/ Yoast SEO plugin. -->","yoast_head_json":{"title":"Appunti di redazione - Noi di Qua Testata giornalistica e di attualit\u00e0 di Agliana, Montale e Quarrata.","robots":{"index":"index","follow":"follow","max-snippet":"max-snippet:-1","max-image-preview":"max-image-preview:large","max-video-preview":"max-video-preview:-1"},"canonical":"https:\/\/www.noidiqua.it\/Montale\/appunti-di-redazione\/","og_locale":"it_IT","og_type":"article","og_title":"Appunti di redazione - Noi di Qua Testata giornalistica e di attualit\u00e0 di Agliana, Montale e Quarrata.","og_description":"di Giancarlo Zampini maggio 2011 Il sogno di alcuni anni fa si sta avverando, (sotto l\u2019aspetto editoriale sia chiaro), come annunciato nel numero scorso di Noidiqua il quarratino, con il mese di maggio entriamo anche nella case dei residenti di Agliana e di Montale. Un grande passo in avanti a conferma della bont\u00e0 del [&hellip;]","og_url":"https:\/\/www.noidiqua.it\/Montale\/appunti-di-redazione\/","og_site_name":"Noi di Qua Testata giornalistica e di attualit\u00e0 di Agliana, Montale e Quarrata.","article_publisher":"https:\/\/www.facebook.com\/noidiqua.trimestrale\/","article_published_time":"2011-05-07T21:48:48+00:00","article_modified_time":"2024-01-05T08:42:26+00:00","og_image":[{"url":"https:\/\/www.noidiqua.it\/Montale\/wp-content\/uploads\/2011\/05\/appunti-.png","type":"","width":"","height":""}],"author":"Giancarlo Zampini","twitter_misc":{"Scritto da":"Giancarlo Zampini","Tempo di lettura stimato":"3 minuti"},"schema":{"@context":"https:\/\/schema.org","@graph":[{"@type":"WebPage","@id":"https:\/\/www.noidiqua.it\/Montale\/appunti-di-redazione\/","url":"https:\/\/www.noidiqua.it\/Montale\/appunti-di-redazione\/","name":"Appunti di redazione - Noi di Qua Testata giornalistica e di attualit\u00e0 di Agliana, Montale e Quarrata.","isPartOf":{"@id":"https:\/\/www.noidiqua.it\/Montale\/#website"},"primaryImageOfPage":{"@id":"https:\/\/www.noidiqua.it\/Montale\/appunti-di-redazione\/#primaryimage"},"image":{"@id":"https:\/\/www.noidiqua.it\/Montale\/appunti-di-redazione\/#primaryimage"},"thumbnailUrl":"https:\/\/www.noidiqua.it\/Montale\/wp-content\/uploads\/2011\/05\/appunti-.png","datePublished":"2011-05-07T21:48:48+00:00","dateModified":"2024-01-05T08:42:26+00:00","author":{"@id":"https:\/\/www.noidiqua.it\/Montale\/#\/schema\/person\/30e3bbc8170470508bc65df034405391"},"breadcrumb":{"@id":"https:\/\/www.noidiqua.it\/Montale\/appunti-di-redazione\/#breadcrumb"},"inLanguage":"it-IT","potentialAction":[{"@type":"ReadAction","target":["https:\/\/www.noidiqua.it\/Montale\/appunti-di-redazione\/"]}]},{"@type":"ImageObject","inLanguage":"it-IT","@id":"https:\/\/www.noidiqua.it\/Montale\/appunti-di-redazione\/#primaryimage","url":"https:\/\/www.noidiqua.it\/Montale\/wp-content\/uploads\/2011\/05\/appunti-.png","contentUrl":"https:\/\/www.noidiqua.it\/Montale\/wp-content\/uploads\/2011\/05\/appunti-.png","width":499,"height":329},{"@type":"BreadcrumbList","@id":"https:\/\/www.noidiqua.it\/Montale\/appunti-di-redazione\/#breadcrumb","itemListElement":[{"@type":"ListItem","position":1,"name":"Home","item":"https:\/\/www.noidiqua.it\/Montale\/"},{"@type":"ListItem","position":2,"name":"Appunti di redazione"}]},{"@type":"WebSite","@id":"https:\/\/www.noidiqua.it\/Montale\/#website","url":"https:\/\/www.noidiqua.it\/Montale\/","name":"Noi di Qua Testata giornalistica e di attualit\u00e0 di Agliana, Montale e Quarrata.","description":"Testata Giornalistica Quarrata Montale Agliana","potentialAction":[{"@type":"SearchAction","target":{"@type":"EntryPoint","urlTemplate":"https:\/\/www.noidiqua.it\/Montale\/?s={search_term_string}"},"query-input":{"@type":"PropertyValueSpecification","valueRequired":true,"valueName":"search_term_string"}}],"inLanguage":"it-IT"},{"@type":"Person","@id":"https:\/\/www.noidiqua.it\/Montale\/#\/schema\/person\/30e3bbc8170470508bc65df034405391","name":"Giancarlo Zampini","image":{"@type":"ImageObject","inLanguage":"it-IT","@id":"https:\/\/www.noidiqua.it\/Montale\/#\/schema\/person\/image\/","url":"https:\/\/secure.gravatar.com\/avatar\/a23c75f41ddbdd13c745a6311eb76767e5935fb545b70acfa28c4c6b2a3396fe?s=96&d=mm&r=g","contentUrl":"https:\/\/secure.gravatar.com\/avatar\/a23c75f41ddbdd13c745a6311eb76767e5935fb545b70acfa28c4c6b2a3396fe?s=96&d=mm&r=g","caption":"Giancarlo Zampini"},"url":"https:\/\/www.noidiqua.it\/Montale\/author\/giancarlo-zampini\/"}]}},"_links":{"self":[{"href":"https:\/\/www.noidiqua.it\/Montale\/wp-json\/wp\/v2\/posts\/1085","targetHints":{"allow":["GET"]}}],"collection":[{"href":"https:\/\/www.noidiqua.it\/Montale\/wp-json\/wp\/v2\/posts"}],"about":[{"href":"https:\/\/www.noidiqua.it\/Montale\/wp-json\/wp\/v2\/types\/post"}],"author":[{"embeddable":true,"href":"https:\/\/www.noidiqua.it\/Montale\/wp-json\/wp\/v2\/users\/4"}],"replies":[{"embeddable":true,"href":"https:\/\/www.noidiqua.it\/Montale\/wp-json\/wp\/v2\/comments?post=1085"}],"version-history":[{"count":3,"href":"https:\/\/www.noidiqua.it\/Montale\/wp-json\/wp\/v2\/posts\/1085\/revisions"}],"predecessor-version":[{"id":8487,"href":"https:\/\/www.noidiqua.it\/Montale\/wp-json\/wp\/v2\/posts\/1085\/revisions\/8487"}],"wp:attachment":[{"href":"https:\/\/www.noidiqua.it\/Montale\/wp-json\/wp\/v2\/media?parent=1085"}],"wp:term":[{"taxonomy":"category","embeddable":true,"href":"https:\/\/www.noidiqua.it\/Montale\/wp-json\/wp\/v2\/categories?post=1085"},{"taxonomy":"post_tag","embeddable":true,"href":"https:\/\/www.noidiqua.it\/Montale\/wp-json\/wp\/v2\/tags?post=1085"}],"curies":[{"name":"wp","href":"https:\/\/api.w.org\/{rel}","templated":true}]}}