{"id":1087,"date":"2011-05-07T21:50:19","date_gmt":"2011-05-07T21:50:19","guid":{"rendered":"https:\/\/www.noidiqua.it\/Montale\/?p=1087"},"modified":"2024-01-05T10:50:50","modified_gmt":"2024-01-05T09:50:50","slug":"jorio-vivarelli","status":"publish","type":"post","link":"https:\/\/www.noidiqua.it\/Montale\/jorio-vivarelli\/","title":{"rendered":"Jorio Vivarelli &#8211; un artista e la sua terra"},"content":{"rendered":"<p style=\"text-align: justify;\"><span style=\"font-family: arial,helvetica,sans-serif;\"><em>di Veronica Ferretti (<a href=\"http:\/\/www.fondazionevivarelli.it\">www.fondazionevivarelli.it<\/a>)<\/em><\/span><\/p>\n<p style=\"text-align: justify;\">Ritratti fotografici: <a href=\"http:\/\/www.bellinigabriele.it\">Gabriele Bellini<\/a>.<\/p>\n<p style=\"text-align: justify;\"><em>maggio 2011<\/em><\/p>\n<p><a href=\"https:\/\/www.noidiqua.it\/Montale\/wp-content\/uploads\/2011\/05\/Vivarelli-1.png\" rel=\"wp-prettyPhoto[1087]\"><img loading=\"lazy\" decoding=\"async\" class=\"aligncenter size-full wp-image-8510\" src=\"https:\/\/www.noidiqua.it\/Montale\/wp-content\/uploads\/2011\/05\/Vivarelli-1.png\" alt=\"\" width=\"500\" height=\"353\" srcset=\"https:\/\/www.noidiqua.it\/Montale\/wp-content\/uploads\/2011\/05\/Vivarelli-1.png 500w, https:\/\/www.noidiqua.it\/Montale\/wp-content\/uploads\/2011\/05\/Vivarelli-1-300x212.png 300w\" sizes=\"auto, (max-width: 500px) 100vw, 500px\" \/><\/a><\/p>\n<p style=\"text-align: justify;\">\n<p style=\"text-align: justify;\">Nato a <strong>Fognano<\/strong> (Pistoia) il 12 giugno del 1922 da famiglia di umili origini, ma di vera sensibilit\u00e0 culturale (la scelta del nome Jorio fu ispirata al padre Diego dalla famosa opera teatrale di D\u2019Annunzio) Vivarelli, appena terminati gli studi alla Scuola Artigiana, rispondendo ad un urgente bisogno interiore, si iscrisse all\u2019Istituto d\u2019Arte di Firenze. Nel 1942, chiamato alle armi, fu destinato prima in Montenegro poi in Albania da dove, dopo l\u20198 settembre 1943, inizi\u00f2 una prigionia fatta di umiliazioni e sofferenze passando dalla Bulgaria all\u2019Ungheria all\u2019Austria e alla Germania, da dove l\u2019anno seguente riusc\u00ec a fuggire per far ritorno in Italia.<\/p>\n<p style=\"text-align: justify;\">Stabilitosi a <strong>Firenze<\/strong>, nel 1949 si sposa con <strong>Gianna Pini<\/strong> compagna silenziosa e musa ispiratrice della sua attivit\u00e0. Nel 1951 lo scultore riprende a lavorare alla Fonderia Michelucci dove torna ad incontrare Giovanni Michelucci, pistoiese come lui, con il quale, in forza della nuova amicizia, nasce una proficua collaborazione artistica da cui sortiranno, ad esempio, i famosi crocifissi per la Chiesa della Vergine di Pistoia e per quella di San Giovanni (Autostrada del Sole) presso Firenze. Un altro significativo incontro professionale avverr\u00e0, da l\u00ec a pochi anni, nel 1955, con l\u2019achitetto russo-americano Oskar Stonorov, conosciuto a Firenze in occasione della mostra di Wright a Palazzo Strozzi. Con Stonorov, Vivarelli affronta i problemi del rapporto tra scultura e architettura urbana dal cui esito usciranno le opere del Maestro pistoiese che troveranno posto nelle grandi piazze di Philadelphia e Detroit. Seguono anni ricchi di contatti con talenti artistici quali Rafael Alberti, Rodriguez Aguilera, Miguel Angel Asturias e Le Corbusier e con istituzioni come l\u2019UAW FAMILY EDUCATION CENTER presieduta da Walter Reuther nel Black Lake del Michigan presso la quale Vivarelli lavorer\u00e0 per sei anni consecutivi. Gli anni Sessanta sono anche fecondi di aperture verso nuove forme espressive. Vivarelli partecipa da protagonista alla formazione del <em><strong>Gruppo Intrarealista<\/strong>,<\/em> firmando a Barcellona il Manifesto nel marzo del 1966 assieme a pittori, scultori e letterati di varia nazionalit\u00e0 che intendono <em>\u201cesprimere qualcosa di nuovo e dirlo in modo diverso\u201d<\/em>.<\/p>\n<p><a href=\"https:\/\/www.noidiqua.it\/Montale\/wp-content\/uploads\/2011\/05\/vivarelli-2.png\" rel=\"wp-prettyPhoto[1087]\"><img loading=\"lazy\" decoding=\"async\" class=\"aligncenter size-full wp-image-8511\" src=\"https:\/\/www.noidiqua.it\/Montale\/wp-content\/uploads\/2011\/05\/vivarelli-2.png\" alt=\"\" width=\"264\" height=\"397\" srcset=\"https:\/\/www.noidiqua.it\/Montale\/wp-content\/uploads\/2011\/05\/vivarelli-2.png 264w, https:\/\/www.noidiqua.it\/Montale\/wp-content\/uploads\/2011\/05\/vivarelli-2-199x300.png 199w\" sizes=\"auto, (max-width: 264px) 100vw, 264px\" \/><\/a><\/p>\n<p style=\"text-align: justify;\">Dal 1970 agli anni Duemila l\u2019iter artistico di Vivarelli si distingue per una serie crescente di opere che da un lato affrontano i temi pi\u00f9 vivi e laceranti della condizione esistenziale e dall\u2019altro i valori del sacrificio e della solidariet\u00e0 fra gli uomini. Ecco allora opere come L\u2019idea, La Morte, monumento in ricordo dell\u2019uccisione di Giacomo Matteotti (Roma Lungotevere, 1974); ma anche arditi progetti, riferiti all\u2019uomo, al suo ambiente ed alla collettivit\u00e0 come Salviamo la Vittima, proposta ideale per la testimonianza mediterranea, da destinarsi per il porto di Taranto. Seguiranno dal 1979 in poi le grandi mostre dedicate al Maestro nella citt\u00e0 di Pau (Francia), Pistoia, Prato che nel 1986 accoglie una sua fontana d\u2019acciaio e plexiglass di grandi dimensioni, cos\u00ec come far\u00e0 il suo paese natale, Fognano, con il monumento Il sacrificio, una morte per la vita che rappresenta la prima scultura del corpus delle sette opere marmoree appartenenti al grandioso ciclo Le pietre dei saggi. Nel 1987 la citt\u00e0 di Nagasaki (Giappone), per non dimenticare l\u2019immane distruzione della bomba atomica, riceve in dono dallo scultore Jorio Vivarelli e dalla citt\u00e0 di Pistoia l\u2019opera Inno alla vita, tema che torna insistente anche nell\u2019opera Nucleo di vita realizzato a Rovereto per il palazzo Sony (Italia). Dal 1993, prima della mostra antologica che gli dedica la citt\u00e0 di Aussteng (Germania), realizza per la piazza di Ponte Buggianese l\u2019opera L\u2019ultima sfida e a Pistoia Penna mozza. A 80 anni compiuti, nel 2002, Jorio Vivarelli ha donato il suo immenso patrimonio artistico alla Citt\u00e0 di Pistoia, che per la sua tutela e valorizzazione ha costituito, assieme al Maestro, la Fondazione Pistoiese Jorio Vivarelli. <em>Muore a Pistoia il 1 settembre 2008<\/em>.<\/p>\n<p><a href=\"https:\/\/www.noidiqua.it\/Montale\/wp-content\/uploads\/2011\/05\/Vivarelli-7.png\" rel=\"wp-prettyPhoto[1087]\"><img loading=\"lazy\" decoding=\"async\" class=\"aligncenter size-full wp-image-8512\" src=\"https:\/\/www.noidiqua.it\/Montale\/wp-content\/uploads\/2011\/05\/Vivarelli-7.png\" alt=\"\" width=\"336\" height=\"221\" srcset=\"https:\/\/www.noidiqua.it\/Montale\/wp-content\/uploads\/2011\/05\/Vivarelli-7.png 336w, https:\/\/www.noidiqua.it\/Montale\/wp-content\/uploads\/2011\/05\/Vivarelli-7-300x197.png 300w\" sizes=\"auto, (max-width: 336px) 100vw, 336px\" \/><\/a><\/p>\n<p style=\"text-align: justify;\"><span style=\"font-family: arial,helvetica,sans-serif; font-size: medium;\"><strong>Fondazione Pistoiese Jorio Vivarelli <\/strong><\/span><\/p>\n<p style=\"text-align: justify;\"><em>David Colzi<\/em><br \/>\nCompito della nostra piccola rivista sar\u00e0 anche quello di ricordarvi ci\u00f2 che di buono ci offre Montale e i suoi dintorni: iniziamo con la Fondazione lasciata dal maestro di Fognano alle future generazioni. Costituitasi nel dicembre 1999, si trova alle porte di Pistoia, nella casa del maestro progettata dall\u2019architetto Oskar Stonorov. Per saperne di pi\u00f9, oltre a visitarla, abbiamo parlato con Veronica Ferretti, <em>Responsabile delle Attivit\u00e0 Culturali e Coordinamento<\/em>, e Ugo Poli, <em>Presidente del Consiglio di Amministrazione<\/em>.<\/p>\n<p style=\"text-align: justify;\"><strong>Vivarelli quando ha avuto l\u2019idea della Fondazione?<\/strong><br \/>\n<em>V.F. Negli anni \u201870, quando commission\u00f2 la sua villa a Stonorov in localit\u00e0 Arcigliano, vicino Pistoia. Cos\u00ec da Firenze, dove abitava dopo il \u201845, torn\u00f2 nella sua provincia. Il piano inferiore, oggi, \u00e8 completamente dedicato alle sue opere e si possono ammirare i suoi lavori pi\u00f9 grandi, come i Crocifissi e opere pi\u00f9 piccole come le medaglie. Valore aggiunto della struttura \u00e8 lo spazio verde che circonda la casa, dove si trovano altre opere all\u2019aria aperta.<\/em><br \/>\n<em>U.P. Pochi sanno che gi\u00e0 negli anni \u201870 il Maestro faceva fondere copie in bronzo delle opere commissionate, al fine di avere una collezione completa da lasciare in fondazione&#8230; insomma, ha sempre pensato ai suoi concittadini! (sorride)<\/em><\/p>\n<p><a href=\"https:\/\/www.noidiqua.it\/Montale\/wp-content\/uploads\/2011\/05\/Vivarelli-6.png\" rel=\"wp-prettyPhoto[1087]\"><img loading=\"lazy\" decoding=\"async\" class=\"aligncenter size-full wp-image-8513\" src=\"https:\/\/www.noidiqua.it\/Montale\/wp-content\/uploads\/2011\/05\/Vivarelli-6.png\" alt=\"\" width=\"306\" height=\"397\" srcset=\"https:\/\/www.noidiqua.it\/Montale\/wp-content\/uploads\/2011\/05\/Vivarelli-6.png 306w, https:\/\/www.noidiqua.it\/Montale\/wp-content\/uploads\/2011\/05\/Vivarelli-6-231x300.png 231w\" sizes=\"auto, (max-width: 306px) 100vw, 306px\" \/><\/a><\/p>\n<p style=\"text-align: justify;\"><strong>Cos\u2019altro proponete?<\/strong><br \/>\n<em>V.F. Abbiamo attivi corsi di formazione per gli studenti dell\u2019Istituto D\u2019arte di Pistoia, fortemente voluti dal maestro in quanto ex docente della scuola. Nello specifico abbiamo due sale ristrutturate che ospitano lezioni su scultur, affresco, fumetto, video scrittura, video-arte e altri ancora. Poi la fondazione offre una borsa di studio rivolta a tutte le scuole della Provincia di Pistoia, sia medie che superiori: abbiamo quattro indirizzi, letterario, artistico, musicale e cinematografico-teatrale. Infine, ogni 25 luglio, giorno del patrono di Pistoia, la fondazione apre le sue porte agli amici, collaboratori e chiunque ruoti attorno a questo centro culturale. Anche questo \u00e8 un evento fortemente voluto da Vivarelli.<\/em><\/p>\n<p style=\"text-align: justify;\"><strong>Com\u2019\u00e8 lo stato di salute della Fondazione?<\/strong><br \/>\n<em>U.P. Abbiamo qualche problema a reperire fondi per il mantenimento della struttura, anche a causa delle volont\u00e0 del maestro, che nello statuto della fondazione ha messo il divieto di vendere le sue opere: noi possiamo prestarle per mostre, o darle in comodato d\u2019uso come a Villa La Magia a Quarrata, ma niente pi\u00f9. E poi ci sono i tagli alla cultura che tutti conosciamo.<\/em><\/p>\n<p style=\"text-align: justify;\"><strong>E come riuscite a lavorare?<\/strong><br \/>\n<em>U.P.<\/em><em>Inanzi tutto il nostro consiglio di amministrazione lavora a titolo gratuito. Poi abbiamo gli enti fondatori, tra cui Comune di Pistoia, Provincia, Comune di Montale e la Cassa di Risparmio che ci aiutano come possono&#8230; Poi c\u2019\u00e8 la Vi Banca e altri partner esterni.<\/em><\/p>\n<p><a href=\"https:\/\/www.noidiqua.it\/Montale\/wp-content\/uploads\/2011\/05\/Vivarelli-4.png\" rel=\"wp-prettyPhoto[1087]\"><img loading=\"lazy\" decoding=\"async\" class=\"aligncenter size-full wp-image-8514\" src=\"https:\/\/www.noidiqua.it\/Montale\/wp-content\/uploads\/2011\/05\/Vivarelli-4.png\" alt=\"\" width=\"487\" height=\"436\" srcset=\"https:\/\/www.noidiqua.it\/Montale\/wp-content\/uploads\/2011\/05\/Vivarelli-4.png 487w, https:\/\/www.noidiqua.it\/Montale\/wp-content\/uploads\/2011\/05\/Vivarelli-4-300x269.png 300w\" sizes=\"auto, (max-width: 487px) 100vw, 487px\" \/><\/a><\/p>\n<p style=\"text-align: justify;\"><strong>Progetti futuri?<\/strong><br \/>\n<em>U.P.<\/em><em>Presto all\u2019interno della fondazione nascer\u00e0 una foresteria per ospitare artisti e personalit\u00e0 anche di livello internazionale. Poi ovviamente continueremo a fare mostre, in Italia e all\u2019estero per mantenere viva la memoria e l\u2019arte del maestro.<\/em><\/p>","protected":false},"excerpt":{"rendered":"<p>di Veronica Ferretti (www.fondazionevivarelli.it) Ritratti fotografici: Gabriele Bellini. maggio 2011 Nato a Fognano (Pistoia) il 12 giugno del 1922 da famiglia di umili origini, ma di vera sensibilit\u00e0 culturale (la scelta del nome Jorio fu ispirata al padre Diego dalla famosa opera teatrale di D\u2019Annunzio) Vivarelli, appena terminati gli studi alla Scuola Artigiana, rispondendo [&hellip;]<\/p>","protected":false},"author":5,"featured_media":0,"comment_status":"open","ping_status":"open","sticky":false,"template":"","format":"standard","meta":{"footnotes":""},"categories":[23,7],"tags":[91,995,113],"class_list":["post-1087","post","type-post","status-publish","format-standard","hentry","category-arte-artigianato-qt","category-mt","tag-il-montalese","tag-mt","tag-noidiqua"],"yoast_head":"<!-- This site is optimized with the Yoast SEO plugin v25.5 - https:\/\/yoast.com\/wordpress\/plugins\/seo\/ -->\n<title>Jorio Vivarelli - un artista e la sua terra - Noi di Qua Testata giornalistica e di attualit\u00e0 di Agliana, Montale e Quarrata.<\/title>\n<meta name=\"robots\" content=\"index, follow, max-snippet:-1, max-image-preview:large, max-video-preview:-1\" \/>\n<link rel=\"canonical\" href=\"https:\/\/www.noidiqua.it\/Montale\/jorio-vivarelli\/\" \/>\n<meta property=\"og:locale\" content=\"it_IT\" \/>\n<meta property=\"og:type\" content=\"article\" \/>\n<meta property=\"og:title\" content=\"Jorio Vivarelli - un artista e la sua terra - Noi di Qua Testata giornalistica e di attualit\u00e0 di Agliana, Montale e Quarrata.\" \/>\n<meta property=\"og:description\" content=\"di Veronica Ferretti (www.fondazionevivarelli.it) Ritratti fotografici: Gabriele Bellini. maggio 2011 Nato a Fognano (Pistoia) il 12 giugno del 1922 da famiglia di umili origini, ma di vera sensibilit\u00e0 culturale (la scelta del nome Jorio fu ispirata al padre Diego dalla famosa opera teatrale di D\u2019Annunzio) Vivarelli, appena terminati gli studi alla Scuola Artigiana, rispondendo [&hellip;]\" \/>\n<meta property=\"og:url\" content=\"https:\/\/www.noidiqua.it\/Montale\/jorio-vivarelli\/\" \/>\n<meta property=\"og:site_name\" content=\"Noi di Qua Testata giornalistica e di attualit\u00e0 di Agliana, Montale e Quarrata.\" \/>\n<meta property=\"article:publisher\" content=\"https:\/\/www.facebook.com\/noidiqua.trimestrale\/\" \/>\n<meta property=\"article:published_time\" content=\"2011-05-07T21:50:19+00:00\" \/>\n<meta property=\"article:modified_time\" content=\"2024-01-05T09:50:50+00:00\" \/>\n<meta property=\"og:image\" content=\"https:\/\/www.noidiqua.it\/Montale\/wp-content\/uploads\/2011\/05\/Vivarelli-1.png\" \/>\n<meta name=\"author\" content=\"David Colzi\" \/>\n<meta name=\"twitter:label1\" content=\"Scritto da\" \/>\n\t<meta name=\"twitter:data1\" content=\"David Colzi\" \/>\n\t<meta name=\"twitter:label2\" content=\"Tempo di lettura stimato\" \/>\n\t<meta name=\"twitter:data2\" content=\"6 minuti\" \/>\n<script type=\"application\/ld+json\" class=\"yoast-schema-graph\">{\"@context\":\"https:\/\/schema.org\",\"@graph\":[{\"@type\":\"WebPage\",\"@id\":\"https:\/\/www.noidiqua.it\/Montale\/jorio-vivarelli\/\",\"url\":\"https:\/\/www.noidiqua.it\/Montale\/jorio-vivarelli\/\",\"name\":\"Jorio Vivarelli - un artista e la sua terra - Noi di Qua Testata giornalistica e di attualit\u00e0 di Agliana, Montale e Quarrata.\",\"isPartOf\":{\"@id\":\"https:\/\/www.noidiqua.it\/Montale\/#website\"},\"primaryImageOfPage\":{\"@id\":\"https:\/\/www.noidiqua.it\/Montale\/jorio-vivarelli\/#primaryimage\"},\"image\":{\"@id\":\"https:\/\/www.noidiqua.it\/Montale\/jorio-vivarelli\/#primaryimage\"},\"thumbnailUrl\":\"https:\/\/www.noidiqua.it\/Montale\/wp-content\/uploads\/2011\/05\/Vivarelli-1.png\",\"datePublished\":\"2011-05-07T21:50:19+00:00\",\"dateModified\":\"2024-01-05T09:50:50+00:00\",\"author\":{\"@id\":\"https:\/\/www.noidiqua.it\/Montale\/#\/schema\/person\/3b45dd21eb2367c177b6a6d35c868ccc\"},\"breadcrumb\":{\"@id\":\"https:\/\/www.noidiqua.it\/Montale\/jorio-vivarelli\/#breadcrumb\"},\"inLanguage\":\"it-IT\",\"potentialAction\":[{\"@type\":\"ReadAction\",\"target\":[\"https:\/\/www.noidiqua.it\/Montale\/jorio-vivarelli\/\"]}]},{\"@type\":\"ImageObject\",\"inLanguage\":\"it-IT\",\"@id\":\"https:\/\/www.noidiqua.it\/Montale\/jorio-vivarelli\/#primaryimage\",\"url\":\"https:\/\/www.noidiqua.it\/Montale\/wp-content\/uploads\/2011\/05\/Vivarelli-1.png\",\"contentUrl\":\"https:\/\/www.noidiqua.it\/Montale\/wp-content\/uploads\/2011\/05\/Vivarelli-1.png\",\"width\":500,\"height\":353},{\"@type\":\"BreadcrumbList\",\"@id\":\"https:\/\/www.noidiqua.it\/Montale\/jorio-vivarelli\/#breadcrumb\",\"itemListElement\":[{\"@type\":\"ListItem\",\"position\":1,\"name\":\"Home\",\"item\":\"https:\/\/www.noidiqua.it\/Montale\/\"},{\"@type\":\"ListItem\",\"position\":2,\"name\":\"Jorio Vivarelli &#8211; un artista e la sua terra\"}]},{\"@type\":\"WebSite\",\"@id\":\"https:\/\/www.noidiqua.it\/Montale\/#website\",\"url\":\"https:\/\/www.noidiqua.it\/Montale\/\",\"name\":\"Noi di Qua Testata giornalistica e di attualit\u00e0 di Agliana, Montale e Quarrata.\",\"description\":\"Testata Giornalistica Quarrata Montale Agliana\",\"potentialAction\":[{\"@type\":\"SearchAction\",\"target\":{\"@type\":\"EntryPoint\",\"urlTemplate\":\"https:\/\/www.noidiqua.it\/Montale\/?s={search_term_string}\"},\"query-input\":{\"@type\":\"PropertyValueSpecification\",\"valueRequired\":true,\"valueName\":\"search_term_string\"}}],\"inLanguage\":\"it-IT\"},{\"@type\":\"Person\",\"@id\":\"https:\/\/www.noidiqua.it\/Montale\/#\/schema\/person\/3b45dd21eb2367c177b6a6d35c868ccc\",\"name\":\"David Colzi\",\"image\":{\"@type\":\"ImageObject\",\"inLanguage\":\"it-IT\",\"@id\":\"https:\/\/www.noidiqua.it\/Montale\/#\/schema\/person\/image\/\",\"url\":\"https:\/\/secure.gravatar.com\/avatar\/515ac68c0075b78a8243a0f28e5a361c9b5c466a1d6912ac3919ddd928c4db8c?s=96&d=mm&r=g\",\"contentUrl\":\"https:\/\/secure.gravatar.com\/avatar\/515ac68c0075b78a8243a0f28e5a361c9b5c466a1d6912ac3919ddd928c4db8c?s=96&d=mm&r=g\",\"caption\":\"David Colzi\"},\"url\":\"https:\/\/www.noidiqua.it\/Montale\/author\/david-colzi\/\"}]}<\/script>\n<!-- \/ Yoast SEO plugin. -->","yoast_head_json":{"title":"Jorio Vivarelli - un artista e la sua terra - Noi di Qua Testata giornalistica e di attualit\u00e0 di Agliana, Montale e Quarrata.","robots":{"index":"index","follow":"follow","max-snippet":"max-snippet:-1","max-image-preview":"max-image-preview:large","max-video-preview":"max-video-preview:-1"},"canonical":"https:\/\/www.noidiqua.it\/Montale\/jorio-vivarelli\/","og_locale":"it_IT","og_type":"article","og_title":"Jorio Vivarelli - un artista e la sua terra - Noi di Qua Testata giornalistica e di attualit\u00e0 di Agliana, Montale e Quarrata.","og_description":"di Veronica Ferretti (www.fondazionevivarelli.it) Ritratti fotografici: Gabriele Bellini. maggio 2011 Nato a Fognano (Pistoia) il 12 giugno del 1922 da famiglia di umili origini, ma di vera sensibilit\u00e0 culturale (la scelta del nome Jorio fu ispirata al padre Diego dalla famosa opera teatrale di D\u2019Annunzio) Vivarelli, appena terminati gli studi alla Scuola Artigiana, rispondendo [&hellip;]","og_url":"https:\/\/www.noidiqua.it\/Montale\/jorio-vivarelli\/","og_site_name":"Noi di Qua Testata giornalistica e di attualit\u00e0 di Agliana, Montale e Quarrata.","article_publisher":"https:\/\/www.facebook.com\/noidiqua.trimestrale\/","article_published_time":"2011-05-07T21:50:19+00:00","article_modified_time":"2024-01-05T09:50:50+00:00","og_image":[{"url":"https:\/\/www.noidiqua.it\/Montale\/wp-content\/uploads\/2011\/05\/Vivarelli-1.png","type":"","width":"","height":""}],"author":"David Colzi","twitter_misc":{"Scritto da":"David Colzi","Tempo di lettura stimato":"6 minuti"},"schema":{"@context":"https:\/\/schema.org","@graph":[{"@type":"WebPage","@id":"https:\/\/www.noidiqua.it\/Montale\/jorio-vivarelli\/","url":"https:\/\/www.noidiqua.it\/Montale\/jorio-vivarelli\/","name":"Jorio Vivarelli - un artista e la sua terra - Noi di Qua Testata giornalistica e di attualit\u00e0 di Agliana, Montale e Quarrata.","isPartOf":{"@id":"https:\/\/www.noidiqua.it\/Montale\/#website"},"primaryImageOfPage":{"@id":"https:\/\/www.noidiqua.it\/Montale\/jorio-vivarelli\/#primaryimage"},"image":{"@id":"https:\/\/www.noidiqua.it\/Montale\/jorio-vivarelli\/#primaryimage"},"thumbnailUrl":"https:\/\/www.noidiqua.it\/Montale\/wp-content\/uploads\/2011\/05\/Vivarelli-1.png","datePublished":"2011-05-07T21:50:19+00:00","dateModified":"2024-01-05T09:50:50+00:00","author":{"@id":"https:\/\/www.noidiqua.it\/Montale\/#\/schema\/person\/3b45dd21eb2367c177b6a6d35c868ccc"},"breadcrumb":{"@id":"https:\/\/www.noidiqua.it\/Montale\/jorio-vivarelli\/#breadcrumb"},"inLanguage":"it-IT","potentialAction":[{"@type":"ReadAction","target":["https:\/\/www.noidiqua.it\/Montale\/jorio-vivarelli\/"]}]},{"@type":"ImageObject","inLanguage":"it-IT","@id":"https:\/\/www.noidiqua.it\/Montale\/jorio-vivarelli\/#primaryimage","url":"https:\/\/www.noidiqua.it\/Montale\/wp-content\/uploads\/2011\/05\/Vivarelli-1.png","contentUrl":"https:\/\/www.noidiqua.it\/Montale\/wp-content\/uploads\/2011\/05\/Vivarelli-1.png","width":500,"height":353},{"@type":"BreadcrumbList","@id":"https:\/\/www.noidiqua.it\/Montale\/jorio-vivarelli\/#breadcrumb","itemListElement":[{"@type":"ListItem","position":1,"name":"Home","item":"https:\/\/www.noidiqua.it\/Montale\/"},{"@type":"ListItem","position":2,"name":"Jorio Vivarelli &#8211; un artista e la sua terra"}]},{"@type":"WebSite","@id":"https:\/\/www.noidiqua.it\/Montale\/#website","url":"https:\/\/www.noidiqua.it\/Montale\/","name":"Noi di Qua Testata giornalistica e di attualit\u00e0 di Agliana, Montale e Quarrata.","description":"Testata Giornalistica Quarrata Montale Agliana","potentialAction":[{"@type":"SearchAction","target":{"@type":"EntryPoint","urlTemplate":"https:\/\/www.noidiqua.it\/Montale\/?s={search_term_string}"},"query-input":{"@type":"PropertyValueSpecification","valueRequired":true,"valueName":"search_term_string"}}],"inLanguage":"it-IT"},{"@type":"Person","@id":"https:\/\/www.noidiqua.it\/Montale\/#\/schema\/person\/3b45dd21eb2367c177b6a6d35c868ccc","name":"David Colzi","image":{"@type":"ImageObject","inLanguage":"it-IT","@id":"https:\/\/www.noidiqua.it\/Montale\/#\/schema\/person\/image\/","url":"https:\/\/secure.gravatar.com\/avatar\/515ac68c0075b78a8243a0f28e5a361c9b5c466a1d6912ac3919ddd928c4db8c?s=96&d=mm&r=g","contentUrl":"https:\/\/secure.gravatar.com\/avatar\/515ac68c0075b78a8243a0f28e5a361c9b5c466a1d6912ac3919ddd928c4db8c?s=96&d=mm&r=g","caption":"David Colzi"},"url":"https:\/\/www.noidiqua.it\/Montale\/author\/david-colzi\/"}]}},"_links":{"self":[{"href":"https:\/\/www.noidiqua.it\/Montale\/wp-json\/wp\/v2\/posts\/1087","targetHints":{"allow":["GET"]}}],"collection":[{"href":"https:\/\/www.noidiqua.it\/Montale\/wp-json\/wp\/v2\/posts"}],"about":[{"href":"https:\/\/www.noidiqua.it\/Montale\/wp-json\/wp\/v2\/types\/post"}],"author":[{"embeddable":true,"href":"https:\/\/www.noidiqua.it\/Montale\/wp-json\/wp\/v2\/users\/5"}],"replies":[{"embeddable":true,"href":"https:\/\/www.noidiqua.it\/Montale\/wp-json\/wp\/v2\/comments?post=1087"}],"version-history":[{"count":6,"href":"https:\/\/www.noidiqua.it\/Montale\/wp-json\/wp\/v2\/posts\/1087\/revisions"}],"predecessor-version":[{"id":8515,"href":"https:\/\/www.noidiqua.it\/Montale\/wp-json\/wp\/v2\/posts\/1087\/revisions\/8515"}],"wp:attachment":[{"href":"https:\/\/www.noidiqua.it\/Montale\/wp-json\/wp\/v2\/media?parent=1087"}],"wp:term":[{"taxonomy":"category","embeddable":true,"href":"https:\/\/www.noidiqua.it\/Montale\/wp-json\/wp\/v2\/categories?post=1087"},{"taxonomy":"post_tag","embeddable":true,"href":"https:\/\/www.noidiqua.it\/Montale\/wp-json\/wp\/v2\/tags?post=1087"}],"curies":[{"name":"wp","href":"https:\/\/api.w.org\/{rel}","templated":true}]}}