{"id":1191,"date":"2011-08-19T17:42:38","date_gmt":"2011-08-19T17:42:38","guid":{"rendered":"https:\/\/www.noidiqua.it\/Montale\/?p=1191"},"modified":"2023-08-04T11:07:59","modified_gmt":"2023-08-04T09:07:59","slug":"sandro-paesano","status":"publish","type":"post","link":"https:\/\/www.noidiqua.it\/Montale\/sandro-paesano\/","title":{"rendered":"Sandro Paesano"},"content":{"rendered":"<p style=\"text-align: justify;\"><em>di Giacomo Bini<\/em><\/p>\n<p style=\"text-align: justify;\"><em>agosto 2011<\/em><\/p>\n<p><a href=\"https:\/\/www.noidiqua.it\/Montale\/wp-content\/uploads\/2011\/08\/paesano-2.png\" rel=\"wp-prettyPhoto[1191]\"><img loading=\"lazy\" decoding=\"async\" class=\"aligncenter size-full wp-image-8240\" src=\"https:\/\/www.noidiqua.it\/Montale\/wp-content\/uploads\/2011\/08\/paesano-2.png\" alt=\"\" width=\"509\" height=\"355\" srcset=\"https:\/\/www.noidiqua.it\/Montale\/wp-content\/uploads\/2011\/08\/paesano-2.png 509w, https:\/\/www.noidiqua.it\/Montale\/wp-content\/uploads\/2011\/08\/paesano-2-300x209.png 300w\" sizes=\"auto, (max-width: 509px) 100vw, 509px\" \/><\/a><\/p>\n<p style=\"text-align: justify;\">\n<p style=\"text-align: justify;\">Per incontrare Sandro Paesano non c\u2019\u00e8 bisogno di cercarlo al cellulare. Basta andare al campo parrocchiale, tra i ragazzi della \u201c<strong>Polisportiva \u201990<\/strong>\u201d, la societ\u00e0 di calcio giovanile di cui \u00e8 responsabile da tre anni. E&#8217; quello il suo mondo: un prato verde ben rasato e centinaia di giovani da formare tecnicamente e umanamente. In molti ancora lo ricordano quando indossava la maglia della Pistoiese e tutti ormai lo conoscono come maestro di calcio, uno a cui piace seminare l\u2019amore per lo sport. Lo troviamo in ufficio mentre parla al telefono del tesseramento di un ragazzo nuovo, ma per l\u2019intervista usciamo fuori, a bordo campo, con lo sguardo che si perde sul rettangolo di gioco. La prima domanda \u00e8 sul suo legame con Montale. <em>&lt;&lt;Ormai \u00e8 come se fossi nato qui&gt;&gt; dice &lt;&lt;vi ho passato gran parte della mia vita, dal 1974 ad oggi. Mi legano a questo paese non solo gli affetti familiari, ma tantissime amicizie. Ho sempre pensato di concludere qui la mia carriera come giocatore e come allenatore; per questo sono contento di avere accettato il ruolo offertomi dalla \u201cPolisportiva \u201990\u201d. Eppoi Montale \u00e8 un posto calcisticamente molto vivo, pieno di competenza e di passione&gt;&gt;.\u00a0<\/em>Nel 1974 Paesano giocava nella Pistoiese e ancora molti ricordano il suo sinistro vellutato, da cui partivano assist e cross da fare invidia ai campioni pi\u00f9 acclamati.<\/p>\n<p style=\"text-align: justify;\"><strong>Come \u00e8 arrivato in maglia arancione?<\/strong><br \/>\n<em>&lt;&lt;Sono nato a Napoli e mi sono formato nelle giovanili del Sorrento. A sedici anni ho esordito in prima squadra, in serie C e ho giocato 28 partite. Dopo dovevo andare alla Roma, era tutto pronto, quando mi sono fratturato la tibia e il perone e il trasferimento \u00e8 sfumato. La Pistoiese allora mi prese infortunato, con una gamba rotta, perch\u00e9 era guidata da Bruno Bolchi, l\u2019allenatore che avevo avuto al Sorrento. A Pistoia, dove ho giocato quattro campionati, compreso quello della promozione in B, sono ritornato quello di prima e stavo gi\u00e0 concludendo trattative con il Perugia e con l\u2019Inter quando un incidente e il successivo distacco della retina mi hanno bloccato nuovamente e si \u00e8 conclusa la parabola ascendente&gt;&gt;<\/em>. Dopo altri anni di onorata carriera da calciatore, conclusasi con la maglia del Montale, Paesano ha scoperto la vocazione di maestro di calcio.<\/p>\n<p style=\"text-align: justify;\"><strong> Come \u00e8 nato il Paesano formatore di giovani?<\/strong><\/p>\n<p style=\"text-align: justify;\"><em>&lt;&lt;Ho iniziato a fare l\u2019allenatore partendo dal basso, dalla seconda categoria, sono salito ai Nazionali Dilettanti ed ho vinto quattro campionati col Grassina e col Quarrata. Poi mi sono dedicato ai settori giovanili, in particolare alla Pistoiese, perch\u00e9 con i giovani ci sono pi\u00f9 soddisfazioni. Quando succede, come mi \u00e8 accaduto recentemente, che un ragazzo che consideravi ormai perduto, lo vedi riprendersi ed andare a giocare negli Juniores Nazionali \u00e8 meglio che vincere dieci campionati. Una delle emozioni pi\u00f9 forti della mia vita \u00e8 stato l\u2019accesso alle finali Nazionali Juniores col Montale ed \u00e8 stato atroce perdere ai rigori, anche perch\u00e9 volevo regalare una soddisfazione al presidente Alberto Fedi, che la meritava&gt;&gt;<\/em>. Da quando \u00e8 arrivato Paesano la \u201cPolisportiva \u201990\u201d sta crescendo enormemente come iscritti, giunti ormai a 210 tesserati e anche come qualit\u00e0 organizzativa, basti pensare all\u2019affiliazione con la Roma e al torneo internazionale che ha visto partecipare squadre come lo Shaktar e la nazionale dell\u2019Azerbayan. <em>&lt;&lt;Ma attenzione ad affermare che tutto questo dipende da una persona&gt;&gt;<\/em> avverte con modestia Sandro <em>&lt;&lt;un torneo come quello che abbiamo fatto non si organizza se non c\u2019\u00e8 una societ\u00e0 forte e con tante persone disposte ad impegnarsi seriamente&gt;&gt;<\/em>.<\/p>\n<p><a href=\"https:\/\/www.noidiqua.it\/Montale\/wp-content\/uploads\/2011\/08\/paesano-1.png\" rel=\"wp-prettyPhoto[1191]\"><img loading=\"lazy\" decoding=\"async\" class=\"aligncenter size-full wp-image-8241\" src=\"https:\/\/www.noidiqua.it\/Montale\/wp-content\/uploads\/2011\/08\/paesano-1.png\" alt=\"\" width=\"499\" height=\"340\" srcset=\"https:\/\/www.noidiqua.it\/Montale\/wp-content\/uploads\/2011\/08\/paesano-1.png 499w, https:\/\/www.noidiqua.it\/Montale\/wp-content\/uploads\/2011\/08\/paesano-1-300x204.png 300w\" sizes=\"auto, (max-width: 499px) 100vw, 499px\" \/><\/a><\/p>\n<p style=\"text-align: justify;\"><strong>Ed ora qual \u00e8 il sogno nel cassetto di Sandro Paesano?<\/strong><\/p>\n<p style=\"text-align: justify;\"><em>&lt;&lt;Mi piacerebbe che un giovane della \u201cPolisportiva \u201990\u201d, uno cresciuto qui da noi, magari uno solo, un giorno andasse a giocare nella Roma&gt;&gt;<\/em>. Gi\u00e0 come stava per far quel ragazzino che incantava tutti con le magie del suo sinistro nelle file del Sorrento.<\/p>","protected":false},"excerpt":{"rendered":"<p>di Giacomo Bini agosto 2011 Per incontrare Sandro Paesano non c\u2019\u00e8 bisogno di cercarlo al cellulare. Basta andare al campo parrocchiale, tra i ragazzi della \u201cPolisportiva \u201990\u201d, la societ\u00e0 di calcio giovanile di cui \u00e8 responsabile da tre anni. E&#8217; quello il suo mondo: un prato verde ben rasato e centinaia di giovani da [&hellip;]<\/p>","protected":false},"author":12,"featured_media":0,"comment_status":"open","ping_status":"open","sticky":false,"template":"","format":"standard","meta":{"footnotes":""},"categories":[171,7,17],"tags":[91,995,113,140,150,151],"class_list":["post-1191","post","type-post","status-publish","format-standard","hentry","category-lo-sport-di-qua","category-mt","category-sport-qt","tag-il-montalese","tag-mt","tag-noidiqua","tag-sandro-paesano","tag-sport","tag-sport-e-spettacolo"],"yoast_head":"<!-- This site is optimized with the Yoast SEO plugin v25.5 - https:\/\/yoast.com\/wordpress\/plugins\/seo\/ -->\n<title>Sandro Paesano - Noi di Qua Testata giornalistica e di attualit\u00e0 di Agliana, Montale e Quarrata.<\/title>\n<meta name=\"robots\" content=\"index, follow, max-snippet:-1, max-image-preview:large, max-video-preview:-1\" \/>\n<link rel=\"canonical\" href=\"https:\/\/www.noidiqua.it\/Montale\/sandro-paesano\/\" \/>\n<meta property=\"og:locale\" content=\"it_IT\" \/>\n<meta property=\"og:type\" content=\"article\" \/>\n<meta property=\"og:title\" content=\"Sandro Paesano - Noi di Qua Testata giornalistica e di attualit\u00e0 di Agliana, Montale e Quarrata.\" \/>\n<meta property=\"og:description\" content=\"di Giacomo Bini agosto 2011 Per incontrare Sandro Paesano non c\u2019\u00e8 bisogno di cercarlo al cellulare. Basta andare al campo parrocchiale, tra i ragazzi della \u201cPolisportiva \u201990\u201d, la societ\u00e0 di calcio giovanile di cui \u00e8 responsabile da tre anni. E&#8217; quello il suo mondo: un prato verde ben rasato e centinaia di giovani da [&hellip;]\" \/>\n<meta property=\"og:url\" content=\"https:\/\/www.noidiqua.it\/Montale\/sandro-paesano\/\" \/>\n<meta property=\"og:site_name\" content=\"Noi di Qua Testata giornalistica e di attualit\u00e0 di Agliana, Montale e Quarrata.\" \/>\n<meta property=\"article:publisher\" content=\"https:\/\/www.facebook.com\/noidiqua.trimestrale\/\" \/>\n<meta property=\"article:published_time\" content=\"2011-08-19T17:42:38+00:00\" \/>\n<meta property=\"article:modified_time\" content=\"2023-08-04T09:07:59+00:00\" \/>\n<meta property=\"og:image\" content=\"https:\/\/www.noidiqua.it\/Montale\/wp-content\/uploads\/2011\/08\/paesano-2.png\" \/>\n<meta name=\"author\" content=\"Giacomo Bini\" \/>\n<meta name=\"twitter:label1\" content=\"Scritto da\" \/>\n\t<meta name=\"twitter:data1\" content=\"Giacomo Bini\" \/>\n\t<meta name=\"twitter:label2\" content=\"Tempo di lettura stimato\" \/>\n\t<meta name=\"twitter:data2\" content=\"4 minuti\" \/>\n<script type=\"application\/ld+json\" class=\"yoast-schema-graph\">{\"@context\":\"https:\/\/schema.org\",\"@graph\":[{\"@type\":\"WebPage\",\"@id\":\"https:\/\/www.noidiqua.it\/Montale\/sandro-paesano\/\",\"url\":\"https:\/\/www.noidiqua.it\/Montale\/sandro-paesano\/\",\"name\":\"Sandro Paesano - Noi di Qua Testata giornalistica e di attualit\u00e0 di Agliana, Montale e Quarrata.\",\"isPartOf\":{\"@id\":\"https:\/\/www.noidiqua.it\/Montale\/#website\"},\"primaryImageOfPage\":{\"@id\":\"https:\/\/www.noidiqua.it\/Montale\/sandro-paesano\/#primaryimage\"},\"image\":{\"@id\":\"https:\/\/www.noidiqua.it\/Montale\/sandro-paesano\/#primaryimage\"},\"thumbnailUrl\":\"https:\/\/www.noidiqua.it\/Montale\/wp-content\/uploads\/2011\/08\/paesano-2.png\",\"datePublished\":\"2011-08-19T17:42:38+00:00\",\"dateModified\":\"2023-08-04T09:07:59+00:00\",\"author\":{\"@id\":\"https:\/\/www.noidiqua.it\/Montale\/#\/schema\/person\/e2e6f44da50af0dae9c90ad168e471a4\"},\"breadcrumb\":{\"@id\":\"https:\/\/www.noidiqua.it\/Montale\/sandro-paesano\/#breadcrumb\"},\"inLanguage\":\"it-IT\",\"potentialAction\":[{\"@type\":\"ReadAction\",\"target\":[\"https:\/\/www.noidiqua.it\/Montale\/sandro-paesano\/\"]}]},{\"@type\":\"ImageObject\",\"inLanguage\":\"it-IT\",\"@id\":\"https:\/\/www.noidiqua.it\/Montale\/sandro-paesano\/#primaryimage\",\"url\":\"https:\/\/www.noidiqua.it\/Montale\/wp-content\/uploads\/2011\/08\/paesano-2.png\",\"contentUrl\":\"https:\/\/www.noidiqua.it\/Montale\/wp-content\/uploads\/2011\/08\/paesano-2.png\",\"width\":509,\"height\":355},{\"@type\":\"BreadcrumbList\",\"@id\":\"https:\/\/www.noidiqua.it\/Montale\/sandro-paesano\/#breadcrumb\",\"itemListElement\":[{\"@type\":\"ListItem\",\"position\":1,\"name\":\"Home\",\"item\":\"https:\/\/www.noidiqua.it\/Montale\/\"},{\"@type\":\"ListItem\",\"position\":2,\"name\":\"Sandro Paesano\"}]},{\"@type\":\"WebSite\",\"@id\":\"https:\/\/www.noidiqua.it\/Montale\/#website\",\"url\":\"https:\/\/www.noidiqua.it\/Montale\/\",\"name\":\"Noi di Qua Testata giornalistica e di attualit\u00e0 di Agliana, Montale e Quarrata.\",\"description\":\"Testata Giornalistica Quarrata Montale Agliana\",\"potentialAction\":[{\"@type\":\"SearchAction\",\"target\":{\"@type\":\"EntryPoint\",\"urlTemplate\":\"https:\/\/www.noidiqua.it\/Montale\/?s={search_term_string}\"},\"query-input\":{\"@type\":\"PropertyValueSpecification\",\"valueRequired\":true,\"valueName\":\"search_term_string\"}}],\"inLanguage\":\"it-IT\"},{\"@type\":\"Person\",\"@id\":\"https:\/\/www.noidiqua.it\/Montale\/#\/schema\/person\/e2e6f44da50af0dae9c90ad168e471a4\",\"name\":\"Giacomo Bini\",\"image\":{\"@type\":\"ImageObject\",\"inLanguage\":\"it-IT\",\"@id\":\"https:\/\/www.noidiqua.it\/Montale\/#\/schema\/person\/image\/\",\"url\":\"https:\/\/secure.gravatar.com\/avatar\/e5c18ae41df5ae37397358f2c6046696187d51a120c5d0b8f0c49f7b606f46f4?s=96&d=mm&r=g\",\"contentUrl\":\"https:\/\/secure.gravatar.com\/avatar\/e5c18ae41df5ae37397358f2c6046696187d51a120c5d0b8f0c49f7b606f46f4?s=96&d=mm&r=g\",\"caption\":\"Giacomo Bini\"},\"url\":\"https:\/\/www.noidiqua.it\/Montale\/author\/giacomo-bini\/\"}]}<\/script>\n<!-- \/ Yoast SEO plugin. -->","yoast_head_json":{"title":"Sandro Paesano - Noi di Qua Testata giornalistica e di attualit\u00e0 di Agliana, Montale e Quarrata.","robots":{"index":"index","follow":"follow","max-snippet":"max-snippet:-1","max-image-preview":"max-image-preview:large","max-video-preview":"max-video-preview:-1"},"canonical":"https:\/\/www.noidiqua.it\/Montale\/sandro-paesano\/","og_locale":"it_IT","og_type":"article","og_title":"Sandro Paesano - Noi di Qua Testata giornalistica e di attualit\u00e0 di Agliana, Montale e Quarrata.","og_description":"di Giacomo Bini agosto 2011 Per incontrare Sandro Paesano non c\u2019\u00e8 bisogno di cercarlo al cellulare. Basta andare al campo parrocchiale, tra i ragazzi della \u201cPolisportiva \u201990\u201d, la societ\u00e0 di calcio giovanile di cui \u00e8 responsabile da tre anni. E&#8217; quello il suo mondo: un prato verde ben rasato e centinaia di giovani da [&hellip;]","og_url":"https:\/\/www.noidiqua.it\/Montale\/sandro-paesano\/","og_site_name":"Noi di Qua Testata giornalistica e di attualit\u00e0 di Agliana, Montale e Quarrata.","article_publisher":"https:\/\/www.facebook.com\/noidiqua.trimestrale\/","article_published_time":"2011-08-19T17:42:38+00:00","article_modified_time":"2023-08-04T09:07:59+00:00","og_image":[{"url":"https:\/\/www.noidiqua.it\/Montale\/wp-content\/uploads\/2011\/08\/paesano-2.png","type":"","width":"","height":""}],"author":"Giacomo Bini","twitter_misc":{"Scritto da":"Giacomo Bini","Tempo di lettura stimato":"4 minuti"},"schema":{"@context":"https:\/\/schema.org","@graph":[{"@type":"WebPage","@id":"https:\/\/www.noidiqua.it\/Montale\/sandro-paesano\/","url":"https:\/\/www.noidiqua.it\/Montale\/sandro-paesano\/","name":"Sandro Paesano - Noi di Qua Testata giornalistica e di attualit\u00e0 di Agliana, Montale e Quarrata.","isPartOf":{"@id":"https:\/\/www.noidiqua.it\/Montale\/#website"},"primaryImageOfPage":{"@id":"https:\/\/www.noidiqua.it\/Montale\/sandro-paesano\/#primaryimage"},"image":{"@id":"https:\/\/www.noidiqua.it\/Montale\/sandro-paesano\/#primaryimage"},"thumbnailUrl":"https:\/\/www.noidiqua.it\/Montale\/wp-content\/uploads\/2011\/08\/paesano-2.png","datePublished":"2011-08-19T17:42:38+00:00","dateModified":"2023-08-04T09:07:59+00:00","author":{"@id":"https:\/\/www.noidiqua.it\/Montale\/#\/schema\/person\/e2e6f44da50af0dae9c90ad168e471a4"},"breadcrumb":{"@id":"https:\/\/www.noidiqua.it\/Montale\/sandro-paesano\/#breadcrumb"},"inLanguage":"it-IT","potentialAction":[{"@type":"ReadAction","target":["https:\/\/www.noidiqua.it\/Montale\/sandro-paesano\/"]}]},{"@type":"ImageObject","inLanguage":"it-IT","@id":"https:\/\/www.noidiqua.it\/Montale\/sandro-paesano\/#primaryimage","url":"https:\/\/www.noidiqua.it\/Montale\/wp-content\/uploads\/2011\/08\/paesano-2.png","contentUrl":"https:\/\/www.noidiqua.it\/Montale\/wp-content\/uploads\/2011\/08\/paesano-2.png","width":509,"height":355},{"@type":"BreadcrumbList","@id":"https:\/\/www.noidiqua.it\/Montale\/sandro-paesano\/#breadcrumb","itemListElement":[{"@type":"ListItem","position":1,"name":"Home","item":"https:\/\/www.noidiqua.it\/Montale\/"},{"@type":"ListItem","position":2,"name":"Sandro Paesano"}]},{"@type":"WebSite","@id":"https:\/\/www.noidiqua.it\/Montale\/#website","url":"https:\/\/www.noidiqua.it\/Montale\/","name":"Noi di Qua Testata giornalistica e di attualit\u00e0 di Agliana, Montale e Quarrata.","description":"Testata Giornalistica Quarrata Montale Agliana","potentialAction":[{"@type":"SearchAction","target":{"@type":"EntryPoint","urlTemplate":"https:\/\/www.noidiqua.it\/Montale\/?s={search_term_string}"},"query-input":{"@type":"PropertyValueSpecification","valueRequired":true,"valueName":"search_term_string"}}],"inLanguage":"it-IT"},{"@type":"Person","@id":"https:\/\/www.noidiqua.it\/Montale\/#\/schema\/person\/e2e6f44da50af0dae9c90ad168e471a4","name":"Giacomo Bini","image":{"@type":"ImageObject","inLanguage":"it-IT","@id":"https:\/\/www.noidiqua.it\/Montale\/#\/schema\/person\/image\/","url":"https:\/\/secure.gravatar.com\/avatar\/e5c18ae41df5ae37397358f2c6046696187d51a120c5d0b8f0c49f7b606f46f4?s=96&d=mm&r=g","contentUrl":"https:\/\/secure.gravatar.com\/avatar\/e5c18ae41df5ae37397358f2c6046696187d51a120c5d0b8f0c49f7b606f46f4?s=96&d=mm&r=g","caption":"Giacomo Bini"},"url":"https:\/\/www.noidiqua.it\/Montale\/author\/giacomo-bini\/"}]}},"_links":{"self":[{"href":"https:\/\/www.noidiqua.it\/Montale\/wp-json\/wp\/v2\/posts\/1191","targetHints":{"allow":["GET"]}}],"collection":[{"href":"https:\/\/www.noidiqua.it\/Montale\/wp-json\/wp\/v2\/posts"}],"about":[{"href":"https:\/\/www.noidiqua.it\/Montale\/wp-json\/wp\/v2\/types\/post"}],"author":[{"embeddable":true,"href":"https:\/\/www.noidiqua.it\/Montale\/wp-json\/wp\/v2\/users\/12"}],"replies":[{"embeddable":true,"href":"https:\/\/www.noidiqua.it\/Montale\/wp-json\/wp\/v2\/comments?post=1191"}],"version-history":[{"count":5,"href":"https:\/\/www.noidiqua.it\/Montale\/wp-json\/wp\/v2\/posts\/1191\/revisions"}],"predecessor-version":[{"id":8242,"href":"https:\/\/www.noidiqua.it\/Montale\/wp-json\/wp\/v2\/posts\/1191\/revisions\/8242"}],"wp:attachment":[{"href":"https:\/\/www.noidiqua.it\/Montale\/wp-json\/wp\/v2\/media?parent=1191"}],"wp:term":[{"taxonomy":"category","embeddable":true,"href":"https:\/\/www.noidiqua.it\/Montale\/wp-json\/wp\/v2\/categories?post=1191"},{"taxonomy":"post_tag","embeddable":true,"href":"https:\/\/www.noidiqua.it\/Montale\/wp-json\/wp\/v2\/tags?post=1191"}],"curies":[{"name":"wp","href":"https:\/\/api.w.org\/{rel}","templated":true}]}}