{"id":1261,"date":"2011-08-19T16:19:14","date_gmt":"2011-08-19T16:19:14","guid":{"rendered":"https:\/\/www.noidiqua.it\/Montale\/?p=1261"},"modified":"2023-08-04T11:31:24","modified_gmt":"2023-08-04T09:31:24","slug":"votino-fedele-tra-sport-impresa-e-tanta-solidarieta","status":"publish","type":"post","link":"https:\/\/www.noidiqua.it\/Montale\/votino-fedele-tra-sport-impresa-e-tanta-solidarieta\/","title":{"rendered":"Votino Fedele &#8211; Tra sport, impresa e tanta solidariet\u00e0"},"content":{"rendered":"<p style=\"text-align: justify;\"><em>di David Colzi<\/em><\/p>\n<p style=\"text-align: justify;\"><em>agosto 2011<\/em><\/p>\n<p><a href=\"https:\/\/www.noidiqua.it\/Montale\/wp-content\/uploads\/2011\/08\/Votino-1.png\" rel=\"wp-prettyPhoto[1261]\"><img loading=\"lazy\" decoding=\"async\" class=\"aligncenter size-full wp-image-8262\" src=\"https:\/\/www.noidiqua.it\/Montale\/wp-content\/uploads\/2011\/08\/Votino-1.png\" alt=\"\" width=\"508\" height=\"339\" srcset=\"https:\/\/www.noidiqua.it\/Montale\/wp-content\/uploads\/2011\/08\/Votino-1.png 508w, https:\/\/www.noidiqua.it\/Montale\/wp-content\/uploads\/2011\/08\/Votino-1-300x200.png 300w\" sizes=\"auto, (max-width: 508px) 100vw, 508px\" \/><\/a><\/p>\n<p style=\"text-align: justify;\">\n<p style=\"text-align: justify;\">Cinquant\u2019anni esatti nel mondo del commercio alimentare sono un bel traguardo per un personaggio\u00a0 \u201cdel calibro\u201d di Votino Fedele. Cos\u00ec, in un caldo pomeriggio di luglio siamo andati a trovarlo, per ripercorrere la sua vita, dagli inizi come pugile, ad oggi.<\/p>\n<p style=\"text-align: justify;\"><strong>Lei \u00e8 molto conosciuto anche per il suo passato da pugile.<\/strong><br \/>\n<em>Sono cinquantacinque anni che mi occupo di sport, sia a livello amatoriale sia promuovendo situazioni ed eventi che lo favoriscano. Il tutto risale per\u00f2 all\u2019et\u00e0 di quindici anni, quando ho iniziato a fare pugilato ottenendo anche degli ottimi risultati in categoria superiore. Ho disputato ottantaquattro incontri da dilettante e sei da professionista. Poi verso i vent\u2019anni ho deciso di abbandonare perch\u00e9 avevo intrapreso anche un\u2019attivit\u00e0 commerciale e le due cose difficilmente potevano coincidere: quindi ho fatto la mia scelta.<\/em><\/p>\n<p style=\"text-align: justify;\"><strong>Perch\u00e9 il pugilato?<\/strong><br \/>\n<em>Quando ero giovane io non c\u2019era molta scelta: oggi ci sono tutti gli sport che uno vuole, sia per i ragazzi che per le ragazze, ma allora le cose erano molto diverse. Ad esempio oggi mi tengo in forma correndo a piedi, ma ai miei tempi non si vedeva nessuno che praticava questo sport: se avessimo visto qualcuno che correva per strada, lo avremmo preso per matto!<\/em><\/p>\n<p style=\"text-align: justify;\"><strong>Quindi dopo il pugilato, la maratona&#8230;<\/strong><br \/>\n<em>S\u00ec, dopo il 1965 e l\u2019abbandono del ring mi sono dedicato con passione a questo sport&#8230; e siccome quando faccio qualcosa \u201cmi ci butto anima e corpo\u201d, anche in questo caso mi sono preso delle belle soddisfazioni. Ho corso in America, a Melbourne in Australia, poi Parigi, Londra e altre ancora. Pensi che i miei 60 anni li ho festeggiati partecipando per l\u2019ottava volta alla Maratona di New York. Oggi non faccio pi\u00f9 gare, per \u201craggiunti limiti di et\u00e0\u201d, ma al footing non rinuncio mai e lo pratico assieme a mia moglie, mia figlia e mio genero!<\/em><\/p>\n<p style=\"text-align: justify;\"><strong>Per\u00f2 ha fatto anche altro&#8230;<\/strong><br \/>\n<em>Con lo Sport non si poteva \u201ccampare\u201d neanche quando ero giovane io, quindi nel \u201861 mi inventai un mestiere, come facevano tanti ragazzi della mia et\u00e0, per avere un reddito sicuro. Cos\u00ec, ogni giorno partivo da Montecatini, dove abitavo, e andavo in giro con la mia auto tra Montale, Agliana e Montemurlo a vendere generi alimentari come biscotti, tortellini e dolciumi vari. Solo nel 1971 \u00e8 arrivato il Supermercato&#8230; e gi\u00e0 nel 1975 abbiamo potuto raddoppiare lo spazio interno, diventando uno dei primi esercizi privati di questo tipo. Oggi il tutto \u00e8 gestito a livello familiare, in pi\u00f9 diamo lavoro a venti persone: valore aggiunto \u00e8 la nostra produzione di carni e latte sempre freschissimi che arrivano dal nostro allevamento sull\u2019appennino tosco-emiliano. Poi abbiamo il negozio di articoli da regalo Gabry, gestito da mia moglie e mia figlia, mentre a fianco del nostro market abbiamo la gelateria artigianale Hula Hoop portata avanti da mio figlio.<\/em><\/p>\n<p><a href=\"https:\/\/www.noidiqua.it\/Montale\/wp-content\/uploads\/2011\/08\/Votino-2.png\" rel=\"wp-prettyPhoto[1261]\"><img loading=\"lazy\" decoding=\"async\" class=\"aligncenter size-full wp-image-8263\" src=\"https:\/\/www.noidiqua.it\/Montale\/wp-content\/uploads\/2011\/08\/Votino-2.png\" alt=\"\" width=\"298\" height=\"397\" srcset=\"https:\/\/www.noidiqua.it\/Montale\/wp-content\/uploads\/2011\/08\/Votino-2.png 298w, https:\/\/www.noidiqua.it\/Montale\/wp-content\/uploads\/2011\/08\/Votino-2-225x300.png 225w\" sizes=\"auto, (max-width: 298px) 100vw, 298px\" \/><\/a><\/p>\n<p style=\"text-align: justify;\"><strong>So che lei \u00e8 molto attivo anche nella comunit\u00e0.<\/strong><br \/>\n<em>Montale a me ha sempre dato molto: se oggi io e la mia famiglia portiamo avanti con successo tre negozi in Piazza Giovanni XXIII \u00e8 perch\u00e9 la clientela locale ci ha dato fiducia, quindi a me sembra doveroso ricambiare aiutando il Comune e non solo, a promuovere cultura, sport e solidariet\u00e0.<\/em><\/p>\n<p style=\"text-align: justify;\"><strong>Ci faccia qualche esempio&#8230;<\/strong><br \/>\n<em>Per rimanere alle cose pi\u00f9 recenti, posso dire che stiamo preparando una mostra di quadri alla Smilea che durer\u00e0 dodici giorni (30 novembre-12 dicembre) ed avremo l\u2019immenso piacere di ospitare anche due opere di Caravaggio. L\u2019intero ricavato verr\u00e0 devoluto all\u2019Ospedale del Cuore di Massa che si occupa di bambini. Contiamo di portare a Montale molte persone, cos\u00ec potremo far conoscere il nostro territorio al di fuori della provincia.<\/em><\/p>\n<p style=\"text-align: justify;\"><strong>Per quel che riguarda lo Sport?<\/strong><br \/>\n<em>A me \u00e8 rimasta molto nel cuore la creazione della Polisportiva \u201890, che diede la possibilit\u00e0 a centosessanta bambini nei primi anni novanta di avere un campo tutto loro per poter giocare a calcio, con tutte le attrezzature opportune: impianti di illuminazione, spogliatoi, tribune ecc. Tutt\u2019oggi questa associazione \u00e8 un vanto per la nostra comunit\u00e0 ed io sono felice di esserne il presidente onorario.<\/em><\/p>\n<p style=\"text-align: justify;\"><strong>E \u201c Il percorso della salute\u201d?<\/strong><br \/>\n<em>Penso lei si riferisca al parco che abbiamo a circa cinquecento metri dal paese, un polmone verde di un chilometro e settecento metri, che per\u00f2 era difficilmente frequentabile in quanto non c\u2019era un vero e proprio percorso, n\u00e9 panchine per sostare durante le passeggiate. Cos\u00ec d\u2019accordo con un gruppo di amici, abbiamo chiamato una draga e reso agibile a tutti questo piccolo \u201cCentral Park\u201d locale.<\/em><\/p>\n<p style=\"text-align: justify;\"><strong>C\u2019\u00e8 qualcosa che non ha ancora fatto e che le piacerebbe fare?<\/strong><br \/>\n<em>Le cose da fare sono sempre molte ed io non mi tiro mai indietro, perch\u00e9 cerco di non negare mai niente a nessuno: l\u2019importante \u00e8 valorizzare sempre Montale!<\/em><\/p>\n<p>&nbsp;<\/p>\n<p>&nbsp;<\/p>\n<p style=\"text-align: justify;\">di Giacomo Bini<\/p>\n<p style=\"text-align: justify;\"><em>Grande partecipazione di pubblico a Montale nella giornata dedicata all\u2019Ospedale del Cuore di Massa, un centro di eccellenza per la cardiochirurgia pediatrica, e dell\u2019associazione \u201cUn Cuore un Mondo\u201d che affianca l\u2019ospedale massese portando in tutto il mondo la sua straordinaria esperienza per aiutare i bambini che soffrono di patologie cardiologiche. Alla villa Smilea si \u00e8 tenuto il convegno \u201cCon il Cuore per il cuore\u201d che ha presentato l\u2019ospedale del cuore di Massa, le attivit\u00e0 e le missioni svolte dall\u2019associazione \u201cUn Cuore un Mondo\u201d anche con contributi filmati. E\u2019 intervenuto il dottor Bruno Murzi, primario di cardiochirurgia pediatrica a Massa, uno dei medici a cui tantissime famiglie sono grate per aver restituito la salute ai loro figli. La manifestazione \u00e8 stata organizzata dal Comitato per i Festeggiamenti e dalla Parrocchia di Montale con il patrocinio del Comune. Al convegno \u00e8 seguita una cena all\u2019aperto nella suggestiva cornice della villa Smilea. Per avere informazioni ed eventualmente per dare contributi alla associazione \u201cUn Cuore un Mondo\u201d si pu\u00f2 visitare il sito www.uncuoreunmondo.org dove sono illustrati anche tutti i progetti internazionali in corso di attuazione.<\/em><\/p>\n<p style=\"text-align: justify;\"><em>\u00a0<\/em><\/p>","protected":false},"excerpt":{"rendered":"<p>di David Colzi agosto 2011 Cinquant\u2019anni esatti nel mondo del commercio alimentare sono un bel traguardo per un personaggio\u00a0 \u201cdel calibro\u201d di Votino Fedele. Cos\u00ec, in un caldo pomeriggio di luglio siamo andati a trovarlo, per ripercorrere la sua vita, dagli inizi come pugile, ad oggi. Lei \u00e8 molto conosciuto anche per il suo [&hellip;]<\/p>","protected":false},"author":5,"featured_media":0,"comment_status":"open","ping_status":"open","sticky":false,"template":"","format":"standard","meta":{"footnotes":""},"categories":[23,7,170],"tags":[42,91,995,113,164],"class_list":["post-1261","post","type-post","status-publish","format-standard","hentry","category-arte-artigianato-qt","category-mt","category-persone-e-personaggi","tag-arti-e-mestieri","tag-il-montalese","tag-mt","tag-noidiqua","tag-votino-fedele"],"yoast_head":"<!-- This site is optimized with the Yoast SEO plugin v25.5 - https:\/\/yoast.com\/wordpress\/plugins\/seo\/ -->\n<title>Votino Fedele - Tra sport, impresa e tanta solidariet\u00e0 - Noi di Qua Testata giornalistica e di attualit\u00e0 di Agliana, Montale e Quarrata.<\/title>\n<meta name=\"robots\" content=\"index, follow, max-snippet:-1, max-image-preview:large, max-video-preview:-1\" \/>\n<link rel=\"canonical\" href=\"https:\/\/www.noidiqua.it\/Montale\/votino-fedele-tra-sport-impresa-e-tanta-solidarieta\/\" \/>\n<meta property=\"og:locale\" content=\"it_IT\" \/>\n<meta property=\"og:type\" content=\"article\" \/>\n<meta property=\"og:title\" content=\"Votino Fedele - Tra sport, impresa e tanta solidariet\u00e0 - Noi di Qua Testata giornalistica e di attualit\u00e0 di Agliana, Montale e Quarrata.\" \/>\n<meta property=\"og:description\" content=\"di David Colzi agosto 2011 Cinquant\u2019anni esatti nel mondo del commercio alimentare sono un bel traguardo per un personaggio\u00a0 \u201cdel calibro\u201d di Votino Fedele. Cos\u00ec, in un caldo pomeriggio di luglio siamo andati a trovarlo, per ripercorrere la sua vita, dagli inizi come pugile, ad oggi. Lei \u00e8 molto conosciuto anche per il suo [&hellip;]\" \/>\n<meta property=\"og:url\" content=\"https:\/\/www.noidiqua.it\/Montale\/votino-fedele-tra-sport-impresa-e-tanta-solidarieta\/\" \/>\n<meta property=\"og:site_name\" content=\"Noi di Qua Testata giornalistica e di attualit\u00e0 di Agliana, Montale e Quarrata.\" \/>\n<meta property=\"article:publisher\" content=\"https:\/\/www.facebook.com\/noidiqua.trimestrale\/\" \/>\n<meta property=\"article:published_time\" content=\"2011-08-19T16:19:14+00:00\" \/>\n<meta property=\"article:modified_time\" content=\"2023-08-04T09:31:24+00:00\" \/>\n<meta property=\"og:image\" content=\"https:\/\/www.noidiqua.it\/Montale\/wp-content\/uploads\/2011\/08\/Votino-1.png\" \/>\n<meta name=\"author\" content=\"David Colzi\" \/>\n<meta name=\"twitter:label1\" content=\"Scritto da\" \/>\n\t<meta name=\"twitter:data1\" content=\"David Colzi\" \/>\n\t<meta name=\"twitter:label2\" content=\"Tempo di lettura stimato\" \/>\n\t<meta name=\"twitter:data2\" content=\"5 minuti\" \/>\n<script type=\"application\/ld+json\" class=\"yoast-schema-graph\">{\"@context\":\"https:\/\/schema.org\",\"@graph\":[{\"@type\":\"WebPage\",\"@id\":\"https:\/\/www.noidiqua.it\/Montale\/votino-fedele-tra-sport-impresa-e-tanta-solidarieta\/\",\"url\":\"https:\/\/www.noidiqua.it\/Montale\/votino-fedele-tra-sport-impresa-e-tanta-solidarieta\/\",\"name\":\"Votino Fedele - Tra sport, impresa e tanta solidariet\u00e0 - Noi di Qua Testata giornalistica e di attualit\u00e0 di Agliana, Montale e Quarrata.\",\"isPartOf\":{\"@id\":\"https:\/\/www.noidiqua.it\/Montale\/#website\"},\"primaryImageOfPage\":{\"@id\":\"https:\/\/www.noidiqua.it\/Montale\/votino-fedele-tra-sport-impresa-e-tanta-solidarieta\/#primaryimage\"},\"image\":{\"@id\":\"https:\/\/www.noidiqua.it\/Montale\/votino-fedele-tra-sport-impresa-e-tanta-solidarieta\/#primaryimage\"},\"thumbnailUrl\":\"https:\/\/www.noidiqua.it\/Montale\/wp-content\/uploads\/2011\/08\/Votino-1.png\",\"datePublished\":\"2011-08-19T16:19:14+00:00\",\"dateModified\":\"2023-08-04T09:31:24+00:00\",\"author\":{\"@id\":\"https:\/\/www.noidiqua.it\/Montale\/#\/schema\/person\/3b45dd21eb2367c177b6a6d35c868ccc\"},\"breadcrumb\":{\"@id\":\"https:\/\/www.noidiqua.it\/Montale\/votino-fedele-tra-sport-impresa-e-tanta-solidarieta\/#breadcrumb\"},\"inLanguage\":\"it-IT\",\"potentialAction\":[{\"@type\":\"ReadAction\",\"target\":[\"https:\/\/www.noidiqua.it\/Montale\/votino-fedele-tra-sport-impresa-e-tanta-solidarieta\/\"]}]},{\"@type\":\"ImageObject\",\"inLanguage\":\"it-IT\",\"@id\":\"https:\/\/www.noidiqua.it\/Montale\/votino-fedele-tra-sport-impresa-e-tanta-solidarieta\/#primaryimage\",\"url\":\"https:\/\/www.noidiqua.it\/Montale\/wp-content\/uploads\/2011\/08\/Votino-1.png\",\"contentUrl\":\"https:\/\/www.noidiqua.it\/Montale\/wp-content\/uploads\/2011\/08\/Votino-1.png\",\"width\":508,\"height\":339},{\"@type\":\"BreadcrumbList\",\"@id\":\"https:\/\/www.noidiqua.it\/Montale\/votino-fedele-tra-sport-impresa-e-tanta-solidarieta\/#breadcrumb\",\"itemListElement\":[{\"@type\":\"ListItem\",\"position\":1,\"name\":\"Home\",\"item\":\"https:\/\/www.noidiqua.it\/Montale\/\"},{\"@type\":\"ListItem\",\"position\":2,\"name\":\"Votino Fedele &#8211; Tra sport, impresa e tanta solidariet\u00e0\"}]},{\"@type\":\"WebSite\",\"@id\":\"https:\/\/www.noidiqua.it\/Montale\/#website\",\"url\":\"https:\/\/www.noidiqua.it\/Montale\/\",\"name\":\"Noi di Qua Testata giornalistica e di attualit\u00e0 di Agliana, Montale e Quarrata.\",\"description\":\"Testata Giornalistica Quarrata Montale Agliana\",\"potentialAction\":[{\"@type\":\"SearchAction\",\"target\":{\"@type\":\"EntryPoint\",\"urlTemplate\":\"https:\/\/www.noidiqua.it\/Montale\/?s={search_term_string}\"},\"query-input\":{\"@type\":\"PropertyValueSpecification\",\"valueRequired\":true,\"valueName\":\"search_term_string\"}}],\"inLanguage\":\"it-IT\"},{\"@type\":\"Person\",\"@id\":\"https:\/\/www.noidiqua.it\/Montale\/#\/schema\/person\/3b45dd21eb2367c177b6a6d35c868ccc\",\"name\":\"David Colzi\",\"image\":{\"@type\":\"ImageObject\",\"inLanguage\":\"it-IT\",\"@id\":\"https:\/\/www.noidiqua.it\/Montale\/#\/schema\/person\/image\/\",\"url\":\"https:\/\/secure.gravatar.com\/avatar\/515ac68c0075b78a8243a0f28e5a361c9b5c466a1d6912ac3919ddd928c4db8c?s=96&d=mm&r=g\",\"contentUrl\":\"https:\/\/secure.gravatar.com\/avatar\/515ac68c0075b78a8243a0f28e5a361c9b5c466a1d6912ac3919ddd928c4db8c?s=96&d=mm&r=g\",\"caption\":\"David Colzi\"},\"url\":\"https:\/\/www.noidiqua.it\/Montale\/author\/david-colzi\/\"}]}<\/script>\n<!-- \/ Yoast SEO plugin. -->","yoast_head_json":{"title":"Votino Fedele - Tra sport, impresa e tanta solidariet\u00e0 - Noi di Qua Testata giornalistica e di attualit\u00e0 di Agliana, Montale e Quarrata.","robots":{"index":"index","follow":"follow","max-snippet":"max-snippet:-1","max-image-preview":"max-image-preview:large","max-video-preview":"max-video-preview:-1"},"canonical":"https:\/\/www.noidiqua.it\/Montale\/votino-fedele-tra-sport-impresa-e-tanta-solidarieta\/","og_locale":"it_IT","og_type":"article","og_title":"Votino Fedele - Tra sport, impresa e tanta solidariet\u00e0 - Noi di Qua Testata giornalistica e di attualit\u00e0 di Agliana, Montale e Quarrata.","og_description":"di David Colzi agosto 2011 Cinquant\u2019anni esatti nel mondo del commercio alimentare sono un bel traguardo per un personaggio\u00a0 \u201cdel calibro\u201d di Votino Fedele. Cos\u00ec, in un caldo pomeriggio di luglio siamo andati a trovarlo, per ripercorrere la sua vita, dagli inizi come pugile, ad oggi. Lei \u00e8 molto conosciuto anche per il suo [&hellip;]","og_url":"https:\/\/www.noidiqua.it\/Montale\/votino-fedele-tra-sport-impresa-e-tanta-solidarieta\/","og_site_name":"Noi di Qua Testata giornalistica e di attualit\u00e0 di Agliana, Montale e Quarrata.","article_publisher":"https:\/\/www.facebook.com\/noidiqua.trimestrale\/","article_published_time":"2011-08-19T16:19:14+00:00","article_modified_time":"2023-08-04T09:31:24+00:00","og_image":[{"url":"https:\/\/www.noidiqua.it\/Montale\/wp-content\/uploads\/2011\/08\/Votino-1.png","type":"","width":"","height":""}],"author":"David Colzi","twitter_misc":{"Scritto da":"David Colzi","Tempo di lettura stimato":"5 minuti"},"schema":{"@context":"https:\/\/schema.org","@graph":[{"@type":"WebPage","@id":"https:\/\/www.noidiqua.it\/Montale\/votino-fedele-tra-sport-impresa-e-tanta-solidarieta\/","url":"https:\/\/www.noidiqua.it\/Montale\/votino-fedele-tra-sport-impresa-e-tanta-solidarieta\/","name":"Votino Fedele - Tra sport, impresa e tanta solidariet\u00e0 - Noi di Qua Testata giornalistica e di attualit\u00e0 di Agliana, Montale e Quarrata.","isPartOf":{"@id":"https:\/\/www.noidiqua.it\/Montale\/#website"},"primaryImageOfPage":{"@id":"https:\/\/www.noidiqua.it\/Montale\/votino-fedele-tra-sport-impresa-e-tanta-solidarieta\/#primaryimage"},"image":{"@id":"https:\/\/www.noidiqua.it\/Montale\/votino-fedele-tra-sport-impresa-e-tanta-solidarieta\/#primaryimage"},"thumbnailUrl":"https:\/\/www.noidiqua.it\/Montale\/wp-content\/uploads\/2011\/08\/Votino-1.png","datePublished":"2011-08-19T16:19:14+00:00","dateModified":"2023-08-04T09:31:24+00:00","author":{"@id":"https:\/\/www.noidiqua.it\/Montale\/#\/schema\/person\/3b45dd21eb2367c177b6a6d35c868ccc"},"breadcrumb":{"@id":"https:\/\/www.noidiqua.it\/Montale\/votino-fedele-tra-sport-impresa-e-tanta-solidarieta\/#breadcrumb"},"inLanguage":"it-IT","potentialAction":[{"@type":"ReadAction","target":["https:\/\/www.noidiqua.it\/Montale\/votino-fedele-tra-sport-impresa-e-tanta-solidarieta\/"]}]},{"@type":"ImageObject","inLanguage":"it-IT","@id":"https:\/\/www.noidiqua.it\/Montale\/votino-fedele-tra-sport-impresa-e-tanta-solidarieta\/#primaryimage","url":"https:\/\/www.noidiqua.it\/Montale\/wp-content\/uploads\/2011\/08\/Votino-1.png","contentUrl":"https:\/\/www.noidiqua.it\/Montale\/wp-content\/uploads\/2011\/08\/Votino-1.png","width":508,"height":339},{"@type":"BreadcrumbList","@id":"https:\/\/www.noidiqua.it\/Montale\/votino-fedele-tra-sport-impresa-e-tanta-solidarieta\/#breadcrumb","itemListElement":[{"@type":"ListItem","position":1,"name":"Home","item":"https:\/\/www.noidiqua.it\/Montale\/"},{"@type":"ListItem","position":2,"name":"Votino Fedele &#8211; Tra sport, impresa e tanta solidariet\u00e0"}]},{"@type":"WebSite","@id":"https:\/\/www.noidiqua.it\/Montale\/#website","url":"https:\/\/www.noidiqua.it\/Montale\/","name":"Noi di Qua Testata giornalistica e di attualit\u00e0 di Agliana, Montale e Quarrata.","description":"Testata Giornalistica Quarrata Montale Agliana","potentialAction":[{"@type":"SearchAction","target":{"@type":"EntryPoint","urlTemplate":"https:\/\/www.noidiqua.it\/Montale\/?s={search_term_string}"},"query-input":{"@type":"PropertyValueSpecification","valueRequired":true,"valueName":"search_term_string"}}],"inLanguage":"it-IT"},{"@type":"Person","@id":"https:\/\/www.noidiqua.it\/Montale\/#\/schema\/person\/3b45dd21eb2367c177b6a6d35c868ccc","name":"David Colzi","image":{"@type":"ImageObject","inLanguage":"it-IT","@id":"https:\/\/www.noidiqua.it\/Montale\/#\/schema\/person\/image\/","url":"https:\/\/secure.gravatar.com\/avatar\/515ac68c0075b78a8243a0f28e5a361c9b5c466a1d6912ac3919ddd928c4db8c?s=96&d=mm&r=g","contentUrl":"https:\/\/secure.gravatar.com\/avatar\/515ac68c0075b78a8243a0f28e5a361c9b5c466a1d6912ac3919ddd928c4db8c?s=96&d=mm&r=g","caption":"David Colzi"},"url":"https:\/\/www.noidiqua.it\/Montale\/author\/david-colzi\/"}]}},"_links":{"self":[{"href":"https:\/\/www.noidiqua.it\/Montale\/wp-json\/wp\/v2\/posts\/1261","targetHints":{"allow":["GET"]}}],"collection":[{"href":"https:\/\/www.noidiqua.it\/Montale\/wp-json\/wp\/v2\/posts"}],"about":[{"href":"https:\/\/www.noidiqua.it\/Montale\/wp-json\/wp\/v2\/types\/post"}],"author":[{"embeddable":true,"href":"https:\/\/www.noidiqua.it\/Montale\/wp-json\/wp\/v2\/users\/5"}],"replies":[{"embeddable":true,"href":"https:\/\/www.noidiqua.it\/Montale\/wp-json\/wp\/v2\/comments?post=1261"}],"version-history":[{"count":4,"href":"https:\/\/www.noidiqua.it\/Montale\/wp-json\/wp\/v2\/posts\/1261\/revisions"}],"predecessor-version":[{"id":8264,"href":"https:\/\/www.noidiqua.it\/Montale\/wp-json\/wp\/v2\/posts\/1261\/revisions\/8264"}],"wp:attachment":[{"href":"https:\/\/www.noidiqua.it\/Montale\/wp-json\/wp\/v2\/media?parent=1261"}],"wp:term":[{"taxonomy":"category","embeddable":true,"href":"https:\/\/www.noidiqua.it\/Montale\/wp-json\/wp\/v2\/categories?post=1261"},{"taxonomy":"post_tag","embeddable":true,"href":"https:\/\/www.noidiqua.it\/Montale\/wp-json\/wp\/v2\/tags?post=1261"}],"curies":[{"name":"wp","href":"https:\/\/api.w.org\/{rel}","templated":true}]}}