{"id":1290,"date":"2011-08-19T16:50:22","date_gmt":"2011-08-19T16:50:22","guid":{"rendered":"https:\/\/www.noidiqua.it\/Montale\/?p=1290"},"modified":"2023-08-04T12:34:47","modified_gmt":"2023-08-04T10:34:47","slug":"non-abbiamo-niente-in-comune","status":"publish","type":"post","link":"https:\/\/www.noidiqua.it\/Montale\/non-abbiamo-niente-in-comune\/","title":{"rendered":"Concludendo &#8211; Non Abbiamo &#8230;niente in comune!!!"},"content":{"rendered":"<p style=\"text-align: justify;\"><em>di Massimo Cappelli<\/em><\/p>\n<p><a href=\"https:\/\/www.noidiqua.it\/Montale\/wp-content\/uploads\/2011\/08\/concludendo.png\" rel=\"wp-prettyPhoto[1290]\"><img loading=\"lazy\" decoding=\"async\" class=\"aligncenter size-full wp-image-8273\" src=\"https:\/\/www.noidiqua.it\/Montale\/wp-content\/uploads\/2011\/08\/concludendo.png\" alt=\"\" width=\"503\" height=\"336\" srcset=\"https:\/\/www.noidiqua.it\/Montale\/wp-content\/uploads\/2011\/08\/concludendo.png 503w, https:\/\/www.noidiqua.it\/Montale\/wp-content\/uploads\/2011\/08\/concludendo-300x200.png 300w\" sizes=\"auto, (max-width: 503px) 100vw, 503px\" \/><\/a><\/p>\n<p style=\"text-align: justify;\">\n<p style=\"text-align: justify;\">Non si direbbe ma sono gi\u00e0 passati tre mesi. Ricordate il Concludendo del numero di maggio? Se si, vi ricorderete anche il mio timore di esser volati via subito nel cestino, o la mia ambizione di essere letti in bagno. Allora? Com\u2019\u00e8 andata? Abbiamo contributo a stimolare e a nobilitare la raccolta differenziata? Oppure siamo, in qualche modo riusciti ad attirare la vostra attenzione? Stando alle voci che mi sono arrivate, direi proprio che<strong> NOIDIQUA<\/strong> \u00e8 stato accolto bene da tutta la piana pistoiese e ancora una volta si realizza il nostro sogno di essere letti nella stanza pi\u00f9 piccola regalandoci un altro su-cesso.<\/p>\n<p style=\"text-align: justify;\">Tanti amici e conoscenti, che hanno potuto leggere il mio articolo, con mio profondo piacere, mi hanno telefonato o <em>\u201cmessaggiato allegramente\u201d<\/em>. Altri che non conosco, riconoscendomi dalla foto pubblicata, mi hanno indicato come si indica un personaggio famoso (verr\u00f2 sempre pi\u00f9 spesso a gongolarmi dalle vostre parti!)Qualcun altro invece, in modo particolare fra i commercianti che ho approcciato per offrire spazi pubblicitari, mi ha giurato che non pensava che <strong>NOIDIQUA<\/strong> fosse pubblicata da un editore privato, credeva fosse l\u2019Amministrazione Comunale ad inviarla alla popolazione. Con i ragazzi della redazione abbiamo cos\u00ec analizzato: se da un lato ci siamo sentiti gratificati per essere stati, come dire\u2026 <em>\u201cistituzionalizzati\u201d,<\/em> dall\u2019altro vorremmo godere in pieno, e in proprio, il successo avuto, per cui mi preme informarvi che noi\u2026 non abbiamo niente\u2026 in Comune! E forse, la nostra forza vera \u00e8 che non abbiamo niente in comune nemmeno con gli altri periodici locali. La nostra \u00e8 una pubblicazione indipendente al servizio del territorio, il cui obiettivo \u00e8 individuare e dare visibilit\u00e0 a personaggi nostrani (non inteso come no-strani, perch\u00e9 pi\u00f9 originali sono e meglio \u00e8), preservare la cultura del luogo, conservare le usanze, custodire le tradizioni, stimolare i ricordi, eccitare le emozioni e divulgare le curiosit\u00e0 e nel contempo, dare spazio ai giovani e guardare positivamente al futuro.<\/p>\n<p style=\"text-align: justify;\">Questo \u00e8 l\u2019intento di tutta la redazione: il direttorissimo Giancarlo Zampini; il copy caporedattore <em>David Colzi<\/em>; la raffinata \u201cpenna stilografica\u201d <em>Carlo Rossetti<\/em>; \u201carchivio storico umano\u201d<em> Marco Bagnoli<\/em>; gli ultimi arrivati ma gi\u00e0 insostituibili <em>Piera Salvi<\/em> e <em>Giacomo Bini<\/em> rispettivamente corrispondenti di Agliana e Montale; il direttore commerciale Angelo Briganti; le grafiche Marika e Oana; i commerciali Loretta e Pierluigi. Forse l\u2019ho gi\u00e0 detto anche nel numero passato, ma voglio ribadire questo concetto: se<strong> NOIDIQUA<\/strong> entra nelle vostre case non \u00e8 solo grazie a questo gruppo affiatato, ma \u00e8 anche merito dei committenti di quegli spazi pubblicitari che voi vedete sfogliando le pagine. Grazie alle pagine intere, alle mezze pagine o ai piede pagina, ai publi-redazionali e alle spalle\u2026i prosciutti non li vendiamo ancora ma ci stiamo organizzando! Vi assicuro che noi facciamo di tutto per dare allo spazio che il cliente acquista il massimo dell\u2019attenzione, usando in maniera adeguata le dinamiche della comunicazione, in relazione al prodotto pubblicizzato e al suo mercato. E nello stesso tempo cerchiamo di rendere meno invadente e pi\u00f9 gradevole possibile l\u2019intervallo alla lettura. La pubblicit\u00e0 deve saper soprattutto \u201c<em>farsi perdonare<\/em>\u201d per aver interrotto qualcosa di interessante (perch\u00e9 se il mezzo non \u00e8 interessante l\u2019investimento \u00e8 nullo) e per far ci\u00f2 essa deve, oltre che invogliare ad acquistare quel determinato prodotto, regalare emozioni proprie.<\/p>\n<p style=\"text-align: justify;\">\nCome dicevo all\u2019inizio, il tempo vola e al prossimo appuntamento saremo molto vicini alle festivit\u00e0 natalizie, il periodo pi\u00f9 bello dell\u2019anno e anche pi\u00f9 proficuo per quanto riguarda il mercato. Se sei un imprenditore e vuoi dare pi\u00f9 visibilit\u00e0 alla tua azienda entrando con il nostro mezzo in tutte le case della tua citt\u00e0, non hai altro che da chiamarci al nostro mitico numero verde 0573 700063 saremo orgogliosi di aggiungerti ai nostri gi\u00e0 numerosi clienti.<\/p>\n<p style=\"text-align: justify;\"><em>\u00a0<\/em><\/p>","protected":false},"excerpt":{"rendered":"<p>di Massimo Cappelli Non si direbbe ma sono gi\u00e0 passati tre mesi. Ricordate il Concludendo del numero di maggio? Se si, vi ricorderete anche il mio timore di esser volati via subito nel cestino, o la mia ambizione di essere letti in bagno. Allora? Com\u2019\u00e8 andata? Abbiamo contributo a stimolare e a nobilitare la [&hellip;]<\/p>","protected":false},"author":7,"featured_media":0,"comment_status":"open","ping_status":"open","sticky":false,"template":"","format":"standard","meta":{"footnotes":""},"categories":[24,7],"tags":[59,91,104,995,113],"class_list":["post-1290","post","type-post","status-publish","format-standard","hentry","category-concludendo-qt","category-mt","tag-concludendo","tag-il-montalese","tag-massimo-cappelli","tag-mt","tag-noidiqua"],"yoast_head":"<!-- This site is optimized with the Yoast SEO plugin v25.5 - https:\/\/yoast.com\/wordpress\/plugins\/seo\/ -->\n<title>Concludendo - Non Abbiamo ...niente in comune!!! - Noi di Qua Testata giornalistica e di attualit\u00e0 di Agliana, Montale e Quarrata.<\/title>\n<meta name=\"robots\" content=\"index, follow, max-snippet:-1, max-image-preview:large, max-video-preview:-1\" \/>\n<link rel=\"canonical\" href=\"https:\/\/www.noidiqua.it\/Montale\/non-abbiamo-niente-in-comune\/\" \/>\n<meta property=\"og:locale\" content=\"it_IT\" \/>\n<meta property=\"og:type\" content=\"article\" \/>\n<meta property=\"og:title\" content=\"Concludendo - Non Abbiamo ...niente in comune!!! - Noi di Qua Testata giornalistica e di attualit\u00e0 di Agliana, Montale e Quarrata.\" \/>\n<meta property=\"og:description\" content=\"di Massimo Cappelli Non si direbbe ma sono gi\u00e0 passati tre mesi. Ricordate il Concludendo del numero di maggio? Se si, vi ricorderete anche il mio timore di esser volati via subito nel cestino, o la mia ambizione di essere letti in bagno. Allora? Com\u2019\u00e8 andata? Abbiamo contributo a stimolare e a nobilitare la [&hellip;]\" \/>\n<meta property=\"og:url\" content=\"https:\/\/www.noidiqua.it\/Montale\/non-abbiamo-niente-in-comune\/\" \/>\n<meta property=\"og:site_name\" content=\"Noi di Qua Testata giornalistica e di attualit\u00e0 di Agliana, Montale e Quarrata.\" \/>\n<meta property=\"article:publisher\" content=\"https:\/\/www.facebook.com\/noidiqua.trimestrale\/\" \/>\n<meta property=\"article:published_time\" content=\"2011-08-19T16:50:22+00:00\" \/>\n<meta property=\"article:modified_time\" content=\"2023-08-04T10:34:47+00:00\" \/>\n<meta property=\"og:image\" content=\"https:\/\/www.noidiqua.it\/Montale\/wp-content\/uploads\/2011\/08\/concludendo.png\" \/>\n<meta name=\"author\" content=\"Massimo Cappelli\" \/>\n<meta name=\"twitter:label1\" content=\"Scritto da\" \/>\n\t<meta name=\"twitter:data1\" content=\"Massimo Cappelli\" \/>\n\t<meta name=\"twitter:label2\" content=\"Tempo di lettura stimato\" \/>\n\t<meta name=\"twitter:data2\" content=\"3 minuti\" \/>\n<script type=\"application\/ld+json\" class=\"yoast-schema-graph\">{\"@context\":\"https:\/\/schema.org\",\"@graph\":[{\"@type\":\"WebPage\",\"@id\":\"https:\/\/www.noidiqua.it\/Montale\/non-abbiamo-niente-in-comune\/\",\"url\":\"https:\/\/www.noidiqua.it\/Montale\/non-abbiamo-niente-in-comune\/\",\"name\":\"Concludendo - Non Abbiamo ...niente in comune!!! - Noi di Qua Testata giornalistica e di attualit\u00e0 di Agliana, Montale e Quarrata.\",\"isPartOf\":{\"@id\":\"https:\/\/www.noidiqua.it\/Montale\/#website\"},\"primaryImageOfPage\":{\"@id\":\"https:\/\/www.noidiqua.it\/Montale\/non-abbiamo-niente-in-comune\/#primaryimage\"},\"image\":{\"@id\":\"https:\/\/www.noidiqua.it\/Montale\/non-abbiamo-niente-in-comune\/#primaryimage\"},\"thumbnailUrl\":\"https:\/\/www.noidiqua.it\/Montale\/wp-content\/uploads\/2011\/08\/concludendo.png\",\"datePublished\":\"2011-08-19T16:50:22+00:00\",\"dateModified\":\"2023-08-04T10:34:47+00:00\",\"author\":{\"@id\":\"https:\/\/www.noidiqua.it\/Montale\/#\/schema\/person\/858b1b9db61101126e5ded39f94daedb\"},\"breadcrumb\":{\"@id\":\"https:\/\/www.noidiqua.it\/Montale\/non-abbiamo-niente-in-comune\/#breadcrumb\"},\"inLanguage\":\"it-IT\",\"potentialAction\":[{\"@type\":\"ReadAction\",\"target\":[\"https:\/\/www.noidiqua.it\/Montale\/non-abbiamo-niente-in-comune\/\"]}]},{\"@type\":\"ImageObject\",\"inLanguage\":\"it-IT\",\"@id\":\"https:\/\/www.noidiqua.it\/Montale\/non-abbiamo-niente-in-comune\/#primaryimage\",\"url\":\"https:\/\/www.noidiqua.it\/Montale\/wp-content\/uploads\/2011\/08\/concludendo.png\",\"contentUrl\":\"https:\/\/www.noidiqua.it\/Montale\/wp-content\/uploads\/2011\/08\/concludendo.png\",\"width\":503,\"height\":336},{\"@type\":\"BreadcrumbList\",\"@id\":\"https:\/\/www.noidiqua.it\/Montale\/non-abbiamo-niente-in-comune\/#breadcrumb\",\"itemListElement\":[{\"@type\":\"ListItem\",\"position\":1,\"name\":\"Home\",\"item\":\"https:\/\/www.noidiqua.it\/Montale\/\"},{\"@type\":\"ListItem\",\"position\":2,\"name\":\"Concludendo &#8211; Non Abbiamo &#8230;niente in comune!!!\"}]},{\"@type\":\"WebSite\",\"@id\":\"https:\/\/www.noidiqua.it\/Montale\/#website\",\"url\":\"https:\/\/www.noidiqua.it\/Montale\/\",\"name\":\"Noi di Qua Testata giornalistica e di attualit\u00e0 di Agliana, Montale e Quarrata.\",\"description\":\"Testata Giornalistica Quarrata Montale Agliana\",\"potentialAction\":[{\"@type\":\"SearchAction\",\"target\":{\"@type\":\"EntryPoint\",\"urlTemplate\":\"https:\/\/www.noidiqua.it\/Montale\/?s={search_term_string}\"},\"query-input\":{\"@type\":\"PropertyValueSpecification\",\"valueRequired\":true,\"valueName\":\"search_term_string\"}}],\"inLanguage\":\"it-IT\"},{\"@type\":\"Person\",\"@id\":\"https:\/\/www.noidiqua.it\/Montale\/#\/schema\/person\/858b1b9db61101126e5ded39f94daedb\",\"name\":\"Massimo Cappelli\",\"image\":{\"@type\":\"ImageObject\",\"inLanguage\":\"it-IT\",\"@id\":\"https:\/\/www.noidiqua.it\/Montale\/#\/schema\/person\/image\/\",\"url\":\"https:\/\/secure.gravatar.com\/avatar\/0e7261535228aa9bb0417ab8f42f3fadaf8ce23bdfde46c689c43410a676cfa9?s=96&d=mm&r=g\",\"contentUrl\":\"https:\/\/secure.gravatar.com\/avatar\/0e7261535228aa9bb0417ab8f42f3fadaf8ce23bdfde46c689c43410a676cfa9?s=96&d=mm&r=g\",\"caption\":\"Massimo Cappelli\"},\"url\":\"https:\/\/www.noidiqua.it\/Montale\/author\/massimo-cappelli\/\"}]}<\/script>\n<!-- \/ Yoast SEO plugin. -->","yoast_head_json":{"title":"Concludendo - Non Abbiamo ...niente in comune!!! - Noi di Qua Testata giornalistica e di attualit\u00e0 di Agliana, Montale e Quarrata.","robots":{"index":"index","follow":"follow","max-snippet":"max-snippet:-1","max-image-preview":"max-image-preview:large","max-video-preview":"max-video-preview:-1"},"canonical":"https:\/\/www.noidiqua.it\/Montale\/non-abbiamo-niente-in-comune\/","og_locale":"it_IT","og_type":"article","og_title":"Concludendo - Non Abbiamo ...niente in comune!!! - Noi di Qua Testata giornalistica e di attualit\u00e0 di Agliana, Montale e Quarrata.","og_description":"di Massimo Cappelli Non si direbbe ma sono gi\u00e0 passati tre mesi. Ricordate il Concludendo del numero di maggio? Se si, vi ricorderete anche il mio timore di esser volati via subito nel cestino, o la mia ambizione di essere letti in bagno. Allora? Com\u2019\u00e8 andata? Abbiamo contributo a stimolare e a nobilitare la [&hellip;]","og_url":"https:\/\/www.noidiqua.it\/Montale\/non-abbiamo-niente-in-comune\/","og_site_name":"Noi di Qua Testata giornalistica e di attualit\u00e0 di Agliana, Montale e Quarrata.","article_publisher":"https:\/\/www.facebook.com\/noidiqua.trimestrale\/","article_published_time":"2011-08-19T16:50:22+00:00","article_modified_time":"2023-08-04T10:34:47+00:00","og_image":[{"url":"https:\/\/www.noidiqua.it\/Montale\/wp-content\/uploads\/2011\/08\/concludendo.png","type":"","width":"","height":""}],"author":"Massimo Cappelli","twitter_misc":{"Scritto da":"Massimo Cappelli","Tempo di lettura stimato":"3 minuti"},"schema":{"@context":"https:\/\/schema.org","@graph":[{"@type":"WebPage","@id":"https:\/\/www.noidiqua.it\/Montale\/non-abbiamo-niente-in-comune\/","url":"https:\/\/www.noidiqua.it\/Montale\/non-abbiamo-niente-in-comune\/","name":"Concludendo - Non Abbiamo ...niente in comune!!! - Noi di Qua Testata giornalistica e di attualit\u00e0 di Agliana, Montale e Quarrata.","isPartOf":{"@id":"https:\/\/www.noidiqua.it\/Montale\/#website"},"primaryImageOfPage":{"@id":"https:\/\/www.noidiqua.it\/Montale\/non-abbiamo-niente-in-comune\/#primaryimage"},"image":{"@id":"https:\/\/www.noidiqua.it\/Montale\/non-abbiamo-niente-in-comune\/#primaryimage"},"thumbnailUrl":"https:\/\/www.noidiqua.it\/Montale\/wp-content\/uploads\/2011\/08\/concludendo.png","datePublished":"2011-08-19T16:50:22+00:00","dateModified":"2023-08-04T10:34:47+00:00","author":{"@id":"https:\/\/www.noidiqua.it\/Montale\/#\/schema\/person\/858b1b9db61101126e5ded39f94daedb"},"breadcrumb":{"@id":"https:\/\/www.noidiqua.it\/Montale\/non-abbiamo-niente-in-comune\/#breadcrumb"},"inLanguage":"it-IT","potentialAction":[{"@type":"ReadAction","target":["https:\/\/www.noidiqua.it\/Montale\/non-abbiamo-niente-in-comune\/"]}]},{"@type":"ImageObject","inLanguage":"it-IT","@id":"https:\/\/www.noidiqua.it\/Montale\/non-abbiamo-niente-in-comune\/#primaryimage","url":"https:\/\/www.noidiqua.it\/Montale\/wp-content\/uploads\/2011\/08\/concludendo.png","contentUrl":"https:\/\/www.noidiqua.it\/Montale\/wp-content\/uploads\/2011\/08\/concludendo.png","width":503,"height":336},{"@type":"BreadcrumbList","@id":"https:\/\/www.noidiqua.it\/Montale\/non-abbiamo-niente-in-comune\/#breadcrumb","itemListElement":[{"@type":"ListItem","position":1,"name":"Home","item":"https:\/\/www.noidiqua.it\/Montale\/"},{"@type":"ListItem","position":2,"name":"Concludendo &#8211; Non Abbiamo &#8230;niente in comune!!!"}]},{"@type":"WebSite","@id":"https:\/\/www.noidiqua.it\/Montale\/#website","url":"https:\/\/www.noidiqua.it\/Montale\/","name":"Noi di Qua Testata giornalistica e di attualit\u00e0 di Agliana, Montale e Quarrata.","description":"Testata Giornalistica Quarrata Montale Agliana","potentialAction":[{"@type":"SearchAction","target":{"@type":"EntryPoint","urlTemplate":"https:\/\/www.noidiqua.it\/Montale\/?s={search_term_string}"},"query-input":{"@type":"PropertyValueSpecification","valueRequired":true,"valueName":"search_term_string"}}],"inLanguage":"it-IT"},{"@type":"Person","@id":"https:\/\/www.noidiqua.it\/Montale\/#\/schema\/person\/858b1b9db61101126e5ded39f94daedb","name":"Massimo Cappelli","image":{"@type":"ImageObject","inLanguage":"it-IT","@id":"https:\/\/www.noidiqua.it\/Montale\/#\/schema\/person\/image\/","url":"https:\/\/secure.gravatar.com\/avatar\/0e7261535228aa9bb0417ab8f42f3fadaf8ce23bdfde46c689c43410a676cfa9?s=96&d=mm&r=g","contentUrl":"https:\/\/secure.gravatar.com\/avatar\/0e7261535228aa9bb0417ab8f42f3fadaf8ce23bdfde46c689c43410a676cfa9?s=96&d=mm&r=g","caption":"Massimo Cappelli"},"url":"https:\/\/www.noidiqua.it\/Montale\/author\/massimo-cappelli\/"}]}},"_links":{"self":[{"href":"https:\/\/www.noidiqua.it\/Montale\/wp-json\/wp\/v2\/posts\/1290","targetHints":{"allow":["GET"]}}],"collection":[{"href":"https:\/\/www.noidiqua.it\/Montale\/wp-json\/wp\/v2\/posts"}],"about":[{"href":"https:\/\/www.noidiqua.it\/Montale\/wp-json\/wp\/v2\/types\/post"}],"author":[{"embeddable":true,"href":"https:\/\/www.noidiqua.it\/Montale\/wp-json\/wp\/v2\/users\/7"}],"replies":[{"embeddable":true,"href":"https:\/\/www.noidiqua.it\/Montale\/wp-json\/wp\/v2\/comments?post=1290"}],"version-history":[{"count":3,"href":"https:\/\/www.noidiqua.it\/Montale\/wp-json\/wp\/v2\/posts\/1290\/revisions"}],"predecessor-version":[{"id":8274,"href":"https:\/\/www.noidiqua.it\/Montale\/wp-json\/wp\/v2\/posts\/1290\/revisions\/8274"}],"wp:attachment":[{"href":"https:\/\/www.noidiqua.it\/Montale\/wp-json\/wp\/v2\/media?parent=1290"}],"wp:term":[{"taxonomy":"category","embeddable":true,"href":"https:\/\/www.noidiqua.it\/Montale\/wp-json\/wp\/v2\/categories?post=1290"},{"taxonomy":"post_tag","embeddable":true,"href":"https:\/\/www.noidiqua.it\/Montale\/wp-json\/wp\/v2\/tags?post=1290"}],"curies":[{"name":"wp","href":"https:\/\/api.w.org\/{rel}","templated":true}]}}